{"id":1344,"date":"2023-09-06T01:41:14","date_gmt":"2023-09-06T05:41:14","guid":{"rendered":"https:\/\/www.manaus.am.gov.br\/manauscult\/sertanejo-murilo-huff-se-apresenta-para-grande-publico-no-palco-amazonas-do-sou-manaus-2023\/"},"modified":"2023-09-06T01:41:15","modified_gmt":"2023-09-06T05:41:15","slug":"sertanejo-murilo-huff-se-apresenta-para-grande-publico-no-palco-amazonas-do-sou-manaus-2023","status":"publish","type":"post","link":"https:\/\/www.manaus.am.gov.br\/manauscult\/sertanejo-murilo-huff-se-apresenta-para-grande-publico-no-palco-amazonas-do-sou-manaus-2023\/","title":{"rendered":"<strong>Sertanejo Murilo Huff se apresenta para grande p\u00fablico no palco Amazona do #SouManaus 2023<\/strong>"},"content":{"rendered":"\n<p>Dando continuidade \u00e0 line-up de apresenta\u00e7\u00f5es da primeira noite do \u201c#SouManaus Passo a Pa\u00e7o 2023\u201d, o cantor sertanejo Murilo Huff foi escalado para agitar o p\u00fablico que prestigiou o palco Amazona, nesta ter\u00e7a-feira, 5\/9.<\/p>\n\n\n\n<p>Antes da atra\u00e7\u00e3o nacional, a banda manauara Tomi Xote tocou o melhor do xote, p\u00e9 de serra e forr\u00f3 durante meia hora no festival. Animado, o vocalista Marcos Arig\u00f3 contou que a banda tem 15 anos de estrada e prometeu n\u00e3o deixar ningu\u00e9m ficar parado, ao som de sanfona, tri\u00e2ngulo e zabumba.<\/p>\n\n\n\n<p>&#8220;O cora\u00e7\u00e3o est\u00e1 a mil, mas estamos preparados com um repert\u00f3rio maravilhoso bem ecl\u00e9tico e atual para a galera dan\u00e7ar, curtir e balan\u00e7ar. A gente fica feliz em participar e quero parabenizar o prefeito David Almeida por valorizar e dar visibilidade para os artistas locais&#8221;.<\/p>\n\n\n\n<p>J\u00e1 era por volta das 22h, quando o cantor sertanejo Murilo Huff, uma das atra\u00e7\u00f5es mais aguardadas da noite, subiu ao palco Amazona. Pela segunda vez em Manaus, o artista de 27 anos, nascido em Goi\u00e2nia, contou a emo\u00e7\u00e3o de se apresentar para o p\u00fablico amazonense. Huff tamb\u00e9m elogiou a estrutura do evento e prometeu fazer um show animado e inesquec\u00edvel.<\/p>\n\n\n\n<p>&#8220;Vai ser incr\u00edvel. \u00c9 nossa segunda vez em Manaus e a primeira nesse festival t\u00e3o importante e tradicional na regi\u00e3o Norte. Sem d\u00favidas eu t\u00f4 muito feliz em poder fazer parte dessa festa linda e vamos fazer um grande show, tenho certeza disso&#8221;, prometeu o artista.<\/p>\n\n\n\n<p><strong>Vibra\u00e7\u00e3o do p\u00fablico&nbsp;<\/strong><\/p>\n\n\n\n<p>Ao som de &#8220;Dois enganados&#8221;, \u201cQuem t\u00e1 pegando\u201d&nbsp; e &#8220;Uma ex&#8221;, o p\u00fablico ovacionou Murilo Huff, cantou, chorou e vibrou ao ritmo de muita \u201csofr\u00eancia\u201d do cantor.&nbsp; A consultora de vendas, Adriana Cavalcante, 34, disse que veio s\u00f3 pra assistir \u00e0 apresenta\u00e7\u00e3o do goiano.<\/p>\n\n\n\n<p>&#8220;Eu sou f\u00e3 do Murilo e quando eu soube que ele participaria do festival, eu corri pra vir prestigiar. E eu t\u00f4 amando, achando super organizado, tranquilo, tudo perfeito e pretendo voltar para curtir os outros dias do evento&#8221;, disse Adriana.<\/p>\n\n\n\n<p>Quem tamb\u00e9m veio prestigiar o show do sertanejo foi a assistente administrativa, Samile Lima Vieira, 26.&nbsp; Na companhia de amigos, ela veio pela primeira vez no #SouManaus e contou que adorou a experi\u00eancia do palco Amazona.<\/p>\n\n\n\n<p>&#8220;Eu t\u00f4 gostando muito, t\u00e1 maravilhoso, eu nunca participei e confesso que eu t\u00f4 encantada com o festival. Eu t\u00f4 adorando o show do Murilo e tudo aqui. N\u00e3o me arrependo de vir ao #Sou Manaus, que est\u00e1 mais organizado e com atra\u00e7\u00f5es imperd\u00edveis&#8221;.<\/p>\n\n\n\n<p>A programa\u00e7\u00e3o do festival \u201c#SouManaus Passo a Pa\u00e7o 2023\u201d continua nesta quarta-feira, 6\/9, com shows de nomes, como Zeca Pagodinho, Marina Sena, Kevin O Chris, al\u00e9m de Lob\u00e3o e Biqu\u00edni nos palcos Bradesco &#8211; Guardi\u00e3o da Amaz\u00f4nia e Amazona.<\/p>\n\n\n\n<p>O evento come\u00e7a \u00e0s 17h, com acesso por meio de pulseiras apenas para esses dois palcos, a fim de garantir conforto e seguran\u00e7a. As demais \u00e1reas s\u00e3o livres.<\/p>\n\n\n\n<p>&#8212; &#8212; &#8212;<\/p>\n\n\n\n<p><strong>Texto \u2013<\/strong> Hellen Miranda \/ Semcom<\/p>\n\n\n\n<p><strong>Fotos &#8211;<\/strong> Jo\u00e3o Viana \/ Semcom<\/p>\n","protected":false},"excerpt":{"rendered":"","protected":false},"author":52,"featured_media":1345,"comment_status":"closed","ping_status":"closed","sticky":false,"template":"","format":"standard","meta":{"footnotes":""},"categories":[508],"tags":[168,9,583,11],"acf":[],"yoast_head":"<!-- This site is optimized with the Yoast SEO plugin v23.0 - https:\/\/yoast.com\/wordpress\/plugins\/seo\/ -->\n<title>Sertanejo Murilo Huff se apresenta para grande p\u00fablico no palco Amazona do #SouManaus 2023<\/title>\n<meta name=\"description\" content=\"Dando continuidade \u00e0 line-up de apresenta\u00e7\u00f5es da primeira noite do \u201c#SouManaus Passo a Pa\u00e7o 2023\u201d, o cantor sertanejo Murilo Huff.\" \/>\n<meta name=\"robots\" content=\"noindex, follow\" \/>\n<meta property=\"og:locale\" content=\"pt_BR\" \/>\n<meta property=\"og:type\" content=\"article\" \/>\n<meta property=\"og:title\" content=\"Sertanejo Murilo Huff se apresenta para grande p\u00fablico no palco Amazona do #SouManaus 2023\" \/>\n<meta property=\"og:description\" content=\"Dando continuidade \u00e0 line-up de apresenta\u00e7\u00f5es da primeira noite do \u201c#SouManaus Passo a Pa\u00e7o 2023\u201d, o cantor sertanejo Murilo Huff.\" \/>\n<meta property=\"og:url\" content=\"https:\/\/www.manaus.am.gov.br\/manauscult\/sertanejo-murilo-huff-se-apresenta-para-grande-publico-no-palco-amazonas-do-sou-manaus-2023\/\" \/>\n<meta property=\"og:site_name\" content=\"MANAUSCULT\" \/>\n<meta property=\"article:published_time\" content=\"2023-09-06T05:41:14+00:00\" \/>\n<meta property=\"article:modified_time\" content=\"2023-09-06T05:41:15+00:00\" \/>\n<meta property=\"og:image\" content=\"https:\/\/www.manaus.am.gov.br\/manauscult\/wp-content\/uploads\/sites\/11\/2023\/09\/Murilo-Huff_SouManaus.jpg\" \/>\n\t<meta property=\"og:image:width\" content=\"1600\" \/>\n\t<meta property=\"og:image:height\" content=\"1066\" \/>\n\t<meta property=\"og:image:type\" content=\"image\/jpeg\" \/>\n<meta name=\"author\" content=\"csilveira\" \/>\n<meta name=\"twitter:card\" content=\"summary_large_image\" \/>\n<meta name=\"twitter:label1\" content=\"Written by\" \/>\n\t<meta name=\"twitter:data1\" content=\"csilveira\" \/>\n\t<meta name=\"twitter:label2\" content=\"Est. reading time\" \/>\n\t<meta name=\"twitter:data2\" content=\"3 minutos\" \/>\n<script type=\"application\/ld+json\" class=\"yoast-schema-graph\">{\"@context\":\"https:\/\/schema.org\",\"@graph\":[{\"@type\":\"WebPage\",\"@id\":\"https:\/\/www.manaus.am.gov.br\/manauscult\/sertanejo-murilo-huff-se-apresenta-para-grande-publico-no-palco-amazonas-do-sou-manaus-2023\/\",\"url\":\"https:\/\/www.manaus.am.gov.br\/manauscult\/sertanejo-murilo-huff-se-apresenta-para-grande-publico-no-palco-amazonas-do-sou-manaus-2023\/\",\"name\":\"Sertanejo Murilo Huff se apresenta para grande p\u00fablico no palco Amazona do #SouManaus 2023\",\"isPartOf\":{\"@id\":\"https:\/\/www.manaus.am.gov.br\/manauscult\/#website\"},\"primaryImageOfPage\":{\"@id\":\"https:\/\/www.manaus.am.gov.br\/manauscult\/sertanejo-murilo-huff-se-apresenta-para-grande-publico-no-palco-amazonas-do-sou-manaus-2023\/#primaryimage\"},\"image\":{\"@id\":\"https:\/\/www.manaus.am.gov.br\/manauscult\/sertanejo-murilo-huff-se-apresenta-para-grande-publico-no-palco-amazonas-do-sou-manaus-2023\/#primaryimage\"},\"thumbnailUrl\":\"https:\/\/www.manaus.am.gov.br\/manauscult\/wp-content\/uploads\/sites\/11\/2023\/09\/Murilo-Huff_SouManaus.jpg\",\"datePublished\":\"2023-09-06T05:41:14+00:00\",\"dateModified\":\"2023-09-06T05:41:15+00:00\",\"author\":{\"@id\":\"https:\/\/www.manaus.am.gov.br\/manauscult\/#\/schema\/person\/bfafc779be2e19b3d3ef4a59d418b606\"},\"description\":\"Dando continuidade \u00e0 line-up de apresenta\u00e7\u00f5es da primeira noite do \u201c#SouManaus Passo a Pa\u00e7o 2023\u201d, o cantor sertanejo Murilo Huff.\",\"breadcrumb\":{\"@id\":\"https:\/\/www.manaus.am.gov.br\/manauscult\/sertanejo-murilo-huff-se-apresenta-para-grande-publico-no-palco-amazonas-do-sou-manaus-2023\/#breadcrumb\"},\"inLanguage\":\"pt-BR\",\"potentialAction\":[{\"@type\":\"ReadAction\",\"target\":[\"https:\/\/www.manaus.am.gov.br\/manauscult\/sertanejo-murilo-huff-se-apresenta-para-grande-publico-no-palco-amazonas-do-sou-manaus-2023\/\"]}]},{\"@type\":\"ImageObject\",\"inLanguage\":\"pt-BR\",\"@id\":\"https:\/\/www.manaus.am.gov.br\/manauscult\/sertanejo-murilo-huff-se-apresenta-para-grande-publico-no-palco-amazonas-do-sou-manaus-2023\/#primaryimage\",\"url\":\"https:\/\/www.manaus.am.gov.br\/manauscult\/wp-content\/uploads\/sites\/11\/2023\/09\/Murilo-Huff_SouManaus.jpg\",\"contentUrl\":\"https:\/\/www.manaus.am.gov.br\/manauscult\/wp-content\/uploads\/sites\/11\/2023\/09\/Murilo-Huff_SouManaus.jpg\",\"width\":1600,\"height\":1066},{\"@type\":\"BreadcrumbList\",\"@id\":\"https:\/\/www.manaus.am.gov.br\/manauscult\/sertanejo-murilo-huff-se-apresenta-para-grande-publico-no-palco-amazonas-do-sou-manaus-2023\/#breadcrumb\",\"itemListElement\":[{\"@type\":\"ListItem\",\"position\":1,\"name\":\"Home\",\"item\":\"https:\/\/www.manaus.am.gov.br\/manauscult\/\"},{\"@type\":\"ListItem\",\"position\":2,\"name\":\"Sertanejo Murilo Huff se apresenta para grande p\u00fablico no palco Amazona do #SouManaus 2023\"}]},{\"@type\":\"WebSite\",\"@id\":\"https:\/\/www.manaus.am.gov.br\/manauscult\/#website\",\"url\":\"https:\/\/www.manaus.am.gov.br\/manauscult\/\",\"name\":\"MANAUSCULT\",\"description\":\"Prefeitura de Manaus\",\"potentialAction\":[{\"@type\":\"SearchAction\",\"target\":{\"@type\":\"EntryPoint\",\"urlTemplate\":\"https:\/\/www.manaus.am.gov.br\/manauscult\/?s={search_term_string}\"},\"query-input\":\"required name=search_term_string\"}],\"inLanguage\":\"pt-BR\"},{\"@type\":\"Person\",\"@id\":\"https:\/\/www.manaus.am.gov.br\/manauscult\/#\/schema\/person\/bfafc779be2e19b3d3ef4a59d418b606\",\"name\":\"csilveira\",\"image\":{\"@type\":\"ImageObject\",\"inLanguage\":\"pt-BR\",\"@id\":\"https:\/\/www.manaus.am.gov.br\/manauscult\/#\/schema\/person\/image\/\",\"url\":\"https:\/\/secure.gravatar.com\/avatar\/9c2e2f00138fcd35401c748bd030d3b5?s=96&d=mm&r=g\",\"contentUrl\":\"https:\/\/secure.gravatar.com\/avatar\/9c2e2f00138fcd35401c748bd030d3b5?s=96&d=mm&r=g\",\"caption\":\"csilveira\"}}]}<\/script>\n<!-- \/ Yoast SEO plugin. -->","yoast_head_json":{"title":"Sertanejo Murilo Huff se apresenta para grande p\u00fablico no palco Amazona do #SouManaus 2023","description":"Dando continuidade \u00e0 line-up de apresenta\u00e7\u00f5es da primeira noite do \u201c#SouManaus Passo a Pa\u00e7o 2023\u201d, o cantor sertanejo Murilo Huff.","robots":{"index":"noindex","follow":"follow"},"og_locale":"pt_BR","og_type":"article","og_title":"Sertanejo Murilo Huff se apresenta para grande p\u00fablico no palco Amazona do #SouManaus 2023","og_description":"Dando continuidade \u00e0 line-up de apresenta\u00e7\u00f5es da primeira noite do \u201c#SouManaus Passo a Pa\u00e7o 2023\u201d, o cantor sertanejo Murilo Huff.","og_url":"https:\/\/www.manaus.am.gov.br\/manauscult\/sertanejo-murilo-huff-se-apresenta-para-grande-publico-no-palco-amazonas-do-sou-manaus-2023\/","og_site_name":"MANAUSCULT","article_published_time":"2023-09-06T05:41:14+00:00","article_modified_time":"2023-09-06T05:41:15+00:00","og_image":[{"width":1600,"height":1066,"url":"https:\/\/www.manaus.am.gov.br\/manauscult\/wp-content\/uploads\/sites\/11\/2023\/09\/Murilo-Huff_SouManaus.jpg","type":"image\/jpeg"}],"author":"csilveira","twitter_card":"summary_large_image","twitter_misc":{"Written by":"csilveira","Est. reading time":"3 minutos"},"schema":{"@context":"https:\/\/schema.org","@graph":[{"@type":"WebPage","@id":"https:\/\/www.manaus.am.gov.br\/manauscult\/sertanejo-murilo-huff-se-apresenta-para-grande-publico-no-palco-amazonas-do-sou-manaus-2023\/","url":"https:\/\/www.manaus.am.gov.br\/manauscult\/sertanejo-murilo-huff-se-apresenta-para-grande-publico-no-palco-amazonas-do-sou-manaus-2023\/","name":"Sertanejo Murilo Huff se apresenta para grande p\u00fablico no palco Amazona do #SouManaus 2023","isPartOf":{"@id":"https:\/\/www.manaus.am.gov.br\/manauscult\/#website"},"primaryImageOfPage":{"@id":"https:\/\/www.manaus.am.gov.br\/manauscult\/sertanejo-murilo-huff-se-apresenta-para-grande-publico-no-palco-amazonas-do-sou-manaus-2023\/#primaryimage"},"image":{"@id":"https:\/\/www.manaus.am.gov.br\/manauscult\/sertanejo-murilo-huff-se-apresenta-para-grande-publico-no-palco-amazonas-do-sou-manaus-2023\/#primaryimage"},"thumbnailUrl":"https:\/\/www.manaus.am.gov.br\/manauscult\/wp-content\/uploads\/sites\/11\/2023\/09\/Murilo-Huff_SouManaus.jpg","datePublished":"2023-09-06T05:41:14+00:00","dateModified":"2023-09-06T05:41:15+00:00","author":{"@id":"https:\/\/www.manaus.am.gov.br\/manauscult\/#\/schema\/person\/bfafc779be2e19b3d3ef4a59d418b606"},"description":"Dando continuidade \u00e0 line-up de apresenta\u00e7\u00f5es da primeira noite do \u201c#SouManaus Passo a Pa\u00e7o 2023\u201d, o cantor sertanejo Murilo Huff.","breadcrumb":{"@id":"https:\/\/www.manaus.am.gov.br\/manauscult\/sertanejo-murilo-huff-se-apresenta-para-grande-publico-no-palco-amazonas-do-sou-manaus-2023\/#breadcrumb"},"inLanguage":"pt-BR","potentialAction":[{"@type":"ReadAction","target":["https:\/\/www.manaus.am.gov.br\/manauscult\/sertanejo-murilo-huff-se-apresenta-para-grande-publico-no-palco-amazonas-do-sou-manaus-2023\/"]}]},{"@type":"ImageObject","inLanguage":"pt-BR","@id":"https:\/\/www.manaus.am.gov.br\/manauscult\/sertanejo-murilo-huff-se-apresenta-para-grande-publico-no-palco-amazonas-do-sou-manaus-2023\/#primaryimage","url":"https:\/\/www.manaus.am.gov.br\/manauscult\/wp-content\/uploads\/sites\/11\/2023\/09\/Murilo-Huff_SouManaus.jpg","contentUrl":"https:\/\/www.manaus.am.gov.br\/manauscult\/wp-content\/uploads\/sites\/11\/2023\/09\/Murilo-Huff_SouManaus.jpg","width":1600,"height":1066},{"@type":"BreadcrumbList","@id":"https:\/\/www.manaus.am.gov.br\/manauscult\/sertanejo-murilo-huff-se-apresenta-para-grande-publico-no-palco-amazonas-do-sou-manaus-2023\/#breadcrumb","itemListElement":[{"@type":"ListItem","position":1,"name":"Home","item":"https:\/\/www.manaus.am.gov.br\/manauscult\/"},{"@type":"ListItem","position":2,"name":"Sertanejo Murilo Huff se apresenta para grande p\u00fablico no palco Amazona do #SouManaus 2023"}]},{"@type":"WebSite","@id":"https:\/\/www.manaus.am.gov.br\/manauscult\/#website","url":"https:\/\/www.manaus.am.gov.br\/manauscult\/","name":"MANAUSCULT","description":"Prefeitura de Manaus","potentialAction":[{"@type":"SearchAction","target":{"@type":"EntryPoint","urlTemplate":"https:\/\/www.manaus.am.gov.br\/manauscult\/?s={search_term_string}"},"query-input":"required name=search_term_string"}],"inLanguage":"pt-BR"},{"@type":"Person","@id":"https:\/\/www.manaus.am.gov.br\/manauscult\/#\/schema\/person\/bfafc779be2e19b3d3ef4a59d418b606","name":"csilveira","image":{"@type":"ImageObject","inLanguage":"pt-BR","@id":"https:\/\/www.manaus.am.gov.br\/manauscult\/#\/schema\/person\/image\/","url":"https:\/\/secure.gravatar.com\/avatar\/9c2e2f00138fcd35401c748bd030d3b5?s=96&d=mm&r=g","contentUrl":"https:\/\/secure.gravatar.com\/avatar\/9c2e2f00138fcd35401c748bd030d3b5?s=96&d=mm&r=g","caption":"csilveira"}}]}},"_links":{"self":[{"href":"https:\/\/www.manaus.am.gov.br\/manauscult\/wp-json\/wp\/v2\/posts\/1344"}],"collection":[{"href":"https:\/\/www.manaus.am.gov.br\/manauscult\/wp-json\/wp\/v2\/posts"}],"about":[{"href":"https:\/\/www.manaus.am.gov.br\/manauscult\/wp-json\/wp\/v2\/types\/post"}],"author":[{"embeddable":true,"href":"https:\/\/www.manaus.am.gov.br\/manauscult\/wp-json\/wp\/v2\/users\/52"}],"replies":[{"embeddable":true,"href":"https:\/\/www.manaus.am.gov.br\/manauscult\/wp-json\/wp\/v2\/comments?post=1344"}],"version-history":[{"count":0,"href":"https:\/\/www.manaus.am.gov.br\/manauscult\/wp-json\/wp\/v2\/posts\/1344\/revisions"}],"wp:featuredmedia":[{"embeddable":true,"href":"https:\/\/www.manaus.am.gov.br\/manauscult\/wp-json\/wp\/v2\/media\/1345"}],"wp:attachment":[{"href":"https:\/\/www.manaus.am.gov.br\/manauscult\/wp-json\/wp\/v2\/media?parent=1344"}],"wp:term":[{"taxonomy":"category","embeddable":true,"href":"https:\/\/www.manaus.am.gov.br\/manauscult\/wp-json\/wp\/v2\/categories?post=1344"},{"taxonomy":"post_tag","embeddable":true,"href":"https:\/\/www.manaus.am.gov.br\/manauscult\/wp-json\/wp\/v2\/tags?post=1344"}],"curies":[{"name":"wp","href":"https:\/\/api.w.org\/{rel}","templated":true}]}}