{"id":1340,"date":"2023-09-06T00:54:22","date_gmt":"2023-09-06T04:54:22","guid":{"rendered":"https:\/\/www.manaus.am.gov.br\/manauscult\/stand-up-comedy-estreia-com-sucesso-no-soumanaus-passo-a-paco-2023\/"},"modified":"2023-09-06T00:54:24","modified_gmt":"2023-09-06T04:54:24","slug":"stand-up-comedy-estreia-com-sucesso-no-soumanaus-passo-a-paco-2023","status":"publish","type":"post","link":"https:\/\/www.manaus.am.gov.br\/manauscult\/stand-up-comedy-estreia-com-sucesso-no-soumanaus-passo-a-paco-2023\/","title":{"rendered":"<strong>Stand up comedy estreia com sucesso no #SouManaus Passo a Pa\u00e7o 2023<\/strong>"},"content":{"rendered":"\n<p>O maior festival de artes integradas da regi\u00e3o Norte, o \u201c#SouManaus Passo a Pa\u00e7o 2023\u201d, promovido pela Prefeitura de Manaus, ampliou o leque de op\u00e7\u00f5es culturais, incluindo na programa\u00e7\u00e3o, pela primeira vez, espet\u00e1culos de stand-up comedy. A estreia, nesta ter\u00e7a-feira, 5\/9, levou ao palco do Teatro da Instala\u00e7\u00e3o, no centro da cidade, os comediantes Marcos Paiva, Leandro Leite, Dunga Mesquita, S\u00edlvio Lamartine e Beto Monteiro que, durante uma hora e meia de apresenta\u00e7\u00f5es, arrancaram risos do p\u00fablico que lotou a plateia.<\/p>\n\n\n\n<p>O stand-up comedy \u00e9 um espet\u00e1culo de humor, apresentado por uma \u00fanica pessoa, no qual n\u00e3o existe nenhum tipo de personagem. As apresenta\u00e7\u00f5es de stand-up comedy abordam temas do cotidiano das pessoas.<\/p>\n\n\n\n<p>Um dos comediantes da primeira noite, Marcos Paiva, faz parte da primeira gera\u00e7\u00e3o da com\u00e9dia stand-up em Manaus. \u201cN\u00f3s fazemos esse trabalho j\u00e1 h\u00e1 muitos anos. H\u00e1 todo um processo de cria\u00e7\u00e3o, com testes de piadas que, dando certo, s\u00e3o inseridas em uma noite de elenco, como foi o caso dessa primeira noite no #SouManaus. Hoje, somos cerca de 30 comediantes que fazem sucesso, raz\u00e3o pela qual fomos convidados para participar da programa\u00e7\u00e3o\u201d, contou.<\/p>\n\n\n\n<p>Dunga Mesquita, que tamb\u00e9m integrou o elenco de estreia, disse que faz com\u00e9dia h\u00e1 tr\u00eas anos. \u201cEstou muito feliz e agradecido a toda a equipe da Manauscult por essa oportunidade. A recep\u00e7\u00e3o do p\u00fablico foi incr\u00edvel. Foi uma das melhores noites que eu j\u00e1 participei\u201d, afirmou.<\/p>\n\n\n\n<p>Juliana Monique Gabino do Vale aprovou a iniciativa da prefeitura em inserir a com\u00e9dia stand-up no #SouManaus. \u201cEu achei muito interessante, n\u00e3o tinha visto em edi\u00e7\u00f5es anteriores e gostei bastante, s\u00e3o todos muito engra\u00e7ados. Eu nunca tinha visto uma apresenta\u00e7\u00e3o de stand-up ao vivo. Eu adorei\u201d, disse Juliana.<\/p>\n\n\n\n<p>Quem tamb\u00e9m aprovou a inclus\u00e3o da com\u00e9dia na programa\u00e7\u00e3o do evento foi Richardson Vieira Macedo. \u201cEu acho muito importante difundir todos os tipos de arte, ainda mais o stand-up comedy, que n\u00e3o \u00e9 t\u00e3o acess\u00edvel e t\u00e3o frequente. Eu acho que deve se repetir nos pr\u00f3ximos anos\u201d, sugeriu.<\/p>\n\n\n\n<p>Nesta quarta-feira, 6\/9, segundo dia do \u201c#SouManaus Passo a Pa\u00e7o 2023\u201d, a apresenta\u00e7\u00e3o, com in\u00edcio \u00e0s 19h30, ter\u00e1 os comediantes Hulk P\u00e3o, Marcos Paiva, Lucas Eduardo, T\u00e9o J\u00fanior e Ricardo Mesquita. No dia 7, para encerrar a programa\u00e7\u00e3o, estar\u00e3o no palco, al\u00e9m de Marcos Paiva, Dann Dias, William Oliveira e Carlos Papagaio.<\/p>\n\n\n\n<p><strong>Diversifica\u00e7\u00e3o<\/strong><\/p>\n\n\n\n<p>Este ano, a Prefeitura de Manaus, por meio da Funda\u00e7\u00e3o Municipal de Cultura, Turismo e Eventos (Manauscult), aumentou em mais de 580% o n\u00famero de artistas locais em rela\u00e7\u00e3o \u00e0 primeira edi\u00e7\u00e3o, em 2015, onde apenas 12 artistas locais estiverem envolvidos.<\/p>\n\n\n\n<p>Nesta edi\u00e7\u00e3o, s\u00e3o mais de 600 trabalhadores da cultura, distribu\u00eddos em nove segmentos, representados, legalmente, por 77 bandas, entre pessoas f\u00edsicas e jur\u00eddicas.<\/p>\n\n\n\n<p>Al\u00e9m de stand-up comedy, os segmentos art\u00edsticos presentes no \u201c#SouManaus Passo a Pa\u00e7o 2023\u201d s\u00e3o: dan\u00e7a, m\u00fasica, teatro, literatura, arte visual, circo, cultura urbana (hip-hop, B-Boys, grafiteiros, rappers, DJs, slackline, skatistas, bmcross).<\/p>\n\n\n\n<p>&#8212; &#8212; &#8212;&nbsp;<\/p>\n\n\n\n<p><strong>Texto &#8211;<\/strong>\u00a0Sandra Monteiro e Sidney William \/ Semcom<\/p>\n\n\n\n<p><strong>Fotos &#8211;<\/strong>\u00a0Thelson Souza \/ Semcom<\/p>\n","protected":false},"excerpt":{"rendered":"","protected":false},"author":25,"featured_media":1341,"comment_status":"closed","ping_status":"closed","sticky":false,"template":"","format":"standard","meta":{"footnotes":""},"categories":[508],"tags":[279,582],"acf":[],"yoast_head":"<!-- This site is optimized with the Yoast SEO plugin v23.0 - https:\/\/yoast.com\/wordpress\/plugins\/seo\/ -->\n<title>Stand up comedy estreia com sucesso no #SouManaus Passo a Pa\u00e7o 2023<\/title>\n<meta name=\"description\" content=\"O maior festival de artes integradas da regi\u00e3o Norte, o \u201c#SouManaus Passo a Pa\u00e7o 2023\u201d, promovido pela Prefeitura de Manaus\" \/>\n<meta name=\"robots\" content=\"noindex, follow\" \/>\n<meta property=\"og:locale\" content=\"pt_BR\" \/>\n<meta property=\"og:type\" content=\"article\" \/>\n<meta property=\"og:title\" content=\"Stand up comedy estreia com sucesso no #SouManaus Passo a Pa\u00e7o 2023\" \/>\n<meta property=\"og:description\" content=\"O maior festival de artes integradas da regi\u00e3o Norte, o \u201c#SouManaus Passo a Pa\u00e7o 2023\u201d, promovido pela Prefeitura de Manaus\" \/>\n<meta property=\"og:url\" content=\"https:\/\/www.manaus.am.gov.br\/manauscult\/stand-up-comedy-estreia-com-sucesso-no-soumanaus-passo-a-paco-2023\/\" \/>\n<meta property=\"og:site_name\" content=\"MANAUSCULT\" \/>\n<meta property=\"article:published_time\" content=\"2023-09-06T04:54:22+00:00\" \/>\n<meta property=\"article:modified_time\" content=\"2023-09-06T04:54:24+00:00\" \/>\n<meta property=\"og:image\" content=\"https:\/\/www.manaus.am.gov.br\/manauscult\/wp-content\/uploads\/sites\/11\/2023\/09\/IMG_20230905_224429_233.jpg\" \/>\n\t<meta property=\"og:image:width\" content=\"4000\" \/>\n\t<meta property=\"og:image:height\" content=\"1848\" \/>\n\t<meta property=\"og:image:type\" content=\"image\/jpeg\" \/>\n<meta name=\"author\" content=\"Maur\u00edcio Freire\" \/>\n<meta name=\"twitter:card\" content=\"summary_large_image\" \/>\n<meta name=\"twitter:label1\" content=\"Written by\" \/>\n\t<meta name=\"twitter:data1\" content=\"Maur\u00edcio Freire\" \/>\n\t<meta name=\"twitter:label2\" content=\"Est. reading time\" \/>\n\t<meta name=\"twitter:data2\" content=\"3 minutos\" \/>\n<script type=\"application\/ld+json\" class=\"yoast-schema-graph\">{\"@context\":\"https:\/\/schema.org\",\"@graph\":[{\"@type\":\"WebPage\",\"@id\":\"https:\/\/www.manaus.am.gov.br\/manauscult\/stand-up-comedy-estreia-com-sucesso-no-soumanaus-passo-a-paco-2023\/\",\"url\":\"https:\/\/www.manaus.am.gov.br\/manauscult\/stand-up-comedy-estreia-com-sucesso-no-soumanaus-passo-a-paco-2023\/\",\"name\":\"Stand up comedy estreia com sucesso no #SouManaus Passo a Pa\u00e7o 2023\",\"isPartOf\":{\"@id\":\"https:\/\/www.manaus.am.gov.br\/manauscult\/#website\"},\"primaryImageOfPage\":{\"@id\":\"https:\/\/www.manaus.am.gov.br\/manauscult\/stand-up-comedy-estreia-com-sucesso-no-soumanaus-passo-a-paco-2023\/#primaryimage\"},\"image\":{\"@id\":\"https:\/\/www.manaus.am.gov.br\/manauscult\/stand-up-comedy-estreia-com-sucesso-no-soumanaus-passo-a-paco-2023\/#primaryimage\"},\"thumbnailUrl\":\"https:\/\/www.manaus.am.gov.br\/manauscult\/wp-content\/uploads\/sites\/11\/2023\/09\/IMG_20230905_224429_233.jpg\",\"datePublished\":\"2023-09-06T04:54:22+00:00\",\"dateModified\":\"2023-09-06T04:54:24+00:00\",\"author\":{\"@id\":\"https:\/\/www.manaus.am.gov.br\/manauscult\/#\/schema\/person\/587989a23a463cde5618e6a028977a9a\"},\"description\":\"O maior festival de artes integradas da regi\u00e3o Norte, o \u201c#SouManaus Passo a Pa\u00e7o 2023\u201d, promovido pela Prefeitura de Manaus\",\"breadcrumb\":{\"@id\":\"https:\/\/www.manaus.am.gov.br\/manauscult\/stand-up-comedy-estreia-com-sucesso-no-soumanaus-passo-a-paco-2023\/#breadcrumb\"},\"inLanguage\":\"pt-BR\",\"potentialAction\":[{\"@type\":\"ReadAction\",\"target\":[\"https:\/\/www.manaus.am.gov.br\/manauscult\/stand-up-comedy-estreia-com-sucesso-no-soumanaus-passo-a-paco-2023\/\"]}]},{\"@type\":\"ImageObject\",\"inLanguage\":\"pt-BR\",\"@id\":\"https:\/\/www.manaus.am.gov.br\/manauscult\/stand-up-comedy-estreia-com-sucesso-no-soumanaus-passo-a-paco-2023\/#primaryimage\",\"url\":\"https:\/\/www.manaus.am.gov.br\/manauscult\/wp-content\/uploads\/sites\/11\/2023\/09\/IMG_20230905_224429_233.jpg\",\"contentUrl\":\"https:\/\/www.manaus.am.gov.br\/manauscult\/wp-content\/uploads\/sites\/11\/2023\/09\/IMG_20230905_224429_233.jpg\",\"width\":4000,\"height\":1848},{\"@type\":\"BreadcrumbList\",\"@id\":\"https:\/\/www.manaus.am.gov.br\/manauscult\/stand-up-comedy-estreia-com-sucesso-no-soumanaus-passo-a-paco-2023\/#breadcrumb\",\"itemListElement\":[{\"@type\":\"ListItem\",\"position\":1,\"name\":\"Home\",\"item\":\"https:\/\/www.manaus.am.gov.br\/manauscult\/\"},{\"@type\":\"ListItem\",\"position\":2,\"name\":\"Stand up comedy estreia com sucesso no #SouManaus Passo a Pa\u00e7o 2023\"}]},{\"@type\":\"WebSite\",\"@id\":\"https:\/\/www.manaus.am.gov.br\/manauscult\/#website\",\"url\":\"https:\/\/www.manaus.am.gov.br\/manauscult\/\",\"name\":\"MANAUSCULT\",\"description\":\"Prefeitura de Manaus\",\"potentialAction\":[{\"@type\":\"SearchAction\",\"target\":{\"@type\":\"EntryPoint\",\"urlTemplate\":\"https:\/\/www.manaus.am.gov.br\/manauscult\/?s={search_term_string}\"},\"query-input\":\"required name=search_term_string\"}],\"inLanguage\":\"pt-BR\"},{\"@type\":\"Person\",\"@id\":\"https:\/\/www.manaus.am.gov.br\/manauscult\/#\/schema\/person\/587989a23a463cde5618e6a028977a9a\",\"name\":\"Maur\u00edcio Freire\",\"image\":{\"@type\":\"ImageObject\",\"inLanguage\":\"pt-BR\",\"@id\":\"https:\/\/www.manaus.am.gov.br\/manauscult\/#\/schema\/person\/image\/\",\"url\":\"https:\/\/secure.gravatar.com\/avatar\/dc1481799a1f75c733ac3b2634cd6749?s=96&d=mm&r=g\",\"contentUrl\":\"https:\/\/secure.gravatar.com\/avatar\/dc1481799a1f75c733ac3b2634cd6749?s=96&d=mm&r=g\",\"caption\":\"Maur\u00edcio Freire\"}}]}<\/script>\n<!-- \/ Yoast SEO plugin. -->","yoast_head_json":{"title":"Stand up comedy estreia com sucesso no #SouManaus Passo a Pa\u00e7o 2023","description":"O maior festival de artes integradas da regi\u00e3o Norte, o \u201c#SouManaus Passo a Pa\u00e7o 2023\u201d, promovido pela Prefeitura de Manaus","robots":{"index":"noindex","follow":"follow"},"og_locale":"pt_BR","og_type":"article","og_title":"Stand up comedy estreia com sucesso no #SouManaus Passo a Pa\u00e7o 2023","og_description":"O maior festival de artes integradas da regi\u00e3o Norte, o \u201c#SouManaus Passo a Pa\u00e7o 2023\u201d, promovido pela Prefeitura de Manaus","og_url":"https:\/\/www.manaus.am.gov.br\/manauscult\/stand-up-comedy-estreia-com-sucesso-no-soumanaus-passo-a-paco-2023\/","og_site_name":"MANAUSCULT","article_published_time":"2023-09-06T04:54:22+00:00","article_modified_time":"2023-09-06T04:54:24+00:00","og_image":[{"width":4000,"height":1848,"url":"https:\/\/www.manaus.am.gov.br\/manauscult\/wp-content\/uploads\/sites\/11\/2023\/09\/IMG_20230905_224429_233.jpg","type":"image\/jpeg"}],"author":"Maur\u00edcio Freire","twitter_card":"summary_large_image","twitter_misc":{"Written by":"Maur\u00edcio Freire","Est. reading time":"3 minutos"},"schema":{"@context":"https:\/\/schema.org","@graph":[{"@type":"WebPage","@id":"https:\/\/www.manaus.am.gov.br\/manauscult\/stand-up-comedy-estreia-com-sucesso-no-soumanaus-passo-a-paco-2023\/","url":"https:\/\/www.manaus.am.gov.br\/manauscult\/stand-up-comedy-estreia-com-sucesso-no-soumanaus-passo-a-paco-2023\/","name":"Stand up comedy estreia com sucesso no #SouManaus Passo a Pa\u00e7o 2023","isPartOf":{"@id":"https:\/\/www.manaus.am.gov.br\/manauscult\/#website"},"primaryImageOfPage":{"@id":"https:\/\/www.manaus.am.gov.br\/manauscult\/stand-up-comedy-estreia-com-sucesso-no-soumanaus-passo-a-paco-2023\/#primaryimage"},"image":{"@id":"https:\/\/www.manaus.am.gov.br\/manauscult\/stand-up-comedy-estreia-com-sucesso-no-soumanaus-passo-a-paco-2023\/#primaryimage"},"thumbnailUrl":"https:\/\/www.manaus.am.gov.br\/manauscult\/wp-content\/uploads\/sites\/11\/2023\/09\/IMG_20230905_224429_233.jpg","datePublished":"2023-09-06T04:54:22+00:00","dateModified":"2023-09-06T04:54:24+00:00","author":{"@id":"https:\/\/www.manaus.am.gov.br\/manauscult\/#\/schema\/person\/587989a23a463cde5618e6a028977a9a"},"description":"O maior festival de artes integradas da regi\u00e3o Norte, o \u201c#SouManaus Passo a Pa\u00e7o 2023\u201d, promovido pela Prefeitura de Manaus","breadcrumb":{"@id":"https:\/\/www.manaus.am.gov.br\/manauscult\/stand-up-comedy-estreia-com-sucesso-no-soumanaus-passo-a-paco-2023\/#breadcrumb"},"inLanguage":"pt-BR","potentialAction":[{"@type":"ReadAction","target":["https:\/\/www.manaus.am.gov.br\/manauscult\/stand-up-comedy-estreia-com-sucesso-no-soumanaus-passo-a-paco-2023\/"]}]},{"@type":"ImageObject","inLanguage":"pt-BR","@id":"https:\/\/www.manaus.am.gov.br\/manauscult\/stand-up-comedy-estreia-com-sucesso-no-soumanaus-passo-a-paco-2023\/#primaryimage","url":"https:\/\/www.manaus.am.gov.br\/manauscult\/wp-content\/uploads\/sites\/11\/2023\/09\/IMG_20230905_224429_233.jpg","contentUrl":"https:\/\/www.manaus.am.gov.br\/manauscult\/wp-content\/uploads\/sites\/11\/2023\/09\/IMG_20230905_224429_233.jpg","width":4000,"height":1848},{"@type":"BreadcrumbList","@id":"https:\/\/www.manaus.am.gov.br\/manauscult\/stand-up-comedy-estreia-com-sucesso-no-soumanaus-passo-a-paco-2023\/#breadcrumb","itemListElement":[{"@type":"ListItem","position":1,"name":"Home","item":"https:\/\/www.manaus.am.gov.br\/manauscult\/"},{"@type":"ListItem","position":2,"name":"Stand up comedy estreia com sucesso no #SouManaus Passo a Pa\u00e7o 2023"}]},{"@type":"WebSite","@id":"https:\/\/www.manaus.am.gov.br\/manauscult\/#website","url":"https:\/\/www.manaus.am.gov.br\/manauscult\/","name":"MANAUSCULT","description":"Prefeitura de Manaus","potentialAction":[{"@type":"SearchAction","target":{"@type":"EntryPoint","urlTemplate":"https:\/\/www.manaus.am.gov.br\/manauscult\/?s={search_term_string}"},"query-input":"required name=search_term_string"}],"inLanguage":"pt-BR"},{"@type":"Person","@id":"https:\/\/www.manaus.am.gov.br\/manauscult\/#\/schema\/person\/587989a23a463cde5618e6a028977a9a","name":"Maur\u00edcio Freire","image":{"@type":"ImageObject","inLanguage":"pt-BR","@id":"https:\/\/www.manaus.am.gov.br\/manauscult\/#\/schema\/person\/image\/","url":"https:\/\/secure.gravatar.com\/avatar\/dc1481799a1f75c733ac3b2634cd6749?s=96&d=mm&r=g","contentUrl":"https:\/\/secure.gravatar.com\/avatar\/dc1481799a1f75c733ac3b2634cd6749?s=96&d=mm&r=g","caption":"Maur\u00edcio Freire"}}]}},"_links":{"self":[{"href":"https:\/\/www.manaus.am.gov.br\/manauscult\/wp-json\/wp\/v2\/posts\/1340"}],"collection":[{"href":"https:\/\/www.manaus.am.gov.br\/manauscult\/wp-json\/wp\/v2\/posts"}],"about":[{"href":"https:\/\/www.manaus.am.gov.br\/manauscult\/wp-json\/wp\/v2\/types\/post"}],"author":[{"embeddable":true,"href":"https:\/\/www.manaus.am.gov.br\/manauscult\/wp-json\/wp\/v2\/users\/25"}],"replies":[{"embeddable":true,"href":"https:\/\/www.manaus.am.gov.br\/manauscult\/wp-json\/wp\/v2\/comments?post=1340"}],"version-history":[{"count":0,"href":"https:\/\/www.manaus.am.gov.br\/manauscult\/wp-json\/wp\/v2\/posts\/1340\/revisions"}],"wp:featuredmedia":[{"embeddable":true,"href":"https:\/\/www.manaus.am.gov.br\/manauscult\/wp-json\/wp\/v2\/media\/1341"}],"wp:attachment":[{"href":"https:\/\/www.manaus.am.gov.br\/manauscult\/wp-json\/wp\/v2\/media?parent=1340"}],"wp:term":[{"taxonomy":"category","embeddable":true,"href":"https:\/\/www.manaus.am.gov.br\/manauscult\/wp-json\/wp\/v2\/categories?post=1340"},{"taxonomy":"post_tag","embeddable":true,"href":"https:\/\/www.manaus.am.gov.br\/manauscult\/wp-json\/wp\/v2\/tags?post=1340"}],"curies":[{"name":"wp","href":"https:\/\/api.w.org\/{rel}","templated":true}]}}