{"id":1338,"date":"2023-09-06T00:21:17","date_gmt":"2023-09-06T04:21:17","guid":{"rendered":"https:\/\/www.manaus.am.gov.br\/manauscult\/3-gatos-pingados-poe-publico-para-sambar-no-palco-coreto-no-primeiro-dia-do-soumanaus\/"},"modified":"2023-09-06T00:21:18","modified_gmt":"2023-09-06T04:21:18","slug":"3-gatos-pingados-poe-publico-para-sambar-no-palco-coreto-no-primeiro-dia-do-soumanaus","status":"publish","type":"post","link":"https:\/\/www.manaus.am.gov.br\/manauscult\/3-gatos-pingados-poe-publico-para-sambar-no-palco-coreto-no-primeiro-dia-do-soumanaus\/","title":{"rendered":"<strong>\u20183 Gatos Pingados\u2019 p\u00f5e p\u00fablico para sambar no palco Coreto no primeiro dia do #SouManaus<\/strong>"},"content":{"rendered":"\n<p>Na primeira noite do festival \u201c#SouManaus Passo a Pa\u00e7o 2023\u201d, nesta ter\u00e7a-feira, 5\/9, o p\u00fablico mostrou alta ades\u00e3o ao samba de raiz, em apresenta\u00e7\u00e3o da banda \u201c3 Gatos Pingados\u201d no palco Coreto.<\/p>\n\n\n\n<p>Tomada por pessoas, a pra\u00e7a Dom Pedro 2\u00b0, no centro hist\u00f3rico, exalou samba de raiz. \u201cEsse repert\u00f3rio foi escolhido a dedo. Gostei tanto da apresenta\u00e7\u00e3o que vou seguir eles no Instagram\u201d, revelou Amanda Beatriz, de 27 anos.<\/p>\n\n\n\n<p>Direto do reduto do samba, no Rio de Janeiro, para o palco do maior festival de artes integradas do Norte, Iargo Ribeiro, vocalista da banda, observa alta ades\u00e3o do p\u00fablico manauara ao samba.<\/p>\n\n\n\n<p>\u201cO samba aqui n\u00e3o deixa nada a desejar para o samba que j\u00e1 vi no Rio. N\u00e3o perde nada em qualidade musical. O p\u00fablico aqui curte muito o samba e o g\u00eanero tem crescido bastante, ganhado muitos adeptos, isso \u00e9 legal\u201d, afirma Iargo.<\/p>\n\n\n\n<p>Sobre a apresenta\u00e7\u00e3o no Coreto, ele revela a mistura de sambas e pagodes. \u201cS\u00f3 os cl\u00e1ssicos. Muito samba-enredo\u201d.<\/p>\n\n\n\n<p>A banda tem dois anos de exist\u00eancia. Essa \u00e9 a primeira vez que se apresenta no #SouManaus. \u201cUma proposta interessante para apresentar bandas novas que est\u00e3o surgindo no mercado, at\u00e9 como uma forma de n\u00e3o ser mais do mesmo. Tem muita gente nova surgindo e fazendo um trabalho bacana\u201d, conta o sambista.<\/p>\n\n\n\n<p>Questionado sobre os planos da banda, ele responde que \u201co c\u00e9u \u00e9 o limite\u201d. \u201cIsso aqui \u00e9 apenas uma sementinha. Agrade\u00e7o \u00e0 Prefeitura de Manaus por fomentar a arte e a cultura no estado. Precisamos muito disso. Viva o samba\u201d, finaliza.<\/p>\n\n\n\n<p>&#8212; &#8212; &#8212;<\/p>\n\n\n\n<p><strong>Texto<\/strong> &#8211; Alessandra Taveira \/ Semcom<\/p>\n\n\n\n<p><strong>Fotos<\/strong> &#8211; Victor Hugo e Luiz Soares\u00a0 \/ Semcom<\/p>\n","protected":false},"excerpt":{"rendered":"","protected":false},"author":25,"featured_media":1339,"comment_status":"closed","ping_status":"closed","sticky":false,"template":"","format":"standard","meta":{"footnotes":""},"categories":[508],"tags":[279],"acf":[],"yoast_head":"<!-- This site is optimized with the Yoast SEO plugin v23.0 - https:\/\/yoast.com\/wordpress\/plugins\/seo\/ -->\n<title>\u20183 Gatos Pingados\u2019 p\u00f5e p\u00fablico para sambar no palco Coreto no primeiro dia do #SouManaus<\/title>\n<meta name=\"description\" content=\"Na primeira noite do festival \u201c#SouManaus Passo a Pa\u00e7o 2023\u201d, nesta ter\u00e7a-feira, 5\/9, o p\u00fablico mostrou alta ades\u00e3o ao samba de raiz, em apresenta\u00e7\u00e3o da banda \u201c3 Gatos Pingados\u201d no palco Coreto.\" \/>\n<meta name=\"robots\" content=\"noindex, follow\" \/>\n<meta property=\"og:locale\" content=\"pt_BR\" \/>\n<meta property=\"og:type\" content=\"article\" \/>\n<meta property=\"og:title\" content=\"\u20183 Gatos Pingados\u2019 p\u00f5e p\u00fablico para sambar no palco Coreto no primeiro dia do #SouManaus\" \/>\n<meta property=\"og:description\" content=\"Na primeira noite do festival \u201c#SouManaus Passo a Pa\u00e7o 2023\u201d, nesta ter\u00e7a-feira, 5\/9, o p\u00fablico mostrou alta ades\u00e3o ao samba de raiz, em apresenta\u00e7\u00e3o da banda \u201c3 Gatos Pingados\u201d no palco Coreto.\" \/>\n<meta property=\"og:url\" content=\"https:\/\/www.manaus.am.gov.br\/manauscult\/3-gatos-pingados-poe-publico-para-sambar-no-palco-coreto-no-primeiro-dia-do-soumanaus\/\" \/>\n<meta property=\"og:site_name\" content=\"MANAUSCULT\" \/>\n<meta property=\"article:published_time\" content=\"2023-09-06T04:21:17+00:00\" \/>\n<meta property=\"article:modified_time\" content=\"2023-09-06T04:21:18+00:00\" \/>\n<meta property=\"og:image\" content=\"https:\/\/www.manaus.am.gov.br\/manauscult\/wp-content\/uploads\/sites\/11\/2023\/09\/IMG_1133-1024x683.jpg\" \/>\n\t<meta property=\"og:image:width\" content=\"1024\" \/>\n\t<meta property=\"og:image:height\" content=\"683\" \/>\n\t<meta property=\"og:image:type\" content=\"image\/jpeg\" \/>\n<meta name=\"author\" content=\"Maur\u00edcio Freire\" \/>\n<meta name=\"twitter:card\" content=\"summary_large_image\" \/>\n<meta name=\"twitter:label1\" content=\"Written by\" \/>\n\t<meta name=\"twitter:data1\" content=\"Maur\u00edcio Freire\" \/>\n\t<meta name=\"twitter:label2\" content=\"Est. reading time\" \/>\n\t<meta name=\"twitter:data2\" content=\"2 minutos\" \/>\n<script type=\"application\/ld+json\" class=\"yoast-schema-graph\">{\"@context\":\"https:\/\/schema.org\",\"@graph\":[{\"@type\":\"WebPage\",\"@id\":\"https:\/\/www.manaus.am.gov.br\/manauscult\/3-gatos-pingados-poe-publico-para-sambar-no-palco-coreto-no-primeiro-dia-do-soumanaus\/\",\"url\":\"https:\/\/www.manaus.am.gov.br\/manauscult\/3-gatos-pingados-poe-publico-para-sambar-no-palco-coreto-no-primeiro-dia-do-soumanaus\/\",\"name\":\"\u20183 Gatos Pingados\u2019 p\u00f5e p\u00fablico para sambar no palco Coreto no primeiro dia do #SouManaus\",\"isPartOf\":{\"@id\":\"https:\/\/www.manaus.am.gov.br\/manauscult\/#website\"},\"primaryImageOfPage\":{\"@id\":\"https:\/\/www.manaus.am.gov.br\/manauscult\/3-gatos-pingados-poe-publico-para-sambar-no-palco-coreto-no-primeiro-dia-do-soumanaus\/#primaryimage\"},\"image\":{\"@id\":\"https:\/\/www.manaus.am.gov.br\/manauscult\/3-gatos-pingados-poe-publico-para-sambar-no-palco-coreto-no-primeiro-dia-do-soumanaus\/#primaryimage\"},\"thumbnailUrl\":\"https:\/\/www.manaus.am.gov.br\/manauscult\/wp-content\/uploads\/sites\/11\/2023\/09\/IMG_1133.jpg\",\"datePublished\":\"2023-09-06T04:21:17+00:00\",\"dateModified\":\"2023-09-06T04:21:18+00:00\",\"author\":{\"@id\":\"https:\/\/www.manaus.am.gov.br\/manauscult\/#\/schema\/person\/587989a23a463cde5618e6a028977a9a\"},\"description\":\"Na primeira noite do festival \u201c#SouManaus Passo a Pa\u00e7o 2023\u201d, nesta ter\u00e7a-feira, 5\/9, o p\u00fablico mostrou alta ades\u00e3o ao samba de raiz, em apresenta\u00e7\u00e3o da banda \u201c3 Gatos Pingados\u201d no palco Coreto.\",\"breadcrumb\":{\"@id\":\"https:\/\/www.manaus.am.gov.br\/manauscult\/3-gatos-pingados-poe-publico-para-sambar-no-palco-coreto-no-primeiro-dia-do-soumanaus\/#breadcrumb\"},\"inLanguage\":\"pt-BR\",\"potentialAction\":[{\"@type\":\"ReadAction\",\"target\":[\"https:\/\/www.manaus.am.gov.br\/manauscult\/3-gatos-pingados-poe-publico-para-sambar-no-palco-coreto-no-primeiro-dia-do-soumanaus\/\"]}]},{\"@type\":\"ImageObject\",\"inLanguage\":\"pt-BR\",\"@id\":\"https:\/\/www.manaus.am.gov.br\/manauscult\/3-gatos-pingados-poe-publico-para-sambar-no-palco-coreto-no-primeiro-dia-do-soumanaus\/#primaryimage\",\"url\":\"https:\/\/www.manaus.am.gov.br\/manauscult\/wp-content\/uploads\/sites\/11\/2023\/09\/IMG_1133.jpg\",\"contentUrl\":\"https:\/\/www.manaus.am.gov.br\/manauscult\/wp-content\/uploads\/sites\/11\/2023\/09\/IMG_1133.jpg\",\"width\":6240,\"height\":4160},{\"@type\":\"BreadcrumbList\",\"@id\":\"https:\/\/www.manaus.am.gov.br\/manauscult\/3-gatos-pingados-poe-publico-para-sambar-no-palco-coreto-no-primeiro-dia-do-soumanaus\/#breadcrumb\",\"itemListElement\":[{\"@type\":\"ListItem\",\"position\":1,\"name\":\"Home\",\"item\":\"https:\/\/www.manaus.am.gov.br\/manauscult\/\"},{\"@type\":\"ListItem\",\"position\":2,\"name\":\"\u20183 Gatos Pingados\u2019 p\u00f5e p\u00fablico para sambar no palco Coreto no primeiro dia do #SouManaus\"}]},{\"@type\":\"WebSite\",\"@id\":\"https:\/\/www.manaus.am.gov.br\/manauscult\/#website\",\"url\":\"https:\/\/www.manaus.am.gov.br\/manauscult\/\",\"name\":\"MANAUSCULT\",\"description\":\"Prefeitura de Manaus\",\"potentialAction\":[{\"@type\":\"SearchAction\",\"target\":{\"@type\":\"EntryPoint\",\"urlTemplate\":\"https:\/\/www.manaus.am.gov.br\/manauscult\/?s={search_term_string}\"},\"query-input\":\"required name=search_term_string\"}],\"inLanguage\":\"pt-BR\"},{\"@type\":\"Person\",\"@id\":\"https:\/\/www.manaus.am.gov.br\/manauscult\/#\/schema\/person\/587989a23a463cde5618e6a028977a9a\",\"name\":\"Maur\u00edcio Freire\",\"image\":{\"@type\":\"ImageObject\",\"inLanguage\":\"pt-BR\",\"@id\":\"https:\/\/www.manaus.am.gov.br\/manauscult\/#\/schema\/person\/image\/\",\"url\":\"https:\/\/secure.gravatar.com\/avatar\/dc1481799a1f75c733ac3b2634cd6749?s=96&d=mm&r=g\",\"contentUrl\":\"https:\/\/secure.gravatar.com\/avatar\/dc1481799a1f75c733ac3b2634cd6749?s=96&d=mm&r=g\",\"caption\":\"Maur\u00edcio Freire\"}}]}<\/script>\n<!-- \/ Yoast SEO plugin. -->","yoast_head_json":{"title":"\u20183 Gatos Pingados\u2019 p\u00f5e p\u00fablico para sambar no palco Coreto no primeiro dia do #SouManaus","description":"Na primeira noite do festival \u201c#SouManaus Passo a Pa\u00e7o 2023\u201d, nesta ter\u00e7a-feira, 5\/9, o p\u00fablico mostrou alta ades\u00e3o ao samba de raiz, em apresenta\u00e7\u00e3o da banda \u201c3 Gatos Pingados\u201d no palco Coreto.","robots":{"index":"noindex","follow":"follow"},"og_locale":"pt_BR","og_type":"article","og_title":"\u20183 Gatos Pingados\u2019 p\u00f5e p\u00fablico para sambar no palco Coreto no primeiro dia do #SouManaus","og_description":"Na primeira noite do festival \u201c#SouManaus Passo a Pa\u00e7o 2023\u201d, nesta ter\u00e7a-feira, 5\/9, o p\u00fablico mostrou alta ades\u00e3o ao samba de raiz, em apresenta\u00e7\u00e3o da banda \u201c3 Gatos Pingados\u201d no palco Coreto.","og_url":"https:\/\/www.manaus.am.gov.br\/manauscult\/3-gatos-pingados-poe-publico-para-sambar-no-palco-coreto-no-primeiro-dia-do-soumanaus\/","og_site_name":"MANAUSCULT","article_published_time":"2023-09-06T04:21:17+00:00","article_modified_time":"2023-09-06T04:21:18+00:00","og_image":[{"width":1024,"height":683,"url":"https:\/\/www.manaus.am.gov.br\/manauscult\/wp-content\/uploads\/sites\/11\/2023\/09\/IMG_1133-1024x683.jpg","type":"image\/jpeg"}],"author":"Maur\u00edcio Freire","twitter_card":"summary_large_image","twitter_misc":{"Written by":"Maur\u00edcio Freire","Est. reading time":"2 minutos"},"schema":{"@context":"https:\/\/schema.org","@graph":[{"@type":"WebPage","@id":"https:\/\/www.manaus.am.gov.br\/manauscult\/3-gatos-pingados-poe-publico-para-sambar-no-palco-coreto-no-primeiro-dia-do-soumanaus\/","url":"https:\/\/www.manaus.am.gov.br\/manauscult\/3-gatos-pingados-poe-publico-para-sambar-no-palco-coreto-no-primeiro-dia-do-soumanaus\/","name":"\u20183 Gatos Pingados\u2019 p\u00f5e p\u00fablico para sambar no palco Coreto no primeiro dia do #SouManaus","isPartOf":{"@id":"https:\/\/www.manaus.am.gov.br\/manauscult\/#website"},"primaryImageOfPage":{"@id":"https:\/\/www.manaus.am.gov.br\/manauscult\/3-gatos-pingados-poe-publico-para-sambar-no-palco-coreto-no-primeiro-dia-do-soumanaus\/#primaryimage"},"image":{"@id":"https:\/\/www.manaus.am.gov.br\/manauscult\/3-gatos-pingados-poe-publico-para-sambar-no-palco-coreto-no-primeiro-dia-do-soumanaus\/#primaryimage"},"thumbnailUrl":"https:\/\/www.manaus.am.gov.br\/manauscult\/wp-content\/uploads\/sites\/11\/2023\/09\/IMG_1133.jpg","datePublished":"2023-09-06T04:21:17+00:00","dateModified":"2023-09-06T04:21:18+00:00","author":{"@id":"https:\/\/www.manaus.am.gov.br\/manauscult\/#\/schema\/person\/587989a23a463cde5618e6a028977a9a"},"description":"Na primeira noite do festival \u201c#SouManaus Passo a Pa\u00e7o 2023\u201d, nesta ter\u00e7a-feira, 5\/9, o p\u00fablico mostrou alta ades\u00e3o ao samba de raiz, em apresenta\u00e7\u00e3o da banda \u201c3 Gatos Pingados\u201d no palco Coreto.","breadcrumb":{"@id":"https:\/\/www.manaus.am.gov.br\/manauscult\/3-gatos-pingados-poe-publico-para-sambar-no-palco-coreto-no-primeiro-dia-do-soumanaus\/#breadcrumb"},"inLanguage":"pt-BR","potentialAction":[{"@type":"ReadAction","target":["https:\/\/www.manaus.am.gov.br\/manauscult\/3-gatos-pingados-poe-publico-para-sambar-no-palco-coreto-no-primeiro-dia-do-soumanaus\/"]}]},{"@type":"ImageObject","inLanguage":"pt-BR","@id":"https:\/\/www.manaus.am.gov.br\/manauscult\/3-gatos-pingados-poe-publico-para-sambar-no-palco-coreto-no-primeiro-dia-do-soumanaus\/#primaryimage","url":"https:\/\/www.manaus.am.gov.br\/manauscult\/wp-content\/uploads\/sites\/11\/2023\/09\/IMG_1133.jpg","contentUrl":"https:\/\/www.manaus.am.gov.br\/manauscult\/wp-content\/uploads\/sites\/11\/2023\/09\/IMG_1133.jpg","width":6240,"height":4160},{"@type":"BreadcrumbList","@id":"https:\/\/www.manaus.am.gov.br\/manauscult\/3-gatos-pingados-poe-publico-para-sambar-no-palco-coreto-no-primeiro-dia-do-soumanaus\/#breadcrumb","itemListElement":[{"@type":"ListItem","position":1,"name":"Home","item":"https:\/\/www.manaus.am.gov.br\/manauscult\/"},{"@type":"ListItem","position":2,"name":"\u20183 Gatos Pingados\u2019 p\u00f5e p\u00fablico para sambar no palco Coreto no primeiro dia do #SouManaus"}]},{"@type":"WebSite","@id":"https:\/\/www.manaus.am.gov.br\/manauscult\/#website","url":"https:\/\/www.manaus.am.gov.br\/manauscult\/","name":"MANAUSCULT","description":"Prefeitura de Manaus","potentialAction":[{"@type":"SearchAction","target":{"@type":"EntryPoint","urlTemplate":"https:\/\/www.manaus.am.gov.br\/manauscult\/?s={search_term_string}"},"query-input":"required name=search_term_string"}],"inLanguage":"pt-BR"},{"@type":"Person","@id":"https:\/\/www.manaus.am.gov.br\/manauscult\/#\/schema\/person\/587989a23a463cde5618e6a028977a9a","name":"Maur\u00edcio Freire","image":{"@type":"ImageObject","inLanguage":"pt-BR","@id":"https:\/\/www.manaus.am.gov.br\/manauscult\/#\/schema\/person\/image\/","url":"https:\/\/secure.gravatar.com\/avatar\/dc1481799a1f75c733ac3b2634cd6749?s=96&d=mm&r=g","contentUrl":"https:\/\/secure.gravatar.com\/avatar\/dc1481799a1f75c733ac3b2634cd6749?s=96&d=mm&r=g","caption":"Maur\u00edcio Freire"}}]}},"_links":{"self":[{"href":"https:\/\/www.manaus.am.gov.br\/manauscult\/wp-json\/wp\/v2\/posts\/1338"}],"collection":[{"href":"https:\/\/www.manaus.am.gov.br\/manauscult\/wp-json\/wp\/v2\/posts"}],"about":[{"href":"https:\/\/www.manaus.am.gov.br\/manauscult\/wp-json\/wp\/v2\/types\/post"}],"author":[{"embeddable":true,"href":"https:\/\/www.manaus.am.gov.br\/manauscult\/wp-json\/wp\/v2\/users\/25"}],"replies":[{"embeddable":true,"href":"https:\/\/www.manaus.am.gov.br\/manauscult\/wp-json\/wp\/v2\/comments?post=1338"}],"version-history":[{"count":0,"href":"https:\/\/www.manaus.am.gov.br\/manauscult\/wp-json\/wp\/v2\/posts\/1338\/revisions"}],"wp:featuredmedia":[{"embeddable":true,"href":"https:\/\/www.manaus.am.gov.br\/manauscult\/wp-json\/wp\/v2\/media\/1339"}],"wp:attachment":[{"href":"https:\/\/www.manaus.am.gov.br\/manauscult\/wp-json\/wp\/v2\/media?parent=1338"}],"wp:term":[{"taxonomy":"category","embeddable":true,"href":"https:\/\/www.manaus.am.gov.br\/manauscult\/wp-json\/wp\/v2\/categories?post=1338"},{"taxonomy":"post_tag","embeddable":true,"href":"https:\/\/www.manaus.am.gov.br\/manauscult\/wp-json\/wp\/v2\/tags?post=1338"}],"curies":[{"name":"wp","href":"https:\/\/api.w.org\/{rel}","templated":true}]}}