{"id":1332,"date":"2023-09-05T23:36:16","date_gmt":"2023-09-06T03:36:16","guid":{"rendered":"https:\/\/www.manaus.am.gov.br\/manauscult\/naty-dos-anjos-canta-sobre-mulheres-e-entrega-performance-conceitual-no-palco-coreto\/"},"modified":"2023-09-05T23:36:18","modified_gmt":"2023-09-06T03:36:18","slug":"naty-dos-anjos-canta-sobre-mulheres-e-entrega-performance-conceitual-no-palco-coreto","status":"publish","type":"post","link":"https:\/\/www.manaus.am.gov.br\/manauscult\/naty-dos-anjos-canta-sobre-mulheres-e-entrega-performance-conceitual-no-palco-coreto\/","title":{"rendered":"<strong>Naty dos Anjos canta sobre mulheres e entrega performance conceitual no palco Coreto<\/strong>"},"content":{"rendered":"\n<p>\u201cEla canta sobre feminismo, sobre ser mulher e sobre tudo o que a gente enfrenta no dia a dia\u201d, descreve Sara Cabral, de 20 anos, sobre a performance de Naty dos Anjos, ao prestigiar a estreia do palco Coreto no festival \u201c#SouManaus Passo a Pa\u00e7o 2023\u201d, na noite desta ter\u00e7a-feira, 5\/9.<\/p>\n\n\n\n<p>\u201cEu me identifico e acompanho a carreira dela, a ponto de eu ir para shows para ver de perto, h\u00e1 pelo menos uns quatro anos\u201d, acrescenta Sara, que saiu do bairro 10, na zona Centro-Sul, para prestigiar o festival na \u00e1rea portu\u00e1ria de Manaus.<\/p>\n\n\n\n<p>No palco, Naty apresentou em quase duas horas de show repert\u00f3rio autoral, com letras e tem\u00e1tica voltadas \u00e0 viv\u00eancia da mulher nos tempos modernos, enfatizando pautas como a liberdade feminina e equidade de g\u00eanero.<\/p>\n\n\n\n<p>\u201cEu pauto o fim do patriarcado, que ainda \u00e9 muito enraizado na nossa regi\u00e3o. Ter uma oportunidade como essa de chegar em um festival desse tamanho para cantar minha arte, minhas verdades, que eu vejo representada nos rostos de muitas mulheres aqui presentes, \u00e9 meu maior orgulho\u201d, destaca a artista.<\/p>\n\n\n\n<p>E acrescenta: \u201cagrade\u00e7o \u00e0 prefeitura pela oportunidade e, em nome dos meus colegas artistas, pe\u00e7o que essas iniciativas sejam recorrentes na nossa cidade, que \u00e9 t\u00e3o rica e plural\u201d.<\/p>\n\n\n\n<p>Em sua oitava edi\u00e7\u00e3o, o festival, realizado pela Prefeitura de Manaus, promovido pela ManausCult, fomenta diversos segmentos culturais, tendo, s\u00f3 neste ano, o significativo aumento em mais de 580% do n\u00famero de artistas locais nos palcos em rela\u00e7\u00e3o \u00e0 primeira edi\u00e7\u00e3o, em 2015.<\/p>\n\n\n\n<p>&#8212;-<\/p>\n\n\n\n<p><strong>Texto &#8211;<\/strong> Alessandra Taveira e Larissa Ara\u00fajo \/ Semcom<\/p>\n\n\n\n<p><strong>Fotos &#8211;<\/strong> Victor Hugo e Luiz Soares \/ Semcom<\/p>\n\n\n\n<p><\/p>\n","protected":false},"excerpt":{"rendered":"","protected":false},"author":52,"featured_media":1333,"comment_status":"closed","ping_status":"closed","sticky":false,"template":"","format":"standard","meta":{"footnotes":""},"categories":[508],"tags":[168,579,11],"acf":[],"yoast_head":"<!-- This site is optimized with the Yoast SEO plugin v23.0 - https:\/\/yoast.com\/wordpress\/plugins\/seo\/ -->\n<title>Naty dos Anjos canta sobre mulheres e entrega performance conceitual no palco Coreto<\/title>\n<meta name=\"description\" content=\"&quot;Ela canta sobre feminismo, sobre ser mulher e sobre tudo o que a gente enfrenta no dia a dia\u201d, descreve Sara Cabral, de 20 anos.\" \/>\n<meta name=\"robots\" content=\"noindex, follow\" \/>\n<meta property=\"og:locale\" content=\"pt_BR\" \/>\n<meta property=\"og:type\" content=\"article\" \/>\n<meta property=\"og:title\" content=\"Naty dos Anjos canta sobre mulheres e entrega performance conceitual no palco Coreto\" \/>\n<meta property=\"og:description\" content=\"&quot;Ela canta sobre feminismo, sobre ser mulher e sobre tudo o que a gente enfrenta no dia a dia\u201d, descreve Sara Cabral, de 20 anos.\" \/>\n<meta property=\"og:url\" content=\"https:\/\/www.manaus.am.gov.br\/manauscult\/naty-dos-anjos-canta-sobre-mulheres-e-entrega-performance-conceitual-no-palco-coreto\/\" \/>\n<meta property=\"og:site_name\" content=\"MANAUSCULT\" \/>\n<meta property=\"article:published_time\" content=\"2023-09-06T03:36:16+00:00\" \/>\n<meta property=\"article:modified_time\" content=\"2023-09-06T03:36:18+00:00\" \/>\n<meta property=\"og:image\" content=\"https:\/\/www.manaus.am.gov.br\/manauscult\/wp-content\/uploads\/sites\/11\/2023\/09\/NATTY-DOS-ANJOS-10-1024x683.jpg\" \/>\n\t<meta property=\"og:image:width\" content=\"1024\" \/>\n\t<meta property=\"og:image:height\" content=\"683\" \/>\n\t<meta property=\"og:image:type\" content=\"image\/jpeg\" \/>\n<meta name=\"author\" content=\"csilveira\" \/>\n<meta name=\"twitter:card\" content=\"summary_large_image\" \/>\n<meta name=\"twitter:label1\" content=\"Written by\" \/>\n\t<meta name=\"twitter:data1\" content=\"csilveira\" \/>\n\t<meta name=\"twitter:label2\" content=\"Est. reading time\" \/>\n\t<meta name=\"twitter:data2\" content=\"2 minutos\" \/>\n<script type=\"application\/ld+json\" class=\"yoast-schema-graph\">{\"@context\":\"https:\/\/schema.org\",\"@graph\":[{\"@type\":\"WebPage\",\"@id\":\"https:\/\/www.manaus.am.gov.br\/manauscult\/naty-dos-anjos-canta-sobre-mulheres-e-entrega-performance-conceitual-no-palco-coreto\/\",\"url\":\"https:\/\/www.manaus.am.gov.br\/manauscult\/naty-dos-anjos-canta-sobre-mulheres-e-entrega-performance-conceitual-no-palco-coreto\/\",\"name\":\"Naty dos Anjos canta sobre mulheres e entrega performance conceitual no palco Coreto\",\"isPartOf\":{\"@id\":\"https:\/\/www.manaus.am.gov.br\/manauscult\/#website\"},\"primaryImageOfPage\":{\"@id\":\"https:\/\/www.manaus.am.gov.br\/manauscult\/naty-dos-anjos-canta-sobre-mulheres-e-entrega-performance-conceitual-no-palco-coreto\/#primaryimage\"},\"image\":{\"@id\":\"https:\/\/www.manaus.am.gov.br\/manauscult\/naty-dos-anjos-canta-sobre-mulheres-e-entrega-performance-conceitual-no-palco-coreto\/#primaryimage\"},\"thumbnailUrl\":\"https:\/\/www.manaus.am.gov.br\/manauscult\/wp-content\/uploads\/sites\/11\/2023\/09\/NATTY-DOS-ANJOS-10.jpg\",\"datePublished\":\"2023-09-06T03:36:16+00:00\",\"dateModified\":\"2023-09-06T03:36:18+00:00\",\"author\":{\"@id\":\"https:\/\/www.manaus.am.gov.br\/manauscult\/#\/schema\/person\/bfafc779be2e19b3d3ef4a59d418b606\"},\"description\":\"\\\"Ela canta sobre feminismo, sobre ser mulher e sobre tudo o que a gente enfrenta no dia a dia\u201d, descreve Sara Cabral, de 20 anos.\",\"breadcrumb\":{\"@id\":\"https:\/\/www.manaus.am.gov.br\/manauscult\/naty-dos-anjos-canta-sobre-mulheres-e-entrega-performance-conceitual-no-palco-coreto\/#breadcrumb\"},\"inLanguage\":\"pt-BR\",\"potentialAction\":[{\"@type\":\"ReadAction\",\"target\":[\"https:\/\/www.manaus.am.gov.br\/manauscult\/naty-dos-anjos-canta-sobre-mulheres-e-entrega-performance-conceitual-no-palco-coreto\/\"]}]},{\"@type\":\"ImageObject\",\"inLanguage\":\"pt-BR\",\"@id\":\"https:\/\/www.manaus.am.gov.br\/manauscult\/naty-dos-anjos-canta-sobre-mulheres-e-entrega-performance-conceitual-no-palco-coreto\/#primaryimage\",\"url\":\"https:\/\/www.manaus.am.gov.br\/manauscult\/wp-content\/uploads\/sites\/11\/2023\/09\/NATTY-DOS-ANJOS-10.jpg\",\"contentUrl\":\"https:\/\/www.manaus.am.gov.br\/manauscult\/wp-content\/uploads\/sites\/11\/2023\/09\/NATTY-DOS-ANJOS-10.jpg\",\"width\":6240,\"height\":4160},{\"@type\":\"BreadcrumbList\",\"@id\":\"https:\/\/www.manaus.am.gov.br\/manauscult\/naty-dos-anjos-canta-sobre-mulheres-e-entrega-performance-conceitual-no-palco-coreto\/#breadcrumb\",\"itemListElement\":[{\"@type\":\"ListItem\",\"position\":1,\"name\":\"Home\",\"item\":\"https:\/\/www.manaus.am.gov.br\/manauscult\/\"},{\"@type\":\"ListItem\",\"position\":2,\"name\":\"Naty dos Anjos canta sobre mulheres e entrega performance conceitual no palco Coreto\"}]},{\"@type\":\"WebSite\",\"@id\":\"https:\/\/www.manaus.am.gov.br\/manauscult\/#website\",\"url\":\"https:\/\/www.manaus.am.gov.br\/manauscult\/\",\"name\":\"MANAUSCULT\",\"description\":\"Prefeitura de Manaus\",\"potentialAction\":[{\"@type\":\"SearchAction\",\"target\":{\"@type\":\"EntryPoint\",\"urlTemplate\":\"https:\/\/www.manaus.am.gov.br\/manauscult\/?s={search_term_string}\"},\"query-input\":\"required name=search_term_string\"}],\"inLanguage\":\"pt-BR\"},{\"@type\":\"Person\",\"@id\":\"https:\/\/www.manaus.am.gov.br\/manauscult\/#\/schema\/person\/bfafc779be2e19b3d3ef4a59d418b606\",\"name\":\"csilveira\",\"image\":{\"@type\":\"ImageObject\",\"inLanguage\":\"pt-BR\",\"@id\":\"https:\/\/www.manaus.am.gov.br\/manauscult\/#\/schema\/person\/image\/\",\"url\":\"https:\/\/secure.gravatar.com\/avatar\/9c2e2f00138fcd35401c748bd030d3b5?s=96&d=mm&r=g\",\"contentUrl\":\"https:\/\/secure.gravatar.com\/avatar\/9c2e2f00138fcd35401c748bd030d3b5?s=96&d=mm&r=g\",\"caption\":\"csilveira\"}}]}<\/script>\n<!-- \/ Yoast SEO plugin. -->","yoast_head_json":{"title":"Naty dos Anjos canta sobre mulheres e entrega performance conceitual no palco Coreto","description":"\"Ela canta sobre feminismo, sobre ser mulher e sobre tudo o que a gente enfrenta no dia a dia\u201d, descreve Sara Cabral, de 20 anos.","robots":{"index":"noindex","follow":"follow"},"og_locale":"pt_BR","og_type":"article","og_title":"Naty dos Anjos canta sobre mulheres e entrega performance conceitual no palco Coreto","og_description":"\"Ela canta sobre feminismo, sobre ser mulher e sobre tudo o que a gente enfrenta no dia a dia\u201d, descreve Sara Cabral, de 20 anos.","og_url":"https:\/\/www.manaus.am.gov.br\/manauscult\/naty-dos-anjos-canta-sobre-mulheres-e-entrega-performance-conceitual-no-palco-coreto\/","og_site_name":"MANAUSCULT","article_published_time":"2023-09-06T03:36:16+00:00","article_modified_time":"2023-09-06T03:36:18+00:00","og_image":[{"width":1024,"height":683,"url":"https:\/\/www.manaus.am.gov.br\/manauscult\/wp-content\/uploads\/sites\/11\/2023\/09\/NATTY-DOS-ANJOS-10-1024x683.jpg","type":"image\/jpeg"}],"author":"csilveira","twitter_card":"summary_large_image","twitter_misc":{"Written by":"csilveira","Est. reading time":"2 minutos"},"schema":{"@context":"https:\/\/schema.org","@graph":[{"@type":"WebPage","@id":"https:\/\/www.manaus.am.gov.br\/manauscult\/naty-dos-anjos-canta-sobre-mulheres-e-entrega-performance-conceitual-no-palco-coreto\/","url":"https:\/\/www.manaus.am.gov.br\/manauscult\/naty-dos-anjos-canta-sobre-mulheres-e-entrega-performance-conceitual-no-palco-coreto\/","name":"Naty dos Anjos canta sobre mulheres e entrega performance conceitual no palco Coreto","isPartOf":{"@id":"https:\/\/www.manaus.am.gov.br\/manauscult\/#website"},"primaryImageOfPage":{"@id":"https:\/\/www.manaus.am.gov.br\/manauscult\/naty-dos-anjos-canta-sobre-mulheres-e-entrega-performance-conceitual-no-palco-coreto\/#primaryimage"},"image":{"@id":"https:\/\/www.manaus.am.gov.br\/manauscult\/naty-dos-anjos-canta-sobre-mulheres-e-entrega-performance-conceitual-no-palco-coreto\/#primaryimage"},"thumbnailUrl":"https:\/\/www.manaus.am.gov.br\/manauscult\/wp-content\/uploads\/sites\/11\/2023\/09\/NATTY-DOS-ANJOS-10.jpg","datePublished":"2023-09-06T03:36:16+00:00","dateModified":"2023-09-06T03:36:18+00:00","author":{"@id":"https:\/\/www.manaus.am.gov.br\/manauscult\/#\/schema\/person\/bfafc779be2e19b3d3ef4a59d418b606"},"description":"\"Ela canta sobre feminismo, sobre ser mulher e sobre tudo o que a gente enfrenta no dia a dia\u201d, descreve Sara Cabral, de 20 anos.","breadcrumb":{"@id":"https:\/\/www.manaus.am.gov.br\/manauscult\/naty-dos-anjos-canta-sobre-mulheres-e-entrega-performance-conceitual-no-palco-coreto\/#breadcrumb"},"inLanguage":"pt-BR","potentialAction":[{"@type":"ReadAction","target":["https:\/\/www.manaus.am.gov.br\/manauscult\/naty-dos-anjos-canta-sobre-mulheres-e-entrega-performance-conceitual-no-palco-coreto\/"]}]},{"@type":"ImageObject","inLanguage":"pt-BR","@id":"https:\/\/www.manaus.am.gov.br\/manauscult\/naty-dos-anjos-canta-sobre-mulheres-e-entrega-performance-conceitual-no-palco-coreto\/#primaryimage","url":"https:\/\/www.manaus.am.gov.br\/manauscult\/wp-content\/uploads\/sites\/11\/2023\/09\/NATTY-DOS-ANJOS-10.jpg","contentUrl":"https:\/\/www.manaus.am.gov.br\/manauscult\/wp-content\/uploads\/sites\/11\/2023\/09\/NATTY-DOS-ANJOS-10.jpg","width":6240,"height":4160},{"@type":"BreadcrumbList","@id":"https:\/\/www.manaus.am.gov.br\/manauscult\/naty-dos-anjos-canta-sobre-mulheres-e-entrega-performance-conceitual-no-palco-coreto\/#breadcrumb","itemListElement":[{"@type":"ListItem","position":1,"name":"Home","item":"https:\/\/www.manaus.am.gov.br\/manauscult\/"},{"@type":"ListItem","position":2,"name":"Naty dos Anjos canta sobre mulheres e entrega performance conceitual no palco Coreto"}]},{"@type":"WebSite","@id":"https:\/\/www.manaus.am.gov.br\/manauscult\/#website","url":"https:\/\/www.manaus.am.gov.br\/manauscult\/","name":"MANAUSCULT","description":"Prefeitura de Manaus","potentialAction":[{"@type":"SearchAction","target":{"@type":"EntryPoint","urlTemplate":"https:\/\/www.manaus.am.gov.br\/manauscult\/?s={search_term_string}"},"query-input":"required name=search_term_string"}],"inLanguage":"pt-BR"},{"@type":"Person","@id":"https:\/\/www.manaus.am.gov.br\/manauscult\/#\/schema\/person\/bfafc779be2e19b3d3ef4a59d418b606","name":"csilveira","image":{"@type":"ImageObject","inLanguage":"pt-BR","@id":"https:\/\/www.manaus.am.gov.br\/manauscult\/#\/schema\/person\/image\/","url":"https:\/\/secure.gravatar.com\/avatar\/9c2e2f00138fcd35401c748bd030d3b5?s=96&d=mm&r=g","contentUrl":"https:\/\/secure.gravatar.com\/avatar\/9c2e2f00138fcd35401c748bd030d3b5?s=96&d=mm&r=g","caption":"csilveira"}}]}},"_links":{"self":[{"href":"https:\/\/www.manaus.am.gov.br\/manauscult\/wp-json\/wp\/v2\/posts\/1332"}],"collection":[{"href":"https:\/\/www.manaus.am.gov.br\/manauscult\/wp-json\/wp\/v2\/posts"}],"about":[{"href":"https:\/\/www.manaus.am.gov.br\/manauscult\/wp-json\/wp\/v2\/types\/post"}],"author":[{"embeddable":true,"href":"https:\/\/www.manaus.am.gov.br\/manauscult\/wp-json\/wp\/v2\/users\/52"}],"replies":[{"embeddable":true,"href":"https:\/\/www.manaus.am.gov.br\/manauscult\/wp-json\/wp\/v2\/comments?post=1332"}],"version-history":[{"count":0,"href":"https:\/\/www.manaus.am.gov.br\/manauscult\/wp-json\/wp\/v2\/posts\/1332\/revisions"}],"wp:featuredmedia":[{"embeddable":true,"href":"https:\/\/www.manaus.am.gov.br\/manauscult\/wp-json\/wp\/v2\/media\/1333"}],"wp:attachment":[{"href":"https:\/\/www.manaus.am.gov.br\/manauscult\/wp-json\/wp\/v2\/media?parent=1332"}],"wp:term":[{"taxonomy":"category","embeddable":true,"href":"https:\/\/www.manaus.am.gov.br\/manauscult\/wp-json\/wp\/v2\/categories?post=1332"},{"taxonomy":"post_tag","embeddable":true,"href":"https:\/\/www.manaus.am.gov.br\/manauscult\/wp-json\/wp\/v2\/tags?post=1332"}],"curies":[{"name":"wp","href":"https:\/\/api.w.org\/{rel}","templated":true}]}}