{"id":1328,"date":"2023-09-05T23:07:25","date_gmt":"2023-09-06T03:07:25","guid":{"rendered":"https:\/\/www.manaus.am.gov.br\/manauscult\/batalha-de-breaking-do-dou-manaus-se-consolida-como-um-dos-mais-importantes-do-hip-hop-da-regiao-norte\/"},"modified":"2023-09-05T23:07:27","modified_gmt":"2023-09-06T03:07:27","slug":"batalha-de-breaking-do-dou-manaus-se-consolida-como-um-dos-mais-importantes-do-hip-hop-da-regiao-norte","status":"publish","type":"post","link":"https:\/\/www.manaus.am.gov.br\/manauscult\/batalha-de-breaking-do-dou-manaus-se-consolida-como-um-dos-mais-importantes-do-hip-hop-da-regiao-norte\/","title":{"rendered":"<strong>Batalha de Breaking do #SouManaus se consolida como um dos mais importantes do hip hop da regi\u00e3o Norte<\/strong>"},"content":{"rendered":"\n<p>Fortalecendo o movimento de dan\u00e7a de rua da cultura hip-hop, o festival \u201c#SouManaus Passo a Pa\u00e7o 2023\u201d, promovido pela Prefeitura de Manaus, por meio da Funda\u00e7\u00e3o Municipal de Cultura, Turismo e Eventos (Manauscult), contou na primeira noite, no Espa\u00e7o Urbano, com a Batalha de Breaking, se consolidando como um dos mais importantes eventos de hip-hop da regi\u00e3o Norte, com mais de 100 pessoas inscritas.<\/p>\n\n\n\n<p>Al\u00e9m de entretenimento composto por m\u00fasicas, pista de skate itinerante, pinturas em grafite, o \u201cEspa\u00e7o Urbano\u201d proporciona ao p\u00fablico uma viagem cultural de forma gratuita, nos dias 5, 6 e 7 de setembro, no centro hist\u00f3rico da cidade.<\/p>\n\n\n\n<p>As apresenta\u00e7\u00f5es contaram com a presen\u00e7a do prefeito de Manaus, David Almeida, que enalteceu a cultura das dan\u00e7as de rua e garantiu o incentivo a competi\u00e7\u00f5es como essa.<\/p>\n\n\n\n<p>&#8220;O Festival #SouManaus \u00e9 do povo e para o povo e sempre haver\u00e1 espa\u00e7os voltados ao breaking, ao rap, ao hip-hop, skate, grafite e todas as modalidades da cultura de rua&#8221;, garantiu o prefeito.<\/p>\n\n\n\n<p>Willian da Cruz, 28, \u00e9 um amante do Breaking e veio do munic\u00edpio de Mau\u00e9s. Foram 24 horas de viagem de barco at\u00e9 chegar \u00e0 capital Manaus, para participar do maior festival de artes integradas da regi\u00e3o Norte.<\/p>\n\n\n\n<p>&#8220;Enfrentaria tudo outra vez, para viver essa experi\u00eancia \u00fanica da dan\u00e7a&nbsp; de rua. Hoje, o festival \u2018#SouManaus Passo a Pa\u00e7o\u2019 \u00e9 um dos maiores do Brasil e estou na expectativa de ficar entre os primeiros lugares da batalha. Me preparei bastante e vim de longe para levar a premia\u00e7\u00e3o&#8221;, explica o dan\u00e7arino.<\/p>\n\n\n\n<p><strong>Cultura de rua<\/strong><\/p>\n\n\n\n<p>No ano em que o hip-hop comemora 50 anos, a cultura de rua \u00e9 valorizada e recebe visibilidade, com um p\u00fablico estimado de 30 mil pessoas nas tr\u00eas noites de festival. S\u00e3o 101 competidores, que se apresentam, simultaneamente, e s\u00e3o julgados. Apenas 16 dan\u00e7arinos s\u00e3o selecionados pelos jurados e participam da grande final que define o ranking e recebe a premia\u00e7\u00e3o em dinheiro, sendo R$ 3 mil para o primeiro colocado, R$ 2 mil para o segundo e R$ 1 mil para o terceiro.<\/p>\n\n\n\n<p>Sem perder uma edi\u00e7\u00e3o do festival, Leonor Jackminutei de 62 anos, \u00e9 m\u00e3e de g\u00eameos e sempre acompanha os filhos nas competi\u00e7\u00f5es.<\/p>\n\n\n\n<p>&#8220;Eu acho maravilhoso esse festival, toda estrutura e organiza\u00e7\u00e3o. Venho acompanhar meus filhos e me divirto junto. Parab\u00e9ns \u00e0 prefeitura por proporcionar tantos espet\u00e1culos em um \u00fanico espa\u00e7o e de forma gratuita&#8221;, agradece Leonor.<\/p>\n\n\n\n<p><strong>RAP<\/strong><\/p>\n\n\n\n<p>A apresenta\u00e7\u00e3o da banda de Rap &#8216;Sem Padreco&#8217; foi a cereja do bolo. O rap \u00e9 um discurso r\u00edtmico com rimas e poesia, e considerado um dos cinco pilares fundamentais da cultura hip-hop.<\/p>\n\n\n\n<p>Ao todo, o festival \u201c#Sou Manaus Passo a Pa\u00e7o\u201d conta com 77 artistas musicais regionais, e ser\u00e3o beneficiados mais de 600 trabalhadores da cultura local, mais de 160 trabalhadores da cenografia do evento, 75 artes\u00e3os, e 200 manipuladores de alimentos, gerando mais de 5 mil empregos diretos e indiretos na prepara\u00e7\u00e3o e opera\u00e7\u00e3o do evento.<\/p>\n\n\n\n<p>&#8212;-<\/p>\n\n\n\n<p><strong>Texto \u2013<\/strong> Valesca Martins \/ SEMCOM<\/p>\n\n\n\n<p><strong>Foto \u2013<\/strong> M\u00e1rcio Melo \/ SEMCOM<\/p>\n","protected":false},"excerpt":{"rendered":"","protected":false},"author":52,"featured_media":1329,"comment_status":"closed","ping_status":"closed","sticky":false,"template":"","format":"standard","meta":{"footnotes":""},"categories":[508],"tags":[168,577,578,11],"acf":[],"yoast_head":"<!-- This site is optimized with the Yoast SEO plugin v23.0 - https:\/\/yoast.com\/wordpress\/plugins\/seo\/ -->\n<title>Batalha de Breaking do #SouManaus se consolida como um dos mais importantes do hip hop da regi\u00e3o Norte<\/title>\n<meta name=\"description\" content=\"Fortalecendo o movimento de dan\u00e7a de rua da cultura hip-hop, o festival \u201c#SouManaus Passo a Pa\u00e7o 2023\u201d, promovido pela Prefeitura de Manaus.\" \/>\n<meta name=\"robots\" content=\"noindex, follow\" \/>\n<meta property=\"og:locale\" content=\"pt_BR\" \/>\n<meta property=\"og:type\" content=\"article\" \/>\n<meta property=\"og:title\" content=\"Batalha de Breaking do #SouManaus se consolida como um dos mais importantes do hip hop da regi\u00e3o Norte\" \/>\n<meta property=\"og:description\" content=\"Fortalecendo o movimento de dan\u00e7a de rua da cultura hip-hop, o festival \u201c#SouManaus Passo a Pa\u00e7o 2023\u201d, promovido pela Prefeitura de Manaus.\" \/>\n<meta property=\"og:url\" content=\"https:\/\/www.manaus.am.gov.br\/manauscult\/batalha-de-breaking-do-dou-manaus-se-consolida-como-um-dos-mais-importantes-do-hip-hop-da-regiao-norte\/\" \/>\n<meta property=\"og:site_name\" content=\"MANAUSCULT\" \/>\n<meta property=\"article:published_time\" content=\"2023-09-06T03:07:25+00:00\" \/>\n<meta property=\"article:modified_time\" content=\"2023-09-06T03:07:27+00:00\" \/>\n<meta property=\"og:image\" content=\"https:\/\/www.manaus.am.gov.br\/manauscult\/wp-content\/uploads\/sites\/11\/2023\/09\/MELO1614-1024x683.jpg\" \/>\n\t<meta property=\"og:image:width\" content=\"1024\" \/>\n\t<meta property=\"og:image:height\" content=\"683\" \/>\n\t<meta property=\"og:image:type\" content=\"image\/jpeg\" \/>\n<meta name=\"author\" content=\"csilveira\" \/>\n<meta name=\"twitter:card\" content=\"summary_large_image\" \/>\n<meta name=\"twitter:label1\" content=\"Written by\" \/>\n\t<meta name=\"twitter:data1\" content=\"csilveira\" \/>\n\t<meta name=\"twitter:label2\" content=\"Est. reading time\" \/>\n\t<meta name=\"twitter:data2\" content=\"3 minutos\" \/>\n<script type=\"application\/ld+json\" class=\"yoast-schema-graph\">{\"@context\":\"https:\/\/schema.org\",\"@graph\":[{\"@type\":\"WebPage\",\"@id\":\"https:\/\/www.manaus.am.gov.br\/manauscult\/batalha-de-breaking-do-dou-manaus-se-consolida-como-um-dos-mais-importantes-do-hip-hop-da-regiao-norte\/\",\"url\":\"https:\/\/www.manaus.am.gov.br\/manauscult\/batalha-de-breaking-do-dou-manaus-se-consolida-como-um-dos-mais-importantes-do-hip-hop-da-regiao-norte\/\",\"name\":\"Batalha de Breaking do #SouManaus se consolida como um dos mais importantes do hip hop da regi\u00e3o Norte\",\"isPartOf\":{\"@id\":\"https:\/\/www.manaus.am.gov.br\/manauscult\/#website\"},\"primaryImageOfPage\":{\"@id\":\"https:\/\/www.manaus.am.gov.br\/manauscult\/batalha-de-breaking-do-dou-manaus-se-consolida-como-um-dos-mais-importantes-do-hip-hop-da-regiao-norte\/#primaryimage\"},\"image\":{\"@id\":\"https:\/\/www.manaus.am.gov.br\/manauscult\/batalha-de-breaking-do-dou-manaus-se-consolida-como-um-dos-mais-importantes-do-hip-hop-da-regiao-norte\/#primaryimage\"},\"thumbnailUrl\":\"https:\/\/www.manaus.am.gov.br\/manauscult\/wp-content\/uploads\/sites\/11\/2023\/09\/MELO1614.jpg\",\"datePublished\":\"2023-09-06T03:07:25+00:00\",\"dateModified\":\"2023-09-06T03:07:27+00:00\",\"author\":{\"@id\":\"https:\/\/www.manaus.am.gov.br\/manauscult\/#\/schema\/person\/bfafc779be2e19b3d3ef4a59d418b606\"},\"description\":\"Fortalecendo o movimento de dan\u00e7a de rua da cultura hip-hop, o festival \u201c#SouManaus Passo a Pa\u00e7o 2023\u201d, promovido pela Prefeitura de Manaus.\",\"breadcrumb\":{\"@id\":\"https:\/\/www.manaus.am.gov.br\/manauscult\/batalha-de-breaking-do-dou-manaus-se-consolida-como-um-dos-mais-importantes-do-hip-hop-da-regiao-norte\/#breadcrumb\"},\"inLanguage\":\"pt-BR\",\"potentialAction\":[{\"@type\":\"ReadAction\",\"target\":[\"https:\/\/www.manaus.am.gov.br\/manauscult\/batalha-de-breaking-do-dou-manaus-se-consolida-como-um-dos-mais-importantes-do-hip-hop-da-regiao-norte\/\"]}]},{\"@type\":\"ImageObject\",\"inLanguage\":\"pt-BR\",\"@id\":\"https:\/\/www.manaus.am.gov.br\/manauscult\/batalha-de-breaking-do-dou-manaus-se-consolida-como-um-dos-mais-importantes-do-hip-hop-da-regiao-norte\/#primaryimage\",\"url\":\"https:\/\/www.manaus.am.gov.br\/manauscult\/wp-content\/uploads\/sites\/11\/2023\/09\/MELO1614.jpg\",\"contentUrl\":\"https:\/\/www.manaus.am.gov.br\/manauscult\/wp-content\/uploads\/sites\/11\/2023\/09\/MELO1614.jpg\",\"width\":6720,\"height\":4480},{\"@type\":\"BreadcrumbList\",\"@id\":\"https:\/\/www.manaus.am.gov.br\/manauscult\/batalha-de-breaking-do-dou-manaus-se-consolida-como-um-dos-mais-importantes-do-hip-hop-da-regiao-norte\/#breadcrumb\",\"itemListElement\":[{\"@type\":\"ListItem\",\"position\":1,\"name\":\"Home\",\"item\":\"https:\/\/www.manaus.am.gov.br\/manauscult\/\"},{\"@type\":\"ListItem\",\"position\":2,\"name\":\"Batalha de Breaking do #SouManaus se consolida como um dos mais importantes do hip hop da regi\u00e3o Norte\"}]},{\"@type\":\"WebSite\",\"@id\":\"https:\/\/www.manaus.am.gov.br\/manauscult\/#website\",\"url\":\"https:\/\/www.manaus.am.gov.br\/manauscult\/\",\"name\":\"MANAUSCULT\",\"description\":\"Prefeitura de Manaus\",\"potentialAction\":[{\"@type\":\"SearchAction\",\"target\":{\"@type\":\"EntryPoint\",\"urlTemplate\":\"https:\/\/www.manaus.am.gov.br\/manauscult\/?s={search_term_string}\"},\"query-input\":\"required name=search_term_string\"}],\"inLanguage\":\"pt-BR\"},{\"@type\":\"Person\",\"@id\":\"https:\/\/www.manaus.am.gov.br\/manauscult\/#\/schema\/person\/bfafc779be2e19b3d3ef4a59d418b606\",\"name\":\"csilveira\",\"image\":{\"@type\":\"ImageObject\",\"inLanguage\":\"pt-BR\",\"@id\":\"https:\/\/www.manaus.am.gov.br\/manauscult\/#\/schema\/person\/image\/\",\"url\":\"https:\/\/secure.gravatar.com\/avatar\/9c2e2f00138fcd35401c748bd030d3b5?s=96&d=mm&r=g\",\"contentUrl\":\"https:\/\/secure.gravatar.com\/avatar\/9c2e2f00138fcd35401c748bd030d3b5?s=96&d=mm&r=g\",\"caption\":\"csilveira\"}}]}<\/script>\n<!-- \/ Yoast SEO plugin. -->","yoast_head_json":{"title":"Batalha de Breaking do #SouManaus se consolida como um dos mais importantes do hip hop da regi\u00e3o Norte","description":"Fortalecendo o movimento de dan\u00e7a de rua da cultura hip-hop, o festival \u201c#SouManaus Passo a Pa\u00e7o 2023\u201d, promovido pela Prefeitura de Manaus.","robots":{"index":"noindex","follow":"follow"},"og_locale":"pt_BR","og_type":"article","og_title":"Batalha de Breaking do #SouManaus se consolida como um dos mais importantes do hip hop da regi\u00e3o Norte","og_description":"Fortalecendo o movimento de dan\u00e7a de rua da cultura hip-hop, o festival \u201c#SouManaus Passo a Pa\u00e7o 2023\u201d, promovido pela Prefeitura de Manaus.","og_url":"https:\/\/www.manaus.am.gov.br\/manauscult\/batalha-de-breaking-do-dou-manaus-se-consolida-como-um-dos-mais-importantes-do-hip-hop-da-regiao-norte\/","og_site_name":"MANAUSCULT","article_published_time":"2023-09-06T03:07:25+00:00","article_modified_time":"2023-09-06T03:07:27+00:00","og_image":[{"width":1024,"height":683,"url":"https:\/\/www.manaus.am.gov.br\/manauscult\/wp-content\/uploads\/sites\/11\/2023\/09\/MELO1614-1024x683.jpg","type":"image\/jpeg"}],"author":"csilveira","twitter_card":"summary_large_image","twitter_misc":{"Written by":"csilveira","Est. reading time":"3 minutos"},"schema":{"@context":"https:\/\/schema.org","@graph":[{"@type":"WebPage","@id":"https:\/\/www.manaus.am.gov.br\/manauscult\/batalha-de-breaking-do-dou-manaus-se-consolida-como-um-dos-mais-importantes-do-hip-hop-da-regiao-norte\/","url":"https:\/\/www.manaus.am.gov.br\/manauscult\/batalha-de-breaking-do-dou-manaus-se-consolida-como-um-dos-mais-importantes-do-hip-hop-da-regiao-norte\/","name":"Batalha de Breaking do #SouManaus se consolida como um dos mais importantes do hip hop da regi\u00e3o Norte","isPartOf":{"@id":"https:\/\/www.manaus.am.gov.br\/manauscult\/#website"},"primaryImageOfPage":{"@id":"https:\/\/www.manaus.am.gov.br\/manauscult\/batalha-de-breaking-do-dou-manaus-se-consolida-como-um-dos-mais-importantes-do-hip-hop-da-regiao-norte\/#primaryimage"},"image":{"@id":"https:\/\/www.manaus.am.gov.br\/manauscult\/batalha-de-breaking-do-dou-manaus-se-consolida-como-um-dos-mais-importantes-do-hip-hop-da-regiao-norte\/#primaryimage"},"thumbnailUrl":"https:\/\/www.manaus.am.gov.br\/manauscult\/wp-content\/uploads\/sites\/11\/2023\/09\/MELO1614.jpg","datePublished":"2023-09-06T03:07:25+00:00","dateModified":"2023-09-06T03:07:27+00:00","author":{"@id":"https:\/\/www.manaus.am.gov.br\/manauscult\/#\/schema\/person\/bfafc779be2e19b3d3ef4a59d418b606"},"description":"Fortalecendo o movimento de dan\u00e7a de rua da cultura hip-hop, o festival \u201c#SouManaus Passo a Pa\u00e7o 2023\u201d, promovido pela Prefeitura de Manaus.","breadcrumb":{"@id":"https:\/\/www.manaus.am.gov.br\/manauscult\/batalha-de-breaking-do-dou-manaus-se-consolida-como-um-dos-mais-importantes-do-hip-hop-da-regiao-norte\/#breadcrumb"},"inLanguage":"pt-BR","potentialAction":[{"@type":"ReadAction","target":["https:\/\/www.manaus.am.gov.br\/manauscult\/batalha-de-breaking-do-dou-manaus-se-consolida-como-um-dos-mais-importantes-do-hip-hop-da-regiao-norte\/"]}]},{"@type":"ImageObject","inLanguage":"pt-BR","@id":"https:\/\/www.manaus.am.gov.br\/manauscult\/batalha-de-breaking-do-dou-manaus-se-consolida-como-um-dos-mais-importantes-do-hip-hop-da-regiao-norte\/#primaryimage","url":"https:\/\/www.manaus.am.gov.br\/manauscult\/wp-content\/uploads\/sites\/11\/2023\/09\/MELO1614.jpg","contentUrl":"https:\/\/www.manaus.am.gov.br\/manauscult\/wp-content\/uploads\/sites\/11\/2023\/09\/MELO1614.jpg","width":6720,"height":4480},{"@type":"BreadcrumbList","@id":"https:\/\/www.manaus.am.gov.br\/manauscult\/batalha-de-breaking-do-dou-manaus-se-consolida-como-um-dos-mais-importantes-do-hip-hop-da-regiao-norte\/#breadcrumb","itemListElement":[{"@type":"ListItem","position":1,"name":"Home","item":"https:\/\/www.manaus.am.gov.br\/manauscult\/"},{"@type":"ListItem","position":2,"name":"Batalha de Breaking do #SouManaus se consolida como um dos mais importantes do hip hop da regi\u00e3o Norte"}]},{"@type":"WebSite","@id":"https:\/\/www.manaus.am.gov.br\/manauscult\/#website","url":"https:\/\/www.manaus.am.gov.br\/manauscult\/","name":"MANAUSCULT","description":"Prefeitura de Manaus","potentialAction":[{"@type":"SearchAction","target":{"@type":"EntryPoint","urlTemplate":"https:\/\/www.manaus.am.gov.br\/manauscult\/?s={search_term_string}"},"query-input":"required name=search_term_string"}],"inLanguage":"pt-BR"},{"@type":"Person","@id":"https:\/\/www.manaus.am.gov.br\/manauscult\/#\/schema\/person\/bfafc779be2e19b3d3ef4a59d418b606","name":"csilveira","image":{"@type":"ImageObject","inLanguage":"pt-BR","@id":"https:\/\/www.manaus.am.gov.br\/manauscult\/#\/schema\/person\/image\/","url":"https:\/\/secure.gravatar.com\/avatar\/9c2e2f00138fcd35401c748bd030d3b5?s=96&d=mm&r=g","contentUrl":"https:\/\/secure.gravatar.com\/avatar\/9c2e2f00138fcd35401c748bd030d3b5?s=96&d=mm&r=g","caption":"csilveira"}}]}},"_links":{"self":[{"href":"https:\/\/www.manaus.am.gov.br\/manauscult\/wp-json\/wp\/v2\/posts\/1328"}],"collection":[{"href":"https:\/\/www.manaus.am.gov.br\/manauscult\/wp-json\/wp\/v2\/posts"}],"about":[{"href":"https:\/\/www.manaus.am.gov.br\/manauscult\/wp-json\/wp\/v2\/types\/post"}],"author":[{"embeddable":true,"href":"https:\/\/www.manaus.am.gov.br\/manauscult\/wp-json\/wp\/v2\/users\/52"}],"replies":[{"embeddable":true,"href":"https:\/\/www.manaus.am.gov.br\/manauscult\/wp-json\/wp\/v2\/comments?post=1328"}],"version-history":[{"count":0,"href":"https:\/\/www.manaus.am.gov.br\/manauscult\/wp-json\/wp\/v2\/posts\/1328\/revisions"}],"wp:featuredmedia":[{"embeddable":true,"href":"https:\/\/www.manaus.am.gov.br\/manauscult\/wp-json\/wp\/v2\/media\/1329"}],"wp:attachment":[{"href":"https:\/\/www.manaus.am.gov.br\/manauscult\/wp-json\/wp\/v2\/media?parent=1328"}],"wp:term":[{"taxonomy":"category","embeddable":true,"href":"https:\/\/www.manaus.am.gov.br\/manauscult\/wp-json\/wp\/v2\/categories?post=1328"},{"taxonomy":"post_tag","embeddable":true,"href":"https:\/\/www.manaus.am.gov.br\/manauscult\/wp-json\/wp\/v2\/tags?post=1328"}],"curies":[{"name":"wp","href":"https:\/\/api.w.org\/{rel}","templated":true}]}}