{"id":1326,"date":"2023-09-05T22:40:27","date_gmt":"2023-09-06T02:40:27","guid":{"rendered":"https:\/\/www.manaus.am.gov.br\/manauscult\/palco-amazona-abre-primeira-noite-do-soumanaus-passo-a-paco-2023-ao-som-de-muito-reggae-e-rock\/"},"modified":"2023-09-05T22:40:28","modified_gmt":"2023-09-06T02:40:28","slug":"palco-amazona-abre-primeira-noite-do-soumanaus-passo-a-paco-2023-ao-som-de-muito-reggae-e-rock","status":"publish","type":"post","link":"https:\/\/www.manaus.am.gov.br\/manauscult\/palco-amazona-abre-primeira-noite-do-soumanaus-passo-a-paco-2023-ao-som-de-muito-reggae-e-rock\/","title":{"rendered":"<strong>Palco Amazona abre primeira noite do #SouManaus Passo a Pa\u00e7o 2023 ao som de muito reggae e rock<\/strong>"},"content":{"rendered":"\n<p>A primeira noite do #SouManaus Passo a Pa\u00e7o 2023, nesta ter\u00e7a-feira, 5\/9, foi marcada por shows regionais e nacionais no palco Amazona, localizado no terminal de cargas, que fica ao lado do mercado municipal Adolpho Lisboa, no centro hist\u00f3rico. O m\u00fasico ga\u00facho Humberto Gessinger, da banda Engenheiros do Hawaii, foi uma das grandes atra\u00e7\u00f5es da line-up.<\/p>\n\n\n\n<p>Quem abriu a grade de apresenta\u00e7\u00f5es do palco do maior evento de artes integradas da regi\u00e3o Norte do pa\u00eds foi a banda amazonense Jony Jack Mesclado, por volta das 17h30. Na cena local h\u00e1 mais de 24 anos, o grupo colocou o p\u00fablico para dan\u00e7ar o reggae raiz durante sua apresenta\u00e7\u00e3o.<\/p>\n\n\n\n<p>Devan Vital, vocalista da banda, agradeceu a participa\u00e7\u00e3o no evento e destacou a import\u00e2ncia da valoriza\u00e7\u00e3o dos artistas regionais. \u201c\u00c9 de suma import\u00e2ncia porque \u00e9 uma vitrine grande para os artistas que \u00e0s vezes n\u00e3o tem espa\u00e7o diante da m\u00eddia e poder mostrar o trabalho aqui e abrir portas para a rapaziada. A gente agradece o espa\u00e7o e esperamos estar no pr\u00f3ximo festival tamb\u00e9m\u201d<\/p>\n\n\n\n<p>Acumulando mais uma apresenta\u00e7\u00e3o no festival, a guitarra e bateria da banda Official 80 deram o tom no palco Amazona, levando muito rock&#8217;n roll para a galera que esteve no espa\u00e7o. O grupo \u00e9 conhecido por mesclar um setlist de m\u00fasicas nacionais e internacionais que v\u00e3o do pop \u00e0s cl\u00e1ssicas. O guitarrista da banda, Alison Pontes, estava&nbsp; empolgado de voltar ao palco do #SouManaus.<\/p>\n\n\n\n<p>\u201cO Humberto Gessinger \u00e9 um cara que marcou gera\u00e7\u00f5es e para gente \u00e9 uma honra participar do evento e fazer o show de abertura. Vamos fazer uma viagem no tempo desde os anos 70 at\u00e9 os atuais, vai ser bem legal e quem estiver por a\u00ed vai se divertir muito\u201d, adiantou Pontes.<\/p>\n\n\n\n<p>Em 2023, o #SouManaus conta com uma line-up regional de 77 artistas de v\u00e1rios estilos musicais, uma alta de mais de 580% no n\u00famero de artistas locais em rela\u00e7\u00e3o \u00e0 primeira edi\u00e7\u00e3o, em 2015, quando apenas 12 estiveram envolvidos, buscando refor\u00e7ar o legado de valoriza\u00e7\u00e3o da cultura local e o respeito \u00e0s diversidades.<\/p>\n\n\n\n<p>Ap\u00f3s as apresenta\u00e7\u00f5es locais, foi a vez de Humberto Gessinger, que marcou o seu nome no rock nacional \u00e0 frente da banda Engenheiros do Hawaii subir ao palco Amazona para comandar a noite com um nost\u00e1lgico de quase quatro d\u00e9cadas de sucesso.<\/p>\n\n\n\n<p>Estreando no festival, ele prometeu uma performance memor\u00e1vel ao som de can\u00e7\u00f5es como \u201cInfinita Highway\u201d, \u201cRefr\u00e3o de Bolero\u201d e \u201c Terra de Gigantes\u201d, al\u00e9m de trazer as escritas mais recentes do \u00e1lbum &#8220;Quatro cantos de um mundo redondo&#8221;.<\/p>\n\n\n\n<p>&#8220;Muito emocionado de estar aqui, eu j\u00e1 venho a Manaus desde os anos 80 e sempre sou muito bem recebido. O festival est\u00e1 maravilhoso e vou tocar pela primeira vez uma m\u00fasica do disco novo, ent\u00e3o tem esse motivo a mais para ser uma noite especial\u201d, declarou.<\/p>\n\n\n\n<p>A cada metro quadrado do palco Amazona, diversas pessoas curtiram a mistura de ritmos que agitou a primeira noite do #SouManaus 2023. Entre eles, a professora Deise Souza, 43, que j\u00e1 assistiu a outras edi\u00e7\u00f5es e elogiou a line-up diversificada deste ano.<\/p>\n\n\n\n<p>\u201cA arte n\u00e3o tem fronteira e voc\u00ea permitir o m\u00e1ximo de experi\u00eancia art\u00edsticas poss\u00edveis \u00e9 muito democr\u00e1tico, a gente tem uma certa car\u00eancia disso, reunir p\u00fablico de todos os tipos, vibes e estilos \u00e9 muito bom para a cidade de uma forma geral\u201d.<\/p>\n\n\n\n<p>O p\u00fablico que passou pelo palco Amazona dan\u00e7ou e cantou muito com as atra\u00e7\u00f5es desta ter\u00e7a-feira.&nbsp; Luciana Monteiro, 48, servidora p\u00fablica, contou que curtiu a programa\u00e7\u00e3o da primeira noite. \u201cEu t\u00f4 achando muito legal o festival, principalmente essa mistura de m\u00fasica, \u00e9 reggae, \u00e9 rock, \u00e9 pop, \u00e9 muito bacana essa mistura cultural\u201d<\/p>\n\n\n\n<p>F\u00e3 da banda Engenheiros do Hawaii, o estudante amazonense Denyson Oliveira, 32, garantiu um lugar no gradil do palco para ficar pertinho do \u00eddolo, o m\u00fasico Humberto Gessinger. \u201cEst\u00e1 muito emocionante, vibrante e a sensa\u00e7\u00e3o \u00e9 inesquec\u00edvel. A gente espera ainda vibrar bastante, cantar muito porque j\u00e1 tem um tempo que ele n\u00e3o e est\u00e1vamos ansiosos para ver o show dele\u201d.<\/p>\n\n\n\n<p>&#8212; &#8212; &#8212;<\/p>\n\n\n\n<p><strong>Texto<\/strong> \u2013 Hellen Miranda \/ Semcom<\/p>\n\n\n\n<p><strong>Fotos<\/strong>&#8211; Jo\u00e3o Viana \/ Semcom<\/p>\n","protected":false},"excerpt":{"rendered":"","protected":false},"author":25,"featured_media":1327,"comment_status":"closed","ping_status":"closed","sticky":false,"template":"","format":"standard","meta":{"footnotes":""},"categories":[508],"tags":[575,576,279],"acf":[],"yoast_head":"<!-- This site is optimized with the Yoast SEO plugin v23.0 - https:\/\/yoast.com\/wordpress\/plugins\/seo\/ -->\n<title>Palco Amazona abre primeira noite do #SouManaus Passo a Pa\u00e7o 2023 ao som de muito reggae e rock<\/title>\n<meta name=\"robots\" content=\"noindex, follow\" \/>\n<meta property=\"og:locale\" content=\"pt_BR\" \/>\n<meta property=\"og:type\" content=\"article\" \/>\n<meta property=\"og:title\" content=\"Palco Amazona abre primeira noite do #SouManaus Passo a Pa\u00e7o 2023 ao som de muito reggae e rock\" \/>\n<meta property=\"og:url\" content=\"https:\/\/www.manaus.am.gov.br\/manauscult\/palco-amazona-abre-primeira-noite-do-soumanaus-passo-a-paco-2023-ao-som-de-muito-reggae-e-rock\/\" \/>\n<meta property=\"og:site_name\" content=\"MANAUSCULT\" \/>\n<meta property=\"article:published_time\" content=\"2023-09-06T02:40:27+00:00\" \/>\n<meta property=\"article:modified_time\" content=\"2023-09-06T02:40:28+00:00\" \/>\n<meta property=\"og:image\" content=\"https:\/\/www.manaus.am.gov.br\/manauscult\/wp-content\/uploads\/sites\/11\/2023\/09\/AMA2.jpeg\" \/>\n\t<meta property=\"og:image:width\" content=\"1600\" \/>\n\t<meta property=\"og:image:height\" content=\"1066\" \/>\n\t<meta property=\"og:image:type\" content=\"image\/jpeg\" \/>\n<meta name=\"author\" content=\"Maur\u00edcio Freire\" \/>\n<meta name=\"twitter:card\" content=\"summary_large_image\" \/>\n<meta name=\"twitter:label1\" content=\"Written by\" \/>\n\t<meta name=\"twitter:data1\" content=\"Maur\u00edcio Freire\" \/>\n\t<meta name=\"twitter:label2\" content=\"Est. reading time\" \/>\n\t<meta name=\"twitter:data2\" content=\"4 minutos\" \/>\n<script type=\"application\/ld+json\" class=\"yoast-schema-graph\">{\"@context\":\"https:\/\/schema.org\",\"@graph\":[{\"@type\":\"WebPage\",\"@id\":\"https:\/\/www.manaus.am.gov.br\/manauscult\/palco-amazona-abre-primeira-noite-do-soumanaus-passo-a-paco-2023-ao-som-de-muito-reggae-e-rock\/\",\"url\":\"https:\/\/www.manaus.am.gov.br\/manauscult\/palco-amazona-abre-primeira-noite-do-soumanaus-passo-a-paco-2023-ao-som-de-muito-reggae-e-rock\/\",\"name\":\"Palco Amazona abre primeira noite do #SouManaus Passo a Pa\u00e7o 2023 ao som de muito reggae e rock\",\"isPartOf\":{\"@id\":\"https:\/\/www.manaus.am.gov.br\/manauscult\/#website\"},\"primaryImageOfPage\":{\"@id\":\"https:\/\/www.manaus.am.gov.br\/manauscult\/palco-amazona-abre-primeira-noite-do-soumanaus-passo-a-paco-2023-ao-som-de-muito-reggae-e-rock\/#primaryimage\"},\"image\":{\"@id\":\"https:\/\/www.manaus.am.gov.br\/manauscult\/palco-amazona-abre-primeira-noite-do-soumanaus-passo-a-paco-2023-ao-som-de-muito-reggae-e-rock\/#primaryimage\"},\"thumbnailUrl\":\"https:\/\/www.manaus.am.gov.br\/manauscult\/wp-content\/uploads\/sites\/11\/2023\/09\/AMA2.jpeg\",\"datePublished\":\"2023-09-06T02:40:27+00:00\",\"dateModified\":\"2023-09-06T02:40:28+00:00\",\"author\":{\"@id\":\"https:\/\/www.manaus.am.gov.br\/manauscult\/#\/schema\/person\/587989a23a463cde5618e6a028977a9a\"},\"breadcrumb\":{\"@id\":\"https:\/\/www.manaus.am.gov.br\/manauscult\/palco-amazona-abre-primeira-noite-do-soumanaus-passo-a-paco-2023-ao-som-de-muito-reggae-e-rock\/#breadcrumb\"},\"inLanguage\":\"pt-BR\",\"potentialAction\":[{\"@type\":\"ReadAction\",\"target\":[\"https:\/\/www.manaus.am.gov.br\/manauscult\/palco-amazona-abre-primeira-noite-do-soumanaus-passo-a-paco-2023-ao-som-de-muito-reggae-e-rock\/\"]}]},{\"@type\":\"ImageObject\",\"inLanguage\":\"pt-BR\",\"@id\":\"https:\/\/www.manaus.am.gov.br\/manauscult\/palco-amazona-abre-primeira-noite-do-soumanaus-passo-a-paco-2023-ao-som-de-muito-reggae-e-rock\/#primaryimage\",\"url\":\"https:\/\/www.manaus.am.gov.br\/manauscult\/wp-content\/uploads\/sites\/11\/2023\/09\/AMA2.jpeg\",\"contentUrl\":\"https:\/\/www.manaus.am.gov.br\/manauscult\/wp-content\/uploads\/sites\/11\/2023\/09\/AMA2.jpeg\",\"width\":1600,\"height\":1066},{\"@type\":\"BreadcrumbList\",\"@id\":\"https:\/\/www.manaus.am.gov.br\/manauscult\/palco-amazona-abre-primeira-noite-do-soumanaus-passo-a-paco-2023-ao-som-de-muito-reggae-e-rock\/#breadcrumb\",\"itemListElement\":[{\"@type\":\"ListItem\",\"position\":1,\"name\":\"Home\",\"item\":\"https:\/\/www.manaus.am.gov.br\/manauscult\/\"},{\"@type\":\"ListItem\",\"position\":2,\"name\":\"Palco Amazona abre primeira noite do #SouManaus Passo a Pa\u00e7o 2023 ao som de muito reggae e rock\"}]},{\"@type\":\"WebSite\",\"@id\":\"https:\/\/www.manaus.am.gov.br\/manauscult\/#website\",\"url\":\"https:\/\/www.manaus.am.gov.br\/manauscult\/\",\"name\":\"MANAUSCULT\",\"description\":\"Prefeitura de Manaus\",\"potentialAction\":[{\"@type\":\"SearchAction\",\"target\":{\"@type\":\"EntryPoint\",\"urlTemplate\":\"https:\/\/www.manaus.am.gov.br\/manauscult\/?s={search_term_string}\"},\"query-input\":\"required name=search_term_string\"}],\"inLanguage\":\"pt-BR\"},{\"@type\":\"Person\",\"@id\":\"https:\/\/www.manaus.am.gov.br\/manauscult\/#\/schema\/person\/587989a23a463cde5618e6a028977a9a\",\"name\":\"Maur\u00edcio Freire\",\"image\":{\"@type\":\"ImageObject\",\"inLanguage\":\"pt-BR\",\"@id\":\"https:\/\/www.manaus.am.gov.br\/manauscult\/#\/schema\/person\/image\/\",\"url\":\"https:\/\/secure.gravatar.com\/avatar\/dc1481799a1f75c733ac3b2634cd6749?s=96&d=mm&r=g\",\"contentUrl\":\"https:\/\/secure.gravatar.com\/avatar\/dc1481799a1f75c733ac3b2634cd6749?s=96&d=mm&r=g\",\"caption\":\"Maur\u00edcio Freire\"}}]}<\/script>\n<!-- \/ Yoast SEO plugin. -->","yoast_head_json":{"title":"Palco Amazona abre primeira noite do #SouManaus Passo a Pa\u00e7o 2023 ao som de muito reggae e rock","robots":{"index":"noindex","follow":"follow"},"og_locale":"pt_BR","og_type":"article","og_title":"Palco Amazona abre primeira noite do #SouManaus Passo a Pa\u00e7o 2023 ao som de muito reggae e rock","og_url":"https:\/\/www.manaus.am.gov.br\/manauscult\/palco-amazona-abre-primeira-noite-do-soumanaus-passo-a-paco-2023-ao-som-de-muito-reggae-e-rock\/","og_site_name":"MANAUSCULT","article_published_time":"2023-09-06T02:40:27+00:00","article_modified_time":"2023-09-06T02:40:28+00:00","og_image":[{"width":1600,"height":1066,"url":"https:\/\/www.manaus.am.gov.br\/manauscult\/wp-content\/uploads\/sites\/11\/2023\/09\/AMA2.jpeg","type":"image\/jpeg"}],"author":"Maur\u00edcio Freire","twitter_card":"summary_large_image","twitter_misc":{"Written by":"Maur\u00edcio Freire","Est. reading time":"4 minutos"},"schema":{"@context":"https:\/\/schema.org","@graph":[{"@type":"WebPage","@id":"https:\/\/www.manaus.am.gov.br\/manauscult\/palco-amazona-abre-primeira-noite-do-soumanaus-passo-a-paco-2023-ao-som-de-muito-reggae-e-rock\/","url":"https:\/\/www.manaus.am.gov.br\/manauscult\/palco-amazona-abre-primeira-noite-do-soumanaus-passo-a-paco-2023-ao-som-de-muito-reggae-e-rock\/","name":"Palco Amazona abre primeira noite do #SouManaus Passo a Pa\u00e7o 2023 ao som de muito reggae e rock","isPartOf":{"@id":"https:\/\/www.manaus.am.gov.br\/manauscult\/#website"},"primaryImageOfPage":{"@id":"https:\/\/www.manaus.am.gov.br\/manauscult\/palco-amazona-abre-primeira-noite-do-soumanaus-passo-a-paco-2023-ao-som-de-muito-reggae-e-rock\/#primaryimage"},"image":{"@id":"https:\/\/www.manaus.am.gov.br\/manauscult\/palco-amazona-abre-primeira-noite-do-soumanaus-passo-a-paco-2023-ao-som-de-muito-reggae-e-rock\/#primaryimage"},"thumbnailUrl":"https:\/\/www.manaus.am.gov.br\/manauscult\/wp-content\/uploads\/sites\/11\/2023\/09\/AMA2.jpeg","datePublished":"2023-09-06T02:40:27+00:00","dateModified":"2023-09-06T02:40:28+00:00","author":{"@id":"https:\/\/www.manaus.am.gov.br\/manauscult\/#\/schema\/person\/587989a23a463cde5618e6a028977a9a"},"breadcrumb":{"@id":"https:\/\/www.manaus.am.gov.br\/manauscult\/palco-amazona-abre-primeira-noite-do-soumanaus-passo-a-paco-2023-ao-som-de-muito-reggae-e-rock\/#breadcrumb"},"inLanguage":"pt-BR","potentialAction":[{"@type":"ReadAction","target":["https:\/\/www.manaus.am.gov.br\/manauscult\/palco-amazona-abre-primeira-noite-do-soumanaus-passo-a-paco-2023-ao-som-de-muito-reggae-e-rock\/"]}]},{"@type":"ImageObject","inLanguage":"pt-BR","@id":"https:\/\/www.manaus.am.gov.br\/manauscult\/palco-amazona-abre-primeira-noite-do-soumanaus-passo-a-paco-2023-ao-som-de-muito-reggae-e-rock\/#primaryimage","url":"https:\/\/www.manaus.am.gov.br\/manauscult\/wp-content\/uploads\/sites\/11\/2023\/09\/AMA2.jpeg","contentUrl":"https:\/\/www.manaus.am.gov.br\/manauscult\/wp-content\/uploads\/sites\/11\/2023\/09\/AMA2.jpeg","width":1600,"height":1066},{"@type":"BreadcrumbList","@id":"https:\/\/www.manaus.am.gov.br\/manauscult\/palco-amazona-abre-primeira-noite-do-soumanaus-passo-a-paco-2023-ao-som-de-muito-reggae-e-rock\/#breadcrumb","itemListElement":[{"@type":"ListItem","position":1,"name":"Home","item":"https:\/\/www.manaus.am.gov.br\/manauscult\/"},{"@type":"ListItem","position":2,"name":"Palco Amazona abre primeira noite do #SouManaus Passo a Pa\u00e7o 2023 ao som de muito reggae e rock"}]},{"@type":"WebSite","@id":"https:\/\/www.manaus.am.gov.br\/manauscult\/#website","url":"https:\/\/www.manaus.am.gov.br\/manauscult\/","name":"MANAUSCULT","description":"Prefeitura de Manaus","potentialAction":[{"@type":"SearchAction","target":{"@type":"EntryPoint","urlTemplate":"https:\/\/www.manaus.am.gov.br\/manauscult\/?s={search_term_string}"},"query-input":"required name=search_term_string"}],"inLanguage":"pt-BR"},{"@type":"Person","@id":"https:\/\/www.manaus.am.gov.br\/manauscult\/#\/schema\/person\/587989a23a463cde5618e6a028977a9a","name":"Maur\u00edcio Freire","image":{"@type":"ImageObject","inLanguage":"pt-BR","@id":"https:\/\/www.manaus.am.gov.br\/manauscult\/#\/schema\/person\/image\/","url":"https:\/\/secure.gravatar.com\/avatar\/dc1481799a1f75c733ac3b2634cd6749?s=96&d=mm&r=g","contentUrl":"https:\/\/secure.gravatar.com\/avatar\/dc1481799a1f75c733ac3b2634cd6749?s=96&d=mm&r=g","caption":"Maur\u00edcio Freire"}}]}},"_links":{"self":[{"href":"https:\/\/www.manaus.am.gov.br\/manauscult\/wp-json\/wp\/v2\/posts\/1326"}],"collection":[{"href":"https:\/\/www.manaus.am.gov.br\/manauscult\/wp-json\/wp\/v2\/posts"}],"about":[{"href":"https:\/\/www.manaus.am.gov.br\/manauscult\/wp-json\/wp\/v2\/types\/post"}],"author":[{"embeddable":true,"href":"https:\/\/www.manaus.am.gov.br\/manauscult\/wp-json\/wp\/v2\/users\/25"}],"replies":[{"embeddable":true,"href":"https:\/\/www.manaus.am.gov.br\/manauscult\/wp-json\/wp\/v2\/comments?post=1326"}],"version-history":[{"count":0,"href":"https:\/\/www.manaus.am.gov.br\/manauscult\/wp-json\/wp\/v2\/posts\/1326\/revisions"}],"wp:featuredmedia":[{"embeddable":true,"href":"https:\/\/www.manaus.am.gov.br\/manauscult\/wp-json\/wp\/v2\/media\/1327"}],"wp:attachment":[{"href":"https:\/\/www.manaus.am.gov.br\/manauscult\/wp-json\/wp\/v2\/media?parent=1326"}],"wp:term":[{"taxonomy":"category","embeddable":true,"href":"https:\/\/www.manaus.am.gov.br\/manauscult\/wp-json\/wp\/v2\/categories?post=1326"},{"taxonomy":"post_tag","embeddable":true,"href":"https:\/\/www.manaus.am.gov.br\/manauscult\/wp-json\/wp\/v2\/tags?post=1326"}],"curies":[{"name":"wp","href":"https:\/\/api.w.org\/{rel}","templated":true}]}}