{"id":1324,"date":"2023-09-05T22:17:55","date_gmt":"2023-09-06T02:17:55","guid":{"rendered":"https:\/\/www.manaus.am.gov.br\/manauscult\/diversidade-musical-e-valorizacao-de-artistas-locais-abrem-sou-manaus-2023-no-palco-guardiao-da-amazonia\/"},"modified":"2023-09-05T22:17:57","modified_gmt":"2023-09-06T02:17:57","slug":"diversidade-musical-e-valorizacao-de-artistas-locais-abrem-sou-manaus-2023-no-palco-guardiao-da-amazonia","status":"publish","type":"post","link":"https:\/\/www.manaus.am.gov.br\/manauscult\/diversidade-musical-e-valorizacao-de-artistas-locais-abrem-sou-manaus-2023-no-palco-guardiao-da-amazonia\/","title":{"rendered":"<strong>Diversidade musical e valoriza\u00e7\u00e3o de artistas locais abrem o #SouManaus 2023 no palco Guardi\u00e3o da Amaz\u00f4nia<\/strong>"},"content":{"rendered":"\n<p>Os primeiros shows do \u201c#SouManaus Passo a Pa\u00e7o 2023\u201d, no palco Bradesco &#8211; Guardi\u00e3o da Amaz\u00f4nia, fizeram o p\u00fablico cantar a plenos pulm\u00f5es sucessos do pagode, pop, forr\u00f3 e sertanejo, nesta ter\u00e7a-feira, 5\/9, no centro hist\u00f3rico de Manaus.<\/p>\n\n\n\n<p>O p\u00fablico chegou empolgado para o primeiro dia do maior festival de artes integradas do Norte do Pa\u00eds e estava euf\u00f3rico, enquanto aguardava David Guetta, o maior DJ do mundo subir no palco. Toda estrutura do evento tamb\u00e9m impressionou quem foi curtir os seus artistas favoritos.<\/p>\n\n\n\n<p>\u201cOs shows, at\u00e9 agora, mostram a grandiosidade da nossa terra. Apesar de terem shows de artistas nacionais e o internacional, o evento mostra a nossa cultura e traz um espet\u00e1culo para nossa terra\u201d, avaliou o auxiliar administrativo, Samuel Grandal.<\/p>\n\n\n\n<p>Para a estudante universit\u00e1ria, Sophia Santiago, o festival que conta com mais de 600 trabalhadores da cultura local, deixou os manauaras impressionados e com expectativas altas para o seguimento do evento, com todos ansiosos para curtir o show do DJ David Guetta.<\/p>\n\n\n\n<p>\u201cNeste ano, eu estou sentido que a vibe \u00e9 outra. Aqui est\u00e1 muito alto-astral. As atra\u00e7\u00f5es s\u00e3o as melhores poss\u00edveis neste ano\u201d, disse a estudante.<\/p>\n\n\n\n<p><strong>Valoriza\u00e7\u00e3o dos artistas<\/strong><\/p>\n\n\n\n<p>Cantando pela primeira vez no #SouManaus, o cantor George Japa destacou a import\u00e2ncia do evento promovido pela Prefeitura de Manaus, para a valoriza\u00e7\u00e3o dos artistas locais.<\/p>\n\n\n\n<p>\u201c\u00c9 uma sensa\u00e7\u00e3o incr\u00edvel. Pisar no palco do #SouManaus \u00e9 algo surreal, porque \u00e9 um festival gigantesco. \u00c9 o mesmo que estar pisando em um palco internacional. Sermos recebidos pela galera \u00e9 uma gratid\u00e3o imensa. N\u00f3s somos regionais, somos de Manaus e foi maravilhoso. Meu primeiro festival e j\u00e1 \u00e9 o maior de todos os tempos\u201d, destacou Japa.<\/p>\n\n\n\n<p>Fechando a primeira parte de apresenta\u00e7\u00f5es do palco Guardi\u00e3o da Amaz\u00f4nia, o cantor sertanejo L\u00e9o Magalh\u00e3es levou o p\u00fablico que curte uma sofr\u00eancia a cantar seus sucessos que tocam em todo Brasil.<\/p>\n\n\n\n<p>\u201cEu adoro estar aqui em Manaus. E, hoje, neste festival maravilhoso, onde re\u00fane diversos estilos musicais. Estou muito feliz em poder contribuir com essa festa\u201d, disse o sertanejo.<\/p>\n\n\n\n<p>&#8212;&#8211;<\/p>\n\n\n\n<p><strong>Texto &#8211;<\/strong> Asafe Augusto \/ Semcom<\/p>\n\n\n\n<p><strong>Fotos &#8211;<\/strong> Cl\u00f3vis Miranda e Ant\u00f4nio Pereira \/ Semcom<\/p>\n","protected":false},"excerpt":{"rendered":"","protected":false},"author":52,"featured_media":1325,"comment_status":"closed","ping_status":"closed","sticky":false,"template":"","format":"standard","meta":{"footnotes":""},"categories":[508],"tags":[168,11,574],"acf":[],"yoast_head":"<!-- This site is optimized with the Yoast SEO plugin v23.0 - https:\/\/yoast.com\/wordpress\/plugins\/seo\/ -->\n<title>Diversidade musical e valoriza\u00e7\u00e3o de artistas locais abrem o #SouManaus 2023 no palco Guardi\u00e3o da Amaz\u00f4nia<\/title>\n<meta name=\"description\" content=\"Os primeiros shows do \u201c#SouManaus Passo a Pa\u00e7o 2023\u201d, no palco Bradesco - Guardi\u00e3o da Amaz\u00f4nia, fizeram o p\u00fablico cantar a plenos pulm\u00f5es.\" \/>\n<meta name=\"robots\" content=\"noindex, follow\" \/>\n<meta property=\"og:locale\" content=\"pt_BR\" \/>\n<meta property=\"og:type\" content=\"article\" \/>\n<meta property=\"og:title\" content=\"Diversidade musical e valoriza\u00e7\u00e3o de artistas locais abrem o #SouManaus 2023 no palco Guardi\u00e3o da Amaz\u00f4nia\" \/>\n<meta property=\"og:description\" content=\"Os primeiros shows do \u201c#SouManaus Passo a Pa\u00e7o 2023\u201d, no palco Bradesco - Guardi\u00e3o da Amaz\u00f4nia, fizeram o p\u00fablico cantar a plenos pulm\u00f5es.\" \/>\n<meta property=\"og:url\" content=\"https:\/\/www.manaus.am.gov.br\/manauscult\/diversidade-musical-e-valorizacao-de-artistas-locais-abrem-sou-manaus-2023-no-palco-guardiao-da-amazonia\/\" \/>\n<meta property=\"og:site_name\" content=\"MANAUSCULT\" \/>\n<meta property=\"article:published_time\" content=\"2023-09-06T02:17:55+00:00\" \/>\n<meta property=\"article:modified_time\" content=\"2023-09-06T02:17:57+00:00\" \/>\n<meta property=\"og:image\" content=\"https:\/\/www.manaus.am.gov.br\/manauscult\/wp-content\/uploads\/sites\/11\/2023\/09\/Jorge-Japa_SouManaus.jpg\" \/>\n\t<meta property=\"og:image:width\" content=\"3360\" \/>\n\t<meta property=\"og:image:height\" content=\"2240\" \/>\n\t<meta property=\"og:image:type\" content=\"image\/jpeg\" \/>\n<meta name=\"author\" content=\"csilveira\" \/>\n<meta name=\"twitter:card\" content=\"summary_large_image\" \/>\n<meta name=\"twitter:label1\" content=\"Written by\" \/>\n\t<meta name=\"twitter:data1\" content=\"csilveira\" \/>\n\t<meta name=\"twitter:label2\" content=\"Est. reading time\" \/>\n\t<meta name=\"twitter:data2\" content=\"2 minutos\" \/>\n<script type=\"application\/ld+json\" class=\"yoast-schema-graph\">{\"@context\":\"https:\/\/schema.org\",\"@graph\":[{\"@type\":\"WebPage\",\"@id\":\"https:\/\/www.manaus.am.gov.br\/manauscult\/diversidade-musical-e-valorizacao-de-artistas-locais-abrem-sou-manaus-2023-no-palco-guardiao-da-amazonia\/\",\"url\":\"https:\/\/www.manaus.am.gov.br\/manauscult\/diversidade-musical-e-valorizacao-de-artistas-locais-abrem-sou-manaus-2023-no-palco-guardiao-da-amazonia\/\",\"name\":\"Diversidade musical e valoriza\u00e7\u00e3o de artistas locais abrem o #SouManaus 2023 no palco Guardi\u00e3o da Amaz\u00f4nia\",\"isPartOf\":{\"@id\":\"https:\/\/www.manaus.am.gov.br\/manauscult\/#website\"},\"primaryImageOfPage\":{\"@id\":\"https:\/\/www.manaus.am.gov.br\/manauscult\/diversidade-musical-e-valorizacao-de-artistas-locais-abrem-sou-manaus-2023-no-palco-guardiao-da-amazonia\/#primaryimage\"},\"image\":{\"@id\":\"https:\/\/www.manaus.am.gov.br\/manauscult\/diversidade-musical-e-valorizacao-de-artistas-locais-abrem-sou-manaus-2023-no-palco-guardiao-da-amazonia\/#primaryimage\"},\"thumbnailUrl\":\"https:\/\/www.manaus.am.gov.br\/manauscult\/wp-content\/uploads\/sites\/11\/2023\/09\/Jorge-Japa_SouManaus.jpg\",\"datePublished\":\"2023-09-06T02:17:55+00:00\",\"dateModified\":\"2023-09-06T02:17:57+00:00\",\"author\":{\"@id\":\"https:\/\/www.manaus.am.gov.br\/manauscult\/#\/schema\/person\/bfafc779be2e19b3d3ef4a59d418b606\"},\"description\":\"Os primeiros shows do \u201c#SouManaus Passo a Pa\u00e7o 2023\u201d, no palco Bradesco - Guardi\u00e3o da Amaz\u00f4nia, fizeram o p\u00fablico cantar a plenos pulm\u00f5es.\",\"breadcrumb\":{\"@id\":\"https:\/\/www.manaus.am.gov.br\/manauscult\/diversidade-musical-e-valorizacao-de-artistas-locais-abrem-sou-manaus-2023-no-palco-guardiao-da-amazonia\/#breadcrumb\"},\"inLanguage\":\"pt-BR\",\"potentialAction\":[{\"@type\":\"ReadAction\",\"target\":[\"https:\/\/www.manaus.am.gov.br\/manauscult\/diversidade-musical-e-valorizacao-de-artistas-locais-abrem-sou-manaus-2023-no-palco-guardiao-da-amazonia\/\"]}]},{\"@type\":\"ImageObject\",\"inLanguage\":\"pt-BR\",\"@id\":\"https:\/\/www.manaus.am.gov.br\/manauscult\/diversidade-musical-e-valorizacao-de-artistas-locais-abrem-sou-manaus-2023-no-palco-guardiao-da-amazonia\/#primaryimage\",\"url\":\"https:\/\/www.manaus.am.gov.br\/manauscult\/wp-content\/uploads\/sites\/11\/2023\/09\/Jorge-Japa_SouManaus.jpg\",\"contentUrl\":\"https:\/\/www.manaus.am.gov.br\/manauscult\/wp-content\/uploads\/sites\/11\/2023\/09\/Jorge-Japa_SouManaus.jpg\",\"width\":3360,\"height\":2240},{\"@type\":\"BreadcrumbList\",\"@id\":\"https:\/\/www.manaus.am.gov.br\/manauscult\/diversidade-musical-e-valorizacao-de-artistas-locais-abrem-sou-manaus-2023-no-palco-guardiao-da-amazonia\/#breadcrumb\",\"itemListElement\":[{\"@type\":\"ListItem\",\"position\":1,\"name\":\"Home\",\"item\":\"https:\/\/www.manaus.am.gov.br\/manauscult\/\"},{\"@type\":\"ListItem\",\"position\":2,\"name\":\"Diversidade musical e valoriza\u00e7\u00e3o de artistas locais abrem o #SouManaus 2023 no palco Guardi\u00e3o da Amaz\u00f4nia\"}]},{\"@type\":\"WebSite\",\"@id\":\"https:\/\/www.manaus.am.gov.br\/manauscult\/#website\",\"url\":\"https:\/\/www.manaus.am.gov.br\/manauscult\/\",\"name\":\"MANAUSCULT\",\"description\":\"Prefeitura de Manaus\",\"potentialAction\":[{\"@type\":\"SearchAction\",\"target\":{\"@type\":\"EntryPoint\",\"urlTemplate\":\"https:\/\/www.manaus.am.gov.br\/manauscult\/?s={search_term_string}\"},\"query-input\":\"required name=search_term_string\"}],\"inLanguage\":\"pt-BR\"},{\"@type\":\"Person\",\"@id\":\"https:\/\/www.manaus.am.gov.br\/manauscult\/#\/schema\/person\/bfafc779be2e19b3d3ef4a59d418b606\",\"name\":\"csilveira\",\"image\":{\"@type\":\"ImageObject\",\"inLanguage\":\"pt-BR\",\"@id\":\"https:\/\/www.manaus.am.gov.br\/manauscult\/#\/schema\/person\/image\/\",\"url\":\"https:\/\/secure.gravatar.com\/avatar\/9c2e2f00138fcd35401c748bd030d3b5?s=96&d=mm&r=g\",\"contentUrl\":\"https:\/\/secure.gravatar.com\/avatar\/9c2e2f00138fcd35401c748bd030d3b5?s=96&d=mm&r=g\",\"caption\":\"csilveira\"}}]}<\/script>\n<!-- \/ Yoast SEO plugin. -->","yoast_head_json":{"title":"Diversidade musical e valoriza\u00e7\u00e3o de artistas locais abrem o #SouManaus 2023 no palco Guardi\u00e3o da Amaz\u00f4nia","description":"Os primeiros shows do \u201c#SouManaus Passo a Pa\u00e7o 2023\u201d, no palco Bradesco - Guardi\u00e3o da Amaz\u00f4nia, fizeram o p\u00fablico cantar a plenos pulm\u00f5es.","robots":{"index":"noindex","follow":"follow"},"og_locale":"pt_BR","og_type":"article","og_title":"Diversidade musical e valoriza\u00e7\u00e3o de artistas locais abrem o #SouManaus 2023 no palco Guardi\u00e3o da Amaz\u00f4nia","og_description":"Os primeiros shows do \u201c#SouManaus Passo a Pa\u00e7o 2023\u201d, no palco Bradesco - Guardi\u00e3o da Amaz\u00f4nia, fizeram o p\u00fablico cantar a plenos pulm\u00f5es.","og_url":"https:\/\/www.manaus.am.gov.br\/manauscult\/diversidade-musical-e-valorizacao-de-artistas-locais-abrem-sou-manaus-2023-no-palco-guardiao-da-amazonia\/","og_site_name":"MANAUSCULT","article_published_time":"2023-09-06T02:17:55+00:00","article_modified_time":"2023-09-06T02:17:57+00:00","og_image":[{"width":3360,"height":2240,"url":"https:\/\/www.manaus.am.gov.br\/manauscult\/wp-content\/uploads\/sites\/11\/2023\/09\/Jorge-Japa_SouManaus.jpg","type":"image\/jpeg"}],"author":"csilveira","twitter_card":"summary_large_image","twitter_misc":{"Written by":"csilveira","Est. reading time":"2 minutos"},"schema":{"@context":"https:\/\/schema.org","@graph":[{"@type":"WebPage","@id":"https:\/\/www.manaus.am.gov.br\/manauscult\/diversidade-musical-e-valorizacao-de-artistas-locais-abrem-sou-manaus-2023-no-palco-guardiao-da-amazonia\/","url":"https:\/\/www.manaus.am.gov.br\/manauscult\/diversidade-musical-e-valorizacao-de-artistas-locais-abrem-sou-manaus-2023-no-palco-guardiao-da-amazonia\/","name":"Diversidade musical e valoriza\u00e7\u00e3o de artistas locais abrem o #SouManaus 2023 no palco Guardi\u00e3o da Amaz\u00f4nia","isPartOf":{"@id":"https:\/\/www.manaus.am.gov.br\/manauscult\/#website"},"primaryImageOfPage":{"@id":"https:\/\/www.manaus.am.gov.br\/manauscult\/diversidade-musical-e-valorizacao-de-artistas-locais-abrem-sou-manaus-2023-no-palco-guardiao-da-amazonia\/#primaryimage"},"image":{"@id":"https:\/\/www.manaus.am.gov.br\/manauscult\/diversidade-musical-e-valorizacao-de-artistas-locais-abrem-sou-manaus-2023-no-palco-guardiao-da-amazonia\/#primaryimage"},"thumbnailUrl":"https:\/\/www.manaus.am.gov.br\/manauscult\/wp-content\/uploads\/sites\/11\/2023\/09\/Jorge-Japa_SouManaus.jpg","datePublished":"2023-09-06T02:17:55+00:00","dateModified":"2023-09-06T02:17:57+00:00","author":{"@id":"https:\/\/www.manaus.am.gov.br\/manauscult\/#\/schema\/person\/bfafc779be2e19b3d3ef4a59d418b606"},"description":"Os primeiros shows do \u201c#SouManaus Passo a Pa\u00e7o 2023\u201d, no palco Bradesco - Guardi\u00e3o da Amaz\u00f4nia, fizeram o p\u00fablico cantar a plenos pulm\u00f5es.","breadcrumb":{"@id":"https:\/\/www.manaus.am.gov.br\/manauscult\/diversidade-musical-e-valorizacao-de-artistas-locais-abrem-sou-manaus-2023-no-palco-guardiao-da-amazonia\/#breadcrumb"},"inLanguage":"pt-BR","potentialAction":[{"@type":"ReadAction","target":["https:\/\/www.manaus.am.gov.br\/manauscult\/diversidade-musical-e-valorizacao-de-artistas-locais-abrem-sou-manaus-2023-no-palco-guardiao-da-amazonia\/"]}]},{"@type":"ImageObject","inLanguage":"pt-BR","@id":"https:\/\/www.manaus.am.gov.br\/manauscult\/diversidade-musical-e-valorizacao-de-artistas-locais-abrem-sou-manaus-2023-no-palco-guardiao-da-amazonia\/#primaryimage","url":"https:\/\/www.manaus.am.gov.br\/manauscult\/wp-content\/uploads\/sites\/11\/2023\/09\/Jorge-Japa_SouManaus.jpg","contentUrl":"https:\/\/www.manaus.am.gov.br\/manauscult\/wp-content\/uploads\/sites\/11\/2023\/09\/Jorge-Japa_SouManaus.jpg","width":3360,"height":2240},{"@type":"BreadcrumbList","@id":"https:\/\/www.manaus.am.gov.br\/manauscult\/diversidade-musical-e-valorizacao-de-artistas-locais-abrem-sou-manaus-2023-no-palco-guardiao-da-amazonia\/#breadcrumb","itemListElement":[{"@type":"ListItem","position":1,"name":"Home","item":"https:\/\/www.manaus.am.gov.br\/manauscult\/"},{"@type":"ListItem","position":2,"name":"Diversidade musical e valoriza\u00e7\u00e3o de artistas locais abrem o #SouManaus 2023 no palco Guardi\u00e3o da Amaz\u00f4nia"}]},{"@type":"WebSite","@id":"https:\/\/www.manaus.am.gov.br\/manauscult\/#website","url":"https:\/\/www.manaus.am.gov.br\/manauscult\/","name":"MANAUSCULT","description":"Prefeitura de Manaus","potentialAction":[{"@type":"SearchAction","target":{"@type":"EntryPoint","urlTemplate":"https:\/\/www.manaus.am.gov.br\/manauscult\/?s={search_term_string}"},"query-input":"required name=search_term_string"}],"inLanguage":"pt-BR"},{"@type":"Person","@id":"https:\/\/www.manaus.am.gov.br\/manauscult\/#\/schema\/person\/bfafc779be2e19b3d3ef4a59d418b606","name":"csilveira","image":{"@type":"ImageObject","inLanguage":"pt-BR","@id":"https:\/\/www.manaus.am.gov.br\/manauscult\/#\/schema\/person\/image\/","url":"https:\/\/secure.gravatar.com\/avatar\/9c2e2f00138fcd35401c748bd030d3b5?s=96&d=mm&r=g","contentUrl":"https:\/\/secure.gravatar.com\/avatar\/9c2e2f00138fcd35401c748bd030d3b5?s=96&d=mm&r=g","caption":"csilveira"}}]}},"_links":{"self":[{"href":"https:\/\/www.manaus.am.gov.br\/manauscult\/wp-json\/wp\/v2\/posts\/1324"}],"collection":[{"href":"https:\/\/www.manaus.am.gov.br\/manauscult\/wp-json\/wp\/v2\/posts"}],"about":[{"href":"https:\/\/www.manaus.am.gov.br\/manauscult\/wp-json\/wp\/v2\/types\/post"}],"author":[{"embeddable":true,"href":"https:\/\/www.manaus.am.gov.br\/manauscult\/wp-json\/wp\/v2\/users\/52"}],"replies":[{"embeddable":true,"href":"https:\/\/www.manaus.am.gov.br\/manauscult\/wp-json\/wp\/v2\/comments?post=1324"}],"version-history":[{"count":0,"href":"https:\/\/www.manaus.am.gov.br\/manauscult\/wp-json\/wp\/v2\/posts\/1324\/revisions"}],"wp:featuredmedia":[{"embeddable":true,"href":"https:\/\/www.manaus.am.gov.br\/manauscult\/wp-json\/wp\/v2\/media\/1325"}],"wp:attachment":[{"href":"https:\/\/www.manaus.am.gov.br\/manauscult\/wp-json\/wp\/v2\/media?parent=1324"}],"wp:term":[{"taxonomy":"category","embeddable":true,"href":"https:\/\/www.manaus.am.gov.br\/manauscult\/wp-json\/wp\/v2\/categories?post=1324"},{"taxonomy":"post_tag","embeddable":true,"href":"https:\/\/www.manaus.am.gov.br\/manauscult\/wp-json\/wp\/v2\/tags?post=1324"}],"curies":[{"name":"wp","href":"https:\/\/api.w.org\/{rel}","templated":true}]}}