{"id":1322,"date":"2023-09-05T21:53:17","date_gmt":"2023-09-06T01:53:17","guid":{"rendered":"https:\/\/www.manaus.am.gov.br\/manauscult\/primeiro-dia-do-soumanaus-2023-oferece-o-melhor-da-gastronomia-e-toda-criatividade-do-artesanato-regional\/"},"modified":"2023-09-05T21:53:18","modified_gmt":"2023-09-06T01:53:18","slug":"primeiro-dia-do-soumanaus-2023-oferece-o-melhor-da-gastronomia-e-toda-criatividade-do-artesanato-regional","status":"publish","type":"post","link":"https:\/\/www.manaus.am.gov.br\/manauscult\/primeiro-dia-do-soumanaus-2023-oferece-o-melhor-da-gastronomia-e-toda-criatividade-do-artesanato-regional\/","title":{"rendered":"<strong>Primeiro dia do #SouManaus 2023 oferece o melhor da gastronomia e toda criatividade do artesanato regional<\/strong>"},"content":{"rendered":"\n<p>O centro hist\u00f3rico de Manaus recebeu o p\u00fablico no primeiro dia do \u201c#SouManaus Passo a Pa\u00e7o 2023\u201d. O evento realizado, durante os dias 5, 6 e 7 de setembro, \u00e9 o maior festival de artes integradas do Norte do Pa\u00eds, com atra\u00e7\u00f5es musicais nacionais e internacionais, teatro dan\u00e7a, circo, artes pl\u00e1sticas e comidas regionais. Este ano, a previs\u00e3o \u00e9 que 150 mil pessoas frequentem o festival, todos os dias.<\/p>\n\n\n\n<p>Um dos destaques da programa\u00e7\u00e3o \u00e9 a gastronomia que oferta \u00e0 popula\u00e7\u00e3o o melhor da comida t\u00edpica regional, al\u00e9m de pratos variados e de v\u00e1rias nacionalidades.&nbsp;<\/p>\n\n\n\n<p>A dona de casa Francisca Boaes prestigiou a feira gastron\u00f4mica do #SouManaus. Ela falou sobre a organiza\u00e7\u00e3o do evento e o bom atendimento ofertado nas tendas de alimenta\u00e7\u00e3o.<\/p>\n\n\n\n<p>\u201cEu venho h\u00e1 cinco anos para o Passo a Pa\u00e7o. E \u00e9 isso que eu acho gostoso, porque tem v\u00e1rias op\u00e7\u00f5es aqui. Tem comida para todos os gostos, para todo tipo de gente e \u00e9 uma coisa organizada. Eu amo o Passo a Pa\u00e7o, de cora\u00e7\u00e3o\u201d, pontuou.<\/p>\n\n\n\n<p>A permission\u00e1ria Desiree Farias contou que j\u00e1 participou do evento em outros anos e ressaltou a import\u00e2ncia da seguran\u00e7a alimentar em festivais desse porte, como garantia de sa\u00fade \u00e0 popula\u00e7\u00e3o que prestigia o evento.<\/p>\n\n\n\n<p>\u201cAqui no Passo a Pa\u00e7o j\u00e1 tem mais de cinco anos participando deste evento e para n\u00f3s \u00e9 muito bom participar e a nossa expectativa aqui \u00e9 oferecer nosso servi\u00e7o para popula\u00e7\u00e3o manauara e para todas as pessoas que v\u00eam.&nbsp; Quanto&nbsp; aos cuidados sanit\u00e1rios, a gente usa luva, touca, todos os equipamentos bem lavados,&nbsp; tem que lavar as m\u00e3os constantemente, inclusive \u00e1lcool em gel para oferecer um produto de qualidade pro cliente\u201d, ressaltou.<\/p>\n\n\n\n<p>Al\u00e9m da Feira Gastron\u00f4mica, o p\u00fablico tamb\u00e9m teve a oportunidade de prestigiar a feira de artesanatos que contou com a participa\u00e7\u00e3o de mais 75 artes\u00e3os em 25 stands.<\/p>\n\n\n\n<p>A artes\u00e3 Artemisa Cruz, ind\u00edgena da etnia Tikuna, falou sobre as expectativas para os tr\u00eas dias de programa\u00e7\u00e3o. \u201cPrimeira vez que eu estou aqui tamb\u00e9m, eu estou muito feliz. Tomara que venha muita gente para comprar o nosso artesanato, n\u00e3o s\u00f3 o meu, mas dos parente e de todos n\u00f3s que estamos aqui\u201d.<\/p>\n\n\n\n<p>No total, cerca de 200 manipuladores de alimentos atuar\u00e3o na Pra\u00e7a de Alimenta\u00e7\u00e3o e Feira da Secretaria Municipal de Agricultura, Abastecimento, Centro e Com\u00e9rcio Informal (Semacc), durante os tr\u00eas dias de evento.<\/p>\n\n\n\n<p>&#8212; &#8212; &#8212;<\/p>\n\n\n\n<p><strong>Texto<\/strong> &#8211; Luiz Pinheiro \/ Semcom<\/p>\n\n\n\n<p><strong>Fotos<\/strong> &#8211; Artur Barbosa \/ Semcom<\/p>\n","protected":false},"excerpt":{"rendered":"","protected":false},"author":25,"featured_media":1323,"comment_status":"closed","ping_status":"closed","sticky":false,"template":"","format":"standard","meta":{"footnotes":""},"categories":[508],"tags":[538,234,279],"acf":[],"yoast_head":"<!-- This site is optimized with the Yoast SEO plugin v23.0 - https:\/\/yoast.com\/wordpress\/plugins\/seo\/ -->\n<title>Primeiro dia do #SouManaus 2023 oferece o melhor da gastronomia e toda criatividade do artesanato regional<\/title>\n<meta name=\"robots\" content=\"noindex, follow\" \/>\n<meta property=\"og:locale\" content=\"pt_BR\" \/>\n<meta property=\"og:type\" content=\"article\" \/>\n<meta property=\"og:title\" content=\"Primeiro dia do #SouManaus 2023 oferece o melhor da gastronomia e toda criatividade do artesanato regional\" \/>\n<meta property=\"og:url\" content=\"https:\/\/www.manaus.am.gov.br\/manauscult\/primeiro-dia-do-soumanaus-2023-oferece-o-melhor-da-gastronomia-e-toda-criatividade-do-artesanato-regional\/\" \/>\n<meta property=\"og:site_name\" content=\"MANAUSCULT\" \/>\n<meta property=\"article:published_time\" content=\"2023-09-06T01:53:17+00:00\" \/>\n<meta property=\"article:modified_time\" content=\"2023-09-06T01:53:18+00:00\" \/>\n<meta property=\"og:image\" content=\"https:\/\/www.manaus.am.gov.br\/manauscult\/wp-content\/uploads\/sites\/11\/2023\/09\/05SET2023_GASTRONOMIA-E-ARTESANATO-NO-PRIMEIRO-DIA-DO-SOU-MANAUS-01-1024x683.jpg\" \/>\n\t<meta property=\"og:image:width\" content=\"1024\" \/>\n\t<meta property=\"og:image:height\" content=\"683\" \/>\n\t<meta property=\"og:image:type\" content=\"image\/jpeg\" \/>\n<meta name=\"author\" content=\"Maur\u00edcio Freire\" \/>\n<meta name=\"twitter:card\" content=\"summary_large_image\" \/>\n<meta name=\"twitter:label1\" content=\"Written by\" \/>\n\t<meta name=\"twitter:data1\" content=\"Maur\u00edcio Freire\" \/>\n\t<meta name=\"twitter:label2\" content=\"Est. reading time\" \/>\n\t<meta name=\"twitter:data2\" content=\"3 minutos\" \/>\n<script type=\"application\/ld+json\" class=\"yoast-schema-graph\">{\"@context\":\"https:\/\/schema.org\",\"@graph\":[{\"@type\":\"WebPage\",\"@id\":\"https:\/\/www.manaus.am.gov.br\/manauscult\/primeiro-dia-do-soumanaus-2023-oferece-o-melhor-da-gastronomia-e-toda-criatividade-do-artesanato-regional\/\",\"url\":\"https:\/\/www.manaus.am.gov.br\/manauscult\/primeiro-dia-do-soumanaus-2023-oferece-o-melhor-da-gastronomia-e-toda-criatividade-do-artesanato-regional\/\",\"name\":\"Primeiro dia do #SouManaus 2023 oferece o melhor da gastronomia e toda criatividade do artesanato regional\",\"isPartOf\":{\"@id\":\"https:\/\/www.manaus.am.gov.br\/manauscult\/#website\"},\"primaryImageOfPage\":{\"@id\":\"https:\/\/www.manaus.am.gov.br\/manauscult\/primeiro-dia-do-soumanaus-2023-oferece-o-melhor-da-gastronomia-e-toda-criatividade-do-artesanato-regional\/#primaryimage\"},\"image\":{\"@id\":\"https:\/\/www.manaus.am.gov.br\/manauscult\/primeiro-dia-do-soumanaus-2023-oferece-o-melhor-da-gastronomia-e-toda-criatividade-do-artesanato-regional\/#primaryimage\"},\"thumbnailUrl\":\"https:\/\/www.manaus.am.gov.br\/manauscult\/wp-content\/uploads\/sites\/11\/2023\/09\/05SET2023_GASTRONOMIA-E-ARTESANATO-NO-PRIMEIRO-DIA-DO-SOU-MANAUS-01.jpg\",\"datePublished\":\"2023-09-06T01:53:17+00:00\",\"dateModified\":\"2023-09-06T01:53:18+00:00\",\"author\":{\"@id\":\"https:\/\/www.manaus.am.gov.br\/manauscult\/#\/schema\/person\/587989a23a463cde5618e6a028977a9a\"},\"breadcrumb\":{\"@id\":\"https:\/\/www.manaus.am.gov.br\/manauscult\/primeiro-dia-do-soumanaus-2023-oferece-o-melhor-da-gastronomia-e-toda-criatividade-do-artesanato-regional\/#breadcrumb\"},\"inLanguage\":\"pt-BR\",\"potentialAction\":[{\"@type\":\"ReadAction\",\"target\":[\"https:\/\/www.manaus.am.gov.br\/manauscult\/primeiro-dia-do-soumanaus-2023-oferece-o-melhor-da-gastronomia-e-toda-criatividade-do-artesanato-regional\/\"]}]},{\"@type\":\"ImageObject\",\"inLanguage\":\"pt-BR\",\"@id\":\"https:\/\/www.manaus.am.gov.br\/manauscult\/primeiro-dia-do-soumanaus-2023-oferece-o-melhor-da-gastronomia-e-toda-criatividade-do-artesanato-regional\/#primaryimage\",\"url\":\"https:\/\/www.manaus.am.gov.br\/manauscult\/wp-content\/uploads\/sites\/11\/2023\/09\/05SET2023_GASTRONOMIA-E-ARTESANATO-NO-PRIMEIRO-DIA-DO-SOU-MANAUS-01.jpg\",\"contentUrl\":\"https:\/\/www.manaus.am.gov.br\/manauscult\/wp-content\/uploads\/sites\/11\/2023\/09\/05SET2023_GASTRONOMIA-E-ARTESANATO-NO-PRIMEIRO-DIA-DO-SOU-MANAUS-01.jpg\",\"width\":2400,\"height\":1600},{\"@type\":\"BreadcrumbList\",\"@id\":\"https:\/\/www.manaus.am.gov.br\/manauscult\/primeiro-dia-do-soumanaus-2023-oferece-o-melhor-da-gastronomia-e-toda-criatividade-do-artesanato-regional\/#breadcrumb\",\"itemListElement\":[{\"@type\":\"ListItem\",\"position\":1,\"name\":\"Home\",\"item\":\"https:\/\/www.manaus.am.gov.br\/manauscult\/\"},{\"@type\":\"ListItem\",\"position\":2,\"name\":\"Primeiro dia do #SouManaus 2023 oferece o melhor da gastronomia e toda criatividade do artesanato regional\"}]},{\"@type\":\"WebSite\",\"@id\":\"https:\/\/www.manaus.am.gov.br\/manauscult\/#website\",\"url\":\"https:\/\/www.manaus.am.gov.br\/manauscult\/\",\"name\":\"MANAUSCULT\",\"description\":\"Prefeitura de Manaus\",\"potentialAction\":[{\"@type\":\"SearchAction\",\"target\":{\"@type\":\"EntryPoint\",\"urlTemplate\":\"https:\/\/www.manaus.am.gov.br\/manauscult\/?s={search_term_string}\"},\"query-input\":\"required name=search_term_string\"}],\"inLanguage\":\"pt-BR\"},{\"@type\":\"Person\",\"@id\":\"https:\/\/www.manaus.am.gov.br\/manauscult\/#\/schema\/person\/587989a23a463cde5618e6a028977a9a\",\"name\":\"Maur\u00edcio Freire\",\"image\":{\"@type\":\"ImageObject\",\"inLanguage\":\"pt-BR\",\"@id\":\"https:\/\/www.manaus.am.gov.br\/manauscult\/#\/schema\/person\/image\/\",\"url\":\"https:\/\/secure.gravatar.com\/avatar\/dc1481799a1f75c733ac3b2634cd6749?s=96&d=mm&r=g\",\"contentUrl\":\"https:\/\/secure.gravatar.com\/avatar\/dc1481799a1f75c733ac3b2634cd6749?s=96&d=mm&r=g\",\"caption\":\"Maur\u00edcio Freire\"}}]}<\/script>\n<!-- \/ Yoast SEO plugin. -->","yoast_head_json":{"title":"Primeiro dia do #SouManaus 2023 oferece o melhor da gastronomia e toda criatividade do artesanato regional","robots":{"index":"noindex","follow":"follow"},"og_locale":"pt_BR","og_type":"article","og_title":"Primeiro dia do #SouManaus 2023 oferece o melhor da gastronomia e toda criatividade do artesanato regional","og_url":"https:\/\/www.manaus.am.gov.br\/manauscult\/primeiro-dia-do-soumanaus-2023-oferece-o-melhor-da-gastronomia-e-toda-criatividade-do-artesanato-regional\/","og_site_name":"MANAUSCULT","article_published_time":"2023-09-06T01:53:17+00:00","article_modified_time":"2023-09-06T01:53:18+00:00","og_image":[{"width":1024,"height":683,"url":"https:\/\/www.manaus.am.gov.br\/manauscult\/wp-content\/uploads\/sites\/11\/2023\/09\/05SET2023_GASTRONOMIA-E-ARTESANATO-NO-PRIMEIRO-DIA-DO-SOU-MANAUS-01-1024x683.jpg","type":"image\/jpeg"}],"author":"Maur\u00edcio Freire","twitter_card":"summary_large_image","twitter_misc":{"Written by":"Maur\u00edcio Freire","Est. reading time":"3 minutos"},"schema":{"@context":"https:\/\/schema.org","@graph":[{"@type":"WebPage","@id":"https:\/\/www.manaus.am.gov.br\/manauscult\/primeiro-dia-do-soumanaus-2023-oferece-o-melhor-da-gastronomia-e-toda-criatividade-do-artesanato-regional\/","url":"https:\/\/www.manaus.am.gov.br\/manauscult\/primeiro-dia-do-soumanaus-2023-oferece-o-melhor-da-gastronomia-e-toda-criatividade-do-artesanato-regional\/","name":"Primeiro dia do #SouManaus 2023 oferece o melhor da gastronomia e toda criatividade do artesanato regional","isPartOf":{"@id":"https:\/\/www.manaus.am.gov.br\/manauscult\/#website"},"primaryImageOfPage":{"@id":"https:\/\/www.manaus.am.gov.br\/manauscult\/primeiro-dia-do-soumanaus-2023-oferece-o-melhor-da-gastronomia-e-toda-criatividade-do-artesanato-regional\/#primaryimage"},"image":{"@id":"https:\/\/www.manaus.am.gov.br\/manauscult\/primeiro-dia-do-soumanaus-2023-oferece-o-melhor-da-gastronomia-e-toda-criatividade-do-artesanato-regional\/#primaryimage"},"thumbnailUrl":"https:\/\/www.manaus.am.gov.br\/manauscult\/wp-content\/uploads\/sites\/11\/2023\/09\/05SET2023_GASTRONOMIA-E-ARTESANATO-NO-PRIMEIRO-DIA-DO-SOU-MANAUS-01.jpg","datePublished":"2023-09-06T01:53:17+00:00","dateModified":"2023-09-06T01:53:18+00:00","author":{"@id":"https:\/\/www.manaus.am.gov.br\/manauscult\/#\/schema\/person\/587989a23a463cde5618e6a028977a9a"},"breadcrumb":{"@id":"https:\/\/www.manaus.am.gov.br\/manauscult\/primeiro-dia-do-soumanaus-2023-oferece-o-melhor-da-gastronomia-e-toda-criatividade-do-artesanato-regional\/#breadcrumb"},"inLanguage":"pt-BR","potentialAction":[{"@type":"ReadAction","target":["https:\/\/www.manaus.am.gov.br\/manauscult\/primeiro-dia-do-soumanaus-2023-oferece-o-melhor-da-gastronomia-e-toda-criatividade-do-artesanato-regional\/"]}]},{"@type":"ImageObject","inLanguage":"pt-BR","@id":"https:\/\/www.manaus.am.gov.br\/manauscult\/primeiro-dia-do-soumanaus-2023-oferece-o-melhor-da-gastronomia-e-toda-criatividade-do-artesanato-regional\/#primaryimage","url":"https:\/\/www.manaus.am.gov.br\/manauscult\/wp-content\/uploads\/sites\/11\/2023\/09\/05SET2023_GASTRONOMIA-E-ARTESANATO-NO-PRIMEIRO-DIA-DO-SOU-MANAUS-01.jpg","contentUrl":"https:\/\/www.manaus.am.gov.br\/manauscult\/wp-content\/uploads\/sites\/11\/2023\/09\/05SET2023_GASTRONOMIA-E-ARTESANATO-NO-PRIMEIRO-DIA-DO-SOU-MANAUS-01.jpg","width":2400,"height":1600},{"@type":"BreadcrumbList","@id":"https:\/\/www.manaus.am.gov.br\/manauscult\/primeiro-dia-do-soumanaus-2023-oferece-o-melhor-da-gastronomia-e-toda-criatividade-do-artesanato-regional\/#breadcrumb","itemListElement":[{"@type":"ListItem","position":1,"name":"Home","item":"https:\/\/www.manaus.am.gov.br\/manauscult\/"},{"@type":"ListItem","position":2,"name":"Primeiro dia do #SouManaus 2023 oferece o melhor da gastronomia e toda criatividade do artesanato regional"}]},{"@type":"WebSite","@id":"https:\/\/www.manaus.am.gov.br\/manauscult\/#website","url":"https:\/\/www.manaus.am.gov.br\/manauscult\/","name":"MANAUSCULT","description":"Prefeitura de Manaus","potentialAction":[{"@type":"SearchAction","target":{"@type":"EntryPoint","urlTemplate":"https:\/\/www.manaus.am.gov.br\/manauscult\/?s={search_term_string}"},"query-input":"required name=search_term_string"}],"inLanguage":"pt-BR"},{"@type":"Person","@id":"https:\/\/www.manaus.am.gov.br\/manauscult\/#\/schema\/person\/587989a23a463cde5618e6a028977a9a","name":"Maur\u00edcio Freire","image":{"@type":"ImageObject","inLanguage":"pt-BR","@id":"https:\/\/www.manaus.am.gov.br\/manauscult\/#\/schema\/person\/image\/","url":"https:\/\/secure.gravatar.com\/avatar\/dc1481799a1f75c733ac3b2634cd6749?s=96&d=mm&r=g","contentUrl":"https:\/\/secure.gravatar.com\/avatar\/dc1481799a1f75c733ac3b2634cd6749?s=96&d=mm&r=g","caption":"Maur\u00edcio Freire"}}]}},"_links":{"self":[{"href":"https:\/\/www.manaus.am.gov.br\/manauscult\/wp-json\/wp\/v2\/posts\/1322"}],"collection":[{"href":"https:\/\/www.manaus.am.gov.br\/manauscult\/wp-json\/wp\/v2\/posts"}],"about":[{"href":"https:\/\/www.manaus.am.gov.br\/manauscult\/wp-json\/wp\/v2\/types\/post"}],"author":[{"embeddable":true,"href":"https:\/\/www.manaus.am.gov.br\/manauscult\/wp-json\/wp\/v2\/users\/25"}],"replies":[{"embeddable":true,"href":"https:\/\/www.manaus.am.gov.br\/manauscult\/wp-json\/wp\/v2\/comments?post=1322"}],"version-history":[{"count":0,"href":"https:\/\/www.manaus.am.gov.br\/manauscult\/wp-json\/wp\/v2\/posts\/1322\/revisions"}],"wp:featuredmedia":[{"embeddable":true,"href":"https:\/\/www.manaus.am.gov.br\/manauscult\/wp-json\/wp\/v2\/media\/1323"}],"wp:attachment":[{"href":"https:\/\/www.manaus.am.gov.br\/manauscult\/wp-json\/wp\/v2\/media?parent=1322"}],"wp:term":[{"taxonomy":"category","embeddable":true,"href":"https:\/\/www.manaus.am.gov.br\/manauscult\/wp-json\/wp\/v2\/categories?post=1322"},{"taxonomy":"post_tag","embeddable":true,"href":"https:\/\/www.manaus.am.gov.br\/manauscult\/wp-json\/wp\/v2\/tags?post=1322"}],"curies":[{"name":"wp","href":"https:\/\/api.w.org\/{rel}","templated":true}]}}