{"id":1320,"date":"2023-09-05T21:42:28","date_gmt":"2023-09-06T01:42:28","guid":{"rendered":"https:\/\/www.manaus.am.gov.br\/manauscult\/fas-vibram-com-inicio-dos-shows-do-sou-manaus-2023\/"},"modified":"2023-09-05T21:42:30","modified_gmt":"2023-09-06T01:42:30","slug":"fas-vibram-com-inicio-dos-shows-do-sou-manaus-2023","status":"publish","type":"post","link":"https:\/\/www.manaus.am.gov.br\/manauscult\/fas-vibram-com-inicio-dos-shows-do-sou-manaus-2023\/","title":{"rendered":"F\u00e3s vibram com in\u00edcio dos shows do #SouManaus 2023"},"content":{"rendered":"\n<p>Os acessos ao maior festival de artes integradas da regi\u00e3o Norte foram liberados \u00e0s 17h desta ter\u00e7a-feira, 5\/9, e muitos f\u00e3s j\u00e1 aguardavam, ansiosos, para garantir um espa\u00e7o na frente dos palcos do \u201c#SouManaus Passo a Pa\u00e7o 2023\u201d.<\/p>\n\n\n\n<p>O bailarino Rafael Costa, 31, chegou \u00e0s 14h ao festival para curtir a apresenta\u00e7\u00e3o do DJ e produtor musical franc\u00eas David Guetta, que \u00e9 a atra\u00e7\u00e3o principal do palco Bradesco &#8211; O Guardi\u00e3o da Amaz\u00f4nia, na primeira noite do evento.<\/p>\n\n\n\n<p>Com apresenta\u00e7\u00e3o prevista para as 23h30, Guetta, que \u00e9 um dos artistas mais aguardados da noite, pois \u00e9 a primeira vez que far\u00e1 um show em Manaus, arrastou uma multid\u00e3o para o festival, que tem tr\u00eas dias de dura\u00e7\u00e3o.<\/p>\n\n\n\n<p>\u201cSou muito f\u00e3 do David Guetta. J\u00e1 fui campe\u00e3o em 12 competi\u00e7\u00f5es de dan\u00e7a no Estado, dan\u00e7ando m\u00fasicas dele. \u00c9 um artista que me inspira muito. As luzes, a performance dele no palco. Curto muito o som dele\u201d, declarou Rafael.<\/p>\n\n\n\n<p><strong>Inclus\u00e3o<\/strong><\/p>\n\n\n\n<p>Moradora do bairro Japiim, na zona Sul, a publicit\u00e1ria Danielly Almeida, 29, disse estar realizando um sonho. F\u00e3 do DJ David Guetta, ela chegou \u00e0s 15h na \u00e1rea do centro hist\u00f3rico de Manaus, para assistir ao \u00eddolo do \u201cgargalo\u201d.<\/p>\n\n\n\n<p>Acompanhada da m\u00e3e, Shirly Almeida, 47, Danielly, que \u00e9 uma Pessoa com Defici\u00eancia (PCD), optou em ficar na frente do palco, mesmo tendo um espa\u00e7o reservado para pessoa em cadeira de rodas na pista.<\/p>\n\n\n\n<p>\u201cEsse \u00e9 um dos dias mais especiais da minha vida. Sou f\u00e3 do g\u00eanero pop e David Guetta \u00e9 um artista que admiro demais. Ele sempre faz parcerias com cantores que eu gosto tamb\u00e9m, como Sia e Fergie\u201d, relatou Danielly.<\/p>\n\n\n\n<p><strong>Atra\u00e7\u00e3o nacional<\/strong><\/p>\n\n\n\n<p>Conhecido pelos hits \u201cOi\u201d e \u201cLocutor\u201d, o cantor mineiro L\u00e9o Magalh\u00e3es foi uma das atra\u00e7\u00f5es do primeiro dia do #SouManaus Passo a Pa\u00e7o 2023. F\u00e3 de carteirinha do artista, Joelma Marques, 46, estava animada para a apresenta\u00e7\u00e3o.<\/p>\n\n\n\n<p>\u201cAos domingos, n\u00e3o pode faltar L\u00e9o Magalh\u00e3es na playlist l\u00e1 de casa. Eu e meu marido amamos! J\u00e1 fui em muitas apresenta\u00e7\u00f5es dele aqui em Manaus e em outros munic\u00edpios do Amazonas. Eu at\u00e9 apare\u00e7o em um v\u00eddeo que foi gravado dele em Rio Preto da Eva\u201d, disse Joelma.<\/p>\n\n\n\n<p>Nesta edi\u00e7\u00e3o, a Prefeitura de Manaus aumentou em mais de 580% o n\u00famero de artistas locais em rela\u00e7\u00e3o \u00e0 primeira edi\u00e7\u00e3o, em 2015, onde apenas 12 artistas locais estiveram envolvidos.<\/p>\n\n\n\n<p>Ao todo, o evento conta com 77 artistas musicais regionais, e ser\u00e3o beneficiados mais de 600 trabalhadores da cultura local, mais de 160 trabalhadores da cenografia do evento, 75 artes\u00e3os, e 200 manipuladores de alimentos, gerando mais de 5 mil empregos diretos e indiretos na prepara\u00e7\u00e3o e opera\u00e7\u00e3o do evento.<\/p>\n\n\n\n<p>&#8212;&#8211;<\/p>\n\n\n\n<p><strong>Texto \u2013<\/strong> Geanne Fernandes &#8211; Semcom<\/p>\n\n\n\n<p><strong>Foto &#8211;<\/strong> Ant\u00f4nio Pereira \/ Semcom<\/p>\n","protected":false},"excerpt":{"rendered":"","protected":false},"author":52,"featured_media":1321,"comment_status":"closed","ping_status":"closed","sticky":false,"template":"","format":"standard","meta":{"footnotes":""},"categories":[508],"tags":[168,9,11,573],"acf":[],"yoast_head":"<!-- This site is optimized with the Yoast SEO plugin v23.0 - https:\/\/yoast.com\/wordpress\/plugins\/seo\/ -->\n<title>F\u00e3s vibram com in\u00edcio dos shows do #SouManaus 2023<\/title>\n<meta name=\"description\" content=\"Os acessos ao maior festival de artes integradas da regi\u00e3o Norte foram liberados \u00e0s 17h desta ter\u00e7a-feira, 5\/9, e muitos f\u00e3s j\u00e1 aguardavam.\" \/>\n<meta name=\"robots\" content=\"noindex, follow\" \/>\n<meta property=\"og:locale\" content=\"pt_BR\" \/>\n<meta property=\"og:type\" content=\"article\" \/>\n<meta property=\"og:title\" content=\"F\u00e3s vibram com in\u00edcio dos shows do #SouManaus 2023\" \/>\n<meta property=\"og:description\" content=\"Os acessos ao maior festival de artes integradas da regi\u00e3o Norte foram liberados \u00e0s 17h desta ter\u00e7a-feira, 5\/9, e muitos f\u00e3s j\u00e1 aguardavam.\" \/>\n<meta property=\"og:url\" content=\"https:\/\/www.manaus.am.gov.br\/manauscult\/fas-vibram-com-inicio-dos-shows-do-sou-manaus-2023\/\" \/>\n<meta property=\"og:site_name\" content=\"MANAUSCULT\" \/>\n<meta property=\"article:published_time\" content=\"2023-09-06T01:42:28+00:00\" \/>\n<meta property=\"article:modified_time\" content=\"2023-09-06T01:42:30+00:00\" \/>\n<meta property=\"og:image\" content=\"https:\/\/www.manaus.am.gov.br\/manauscult\/wp-content\/uploads\/sites\/11\/2023\/09\/Rafael-Costa_fa-do-Guetta.jpg\" \/>\n\t<meta property=\"og:image:width\" content=\"4160\" \/>\n\t<meta property=\"og:image:height\" content=\"2773\" \/>\n\t<meta property=\"og:image:type\" content=\"image\/jpeg\" \/>\n<meta name=\"author\" content=\"csilveira\" \/>\n<meta name=\"twitter:card\" content=\"summary_large_image\" \/>\n<meta name=\"twitter:label1\" content=\"Written by\" \/>\n\t<meta name=\"twitter:data1\" content=\"csilveira\" \/>\n\t<meta name=\"twitter:label2\" content=\"Est. reading time\" \/>\n\t<meta name=\"twitter:data2\" content=\"3 minutos\" \/>\n<script type=\"application\/ld+json\" class=\"yoast-schema-graph\">{\"@context\":\"https:\/\/schema.org\",\"@graph\":[{\"@type\":\"WebPage\",\"@id\":\"https:\/\/www.manaus.am.gov.br\/manauscult\/fas-vibram-com-inicio-dos-shows-do-sou-manaus-2023\/\",\"url\":\"https:\/\/www.manaus.am.gov.br\/manauscult\/fas-vibram-com-inicio-dos-shows-do-sou-manaus-2023\/\",\"name\":\"F\u00e3s vibram com in\u00edcio dos shows do #SouManaus 2023\",\"isPartOf\":{\"@id\":\"https:\/\/www.manaus.am.gov.br\/manauscult\/#website\"},\"primaryImageOfPage\":{\"@id\":\"https:\/\/www.manaus.am.gov.br\/manauscult\/fas-vibram-com-inicio-dos-shows-do-sou-manaus-2023\/#primaryimage\"},\"image\":{\"@id\":\"https:\/\/www.manaus.am.gov.br\/manauscult\/fas-vibram-com-inicio-dos-shows-do-sou-manaus-2023\/#primaryimage\"},\"thumbnailUrl\":\"https:\/\/www.manaus.am.gov.br\/manauscult\/wp-content\/uploads\/sites\/11\/2023\/09\/Rafael-Costa_fa-do-Guetta.jpg\",\"datePublished\":\"2023-09-06T01:42:28+00:00\",\"dateModified\":\"2023-09-06T01:42:30+00:00\",\"author\":{\"@id\":\"https:\/\/www.manaus.am.gov.br\/manauscult\/#\/schema\/person\/bfafc779be2e19b3d3ef4a59d418b606\"},\"description\":\"Os acessos ao maior festival de artes integradas da regi\u00e3o Norte foram liberados \u00e0s 17h desta ter\u00e7a-feira, 5\/9, e muitos f\u00e3s j\u00e1 aguardavam.\",\"breadcrumb\":{\"@id\":\"https:\/\/www.manaus.am.gov.br\/manauscult\/fas-vibram-com-inicio-dos-shows-do-sou-manaus-2023\/#breadcrumb\"},\"inLanguage\":\"pt-BR\",\"potentialAction\":[{\"@type\":\"ReadAction\",\"target\":[\"https:\/\/www.manaus.am.gov.br\/manauscult\/fas-vibram-com-inicio-dos-shows-do-sou-manaus-2023\/\"]}]},{\"@type\":\"ImageObject\",\"inLanguage\":\"pt-BR\",\"@id\":\"https:\/\/www.manaus.am.gov.br\/manauscult\/fas-vibram-com-inicio-dos-shows-do-sou-manaus-2023\/#primaryimage\",\"url\":\"https:\/\/www.manaus.am.gov.br\/manauscult\/wp-content\/uploads\/sites\/11\/2023\/09\/Rafael-Costa_fa-do-Guetta.jpg\",\"contentUrl\":\"https:\/\/www.manaus.am.gov.br\/manauscult\/wp-content\/uploads\/sites\/11\/2023\/09\/Rafael-Costa_fa-do-Guetta.jpg\",\"width\":4160,\"height\":2773},{\"@type\":\"BreadcrumbList\",\"@id\":\"https:\/\/www.manaus.am.gov.br\/manauscult\/fas-vibram-com-inicio-dos-shows-do-sou-manaus-2023\/#breadcrumb\",\"itemListElement\":[{\"@type\":\"ListItem\",\"position\":1,\"name\":\"Home\",\"item\":\"https:\/\/www.manaus.am.gov.br\/manauscult\/\"},{\"@type\":\"ListItem\",\"position\":2,\"name\":\"F\u00e3s vibram com in\u00edcio dos shows do #SouManaus 2023\"}]},{\"@type\":\"WebSite\",\"@id\":\"https:\/\/www.manaus.am.gov.br\/manauscult\/#website\",\"url\":\"https:\/\/www.manaus.am.gov.br\/manauscult\/\",\"name\":\"MANAUSCULT\",\"description\":\"Prefeitura de Manaus\",\"potentialAction\":[{\"@type\":\"SearchAction\",\"target\":{\"@type\":\"EntryPoint\",\"urlTemplate\":\"https:\/\/www.manaus.am.gov.br\/manauscult\/?s={search_term_string}\"},\"query-input\":\"required name=search_term_string\"}],\"inLanguage\":\"pt-BR\"},{\"@type\":\"Person\",\"@id\":\"https:\/\/www.manaus.am.gov.br\/manauscult\/#\/schema\/person\/bfafc779be2e19b3d3ef4a59d418b606\",\"name\":\"csilveira\",\"image\":{\"@type\":\"ImageObject\",\"inLanguage\":\"pt-BR\",\"@id\":\"https:\/\/www.manaus.am.gov.br\/manauscult\/#\/schema\/person\/image\/\",\"url\":\"https:\/\/secure.gravatar.com\/avatar\/9c2e2f00138fcd35401c748bd030d3b5?s=96&d=mm&r=g\",\"contentUrl\":\"https:\/\/secure.gravatar.com\/avatar\/9c2e2f00138fcd35401c748bd030d3b5?s=96&d=mm&r=g\",\"caption\":\"csilveira\"}}]}<\/script>\n<!-- \/ Yoast SEO plugin. -->","yoast_head_json":{"title":"F\u00e3s vibram com in\u00edcio dos shows do #SouManaus 2023","description":"Os acessos ao maior festival de artes integradas da regi\u00e3o Norte foram liberados \u00e0s 17h desta ter\u00e7a-feira, 5\/9, e muitos f\u00e3s j\u00e1 aguardavam.","robots":{"index":"noindex","follow":"follow"},"og_locale":"pt_BR","og_type":"article","og_title":"F\u00e3s vibram com in\u00edcio dos shows do #SouManaus 2023","og_description":"Os acessos ao maior festival de artes integradas da regi\u00e3o Norte foram liberados \u00e0s 17h desta ter\u00e7a-feira, 5\/9, e muitos f\u00e3s j\u00e1 aguardavam.","og_url":"https:\/\/www.manaus.am.gov.br\/manauscult\/fas-vibram-com-inicio-dos-shows-do-sou-manaus-2023\/","og_site_name":"MANAUSCULT","article_published_time":"2023-09-06T01:42:28+00:00","article_modified_time":"2023-09-06T01:42:30+00:00","og_image":[{"width":4160,"height":2773,"url":"https:\/\/www.manaus.am.gov.br\/manauscult\/wp-content\/uploads\/sites\/11\/2023\/09\/Rafael-Costa_fa-do-Guetta.jpg","type":"image\/jpeg"}],"author":"csilveira","twitter_card":"summary_large_image","twitter_misc":{"Written by":"csilveira","Est. reading time":"3 minutos"},"schema":{"@context":"https:\/\/schema.org","@graph":[{"@type":"WebPage","@id":"https:\/\/www.manaus.am.gov.br\/manauscult\/fas-vibram-com-inicio-dos-shows-do-sou-manaus-2023\/","url":"https:\/\/www.manaus.am.gov.br\/manauscult\/fas-vibram-com-inicio-dos-shows-do-sou-manaus-2023\/","name":"F\u00e3s vibram com in\u00edcio dos shows do #SouManaus 2023","isPartOf":{"@id":"https:\/\/www.manaus.am.gov.br\/manauscult\/#website"},"primaryImageOfPage":{"@id":"https:\/\/www.manaus.am.gov.br\/manauscult\/fas-vibram-com-inicio-dos-shows-do-sou-manaus-2023\/#primaryimage"},"image":{"@id":"https:\/\/www.manaus.am.gov.br\/manauscult\/fas-vibram-com-inicio-dos-shows-do-sou-manaus-2023\/#primaryimage"},"thumbnailUrl":"https:\/\/www.manaus.am.gov.br\/manauscult\/wp-content\/uploads\/sites\/11\/2023\/09\/Rafael-Costa_fa-do-Guetta.jpg","datePublished":"2023-09-06T01:42:28+00:00","dateModified":"2023-09-06T01:42:30+00:00","author":{"@id":"https:\/\/www.manaus.am.gov.br\/manauscult\/#\/schema\/person\/bfafc779be2e19b3d3ef4a59d418b606"},"description":"Os acessos ao maior festival de artes integradas da regi\u00e3o Norte foram liberados \u00e0s 17h desta ter\u00e7a-feira, 5\/9, e muitos f\u00e3s j\u00e1 aguardavam.","breadcrumb":{"@id":"https:\/\/www.manaus.am.gov.br\/manauscult\/fas-vibram-com-inicio-dos-shows-do-sou-manaus-2023\/#breadcrumb"},"inLanguage":"pt-BR","potentialAction":[{"@type":"ReadAction","target":["https:\/\/www.manaus.am.gov.br\/manauscult\/fas-vibram-com-inicio-dos-shows-do-sou-manaus-2023\/"]}]},{"@type":"ImageObject","inLanguage":"pt-BR","@id":"https:\/\/www.manaus.am.gov.br\/manauscult\/fas-vibram-com-inicio-dos-shows-do-sou-manaus-2023\/#primaryimage","url":"https:\/\/www.manaus.am.gov.br\/manauscult\/wp-content\/uploads\/sites\/11\/2023\/09\/Rafael-Costa_fa-do-Guetta.jpg","contentUrl":"https:\/\/www.manaus.am.gov.br\/manauscult\/wp-content\/uploads\/sites\/11\/2023\/09\/Rafael-Costa_fa-do-Guetta.jpg","width":4160,"height":2773},{"@type":"BreadcrumbList","@id":"https:\/\/www.manaus.am.gov.br\/manauscult\/fas-vibram-com-inicio-dos-shows-do-sou-manaus-2023\/#breadcrumb","itemListElement":[{"@type":"ListItem","position":1,"name":"Home","item":"https:\/\/www.manaus.am.gov.br\/manauscult\/"},{"@type":"ListItem","position":2,"name":"F\u00e3s vibram com in\u00edcio dos shows do #SouManaus 2023"}]},{"@type":"WebSite","@id":"https:\/\/www.manaus.am.gov.br\/manauscult\/#website","url":"https:\/\/www.manaus.am.gov.br\/manauscult\/","name":"MANAUSCULT","description":"Prefeitura de Manaus","potentialAction":[{"@type":"SearchAction","target":{"@type":"EntryPoint","urlTemplate":"https:\/\/www.manaus.am.gov.br\/manauscult\/?s={search_term_string}"},"query-input":"required name=search_term_string"}],"inLanguage":"pt-BR"},{"@type":"Person","@id":"https:\/\/www.manaus.am.gov.br\/manauscult\/#\/schema\/person\/bfafc779be2e19b3d3ef4a59d418b606","name":"csilveira","image":{"@type":"ImageObject","inLanguage":"pt-BR","@id":"https:\/\/www.manaus.am.gov.br\/manauscult\/#\/schema\/person\/image\/","url":"https:\/\/secure.gravatar.com\/avatar\/9c2e2f00138fcd35401c748bd030d3b5?s=96&d=mm&r=g","contentUrl":"https:\/\/secure.gravatar.com\/avatar\/9c2e2f00138fcd35401c748bd030d3b5?s=96&d=mm&r=g","caption":"csilveira"}}]}},"_links":{"self":[{"href":"https:\/\/www.manaus.am.gov.br\/manauscult\/wp-json\/wp\/v2\/posts\/1320"}],"collection":[{"href":"https:\/\/www.manaus.am.gov.br\/manauscult\/wp-json\/wp\/v2\/posts"}],"about":[{"href":"https:\/\/www.manaus.am.gov.br\/manauscult\/wp-json\/wp\/v2\/types\/post"}],"author":[{"embeddable":true,"href":"https:\/\/www.manaus.am.gov.br\/manauscult\/wp-json\/wp\/v2\/users\/52"}],"replies":[{"embeddable":true,"href":"https:\/\/www.manaus.am.gov.br\/manauscult\/wp-json\/wp\/v2\/comments?post=1320"}],"version-history":[{"count":0,"href":"https:\/\/www.manaus.am.gov.br\/manauscult\/wp-json\/wp\/v2\/posts\/1320\/revisions"}],"wp:featuredmedia":[{"embeddable":true,"href":"https:\/\/www.manaus.am.gov.br\/manauscult\/wp-json\/wp\/v2\/media\/1321"}],"wp:attachment":[{"href":"https:\/\/www.manaus.am.gov.br\/manauscult\/wp-json\/wp\/v2\/media?parent=1320"}],"wp:term":[{"taxonomy":"category","embeddable":true,"href":"https:\/\/www.manaus.am.gov.br\/manauscult\/wp-json\/wp\/v2\/categories?post=1320"},{"taxonomy":"post_tag","embeddable":true,"href":"https:\/\/www.manaus.am.gov.br\/manauscult\/wp-json\/wp\/v2\/tags?post=1320"}],"curies":[{"name":"wp","href":"https:\/\/api.w.org\/{rel}","templated":true}]}}