{"id":1317,"date":"2023-09-05T21:17:27","date_gmt":"2023-09-06T01:17:27","guid":{"rendered":"https:\/\/www.manaus.am.gov.br\/manauscult\/evento-sou-manaus-passo-a-paco-sem-fronteiras-fas-cruzam-o-pais-para-assistir-ao-show-de-david-guetta\/"},"modified":"2023-09-05T21:19:49","modified_gmt":"2023-09-06T01:19:49","slug":"evento-sou-manaus-passo-a-paco-sem-fronteiras-fas-cruzam-o-pais-para-assistir-ao-show-de-david-guetta","status":"publish","type":"post","link":"https:\/\/www.manaus.am.gov.br\/manauscult\/evento-sou-manaus-passo-a-paco-sem-fronteiras-fas-cruzam-o-pais-para-assistir-ao-show-de-david-guetta\/","title":{"rendered":"<strong>Evento \u2018#SouManaus Passo a Pa\u00e7o\u2019 sem fronteiras:&nbsp; f\u00e3s cruzam o pa\u00eds para assistir ao show de David Guetta<\/strong>"},"content":{"rendered":"\n<p>O evento &#8220;Sou Manaus Passo a Pa\u00e7o 2023&#8221;, promovido pela Prefeitura de Manaus, sempre foi uma celebra\u00e7\u00e3o da cultura e da m\u00fasica locais, pelas ruas do centro hist\u00f3rico de Manaus, zona Sul da cidade. Neste ano, o festival ganhou destaque internacional com a presen\u00e7a do DJ David Guetta. Com isso, a capital amazonense se tornou um polo para f\u00e3s de m\u00fasica eletr\u00f4nica de todo o Brasil e de outros pa\u00edses, muitos dos quais viajaram centenas ou at\u00e9 milhares de quil\u00f4metros para estar aqui.<\/p>\n\n\n\n<p>A pernambucana Andr\u00e9a Vieira veio pela primeira vez ao festival. Ela \u00e9 casada com o amazonense Rog\u00e9rio Vieira e conta que se impressionou com a magnitude do evento.<\/p>\n\n\n\n<p>&#8220;Viemos de Recife visitar a fam\u00edlia e aproveitamos para acompanhar o festival. N\u00e3o sabia que em Manaus acontecia um evento dessa magnitude. Estou superansiosa para ver o show internacional. Ser\u00e1 a primeira vez que assisto ao David Guetta e estou muito feliz por essa oportunidade, bem no cora\u00e7\u00e3o da floresta amaz\u00f4nica&#8221;, disse.<\/p>\n\n\n\n<p>A variedade geogr\u00e1fica do p\u00fablico n\u00e3o apenas enriquece a experi\u00eancia para os participantes locais, mas tamb\u00e9m tem um impacto econ\u00f4mico. Artista do Boi Caprichoso, o parintinense Leonam Pimentel tamb\u00e9m ficou encantado com a estrutura do palco principal.<\/p>\n\n\n\n<p>&#8220;Estou contando os minutos para ver esse palco todo iluminado, do jeito que est\u00e1 j\u00e1 d\u00e1 para ter uma dimens\u00e3o da beleza dessa arte. Eu, como artista, fico feliz em acompanhar o incentivo que a Prefeitura de Manaus oferece ao artista manauara&#8221;.<\/p>\n\n\n\n<p><strong>Da Europa para o #SouManaus<\/strong><\/p>\n\n\n\n<p>Com um p\u00fablico de mais de 100 mil pessoas e mais de 30 artistas nesta primeira noite, o \u201c#SouManaus Passo a Pa\u00e7o\u201d ganhou a visita da espanhola Blanca Diaz. Ela conta que n\u00e3o imaginava encontrar no meio da Amaz\u00f4nia um festival com toda essa estrutura.<\/p>\n\n\n\n<p>&#8220;Essa \u00e9 minha primeira vez em Manaus e estou amando o festival. A gastronomia e a cultura dessa cidade s\u00e3o totalmente vibrantes. Estou completamente apaixonada por tudo. E hoje vou me sentir em Ibiza, com o show do David Guetta&#8221;, finalizou.<\/p>\n\n\n\n<p>Encantada com as belezas naturais do Amazonas, a mineira de Belo Horizonte Luisa Pereira,&nbsp; acompanhada do seu namorado, o&nbsp; americano Jessie Jordan, chegou em Manaus ap\u00f3s tr\u00eas dias de viagens, vindos da Col\u00f4mbia.<\/p>\n\n\n\n<p>&#8220;A gente veio da Col\u00f4mbia, atravessamos de Tabatinga e acabamos de chegar em Manaus. Foram tr\u00eas dias \u00e0 bordo e agora a gente est\u00e1 conhecendo a cidade. Conhecemos o festival \u201c#SouManaus Passo a Pa\u00e7o\u201d e \u00e9 superbacana. Estamos encantados. Muito legal ver as diferentes culturas misturadas nesse local&#8221;, contou Lu\u00edsa.<\/p>\n\n\n\n<p>Essa foi apenas a primeira noite do \u201c#SouManaus Passo a Pa\u00e7o\u201d, que ainda ter\u00e1 mais de 15 horas de shows, com artistas locais e nacionais, al\u00e9m de palcos diversos que envolvem todos os ritmos e vibra\u00e7\u00f5es.<\/p>\n\n\n\n<p>&#8212;&#8211;<\/p>\n\n\n\n<p><strong>Texto &#8211;<\/strong> Naira Nascimento &#8211; Marcelo Lima \/ Semcom<\/p>\n\n\n\n<p><strong>Fotos &#8211;<\/strong> Phil Limma \/ Semcom<\/p>\n","protected":false},"excerpt":{"rendered":"","protected":false},"author":52,"featured_media":1318,"comment_status":"closed","ping_status":"closed","sticky":false,"template":"","format":"standard","meta":{"footnotes":""},"categories":[508],"tags":[168,11,572],"acf":[],"yoast_head":"<!-- This site is optimized with the Yoast SEO plugin v23.0 - https:\/\/yoast.com\/wordpress\/plugins\/seo\/ -->\n<title>Evento \u2018#SouManaus Passo a Pa\u00e7o\u2019 sem fronteiras:\u00a0 f\u00e3s cruzam o pa\u00eds para assistir ao show de David Guetta<\/title>\n<meta name=\"description\" content=\"O evento &quot;Sou Manaus Passo a Pa\u00e7o 2023&quot; sempre foi uma celebra\u00e7\u00e3o da cultura e da m\u00fasica locais, pelas ruas do centro hist\u00f3rico de Manaus.\" \/>\n<meta name=\"robots\" content=\"noindex, follow\" \/>\n<meta property=\"og:locale\" content=\"pt_BR\" \/>\n<meta property=\"og:type\" content=\"article\" \/>\n<meta property=\"og:title\" content=\"Evento \u2018#SouManaus Passo a Pa\u00e7o\u2019 sem fronteiras:\u00a0 f\u00e3s cruzam o pa\u00eds para assistir ao show de David Guetta\" \/>\n<meta property=\"og:description\" content=\"O evento &quot;Sou Manaus Passo a Pa\u00e7o 2023&quot; sempre foi uma celebra\u00e7\u00e3o da cultura e da m\u00fasica locais, pelas ruas do centro hist\u00f3rico de Manaus.\" \/>\n<meta property=\"og:url\" content=\"https:\/\/www.manaus.am.gov.br\/manauscult\/evento-sou-manaus-passo-a-paco-sem-fronteiras-fas-cruzam-o-pais-para-assistir-ao-show-de-david-guetta\/\" \/>\n<meta property=\"og:site_name\" content=\"MANAUSCULT\" \/>\n<meta property=\"article:published_time\" content=\"2023-09-06T01:17:27+00:00\" \/>\n<meta property=\"article:modified_time\" content=\"2023-09-06T01:19:49+00:00\" \/>\n<meta property=\"og:image\" content=\"https:\/\/www.manaus.am.gov.br\/manauscult\/wp-content\/uploads\/sites\/11\/2023\/09\/Turistas_SouManaus.jpg\" \/>\n\t<meta property=\"og:image:width\" content=\"1600\" \/>\n\t<meta property=\"og:image:height\" content=\"1066\" \/>\n\t<meta property=\"og:image:type\" content=\"image\/jpeg\" \/>\n<meta name=\"author\" content=\"csilveira\" \/>\n<meta name=\"twitter:card\" content=\"summary_large_image\" \/>\n<meta name=\"twitter:label1\" content=\"Written by\" \/>\n\t<meta name=\"twitter:data1\" content=\"csilveira\" \/>\n\t<meta name=\"twitter:label2\" content=\"Est. reading time\" \/>\n\t<meta name=\"twitter:data2\" content=\"3 minutos\" \/>\n<script type=\"application\/ld+json\" class=\"yoast-schema-graph\">{\"@context\":\"https:\/\/schema.org\",\"@graph\":[{\"@type\":\"WebPage\",\"@id\":\"https:\/\/www.manaus.am.gov.br\/manauscult\/evento-sou-manaus-passo-a-paco-sem-fronteiras-fas-cruzam-o-pais-para-assistir-ao-show-de-david-guetta\/\",\"url\":\"https:\/\/www.manaus.am.gov.br\/manauscult\/evento-sou-manaus-passo-a-paco-sem-fronteiras-fas-cruzam-o-pais-para-assistir-ao-show-de-david-guetta\/\",\"name\":\"Evento \u2018#SouManaus Passo a Pa\u00e7o\u2019 sem fronteiras:\u00a0 f\u00e3s cruzam o pa\u00eds para assistir ao show de David Guetta\",\"isPartOf\":{\"@id\":\"https:\/\/www.manaus.am.gov.br\/manauscult\/#website\"},\"primaryImageOfPage\":{\"@id\":\"https:\/\/www.manaus.am.gov.br\/manauscult\/evento-sou-manaus-passo-a-paco-sem-fronteiras-fas-cruzam-o-pais-para-assistir-ao-show-de-david-guetta\/#primaryimage\"},\"image\":{\"@id\":\"https:\/\/www.manaus.am.gov.br\/manauscult\/evento-sou-manaus-passo-a-paco-sem-fronteiras-fas-cruzam-o-pais-para-assistir-ao-show-de-david-guetta\/#primaryimage\"},\"thumbnailUrl\":\"https:\/\/www.manaus.am.gov.br\/manauscult\/wp-content\/uploads\/sites\/11\/2023\/09\/Turistas_SouManaus.jpg\",\"datePublished\":\"2023-09-06T01:17:27+00:00\",\"dateModified\":\"2023-09-06T01:19:49+00:00\",\"author\":{\"@id\":\"https:\/\/www.manaus.am.gov.br\/manauscult\/#\/schema\/person\/bfafc779be2e19b3d3ef4a59d418b606\"},\"description\":\"O evento \\\"Sou Manaus Passo a Pa\u00e7o 2023\\\" sempre foi uma celebra\u00e7\u00e3o da cultura e da m\u00fasica locais, pelas ruas do centro hist\u00f3rico de Manaus.\",\"breadcrumb\":{\"@id\":\"https:\/\/www.manaus.am.gov.br\/manauscult\/evento-sou-manaus-passo-a-paco-sem-fronteiras-fas-cruzam-o-pais-para-assistir-ao-show-de-david-guetta\/#breadcrumb\"},\"inLanguage\":\"pt-BR\",\"potentialAction\":[{\"@type\":\"ReadAction\",\"target\":[\"https:\/\/www.manaus.am.gov.br\/manauscult\/evento-sou-manaus-passo-a-paco-sem-fronteiras-fas-cruzam-o-pais-para-assistir-ao-show-de-david-guetta\/\"]}]},{\"@type\":\"ImageObject\",\"inLanguage\":\"pt-BR\",\"@id\":\"https:\/\/www.manaus.am.gov.br\/manauscult\/evento-sou-manaus-passo-a-paco-sem-fronteiras-fas-cruzam-o-pais-para-assistir-ao-show-de-david-guetta\/#primaryimage\",\"url\":\"https:\/\/www.manaus.am.gov.br\/manauscult\/wp-content\/uploads\/sites\/11\/2023\/09\/Turistas_SouManaus.jpg\",\"contentUrl\":\"https:\/\/www.manaus.am.gov.br\/manauscult\/wp-content\/uploads\/sites\/11\/2023\/09\/Turistas_SouManaus.jpg\",\"width\":1600,\"height\":1066},{\"@type\":\"BreadcrumbList\",\"@id\":\"https:\/\/www.manaus.am.gov.br\/manauscult\/evento-sou-manaus-passo-a-paco-sem-fronteiras-fas-cruzam-o-pais-para-assistir-ao-show-de-david-guetta\/#breadcrumb\",\"itemListElement\":[{\"@type\":\"ListItem\",\"position\":1,\"name\":\"Home\",\"item\":\"https:\/\/www.manaus.am.gov.br\/manauscult\/\"},{\"@type\":\"ListItem\",\"position\":2,\"name\":\"Evento \u2018#SouManaus Passo a Pa\u00e7o\u2019 sem fronteiras:&nbsp; f\u00e3s cruzam o pa\u00eds para assistir ao show de David Guetta\"}]},{\"@type\":\"WebSite\",\"@id\":\"https:\/\/www.manaus.am.gov.br\/manauscult\/#website\",\"url\":\"https:\/\/www.manaus.am.gov.br\/manauscult\/\",\"name\":\"MANAUSCULT\",\"description\":\"Prefeitura de Manaus\",\"potentialAction\":[{\"@type\":\"SearchAction\",\"target\":{\"@type\":\"EntryPoint\",\"urlTemplate\":\"https:\/\/www.manaus.am.gov.br\/manauscult\/?s={search_term_string}\"},\"query-input\":\"required name=search_term_string\"}],\"inLanguage\":\"pt-BR\"},{\"@type\":\"Person\",\"@id\":\"https:\/\/www.manaus.am.gov.br\/manauscult\/#\/schema\/person\/bfafc779be2e19b3d3ef4a59d418b606\",\"name\":\"csilveira\",\"image\":{\"@type\":\"ImageObject\",\"inLanguage\":\"pt-BR\",\"@id\":\"https:\/\/www.manaus.am.gov.br\/manauscult\/#\/schema\/person\/image\/\",\"url\":\"https:\/\/secure.gravatar.com\/avatar\/9c2e2f00138fcd35401c748bd030d3b5?s=96&d=mm&r=g\",\"contentUrl\":\"https:\/\/secure.gravatar.com\/avatar\/9c2e2f00138fcd35401c748bd030d3b5?s=96&d=mm&r=g\",\"caption\":\"csilveira\"}}]}<\/script>\n<!-- \/ Yoast SEO plugin. -->","yoast_head_json":{"title":"Evento \u2018#SouManaus Passo a Pa\u00e7o\u2019 sem fronteiras:\u00a0 f\u00e3s cruzam o pa\u00eds para assistir ao show de David Guetta","description":"O evento \"Sou Manaus Passo a Pa\u00e7o 2023\" sempre foi uma celebra\u00e7\u00e3o da cultura e da m\u00fasica locais, pelas ruas do centro hist\u00f3rico de Manaus.","robots":{"index":"noindex","follow":"follow"},"og_locale":"pt_BR","og_type":"article","og_title":"Evento \u2018#SouManaus Passo a Pa\u00e7o\u2019 sem fronteiras:\u00a0 f\u00e3s cruzam o pa\u00eds para assistir ao show de David Guetta","og_description":"O evento \"Sou Manaus Passo a Pa\u00e7o 2023\" sempre foi uma celebra\u00e7\u00e3o da cultura e da m\u00fasica locais, pelas ruas do centro hist\u00f3rico de Manaus.","og_url":"https:\/\/www.manaus.am.gov.br\/manauscult\/evento-sou-manaus-passo-a-paco-sem-fronteiras-fas-cruzam-o-pais-para-assistir-ao-show-de-david-guetta\/","og_site_name":"MANAUSCULT","article_published_time":"2023-09-06T01:17:27+00:00","article_modified_time":"2023-09-06T01:19:49+00:00","og_image":[{"width":1600,"height":1066,"url":"https:\/\/www.manaus.am.gov.br\/manauscult\/wp-content\/uploads\/sites\/11\/2023\/09\/Turistas_SouManaus.jpg","type":"image\/jpeg"}],"author":"csilveira","twitter_card":"summary_large_image","twitter_misc":{"Written by":"csilveira","Est. reading time":"3 minutos"},"schema":{"@context":"https:\/\/schema.org","@graph":[{"@type":"WebPage","@id":"https:\/\/www.manaus.am.gov.br\/manauscult\/evento-sou-manaus-passo-a-paco-sem-fronteiras-fas-cruzam-o-pais-para-assistir-ao-show-de-david-guetta\/","url":"https:\/\/www.manaus.am.gov.br\/manauscult\/evento-sou-manaus-passo-a-paco-sem-fronteiras-fas-cruzam-o-pais-para-assistir-ao-show-de-david-guetta\/","name":"Evento \u2018#SouManaus Passo a Pa\u00e7o\u2019 sem fronteiras:\u00a0 f\u00e3s cruzam o pa\u00eds para assistir ao show de David Guetta","isPartOf":{"@id":"https:\/\/www.manaus.am.gov.br\/manauscult\/#website"},"primaryImageOfPage":{"@id":"https:\/\/www.manaus.am.gov.br\/manauscult\/evento-sou-manaus-passo-a-paco-sem-fronteiras-fas-cruzam-o-pais-para-assistir-ao-show-de-david-guetta\/#primaryimage"},"image":{"@id":"https:\/\/www.manaus.am.gov.br\/manauscult\/evento-sou-manaus-passo-a-paco-sem-fronteiras-fas-cruzam-o-pais-para-assistir-ao-show-de-david-guetta\/#primaryimage"},"thumbnailUrl":"https:\/\/www.manaus.am.gov.br\/manauscult\/wp-content\/uploads\/sites\/11\/2023\/09\/Turistas_SouManaus.jpg","datePublished":"2023-09-06T01:17:27+00:00","dateModified":"2023-09-06T01:19:49+00:00","author":{"@id":"https:\/\/www.manaus.am.gov.br\/manauscult\/#\/schema\/person\/bfafc779be2e19b3d3ef4a59d418b606"},"description":"O evento \"Sou Manaus Passo a Pa\u00e7o 2023\" sempre foi uma celebra\u00e7\u00e3o da cultura e da m\u00fasica locais, pelas ruas do centro hist\u00f3rico de Manaus.","breadcrumb":{"@id":"https:\/\/www.manaus.am.gov.br\/manauscult\/evento-sou-manaus-passo-a-paco-sem-fronteiras-fas-cruzam-o-pais-para-assistir-ao-show-de-david-guetta\/#breadcrumb"},"inLanguage":"pt-BR","potentialAction":[{"@type":"ReadAction","target":["https:\/\/www.manaus.am.gov.br\/manauscult\/evento-sou-manaus-passo-a-paco-sem-fronteiras-fas-cruzam-o-pais-para-assistir-ao-show-de-david-guetta\/"]}]},{"@type":"ImageObject","inLanguage":"pt-BR","@id":"https:\/\/www.manaus.am.gov.br\/manauscult\/evento-sou-manaus-passo-a-paco-sem-fronteiras-fas-cruzam-o-pais-para-assistir-ao-show-de-david-guetta\/#primaryimage","url":"https:\/\/www.manaus.am.gov.br\/manauscult\/wp-content\/uploads\/sites\/11\/2023\/09\/Turistas_SouManaus.jpg","contentUrl":"https:\/\/www.manaus.am.gov.br\/manauscult\/wp-content\/uploads\/sites\/11\/2023\/09\/Turistas_SouManaus.jpg","width":1600,"height":1066},{"@type":"BreadcrumbList","@id":"https:\/\/www.manaus.am.gov.br\/manauscult\/evento-sou-manaus-passo-a-paco-sem-fronteiras-fas-cruzam-o-pais-para-assistir-ao-show-de-david-guetta\/#breadcrumb","itemListElement":[{"@type":"ListItem","position":1,"name":"Home","item":"https:\/\/www.manaus.am.gov.br\/manauscult\/"},{"@type":"ListItem","position":2,"name":"Evento \u2018#SouManaus Passo a Pa\u00e7o\u2019 sem fronteiras:&nbsp; f\u00e3s cruzam o pa\u00eds para assistir ao show de David Guetta"}]},{"@type":"WebSite","@id":"https:\/\/www.manaus.am.gov.br\/manauscult\/#website","url":"https:\/\/www.manaus.am.gov.br\/manauscult\/","name":"MANAUSCULT","description":"Prefeitura de Manaus","potentialAction":[{"@type":"SearchAction","target":{"@type":"EntryPoint","urlTemplate":"https:\/\/www.manaus.am.gov.br\/manauscult\/?s={search_term_string}"},"query-input":"required name=search_term_string"}],"inLanguage":"pt-BR"},{"@type":"Person","@id":"https:\/\/www.manaus.am.gov.br\/manauscult\/#\/schema\/person\/bfafc779be2e19b3d3ef4a59d418b606","name":"csilveira","image":{"@type":"ImageObject","inLanguage":"pt-BR","@id":"https:\/\/www.manaus.am.gov.br\/manauscult\/#\/schema\/person\/image\/","url":"https:\/\/secure.gravatar.com\/avatar\/9c2e2f00138fcd35401c748bd030d3b5?s=96&d=mm&r=g","contentUrl":"https:\/\/secure.gravatar.com\/avatar\/9c2e2f00138fcd35401c748bd030d3b5?s=96&d=mm&r=g","caption":"csilveira"}}]}},"_links":{"self":[{"href":"https:\/\/www.manaus.am.gov.br\/manauscult\/wp-json\/wp\/v2\/posts\/1317"}],"collection":[{"href":"https:\/\/www.manaus.am.gov.br\/manauscult\/wp-json\/wp\/v2\/posts"}],"about":[{"href":"https:\/\/www.manaus.am.gov.br\/manauscult\/wp-json\/wp\/v2\/types\/post"}],"author":[{"embeddable":true,"href":"https:\/\/www.manaus.am.gov.br\/manauscult\/wp-json\/wp\/v2\/users\/52"}],"replies":[{"embeddable":true,"href":"https:\/\/www.manaus.am.gov.br\/manauscult\/wp-json\/wp\/v2\/comments?post=1317"}],"version-history":[{"count":1,"href":"https:\/\/www.manaus.am.gov.br\/manauscult\/wp-json\/wp\/v2\/posts\/1317\/revisions"}],"predecessor-version":[{"id":1319,"href":"https:\/\/www.manaus.am.gov.br\/manauscult\/wp-json\/wp\/v2\/posts\/1317\/revisions\/1319"}],"wp:featuredmedia":[{"embeddable":true,"href":"https:\/\/www.manaus.am.gov.br\/manauscult\/wp-json\/wp\/v2\/media\/1318"}],"wp:attachment":[{"href":"https:\/\/www.manaus.am.gov.br\/manauscult\/wp-json\/wp\/v2\/media?parent=1317"}],"wp:term":[{"taxonomy":"category","embeddable":true,"href":"https:\/\/www.manaus.am.gov.br\/manauscult\/wp-json\/wp\/v2\/categories?post=1317"},{"taxonomy":"post_tag","embeddable":true,"href":"https:\/\/www.manaus.am.gov.br\/manauscult\/wp-json\/wp\/v2\/tags?post=1317"}],"curies":[{"name":"wp","href":"https:\/\/api.w.org\/{rel}","templated":true}]}}