{"id":1313,"date":"2023-09-05T20:26:13","date_gmt":"2023-09-06T00:26:13","guid":{"rendered":"https:\/\/www.manaus.am.gov.br\/manauscult\/acessibilidade-sou-manaus-2023\/"},"modified":"2023-09-05T20:26:14","modified_gmt":"2023-09-06T00:26:14","slug":"acessibilidade-sou-manaus-2023","status":"publish","type":"post","link":"https:\/\/www.manaus.am.gov.br\/manauscult\/acessibilidade-sou-manaus-2023\/","title":{"rendered":"<strong>Pessoas com defici\u00eancia contam experi\u00eancia da acessibilidade no #SouManaus Passo a Pa\u00e7o 2023<\/strong>"},"content":{"rendered":"\n<p>Maria Eduarda Cohen, 14 anos, estava em \u00eaxtase no primeiro dia do \u201c#SouManaus Passo a Pa\u00e7o 2023\u201d, nesta ter\u00e7a-feira, 5\/9, curtindo o espa\u00e7o in\u00e9dito e exclusivo montado pela Prefeitura de Manaus para Pessoas com Defici\u00eancia (PcDs), pronta para conferir o show do cantor Z\u00e9 Felipe.<\/p>\n\n\n\n<p>F\u00e3 de carteirinha da esposa do artista, a influenciadora Virg\u00ednia Fonseca, a estudante nasceu com uma doen\u00e7a rara, osteog\u00eanese imperfeita (ossos de vidro), e pela primeira vez viu uma superestrutura de acessibilidade, que chamou de incrivelmente inclusiva.<\/p>\n\n\n\n<p>\u201cFoi muito bom e certinho chegar at\u00e9 o espa\u00e7o e dou nota 10 de 10, eu amei. Vai dar perfeitamente para assistir ao show\u201d, disse a jovem muito estilosa, que sonha em ser pediatra.<\/p>\n\n\n\n<p>O pai de Maria, o supervisor operacional Roberto Ramos, 39, estava igualmente feliz pelo espa\u00e7o dedicado aos PcDs. \u201cO #SouManaus tem uma estrutura grandiosa e atendeu todas as nossas expectativas, sendo magn\u00edfico\u201d.<\/p>\n\n\n\n<p>A ilustradora Polyanna Pinto de Souza, 21, chegou cedo ao festival para garantir um lugar privilegiado para assistir ao DJ internacional David Guetta, e conseguiu ficar bem de frente ao palco superconcorrido do evento.<\/p>\n\n\n\n<p>\u201cDigamos, assim, que estou extasiada. \u00c9 a primeira vez que eu venho e j\u00e1 achei sensacional, bem acess\u00edvel. Adorei o espa\u00e7o, tem estrutura, um banheiro acess\u00edvel perto. Tudo sensacional e estou superfeliz\u201d, falou.<\/p>\n\n\n\n<p>O \u201c#SouManaus Passo a Pa\u00e7o 2023\u201d, uma realiza\u00e7\u00e3o da Prefeitura de Manaus, por meio da Funda\u00e7\u00e3o de Cultura, Turismo e Eventos (Manauscult), \u00e9 um festival inclusivo e pensando especialmente nas PcDs, recebeu a montagem de espa\u00e7os exclusivos para este p\u00fablico, com atendimento personalizado e receptivo t\u00e9cnico e especializado.<\/p>\n\n\n\n<p>Os acessos at\u00e9 os palcos, onde est\u00e3o as plataformas e espa\u00e7os exclusivos, s\u00e3o sinalizados para atender at\u00e9 10% do p\u00fablico que fez sua inscri\u00e7\u00e3o no cadastro do ingresso, possibilitando apontar sua necessidade. Entre crian\u00e7as, jovens e adultos a expectativa \u00e9 receber entre 10 mil e 15 mil PcDs durante os tr\u00eas dias do \u201c#SouManaus Passo a Pa\u00e7o 2023\u201d.<\/p>\n\n\n\n<p>Pensando na comodidade do p\u00fablico, o atendimento e receptivo \u00e9 realizado por equipe interdisciplinar do Espa\u00e7o de Atendimento Multidisciplinar ao Autista Amigo Ruy (Eamaar), com apoio da Secretaria de Estado de Justi\u00e7a, Direitos Humanos e Cidadania (Sejusc), com 17 pessoas, em escalas. O espa\u00e7o existe h\u00e1 12 anos.<\/p>\n\n\n\n<p>Segundo o presidente da Eamaar, psic\u00f3logo Alexandre Gald, a parceria \u00e9 singular, uma vez que s\u00e3o os \u00fanicos do Norte e Nordeste com atendimento para PcDs e pessoas com transtorno do espectro autista. \u201cOs palcos t\u00eam sinaliza\u00e7\u00e3o, uma \u00e1rea exclusiva, uma plataforma elevada, e a prefeitura teve todo esse cuidado para que todos possam curtir igual todo mundo, com comodidade, conforto e respeito\u201d, comentou Gald.<\/p>\n\n\n\n<p>Para o diretor-presidente da Manauscult, Osvaldo Cardoso, com um festival deste porte, a preocupa\u00e7\u00e3o em oferecer um atendimento especial \u00e0s pessoas com defici\u00eancia mostra que a gest\u00e3o do prefeito David Almeida se importa, de fato, com todos os p\u00fablicos, promovendo inclus\u00e3o e acessibilidade. \u201cO Eamaar tem uma equipe maravilhosa, multidisciplinar e uma vasta experi\u00eancia neste tipo de atendimento. Por isso, eles est\u00e3o cuidando do receptivo das crian\u00e7as e das pessoas com defici\u00eancia que vieram prestigiar o evento\u201d, falou.<\/p>\n\n\n\n<p><strong>Artes e investimento<\/strong><\/p>\n\n\n\n<p>Com um custo estimado em R$ 28 milh\u00f5es (cach\u00eas, estrutura e opera\u00e7\u00f5es), sendo menos de R$ 6 milh\u00f5es dos cofres da prefeitura, a edi\u00e7\u00e3o de 2023 tem n\u00fameros incr\u00edveis na promo\u00e7\u00e3o de arte, cultura, lazer, turismo, gastronomia e economia no centro da capital.<\/p>\n\n\n\n<p>S\u00e3o 77 artistas musicais regionais e bandas, 13 atra\u00e7\u00f5es nacionais e 1 internacional, que v\u00e3o se apresentar em sete palcos e 10 \u00e1reas de ocupa\u00e7\u00e3o, com capacidade para receber um p\u00fablico di\u00e1rio de 150 mil pessoas numa \u00e1rea de mais de 44 mil metros quadrados, tendo no entorno o nosso rio Negro.<\/p>\n\n\n\n<p>Mais de 600 trabalhadores da cultura est\u00e3o sendo beneficiados, assim como outras 160 pessoas envolvidas na cenografia do evento, al\u00e9m de 75 artes\u00e3os, 200 manipuladores de alimentos (pra\u00e7a de alimenta\u00e7\u00e3o e feira), o que resulta em mais de 5 mil empregos diretos e indiretos gerados na prepara\u00e7\u00e3o e opera\u00e7\u00e3o do \u201c#SouManaus Passo a Pa\u00e7o 2023\u201d.<\/p>\n\n\n\n<p>&nbsp;&#8212; &#8212; &#8212;<\/p>\n\n\n\n<p><strong>Texto<\/strong> &#8211; \u00a0Cl\u00e1udia do Valle \/ Semcom<\/p>\n\n\n\n<p><strong>Fotos <\/strong>&#8211; \u00a0Aguillar Abecassis \/ Semcom<\/p>\n","protected":false},"excerpt":{"rendered":"","protected":false},"author":25,"featured_media":1314,"comment_status":"closed","ping_status":"closed","sticky":false,"template":"","format":"standard","meta":{"footnotes":""},"categories":[508],"tags":[365,279],"acf":[],"yoast_head":"<!-- This site is optimized with the Yoast SEO plugin v23.0 - https:\/\/yoast.com\/wordpress\/plugins\/seo\/ -->\n<title>Pessoas com defici\u00eancia contam experi\u00eancia da acessibilidade no #SouManaus Passo a Pa\u00e7o 2023<\/title>\n<meta name=\"description\" content=\"Maria Eduarda Cohen, 14 anos, estava em \u00eaxtase no primeiro dia do \u201c#SouManaus Passo a Pa\u00e7o 2023\u201d, nesta ter\u00e7a-feira, 5\/9,\" \/>\n<meta name=\"robots\" content=\"noindex, follow\" \/>\n<meta property=\"og:locale\" content=\"pt_BR\" \/>\n<meta property=\"og:type\" content=\"article\" \/>\n<meta property=\"og:title\" content=\"Pessoas com defici\u00eancia contam experi\u00eancia da acessibilidade no #SouManaus Passo a Pa\u00e7o 2023\" \/>\n<meta property=\"og:description\" content=\"Maria Eduarda Cohen, 14 anos, estava em \u00eaxtase no primeiro dia do \u201c#SouManaus Passo a Pa\u00e7o 2023\u201d, nesta ter\u00e7a-feira, 5\/9,\" \/>\n<meta property=\"og:url\" content=\"https:\/\/www.manaus.am.gov.br\/manauscult\/acessibilidade-sou-manaus-2023\/\" \/>\n<meta property=\"og:site_name\" content=\"MANAUSCULT\" \/>\n<meta property=\"article:published_time\" content=\"2023-09-06T00:26:13+00:00\" \/>\n<meta property=\"article:modified_time\" content=\"2023-09-06T00:26:14+00:00\" \/>\n<meta property=\"og:image\" content=\"https:\/\/www.manaus.am.gov.br\/manauscult\/wp-content\/uploads\/sites\/11\/2023\/09\/WhatsApp-Image-2023-09-05-at-20.25.12.jpeg\" \/>\n\t<meta property=\"og:image:width\" content=\"1600\" \/>\n\t<meta property=\"og:image:height\" content=\"1066\" \/>\n\t<meta property=\"og:image:type\" content=\"image\/jpeg\" \/>\n<meta name=\"author\" content=\"Maur\u00edcio Freire\" \/>\n<meta name=\"twitter:card\" content=\"summary_large_image\" \/>\n<meta name=\"twitter:label1\" content=\"Written by\" \/>\n\t<meta name=\"twitter:data1\" content=\"Maur\u00edcio Freire\" \/>\n\t<meta name=\"twitter:label2\" content=\"Est. reading time\" \/>\n\t<meta name=\"twitter:data2\" content=\"4 minutos\" \/>\n<script type=\"application\/ld+json\" class=\"yoast-schema-graph\">{\"@context\":\"https:\/\/schema.org\",\"@graph\":[{\"@type\":\"WebPage\",\"@id\":\"https:\/\/www.manaus.am.gov.br\/manauscult\/acessibilidade-sou-manaus-2023\/\",\"url\":\"https:\/\/www.manaus.am.gov.br\/manauscult\/acessibilidade-sou-manaus-2023\/\",\"name\":\"Pessoas com defici\u00eancia contam experi\u00eancia da acessibilidade no #SouManaus Passo a Pa\u00e7o 2023\",\"isPartOf\":{\"@id\":\"https:\/\/www.manaus.am.gov.br\/manauscult\/#website\"},\"primaryImageOfPage\":{\"@id\":\"https:\/\/www.manaus.am.gov.br\/manauscult\/acessibilidade-sou-manaus-2023\/#primaryimage\"},\"image\":{\"@id\":\"https:\/\/www.manaus.am.gov.br\/manauscult\/acessibilidade-sou-manaus-2023\/#primaryimage\"},\"thumbnailUrl\":\"https:\/\/www.manaus.am.gov.br\/manauscult\/wp-content\/uploads\/sites\/11\/2023\/09\/WhatsApp-Image-2023-09-05-at-20.25.12.jpeg\",\"datePublished\":\"2023-09-06T00:26:13+00:00\",\"dateModified\":\"2023-09-06T00:26:14+00:00\",\"author\":{\"@id\":\"https:\/\/www.manaus.am.gov.br\/manauscult\/#\/schema\/person\/587989a23a463cde5618e6a028977a9a\"},\"description\":\"Maria Eduarda Cohen, 14 anos, estava em \u00eaxtase no primeiro dia do \u201c#SouManaus Passo a Pa\u00e7o 2023\u201d, nesta ter\u00e7a-feira, 5\/9,\",\"breadcrumb\":{\"@id\":\"https:\/\/www.manaus.am.gov.br\/manauscult\/acessibilidade-sou-manaus-2023\/#breadcrumb\"},\"inLanguage\":\"pt-BR\",\"potentialAction\":[{\"@type\":\"ReadAction\",\"target\":[\"https:\/\/www.manaus.am.gov.br\/manauscult\/acessibilidade-sou-manaus-2023\/\"]}]},{\"@type\":\"ImageObject\",\"inLanguage\":\"pt-BR\",\"@id\":\"https:\/\/www.manaus.am.gov.br\/manauscult\/acessibilidade-sou-manaus-2023\/#primaryimage\",\"url\":\"https:\/\/www.manaus.am.gov.br\/manauscult\/wp-content\/uploads\/sites\/11\/2023\/09\/WhatsApp-Image-2023-09-05-at-20.25.12.jpeg\",\"contentUrl\":\"https:\/\/www.manaus.am.gov.br\/manauscult\/wp-content\/uploads\/sites\/11\/2023\/09\/WhatsApp-Image-2023-09-05-at-20.25.12.jpeg\",\"width\":1600,\"height\":1066},{\"@type\":\"BreadcrumbList\",\"@id\":\"https:\/\/www.manaus.am.gov.br\/manauscult\/acessibilidade-sou-manaus-2023\/#breadcrumb\",\"itemListElement\":[{\"@type\":\"ListItem\",\"position\":1,\"name\":\"Home\",\"item\":\"https:\/\/www.manaus.am.gov.br\/manauscult\/\"},{\"@type\":\"ListItem\",\"position\":2,\"name\":\"Pessoas com defici\u00eancia contam experi\u00eancia da acessibilidade no #SouManaus Passo a Pa\u00e7o 2023\"}]},{\"@type\":\"WebSite\",\"@id\":\"https:\/\/www.manaus.am.gov.br\/manauscult\/#website\",\"url\":\"https:\/\/www.manaus.am.gov.br\/manauscult\/\",\"name\":\"MANAUSCULT\",\"description\":\"Prefeitura de Manaus\",\"potentialAction\":[{\"@type\":\"SearchAction\",\"target\":{\"@type\":\"EntryPoint\",\"urlTemplate\":\"https:\/\/www.manaus.am.gov.br\/manauscult\/?s={search_term_string}\"},\"query-input\":\"required name=search_term_string\"}],\"inLanguage\":\"pt-BR\"},{\"@type\":\"Person\",\"@id\":\"https:\/\/www.manaus.am.gov.br\/manauscult\/#\/schema\/person\/587989a23a463cde5618e6a028977a9a\",\"name\":\"Maur\u00edcio Freire\",\"image\":{\"@type\":\"ImageObject\",\"inLanguage\":\"pt-BR\",\"@id\":\"https:\/\/www.manaus.am.gov.br\/manauscult\/#\/schema\/person\/image\/\",\"url\":\"https:\/\/secure.gravatar.com\/avatar\/dc1481799a1f75c733ac3b2634cd6749?s=96&d=mm&r=g\",\"contentUrl\":\"https:\/\/secure.gravatar.com\/avatar\/dc1481799a1f75c733ac3b2634cd6749?s=96&d=mm&r=g\",\"caption\":\"Maur\u00edcio Freire\"}}]}<\/script>\n<!-- \/ Yoast SEO plugin. -->","yoast_head_json":{"title":"Pessoas com defici\u00eancia contam experi\u00eancia da acessibilidade no #SouManaus Passo a Pa\u00e7o 2023","description":"Maria Eduarda Cohen, 14 anos, estava em \u00eaxtase no primeiro dia do \u201c#SouManaus Passo a Pa\u00e7o 2023\u201d, nesta ter\u00e7a-feira, 5\/9,","robots":{"index":"noindex","follow":"follow"},"og_locale":"pt_BR","og_type":"article","og_title":"Pessoas com defici\u00eancia contam experi\u00eancia da acessibilidade no #SouManaus Passo a Pa\u00e7o 2023","og_description":"Maria Eduarda Cohen, 14 anos, estava em \u00eaxtase no primeiro dia do \u201c#SouManaus Passo a Pa\u00e7o 2023\u201d, nesta ter\u00e7a-feira, 5\/9,","og_url":"https:\/\/www.manaus.am.gov.br\/manauscult\/acessibilidade-sou-manaus-2023\/","og_site_name":"MANAUSCULT","article_published_time":"2023-09-06T00:26:13+00:00","article_modified_time":"2023-09-06T00:26:14+00:00","og_image":[{"width":1600,"height":1066,"url":"https:\/\/www.manaus.am.gov.br\/manauscult\/wp-content\/uploads\/sites\/11\/2023\/09\/WhatsApp-Image-2023-09-05-at-20.25.12.jpeg","type":"image\/jpeg"}],"author":"Maur\u00edcio Freire","twitter_card":"summary_large_image","twitter_misc":{"Written by":"Maur\u00edcio Freire","Est. reading time":"4 minutos"},"schema":{"@context":"https:\/\/schema.org","@graph":[{"@type":"WebPage","@id":"https:\/\/www.manaus.am.gov.br\/manauscult\/acessibilidade-sou-manaus-2023\/","url":"https:\/\/www.manaus.am.gov.br\/manauscult\/acessibilidade-sou-manaus-2023\/","name":"Pessoas com defici\u00eancia contam experi\u00eancia da acessibilidade no #SouManaus Passo a Pa\u00e7o 2023","isPartOf":{"@id":"https:\/\/www.manaus.am.gov.br\/manauscult\/#website"},"primaryImageOfPage":{"@id":"https:\/\/www.manaus.am.gov.br\/manauscult\/acessibilidade-sou-manaus-2023\/#primaryimage"},"image":{"@id":"https:\/\/www.manaus.am.gov.br\/manauscult\/acessibilidade-sou-manaus-2023\/#primaryimage"},"thumbnailUrl":"https:\/\/www.manaus.am.gov.br\/manauscult\/wp-content\/uploads\/sites\/11\/2023\/09\/WhatsApp-Image-2023-09-05-at-20.25.12.jpeg","datePublished":"2023-09-06T00:26:13+00:00","dateModified":"2023-09-06T00:26:14+00:00","author":{"@id":"https:\/\/www.manaus.am.gov.br\/manauscult\/#\/schema\/person\/587989a23a463cde5618e6a028977a9a"},"description":"Maria Eduarda Cohen, 14 anos, estava em \u00eaxtase no primeiro dia do \u201c#SouManaus Passo a Pa\u00e7o 2023\u201d, nesta ter\u00e7a-feira, 5\/9,","breadcrumb":{"@id":"https:\/\/www.manaus.am.gov.br\/manauscult\/acessibilidade-sou-manaus-2023\/#breadcrumb"},"inLanguage":"pt-BR","potentialAction":[{"@type":"ReadAction","target":["https:\/\/www.manaus.am.gov.br\/manauscult\/acessibilidade-sou-manaus-2023\/"]}]},{"@type":"ImageObject","inLanguage":"pt-BR","@id":"https:\/\/www.manaus.am.gov.br\/manauscult\/acessibilidade-sou-manaus-2023\/#primaryimage","url":"https:\/\/www.manaus.am.gov.br\/manauscult\/wp-content\/uploads\/sites\/11\/2023\/09\/WhatsApp-Image-2023-09-05-at-20.25.12.jpeg","contentUrl":"https:\/\/www.manaus.am.gov.br\/manauscult\/wp-content\/uploads\/sites\/11\/2023\/09\/WhatsApp-Image-2023-09-05-at-20.25.12.jpeg","width":1600,"height":1066},{"@type":"BreadcrumbList","@id":"https:\/\/www.manaus.am.gov.br\/manauscult\/acessibilidade-sou-manaus-2023\/#breadcrumb","itemListElement":[{"@type":"ListItem","position":1,"name":"Home","item":"https:\/\/www.manaus.am.gov.br\/manauscult\/"},{"@type":"ListItem","position":2,"name":"Pessoas com defici\u00eancia contam experi\u00eancia da acessibilidade no #SouManaus Passo a Pa\u00e7o 2023"}]},{"@type":"WebSite","@id":"https:\/\/www.manaus.am.gov.br\/manauscult\/#website","url":"https:\/\/www.manaus.am.gov.br\/manauscult\/","name":"MANAUSCULT","description":"Prefeitura de Manaus","potentialAction":[{"@type":"SearchAction","target":{"@type":"EntryPoint","urlTemplate":"https:\/\/www.manaus.am.gov.br\/manauscult\/?s={search_term_string}"},"query-input":"required name=search_term_string"}],"inLanguage":"pt-BR"},{"@type":"Person","@id":"https:\/\/www.manaus.am.gov.br\/manauscult\/#\/schema\/person\/587989a23a463cde5618e6a028977a9a","name":"Maur\u00edcio Freire","image":{"@type":"ImageObject","inLanguage":"pt-BR","@id":"https:\/\/www.manaus.am.gov.br\/manauscult\/#\/schema\/person\/image\/","url":"https:\/\/secure.gravatar.com\/avatar\/dc1481799a1f75c733ac3b2634cd6749?s=96&d=mm&r=g","contentUrl":"https:\/\/secure.gravatar.com\/avatar\/dc1481799a1f75c733ac3b2634cd6749?s=96&d=mm&r=g","caption":"Maur\u00edcio Freire"}}]}},"_links":{"self":[{"href":"https:\/\/www.manaus.am.gov.br\/manauscult\/wp-json\/wp\/v2\/posts\/1313"}],"collection":[{"href":"https:\/\/www.manaus.am.gov.br\/manauscult\/wp-json\/wp\/v2\/posts"}],"about":[{"href":"https:\/\/www.manaus.am.gov.br\/manauscult\/wp-json\/wp\/v2\/types\/post"}],"author":[{"embeddable":true,"href":"https:\/\/www.manaus.am.gov.br\/manauscult\/wp-json\/wp\/v2\/users\/25"}],"replies":[{"embeddable":true,"href":"https:\/\/www.manaus.am.gov.br\/manauscult\/wp-json\/wp\/v2\/comments?post=1313"}],"version-history":[{"count":0,"href":"https:\/\/www.manaus.am.gov.br\/manauscult\/wp-json\/wp\/v2\/posts\/1313\/revisions"}],"wp:featuredmedia":[{"embeddable":true,"href":"https:\/\/www.manaus.am.gov.br\/manauscult\/wp-json\/wp\/v2\/media\/1314"}],"wp:attachment":[{"href":"https:\/\/www.manaus.am.gov.br\/manauscult\/wp-json\/wp\/v2\/media?parent=1313"}],"wp:term":[{"taxonomy":"category","embeddable":true,"href":"https:\/\/www.manaus.am.gov.br\/manauscult\/wp-json\/wp\/v2\/categories?post=1313"},{"taxonomy":"post_tag","embeddable":true,"href":"https:\/\/www.manaus.am.gov.br\/manauscult\/wp-json\/wp\/v2\/tags?post=1313"}],"curies":[{"name":"wp","href":"https:\/\/api.w.org\/{rel}","templated":true}]}}