{"id":1311,"date":"2023-09-05T20:15:02","date_gmt":"2023-09-06T00:15:02","guid":{"rendered":"https:\/\/www.manaus.am.gov.br\/manauscult\/estrutura-do-sou-manaus-passo-a-paco-2023-empolga-o-publico-presente-nesta-primeira-noite\/"},"modified":"2023-09-05T20:15:04","modified_gmt":"2023-09-06T00:15:04","slug":"estrutura-do-sou-manaus-passo-a-paco-2023-empolga-o-publico-presente-nesta-primeira-noite","status":"publish","type":"post","link":"https:\/\/www.manaus.am.gov.br\/manauscult\/estrutura-do-sou-manaus-passo-a-paco-2023-empolga-o-publico-presente-nesta-primeira-noite\/","title":{"rendered":"<strong>Estrutura do \u2018#SouManaus Passo a Pa\u00e7o 2023\u2019 empolga o p\u00fablico presente nesta primeira noite<\/strong>"},"content":{"rendered":"\n<p>&#8220;Para mim, tudo \u00e9 instagram\u00e1vel&#8221;. Assim a servidora p\u00fablica Dejane Torres, 47, definiu o festival \u201c#SouManaus Passo a Pa\u00e7o 2023\u201d. O evento conta com portais tem\u00e1ticos em todas as entradas de palco, \u00e1reas espec\u00edficas para foto, al\u00e9m dos palcos que tamb\u00e9m atraem a aten\u00e7\u00e3o do p\u00fablico pela beleza.<\/p>\n\n\n\n<p>Organizado pela Prefeitura de Manaus, o evento, que acontece nos dias 5, 6 e 7 de setembro no centro hist\u00f3rico da cidade, alia a beleza hist\u00f3rica do espa\u00e7o com uma megaestrutura que chama a aten\u00e7\u00e3o as pessoas presentes nesta primeira noite.<\/p>\n\n\n\n<p>Dejane foi uma das pessoas que chegou e ficou surpresa com a estrutura do #SouManaus. Para ela, 2023 supera as outras edi\u00e7\u00f5es em organiza\u00e7\u00e3o e disposi\u00e7\u00e3o.<\/p>\n\n\n\n<p>&#8220;Est\u00e1 muito boa, bonita, agrad\u00e1vel, e bem raiz. Eu s\u00f3 vou tentar chegar o mais pr\u00f3ximo poss\u00edvel da atra\u00e7\u00e3o principal. Pretendo tirar foto de tudo aqui&#8221;, completa.<\/p>\n\n\n\n<p>A professora Cyda Pedrosa, 36, tamb\u00e9m ficou impressionada com a organiza\u00e7\u00e3o e aproveitou o evento para registrar cada momento.<\/p>\n\n\n\n<p>&#8220;Estou achando muito bom o espa\u00e7o, bem atrativo, chama aten\u00e7\u00e3o para as fotos. Eu j\u00e1 tirei foto na pra\u00e7a, na entrada e em todos os pontos tur\u00edsticos&#8221;, finaliza a professora.<\/p>\n\n\n\n<p>&#8212;&#8212;<\/p>\n\n\n\n<p><strong>Texto &#8211;<\/strong> Alexandre Abreu<\/p>\n\n\n\n<p><strong>Fotos &#8211;<\/strong> Jovana Ferreira<\/p>\n","protected":false},"excerpt":{"rendered":"","protected":false},"author":52,"featured_media":1312,"comment_status":"closed","ping_status":"closed","sticky":false,"template":"","format":"standard","meta":{"footnotes":""},"categories":[508],"tags":[168,570,9,11],"acf":[],"yoast_head":"<!-- This site is optimized with the Yoast SEO plugin v23.0 - https:\/\/yoast.com\/wordpress\/plugins\/seo\/ -->\n<title>Estrutura do \u2018#SouManaus Passo a Pa\u00e7o 2023\u2019 empolga o p\u00fablico presente nesta primeira noite<\/title>\n<meta name=\"description\" content=\"&quot;Para mim, tudo \u00e9 instagram\u00e1vel&quot;. Assim a servidora p\u00fablica Dejane Torres, 47, definiu o festival \u201c#SouManaus Passo a Pa\u00e7o 2023\u201d.\" \/>\n<meta name=\"robots\" content=\"noindex, follow\" \/>\n<meta property=\"og:locale\" content=\"pt_BR\" \/>\n<meta property=\"og:type\" content=\"article\" \/>\n<meta property=\"og:title\" content=\"Estrutura do \u2018#SouManaus Passo a Pa\u00e7o 2023\u2019 empolga o p\u00fablico presente nesta primeira noite\" \/>\n<meta property=\"og:description\" content=\"&quot;Para mim, tudo \u00e9 instagram\u00e1vel&quot;. Assim a servidora p\u00fablica Dejane Torres, 47, definiu o festival \u201c#SouManaus Passo a Pa\u00e7o 2023\u201d.\" \/>\n<meta property=\"og:url\" content=\"https:\/\/www.manaus.am.gov.br\/manauscult\/estrutura-do-sou-manaus-passo-a-paco-2023-empolga-o-publico-presente-nesta-primeira-noite\/\" \/>\n<meta property=\"og:site_name\" content=\"MANAUSCULT\" \/>\n<meta property=\"article:published_time\" content=\"2023-09-06T00:15:02+00:00\" \/>\n<meta property=\"article:modified_time\" content=\"2023-09-06T00:15:04+00:00\" \/>\n<meta property=\"og:image\" content=\"https:\/\/www.manaus.am.gov.br\/manauscult\/wp-content\/uploads\/sites\/11\/2023\/09\/ESstrutura_SouManaus-2023_2.jpg\" \/>\n\t<meta property=\"og:image:width\" content=\"1600\" \/>\n\t<meta property=\"og:image:height\" content=\"1200\" \/>\n\t<meta property=\"og:image:type\" content=\"image\/jpeg\" \/>\n<meta name=\"author\" content=\"csilveira\" \/>\n<meta name=\"twitter:card\" content=\"summary_large_image\" \/>\n<meta name=\"twitter:label1\" content=\"Written by\" \/>\n\t<meta name=\"twitter:data1\" content=\"csilveira\" \/>\n\t<meta name=\"twitter:label2\" content=\"Est. reading time\" \/>\n\t<meta name=\"twitter:data2\" content=\"2 minutos\" \/>\n<script type=\"application\/ld+json\" class=\"yoast-schema-graph\">{\"@context\":\"https:\/\/schema.org\",\"@graph\":[{\"@type\":\"WebPage\",\"@id\":\"https:\/\/www.manaus.am.gov.br\/manauscult\/estrutura-do-sou-manaus-passo-a-paco-2023-empolga-o-publico-presente-nesta-primeira-noite\/\",\"url\":\"https:\/\/www.manaus.am.gov.br\/manauscult\/estrutura-do-sou-manaus-passo-a-paco-2023-empolga-o-publico-presente-nesta-primeira-noite\/\",\"name\":\"Estrutura do \u2018#SouManaus Passo a Pa\u00e7o 2023\u2019 empolga o p\u00fablico presente nesta primeira noite\",\"isPartOf\":{\"@id\":\"https:\/\/www.manaus.am.gov.br\/manauscult\/#website\"},\"primaryImageOfPage\":{\"@id\":\"https:\/\/www.manaus.am.gov.br\/manauscult\/estrutura-do-sou-manaus-passo-a-paco-2023-empolga-o-publico-presente-nesta-primeira-noite\/#primaryimage\"},\"image\":{\"@id\":\"https:\/\/www.manaus.am.gov.br\/manauscult\/estrutura-do-sou-manaus-passo-a-paco-2023-empolga-o-publico-presente-nesta-primeira-noite\/#primaryimage\"},\"thumbnailUrl\":\"https:\/\/www.manaus.am.gov.br\/manauscult\/wp-content\/uploads\/sites\/11\/2023\/09\/ESstrutura_SouManaus-2023_2.jpg\",\"datePublished\":\"2023-09-06T00:15:02+00:00\",\"dateModified\":\"2023-09-06T00:15:04+00:00\",\"author\":{\"@id\":\"https:\/\/www.manaus.am.gov.br\/manauscult\/#\/schema\/person\/bfafc779be2e19b3d3ef4a59d418b606\"},\"description\":\"\\\"Para mim, tudo \u00e9 instagram\u00e1vel\\\". Assim a servidora p\u00fablica Dejane Torres, 47, definiu o festival \u201c#SouManaus Passo a Pa\u00e7o 2023\u201d.\",\"breadcrumb\":{\"@id\":\"https:\/\/www.manaus.am.gov.br\/manauscult\/estrutura-do-sou-manaus-passo-a-paco-2023-empolga-o-publico-presente-nesta-primeira-noite\/#breadcrumb\"},\"inLanguage\":\"pt-BR\",\"potentialAction\":[{\"@type\":\"ReadAction\",\"target\":[\"https:\/\/www.manaus.am.gov.br\/manauscult\/estrutura-do-sou-manaus-passo-a-paco-2023-empolga-o-publico-presente-nesta-primeira-noite\/\"]}]},{\"@type\":\"ImageObject\",\"inLanguage\":\"pt-BR\",\"@id\":\"https:\/\/www.manaus.am.gov.br\/manauscult\/estrutura-do-sou-manaus-passo-a-paco-2023-empolga-o-publico-presente-nesta-primeira-noite\/#primaryimage\",\"url\":\"https:\/\/www.manaus.am.gov.br\/manauscult\/wp-content\/uploads\/sites\/11\/2023\/09\/ESstrutura_SouManaus-2023_2.jpg\",\"contentUrl\":\"https:\/\/www.manaus.am.gov.br\/manauscult\/wp-content\/uploads\/sites\/11\/2023\/09\/ESstrutura_SouManaus-2023_2.jpg\",\"width\":1600,\"height\":1200},{\"@type\":\"BreadcrumbList\",\"@id\":\"https:\/\/www.manaus.am.gov.br\/manauscult\/estrutura-do-sou-manaus-passo-a-paco-2023-empolga-o-publico-presente-nesta-primeira-noite\/#breadcrumb\",\"itemListElement\":[{\"@type\":\"ListItem\",\"position\":1,\"name\":\"Home\",\"item\":\"https:\/\/www.manaus.am.gov.br\/manauscult\/\"},{\"@type\":\"ListItem\",\"position\":2,\"name\":\"Estrutura do \u2018#SouManaus Passo a Pa\u00e7o 2023\u2019 empolga o p\u00fablico presente nesta primeira noite\"}]},{\"@type\":\"WebSite\",\"@id\":\"https:\/\/www.manaus.am.gov.br\/manauscult\/#website\",\"url\":\"https:\/\/www.manaus.am.gov.br\/manauscult\/\",\"name\":\"MANAUSCULT\",\"description\":\"Prefeitura de Manaus\",\"potentialAction\":[{\"@type\":\"SearchAction\",\"target\":{\"@type\":\"EntryPoint\",\"urlTemplate\":\"https:\/\/www.manaus.am.gov.br\/manauscult\/?s={search_term_string}\"},\"query-input\":\"required name=search_term_string\"}],\"inLanguage\":\"pt-BR\"},{\"@type\":\"Person\",\"@id\":\"https:\/\/www.manaus.am.gov.br\/manauscult\/#\/schema\/person\/bfafc779be2e19b3d3ef4a59d418b606\",\"name\":\"csilveira\",\"image\":{\"@type\":\"ImageObject\",\"inLanguage\":\"pt-BR\",\"@id\":\"https:\/\/www.manaus.am.gov.br\/manauscult\/#\/schema\/person\/image\/\",\"url\":\"https:\/\/secure.gravatar.com\/avatar\/9c2e2f00138fcd35401c748bd030d3b5?s=96&d=mm&r=g\",\"contentUrl\":\"https:\/\/secure.gravatar.com\/avatar\/9c2e2f00138fcd35401c748bd030d3b5?s=96&d=mm&r=g\",\"caption\":\"csilveira\"}}]}<\/script>\n<!-- \/ Yoast SEO plugin. -->","yoast_head_json":{"title":"Estrutura do \u2018#SouManaus Passo a Pa\u00e7o 2023\u2019 empolga o p\u00fablico presente nesta primeira noite","description":"\"Para mim, tudo \u00e9 instagram\u00e1vel\". Assim a servidora p\u00fablica Dejane Torres, 47, definiu o festival \u201c#SouManaus Passo a Pa\u00e7o 2023\u201d.","robots":{"index":"noindex","follow":"follow"},"og_locale":"pt_BR","og_type":"article","og_title":"Estrutura do \u2018#SouManaus Passo a Pa\u00e7o 2023\u2019 empolga o p\u00fablico presente nesta primeira noite","og_description":"\"Para mim, tudo \u00e9 instagram\u00e1vel\". Assim a servidora p\u00fablica Dejane Torres, 47, definiu o festival \u201c#SouManaus Passo a Pa\u00e7o 2023\u201d.","og_url":"https:\/\/www.manaus.am.gov.br\/manauscult\/estrutura-do-sou-manaus-passo-a-paco-2023-empolga-o-publico-presente-nesta-primeira-noite\/","og_site_name":"MANAUSCULT","article_published_time":"2023-09-06T00:15:02+00:00","article_modified_time":"2023-09-06T00:15:04+00:00","og_image":[{"width":1600,"height":1200,"url":"https:\/\/www.manaus.am.gov.br\/manauscult\/wp-content\/uploads\/sites\/11\/2023\/09\/ESstrutura_SouManaus-2023_2.jpg","type":"image\/jpeg"}],"author":"csilveira","twitter_card":"summary_large_image","twitter_misc":{"Written by":"csilveira","Est. reading time":"2 minutos"},"schema":{"@context":"https:\/\/schema.org","@graph":[{"@type":"WebPage","@id":"https:\/\/www.manaus.am.gov.br\/manauscult\/estrutura-do-sou-manaus-passo-a-paco-2023-empolga-o-publico-presente-nesta-primeira-noite\/","url":"https:\/\/www.manaus.am.gov.br\/manauscult\/estrutura-do-sou-manaus-passo-a-paco-2023-empolga-o-publico-presente-nesta-primeira-noite\/","name":"Estrutura do \u2018#SouManaus Passo a Pa\u00e7o 2023\u2019 empolga o p\u00fablico presente nesta primeira noite","isPartOf":{"@id":"https:\/\/www.manaus.am.gov.br\/manauscult\/#website"},"primaryImageOfPage":{"@id":"https:\/\/www.manaus.am.gov.br\/manauscult\/estrutura-do-sou-manaus-passo-a-paco-2023-empolga-o-publico-presente-nesta-primeira-noite\/#primaryimage"},"image":{"@id":"https:\/\/www.manaus.am.gov.br\/manauscult\/estrutura-do-sou-manaus-passo-a-paco-2023-empolga-o-publico-presente-nesta-primeira-noite\/#primaryimage"},"thumbnailUrl":"https:\/\/www.manaus.am.gov.br\/manauscult\/wp-content\/uploads\/sites\/11\/2023\/09\/ESstrutura_SouManaus-2023_2.jpg","datePublished":"2023-09-06T00:15:02+00:00","dateModified":"2023-09-06T00:15:04+00:00","author":{"@id":"https:\/\/www.manaus.am.gov.br\/manauscult\/#\/schema\/person\/bfafc779be2e19b3d3ef4a59d418b606"},"description":"\"Para mim, tudo \u00e9 instagram\u00e1vel\". Assim a servidora p\u00fablica Dejane Torres, 47, definiu o festival \u201c#SouManaus Passo a Pa\u00e7o 2023\u201d.","breadcrumb":{"@id":"https:\/\/www.manaus.am.gov.br\/manauscult\/estrutura-do-sou-manaus-passo-a-paco-2023-empolga-o-publico-presente-nesta-primeira-noite\/#breadcrumb"},"inLanguage":"pt-BR","potentialAction":[{"@type":"ReadAction","target":["https:\/\/www.manaus.am.gov.br\/manauscult\/estrutura-do-sou-manaus-passo-a-paco-2023-empolga-o-publico-presente-nesta-primeira-noite\/"]}]},{"@type":"ImageObject","inLanguage":"pt-BR","@id":"https:\/\/www.manaus.am.gov.br\/manauscult\/estrutura-do-sou-manaus-passo-a-paco-2023-empolga-o-publico-presente-nesta-primeira-noite\/#primaryimage","url":"https:\/\/www.manaus.am.gov.br\/manauscult\/wp-content\/uploads\/sites\/11\/2023\/09\/ESstrutura_SouManaus-2023_2.jpg","contentUrl":"https:\/\/www.manaus.am.gov.br\/manauscult\/wp-content\/uploads\/sites\/11\/2023\/09\/ESstrutura_SouManaus-2023_2.jpg","width":1600,"height":1200},{"@type":"BreadcrumbList","@id":"https:\/\/www.manaus.am.gov.br\/manauscult\/estrutura-do-sou-manaus-passo-a-paco-2023-empolga-o-publico-presente-nesta-primeira-noite\/#breadcrumb","itemListElement":[{"@type":"ListItem","position":1,"name":"Home","item":"https:\/\/www.manaus.am.gov.br\/manauscult\/"},{"@type":"ListItem","position":2,"name":"Estrutura do \u2018#SouManaus Passo a Pa\u00e7o 2023\u2019 empolga o p\u00fablico presente nesta primeira noite"}]},{"@type":"WebSite","@id":"https:\/\/www.manaus.am.gov.br\/manauscult\/#website","url":"https:\/\/www.manaus.am.gov.br\/manauscult\/","name":"MANAUSCULT","description":"Prefeitura de Manaus","potentialAction":[{"@type":"SearchAction","target":{"@type":"EntryPoint","urlTemplate":"https:\/\/www.manaus.am.gov.br\/manauscult\/?s={search_term_string}"},"query-input":"required name=search_term_string"}],"inLanguage":"pt-BR"},{"@type":"Person","@id":"https:\/\/www.manaus.am.gov.br\/manauscult\/#\/schema\/person\/bfafc779be2e19b3d3ef4a59d418b606","name":"csilveira","image":{"@type":"ImageObject","inLanguage":"pt-BR","@id":"https:\/\/www.manaus.am.gov.br\/manauscult\/#\/schema\/person\/image\/","url":"https:\/\/secure.gravatar.com\/avatar\/9c2e2f00138fcd35401c748bd030d3b5?s=96&d=mm&r=g","contentUrl":"https:\/\/secure.gravatar.com\/avatar\/9c2e2f00138fcd35401c748bd030d3b5?s=96&d=mm&r=g","caption":"csilveira"}}]}},"_links":{"self":[{"href":"https:\/\/www.manaus.am.gov.br\/manauscult\/wp-json\/wp\/v2\/posts\/1311"}],"collection":[{"href":"https:\/\/www.manaus.am.gov.br\/manauscult\/wp-json\/wp\/v2\/posts"}],"about":[{"href":"https:\/\/www.manaus.am.gov.br\/manauscult\/wp-json\/wp\/v2\/types\/post"}],"author":[{"embeddable":true,"href":"https:\/\/www.manaus.am.gov.br\/manauscult\/wp-json\/wp\/v2\/users\/52"}],"replies":[{"embeddable":true,"href":"https:\/\/www.manaus.am.gov.br\/manauscult\/wp-json\/wp\/v2\/comments?post=1311"}],"version-history":[{"count":0,"href":"https:\/\/www.manaus.am.gov.br\/manauscult\/wp-json\/wp\/v2\/posts\/1311\/revisions"}],"wp:featuredmedia":[{"embeddable":true,"href":"https:\/\/www.manaus.am.gov.br\/manauscult\/wp-json\/wp\/v2\/media\/1312"}],"wp:attachment":[{"href":"https:\/\/www.manaus.am.gov.br\/manauscult\/wp-json\/wp\/v2\/media?parent=1311"}],"wp:term":[{"taxonomy":"category","embeddable":true,"href":"https:\/\/www.manaus.am.gov.br\/manauscult\/wp-json\/wp\/v2\/categories?post=1311"},{"taxonomy":"post_tag","embeddable":true,"href":"https:\/\/www.manaus.am.gov.br\/manauscult\/wp-json\/wp\/v2\/tags?post=1311"}],"curies":[{"name":"wp","href":"https:\/\/api.w.org\/{rel}","templated":true}]}}