{"id":1307,"date":"2023-09-05T19:43:36","date_gmt":"2023-09-05T23:43:36","guid":{"rendered":"https:\/\/www.manaus.am.gov.br\/manauscult\/sou-manaus-manifestacoes-culturais\/"},"modified":"2023-09-05T19:43:37","modified_gmt":"2023-09-05T23:43:37","slug":"sou-manaus-manifestacoes-culturais","status":"publish","type":"post","link":"https:\/\/www.manaus.am.gov.br\/manauscult\/sou-manaus-manifestacoes-culturais\/","title":{"rendered":"<strong>#SouManaus Passo a Pa\u00e7o 2023 abre espa\u00e7o para diferentes manifesta\u00e7\u00f5es culturais<\/strong>"},"content":{"rendered":"\n<p>O \u201c#SouManaus Passo a Pa\u00e7o 2023\u201d, evento promovido pela Prefeitura de Manaus na \u00e1rea central da cidade, se consolida como o maior festival de artes integradas da regi\u00e3o Norte. A valoriza\u00e7\u00e3o das diferentes manifesta\u00e7\u00f5es culturais j\u00e1 \u00e9 marca registrada do evento, que abre espa\u00e7o para artes\u00e3os das mais variadas identidades culturais.<\/p>\n\n\n\n<p>Na rua Bernardo Ramos, tradicional pela conserva\u00e7\u00e3o do patrim\u00f4nio arquitet\u00f4nico do centro hist\u00f3rico de Manaus, a Funda\u00e7\u00e3o Municipal de Cultura, Turismo e Eventos (Manauscult), organizadora do #SouManaus, criou espa\u00e7o para uma feira de artesanato, na qual \u00e9 poss\u00edvel encontrar trabalhos que representam uma grande diversidade art\u00edstica.<\/p>\n\n\n\n<p>O grupo Mulheres de Ax\u00e9,&nbsp; formado por representantes de povos e comunidades de terreiro, trouxe para a feira banhos, pinturas, arte em tecido, perfumes e ervas. A presidente do grupo, J\u00e9ssica Hermes Felipe, destacou a iniciativa da prefeitura. \u201cOs artes\u00e3os s\u00e3o pessoas que n\u00e3o t\u00eam um lugar espec\u00edfico para trabalhar. A oportunidade de estar em um evento do alcance do #SouManaus \u00e9 important\u00edssima, porque a gente ganha visibilidade e tem contato com um p\u00fablico muito grande\u201d, disse.<\/p>\n\n\n\n<p>Os artes\u00e3os da Na\u00e7\u00e3o Mesti\u00e7a est\u00e3o expondo produtos como biscoitos caseiros, bijouterias e acess\u00f3rios para cabelos. Helderli Fideliz Castro, presidente do grupo, elogiou a organiza\u00e7\u00e3o e agradeceu a oportunidade de poder participar. \u201cEstamos muito agradecidos ao prefeito David Almeida, que tem sensibilidade para enxergar o trabalho de pessoas humildes como os nossos artes\u00e3os, proporcionando essa visibilidade a n\u00f3s\u201d, comentou.<\/p>\n\n\n\n<p>O mesmo sentimento foi compartilhado pela presidente da Associa\u00e7\u00e3o Mulheres Amazonenses nas Comunidades (Amac), Idenilde Matos da Silva, que pela primeira vez participa do \u201c#SouManaus Passo a Passo\u201d. \u201cNossa associa\u00e7\u00e3o est\u00e1 completando um ano de exist\u00eancia oficial. Trabalhamos com mulheres de baixa renda, que precisam complementar o or\u00e7amento familiar. Temos 45 artes\u00e3s que sonhavam em poder participar desse grande evento. Esse espa\u00e7o, que foi cedido para n\u00f3s, foi a coisa mais maravilhosa que poderia nos acontecer. S\u00f3 temos a agradecer\u201d, completou.<\/p>\n\n\n\n<p>Este ano, o #SouManaus conta com cerca de 600 trabalhadores da cultura, dos quais 75 s\u00e3o artes\u00e3os.<\/p>\n\n\n\n<p>&#8212; &#8212; &#8212;<\/p>\n\n\n\n<p><strong>Texto<\/strong> &#8211; Sandra Monteiro e Sidney William \/ Semcom&nbsp;<\/p>\n\n\n\n<p><strong>Fotos <\/strong>&#8211; Thelson Souza \/ Semcom<\/p>\n\n\n\n<p><strong>Dispon\u00edveis em<\/strong> &#8211; https:\/\/flic.kr\/s\/aHBqjATDDL<\/p>\n","protected":false},"excerpt":{"rendered":"","protected":false},"author":25,"featured_media":1308,"comment_status":"closed","ping_status":"closed","sticky":false,"template":"","format":"standard","meta":{"footnotes":""},"categories":[508],"tags":[569,279],"acf":[],"yoast_head":"<!-- This site is optimized with the Yoast SEO plugin v23.0 - https:\/\/yoast.com\/wordpress\/plugins\/seo\/ -->\n<title>#SouManaus Passo a Pa\u00e7o 2023 abre espa\u00e7o para diferentes manifesta\u00e7\u00f5es culturais<\/title>\n<meta name=\"description\" content=\"O \u201c#SouManaus Passo a Pa\u00e7o 2023\u201d, evento promovido pela Prefeitura de Manaus na \u00e1rea central da cidade, se consolida como o maior festival\" \/>\n<meta name=\"robots\" content=\"noindex, follow\" \/>\n<meta property=\"og:locale\" content=\"pt_BR\" \/>\n<meta property=\"og:type\" content=\"article\" \/>\n<meta property=\"og:title\" content=\"#SouManaus Passo a Pa\u00e7o 2023 abre espa\u00e7o para diferentes manifesta\u00e7\u00f5es culturais\" \/>\n<meta property=\"og:description\" content=\"O \u201c#SouManaus Passo a Pa\u00e7o 2023\u201d, evento promovido pela Prefeitura de Manaus na \u00e1rea central da cidade, se consolida como o maior festival\" \/>\n<meta property=\"og:url\" content=\"https:\/\/www.manaus.am.gov.br\/manauscult\/sou-manaus-manifestacoes-culturais\/\" \/>\n<meta property=\"og:site_name\" content=\"MANAUSCULT\" \/>\n<meta property=\"article:published_time\" content=\"2023-09-05T23:43:36+00:00\" \/>\n<meta property=\"article:modified_time\" content=\"2023-09-05T23:43:37+00:00\" \/>\n<meta property=\"og:image\" content=\"https:\/\/www.manaus.am.gov.br\/manauscult\/wp-content\/uploads\/sites\/11\/2023\/09\/53167662280_d0f2e82b39_c.jpg\" \/>\n\t<meta property=\"og:image:width\" content=\"800\" \/>\n\t<meta property=\"og:image:height\" content=\"370\" \/>\n\t<meta property=\"og:image:type\" content=\"image\/jpeg\" \/>\n<meta name=\"author\" content=\"Maur\u00edcio Freire\" \/>\n<meta name=\"twitter:card\" content=\"summary_large_image\" \/>\n<meta name=\"twitter:label1\" content=\"Written by\" \/>\n\t<meta name=\"twitter:data1\" content=\"Maur\u00edcio Freire\" \/>\n\t<meta name=\"twitter:label2\" content=\"Est. reading time\" \/>\n\t<meta name=\"twitter:data2\" content=\"2 minutos\" \/>\n<script type=\"application\/ld+json\" class=\"yoast-schema-graph\">{\"@context\":\"https:\/\/schema.org\",\"@graph\":[{\"@type\":\"WebPage\",\"@id\":\"https:\/\/www.manaus.am.gov.br\/manauscult\/sou-manaus-manifestacoes-culturais\/\",\"url\":\"https:\/\/www.manaus.am.gov.br\/manauscult\/sou-manaus-manifestacoes-culturais\/\",\"name\":\"#SouManaus Passo a Pa\u00e7o 2023 abre espa\u00e7o para diferentes manifesta\u00e7\u00f5es culturais\",\"isPartOf\":{\"@id\":\"https:\/\/www.manaus.am.gov.br\/manauscult\/#website\"},\"primaryImageOfPage\":{\"@id\":\"https:\/\/www.manaus.am.gov.br\/manauscult\/sou-manaus-manifestacoes-culturais\/#primaryimage\"},\"image\":{\"@id\":\"https:\/\/www.manaus.am.gov.br\/manauscult\/sou-manaus-manifestacoes-culturais\/#primaryimage\"},\"thumbnailUrl\":\"https:\/\/www.manaus.am.gov.br\/manauscult\/wp-content\/uploads\/sites\/11\/2023\/09\/53167662280_d0f2e82b39_c.jpg\",\"datePublished\":\"2023-09-05T23:43:36+00:00\",\"dateModified\":\"2023-09-05T23:43:37+00:00\",\"author\":{\"@id\":\"https:\/\/www.manaus.am.gov.br\/manauscult\/#\/schema\/person\/587989a23a463cde5618e6a028977a9a\"},\"description\":\"O \u201c#SouManaus Passo a Pa\u00e7o 2023\u201d, evento promovido pela Prefeitura de Manaus na \u00e1rea central da cidade, se consolida como o maior festival\",\"breadcrumb\":{\"@id\":\"https:\/\/www.manaus.am.gov.br\/manauscult\/sou-manaus-manifestacoes-culturais\/#breadcrumb\"},\"inLanguage\":\"pt-BR\",\"potentialAction\":[{\"@type\":\"ReadAction\",\"target\":[\"https:\/\/www.manaus.am.gov.br\/manauscult\/sou-manaus-manifestacoes-culturais\/\"]}]},{\"@type\":\"ImageObject\",\"inLanguage\":\"pt-BR\",\"@id\":\"https:\/\/www.manaus.am.gov.br\/manauscult\/sou-manaus-manifestacoes-culturais\/#primaryimage\",\"url\":\"https:\/\/www.manaus.am.gov.br\/manauscult\/wp-content\/uploads\/sites\/11\/2023\/09\/53167662280_d0f2e82b39_c.jpg\",\"contentUrl\":\"https:\/\/www.manaus.am.gov.br\/manauscult\/wp-content\/uploads\/sites\/11\/2023\/09\/53167662280_d0f2e82b39_c.jpg\",\"width\":800,\"height\":370},{\"@type\":\"BreadcrumbList\",\"@id\":\"https:\/\/www.manaus.am.gov.br\/manauscult\/sou-manaus-manifestacoes-culturais\/#breadcrumb\",\"itemListElement\":[{\"@type\":\"ListItem\",\"position\":1,\"name\":\"Home\",\"item\":\"https:\/\/www.manaus.am.gov.br\/manauscult\/\"},{\"@type\":\"ListItem\",\"position\":2,\"name\":\"#SouManaus Passo a Pa\u00e7o 2023 abre espa\u00e7o para diferentes manifesta\u00e7\u00f5es culturais\"}]},{\"@type\":\"WebSite\",\"@id\":\"https:\/\/www.manaus.am.gov.br\/manauscult\/#website\",\"url\":\"https:\/\/www.manaus.am.gov.br\/manauscult\/\",\"name\":\"MANAUSCULT\",\"description\":\"Prefeitura de Manaus\",\"potentialAction\":[{\"@type\":\"SearchAction\",\"target\":{\"@type\":\"EntryPoint\",\"urlTemplate\":\"https:\/\/www.manaus.am.gov.br\/manauscult\/?s={search_term_string}\"},\"query-input\":\"required name=search_term_string\"}],\"inLanguage\":\"pt-BR\"},{\"@type\":\"Person\",\"@id\":\"https:\/\/www.manaus.am.gov.br\/manauscult\/#\/schema\/person\/587989a23a463cde5618e6a028977a9a\",\"name\":\"Maur\u00edcio Freire\",\"image\":{\"@type\":\"ImageObject\",\"inLanguage\":\"pt-BR\",\"@id\":\"https:\/\/www.manaus.am.gov.br\/manauscult\/#\/schema\/person\/image\/\",\"url\":\"https:\/\/secure.gravatar.com\/avatar\/dc1481799a1f75c733ac3b2634cd6749?s=96&d=mm&r=g\",\"contentUrl\":\"https:\/\/secure.gravatar.com\/avatar\/dc1481799a1f75c733ac3b2634cd6749?s=96&d=mm&r=g\",\"caption\":\"Maur\u00edcio Freire\"}}]}<\/script>\n<!-- \/ Yoast SEO plugin. -->","yoast_head_json":{"title":"#SouManaus Passo a Pa\u00e7o 2023 abre espa\u00e7o para diferentes manifesta\u00e7\u00f5es culturais","description":"O \u201c#SouManaus Passo a Pa\u00e7o 2023\u201d, evento promovido pela Prefeitura de Manaus na \u00e1rea central da cidade, se consolida como o maior festival","robots":{"index":"noindex","follow":"follow"},"og_locale":"pt_BR","og_type":"article","og_title":"#SouManaus Passo a Pa\u00e7o 2023 abre espa\u00e7o para diferentes manifesta\u00e7\u00f5es culturais","og_description":"O \u201c#SouManaus Passo a Pa\u00e7o 2023\u201d, evento promovido pela Prefeitura de Manaus na \u00e1rea central da cidade, se consolida como o maior festival","og_url":"https:\/\/www.manaus.am.gov.br\/manauscult\/sou-manaus-manifestacoes-culturais\/","og_site_name":"MANAUSCULT","article_published_time":"2023-09-05T23:43:36+00:00","article_modified_time":"2023-09-05T23:43:37+00:00","og_image":[{"width":800,"height":370,"url":"https:\/\/www.manaus.am.gov.br\/manauscult\/wp-content\/uploads\/sites\/11\/2023\/09\/53167662280_d0f2e82b39_c.jpg","type":"image\/jpeg"}],"author":"Maur\u00edcio Freire","twitter_card":"summary_large_image","twitter_misc":{"Written by":"Maur\u00edcio Freire","Est. reading time":"2 minutos"},"schema":{"@context":"https:\/\/schema.org","@graph":[{"@type":"WebPage","@id":"https:\/\/www.manaus.am.gov.br\/manauscult\/sou-manaus-manifestacoes-culturais\/","url":"https:\/\/www.manaus.am.gov.br\/manauscult\/sou-manaus-manifestacoes-culturais\/","name":"#SouManaus Passo a Pa\u00e7o 2023 abre espa\u00e7o para diferentes manifesta\u00e7\u00f5es culturais","isPartOf":{"@id":"https:\/\/www.manaus.am.gov.br\/manauscult\/#website"},"primaryImageOfPage":{"@id":"https:\/\/www.manaus.am.gov.br\/manauscult\/sou-manaus-manifestacoes-culturais\/#primaryimage"},"image":{"@id":"https:\/\/www.manaus.am.gov.br\/manauscult\/sou-manaus-manifestacoes-culturais\/#primaryimage"},"thumbnailUrl":"https:\/\/www.manaus.am.gov.br\/manauscult\/wp-content\/uploads\/sites\/11\/2023\/09\/53167662280_d0f2e82b39_c.jpg","datePublished":"2023-09-05T23:43:36+00:00","dateModified":"2023-09-05T23:43:37+00:00","author":{"@id":"https:\/\/www.manaus.am.gov.br\/manauscult\/#\/schema\/person\/587989a23a463cde5618e6a028977a9a"},"description":"O \u201c#SouManaus Passo a Pa\u00e7o 2023\u201d, evento promovido pela Prefeitura de Manaus na \u00e1rea central da cidade, se consolida como o maior festival","breadcrumb":{"@id":"https:\/\/www.manaus.am.gov.br\/manauscult\/sou-manaus-manifestacoes-culturais\/#breadcrumb"},"inLanguage":"pt-BR","potentialAction":[{"@type":"ReadAction","target":["https:\/\/www.manaus.am.gov.br\/manauscult\/sou-manaus-manifestacoes-culturais\/"]}]},{"@type":"ImageObject","inLanguage":"pt-BR","@id":"https:\/\/www.manaus.am.gov.br\/manauscult\/sou-manaus-manifestacoes-culturais\/#primaryimage","url":"https:\/\/www.manaus.am.gov.br\/manauscult\/wp-content\/uploads\/sites\/11\/2023\/09\/53167662280_d0f2e82b39_c.jpg","contentUrl":"https:\/\/www.manaus.am.gov.br\/manauscult\/wp-content\/uploads\/sites\/11\/2023\/09\/53167662280_d0f2e82b39_c.jpg","width":800,"height":370},{"@type":"BreadcrumbList","@id":"https:\/\/www.manaus.am.gov.br\/manauscult\/sou-manaus-manifestacoes-culturais\/#breadcrumb","itemListElement":[{"@type":"ListItem","position":1,"name":"Home","item":"https:\/\/www.manaus.am.gov.br\/manauscult\/"},{"@type":"ListItem","position":2,"name":"#SouManaus Passo a Pa\u00e7o 2023 abre espa\u00e7o para diferentes manifesta\u00e7\u00f5es culturais"}]},{"@type":"WebSite","@id":"https:\/\/www.manaus.am.gov.br\/manauscult\/#website","url":"https:\/\/www.manaus.am.gov.br\/manauscult\/","name":"MANAUSCULT","description":"Prefeitura de Manaus","potentialAction":[{"@type":"SearchAction","target":{"@type":"EntryPoint","urlTemplate":"https:\/\/www.manaus.am.gov.br\/manauscult\/?s={search_term_string}"},"query-input":"required name=search_term_string"}],"inLanguage":"pt-BR"},{"@type":"Person","@id":"https:\/\/www.manaus.am.gov.br\/manauscult\/#\/schema\/person\/587989a23a463cde5618e6a028977a9a","name":"Maur\u00edcio Freire","image":{"@type":"ImageObject","inLanguage":"pt-BR","@id":"https:\/\/www.manaus.am.gov.br\/manauscult\/#\/schema\/person\/image\/","url":"https:\/\/secure.gravatar.com\/avatar\/dc1481799a1f75c733ac3b2634cd6749?s=96&d=mm&r=g","contentUrl":"https:\/\/secure.gravatar.com\/avatar\/dc1481799a1f75c733ac3b2634cd6749?s=96&d=mm&r=g","caption":"Maur\u00edcio Freire"}}]}},"_links":{"self":[{"href":"https:\/\/www.manaus.am.gov.br\/manauscult\/wp-json\/wp\/v2\/posts\/1307"}],"collection":[{"href":"https:\/\/www.manaus.am.gov.br\/manauscult\/wp-json\/wp\/v2\/posts"}],"about":[{"href":"https:\/\/www.manaus.am.gov.br\/manauscult\/wp-json\/wp\/v2\/types\/post"}],"author":[{"embeddable":true,"href":"https:\/\/www.manaus.am.gov.br\/manauscult\/wp-json\/wp\/v2\/users\/25"}],"replies":[{"embeddable":true,"href":"https:\/\/www.manaus.am.gov.br\/manauscult\/wp-json\/wp\/v2\/comments?post=1307"}],"version-history":[{"count":0,"href":"https:\/\/www.manaus.am.gov.br\/manauscult\/wp-json\/wp\/v2\/posts\/1307\/revisions"}],"wp:featuredmedia":[{"embeddable":true,"href":"https:\/\/www.manaus.am.gov.br\/manauscult\/wp-json\/wp\/v2\/media\/1308"}],"wp:attachment":[{"href":"https:\/\/www.manaus.am.gov.br\/manauscult\/wp-json\/wp\/v2\/media?parent=1307"}],"wp:term":[{"taxonomy":"category","embeddable":true,"href":"https:\/\/www.manaus.am.gov.br\/manauscult\/wp-json\/wp\/v2\/categories?post=1307"},{"taxonomy":"post_tag","embeddable":true,"href":"https:\/\/www.manaus.am.gov.br\/manauscult\/wp-json\/wp\/v2\/tags?post=1307"}],"curies":[{"name":"wp","href":"https:\/\/api.w.org\/{rel}","templated":true}]}}