{"id":1302,"date":"2023-09-05T09:19:45","date_gmt":"2023-09-05T13:19:45","guid":{"rendered":"https:\/\/www.manaus.am.gov.br\/manauscult\/prefeitura-comemora-primeiro-dia-municipal-da-poesia-e-dia-b-de-bacellar-em-manaus-com-recital-poetico\/"},"modified":"2023-09-05T09:19:47","modified_gmt":"2023-09-05T13:19:47","slug":"prefeitura-comemora-primeiro-dia-municipal-da-poesia-e-dia-b-de-bacellar-em-manaus-com-recital-poetico","status":"publish","type":"post","link":"https:\/\/www.manaus.am.gov.br\/manauscult\/prefeitura-comemora-primeiro-dia-municipal-da-poesia-e-dia-b-de-bacellar-em-manaus-com-recital-poetico\/","title":{"rendered":"Prefeitura comemora primeiro \u2018Dia Municipal da Poesia\u2019 e \u2018Dia B de Bacellar\u2019 em Manaus com recital po\u00e9tico"},"content":{"rendered":"\n<p>A Prefeitura de Manaus, por meio da Funda\u00e7\u00e3o Municipal de Cultura, Turismo e Eventos (Manauscult) e do Conselho Municipal de Cultura (Concultura), realizou, nesta segunda-feira, 4\/9, o recital \u201cO Of\u00edcio do Poeta\u201d em celebra\u00e7\u00e3o ao \u201cDia Municipal da Poesia\u201d e &#8220;Dia B de Bacellar&#8221;, na Biblioteca Municipal Jo\u00e3o Bosco Pantoja Evangelista, no Centro, zona Sul. A data \u00e9 comemorada pela primeira vez na capital amazonense.<\/p>\n\n\n\n<p>O dia 4 de setembro foi institu\u00eddo como \u201cDia Municipal da Poesia\u201d por meio da Lei n\u00ba 3.013, de 11 de janeiro de 2023, devendo passar a constar no calend\u00e1rio oficial da cidade de Manaus e nas agendas de comemora\u00e7\u00f5es dos departamentos municipais de cultura, turismo, educa\u00e7\u00e3o e promo\u00e7\u00e3o de lazer, com a realiza\u00e7\u00e3o de eventos alusivos \u00e0 hist\u00f3ria da literatura brasileira e homenagens aos poetas locais.<\/p>\n\n\n\n<p>\u201cA nova data coloca a palavra, a poesia, em seu lugar na posi\u00e7\u00e3o merecida pela contribui\u00e7\u00e3o que deu a literatura manauara e amaz\u00f4nida, com as gera\u00e7\u00f5es do Clube da Madrugada&#8221;, disse o diretor-presidente da Manauscult, Osvaldo Cardoso. Ele ressaltou ainda que foi criada uma sala na biblioteca municipal dedicada ao poeta Luiz Bacellar com uma exposi\u00e7\u00e3o permanente sobre a vida e obra do poeta manauara.<\/p>\n\n\n\n<p>O presidente do Concultura, Ten\u00f3rio Telles, explicou que a data escolhida para celebra\u00e7\u00e3o da poesia no munic\u00edpio de Manaus \u00e9 alusiva ao nascimento do poeta manauara Luiz Bacellar, um dos nomes mais expressivos da literatura brasileira contempor\u00e2nea.<\/p>\n\n\n\n<p>&#8220;Em cumprimento ao dispositivo legal na cidade de Manaus, a Manauscult e o Concultura t\u00eam a grata satisfa\u00e7\u00e3o de realizar o recital \u2018O Of\u00edcio do Poeta\u2019, celebrando tamb\u00e9m o Dia B de Bacellar&#8221;, disse Telles.<\/p>\n\n\n\n<p>O organizador da efem\u00e9ride foi o diretor de Cultura do Conselho, Carlos Guedelha. &#8220;Foi um evento festivo, com palestras, rodadas de poesia e m\u00fasica, um dia hist\u00f3rico, pois a partir de agora, quem participou deste sarau vai se orgulhar de dizer anos depois que participou do primeiro anivers\u00e1rio oficial da Poesia em Manaus&#8221;, comentou.<\/p>\n\n\n\n<p>O evento contou com a participa\u00e7\u00e3o especial de poetas do Clube Liter\u00e1rio do Amazonas (Clam), do Grupo de Estudos da Met\u00e1fora e Pesquisas sobre L\u00edngua e Literatura de Express\u00e3o Amaz\u00f4nica de estudantes (Gremplexa), dos alunos do Mestrado em Letras da Universidade Federal do Amazonas (Ufam), dos estudantes da escola municipal Aristides Barreto da DDZ Oeste da Secretaria Municipal de Educa\u00e7\u00e3o (Semed), e do cantor e compositor Sebasti\u00e3o do Largo.<\/p>\n\n\n\n<p>&#8212; &#8212; &#8212;<\/p>\n\n\n\n<p><strong>Texto e foto &#8211;<\/strong> Crist\u00f3v\u00e3o Nonato \/ Manauscult<\/p>\n","protected":false},"excerpt":{"rendered":"","protected":false},"author":39,"featured_media":1303,"comment_status":"closed","ping_status":"closed","sticky":false,"template":"","format":"standard","meta":{"footnotes":""},"categories":[12],"tags":[562,45,563,564,565,9,11],"acf":[],"yoast_head":"<!-- This site is optimized with the Yoast SEO plugin v23.0 - https:\/\/yoast.com\/wordpress\/plugins\/seo\/ -->\n<title>Prefeitura comemora primeiro \u2018Dia Municipal da Poesia\u2019 e \u2018Dia B de Bacellar\u2019 em Manaus com recital po\u00e9tico<\/title>\n<meta name=\"description\" content=\"A Prefeitura de Manaus, por meio da Funda\u00e7\u00e3o Municipal de Cultura, Turismo e Eventos (Manauscult) e do Conselho Municipal de Cultura (Concultura), realizou, nesta segunda-feira, 4\/9, o recital \u201cO Of\u00edcio do Poeta\u201d em celebra\u00e7\u00e3o ao \u201cDia Municipal da Poesia\u201d e &quot;Dia B de Bacellar&quot;, na Biblioteca Municipal Jo\u00e3o Bosco Pantoja Evangelista, no Centro, zona Sul. A data \u00e9 comemorada pela primeira vez na capital amazonense.\" \/>\n<meta name=\"robots\" content=\"noindex, follow\" \/>\n<meta property=\"og:locale\" content=\"pt_BR\" \/>\n<meta property=\"og:type\" content=\"article\" \/>\n<meta property=\"og:title\" content=\"Prefeitura comemora primeiro \u2018Dia Municipal da Poesia\u2019 e \u2018Dia B de Bacellar\u2019 em Manaus com recital po\u00e9tico\" \/>\n<meta property=\"og:description\" content=\"A Prefeitura de Manaus, por meio da Funda\u00e7\u00e3o Municipal de Cultura, Turismo e Eventos (Manauscult) e do Conselho Municipal de Cultura (Concultura), realizou, nesta segunda-feira, 4\/9, o recital \u201cO Of\u00edcio do Poeta\u201d em celebra\u00e7\u00e3o ao \u201cDia Municipal da Poesia\u201d e &quot;Dia B de Bacellar&quot;, na Biblioteca Municipal Jo\u00e3o Bosco Pantoja Evangelista, no Centro, zona Sul. A data \u00e9 comemorada pela primeira vez na capital amazonense.\" \/>\n<meta property=\"og:url\" content=\"https:\/\/www.manaus.am.gov.br\/manauscult\/prefeitura-comemora-primeiro-dia-municipal-da-poesia-e-dia-b-de-bacellar-em-manaus-com-recital-poetico\/\" \/>\n<meta property=\"og:site_name\" content=\"MANAUSCULT\" \/>\n<meta property=\"article:published_time\" content=\"2023-09-05T13:19:45+00:00\" \/>\n<meta property=\"article:modified_time\" content=\"2023-09-05T13:19:47+00:00\" \/>\n<meta property=\"og:image\" content=\"https:\/\/www.manaus.am.gov.br\/manauscult\/wp-content\/uploads\/sites\/11\/2023\/09\/Primeiro-\u2018Dia-Municipal-da-Poesia-e-\u2018Dia-B-de-Bacellar-em-Manaus-2.jpeg\" \/>\n\t<meta property=\"og:image:width\" content=\"1024\" \/>\n\t<meta property=\"og:image:height\" content=\"768\" \/>\n\t<meta property=\"og:image:type\" content=\"image\/jpeg\" \/>\n<meta name=\"author\" content=\"Bruna Greco\" \/>\n<meta name=\"twitter:card\" content=\"summary_large_image\" \/>\n<meta name=\"twitter:label1\" content=\"Written by\" \/>\n\t<meta name=\"twitter:data1\" content=\"Bruna Greco\" \/>\n\t<meta name=\"twitter:label2\" content=\"Est. reading time\" \/>\n\t<meta name=\"twitter:data2\" content=\"3 minutos\" \/>\n<script type=\"application\/ld+json\" class=\"yoast-schema-graph\">{\"@context\":\"https:\/\/schema.org\",\"@graph\":[{\"@type\":\"WebPage\",\"@id\":\"https:\/\/www.manaus.am.gov.br\/manauscult\/prefeitura-comemora-primeiro-dia-municipal-da-poesia-e-dia-b-de-bacellar-em-manaus-com-recital-poetico\/\",\"url\":\"https:\/\/www.manaus.am.gov.br\/manauscult\/prefeitura-comemora-primeiro-dia-municipal-da-poesia-e-dia-b-de-bacellar-em-manaus-com-recital-poetico\/\",\"name\":\"Prefeitura comemora primeiro \u2018Dia Municipal da Poesia\u2019 e \u2018Dia B de Bacellar\u2019 em Manaus com recital po\u00e9tico\",\"isPartOf\":{\"@id\":\"https:\/\/www.manaus.am.gov.br\/manauscult\/#website\"},\"primaryImageOfPage\":{\"@id\":\"https:\/\/www.manaus.am.gov.br\/manauscult\/prefeitura-comemora-primeiro-dia-municipal-da-poesia-e-dia-b-de-bacellar-em-manaus-com-recital-poetico\/#primaryimage\"},\"image\":{\"@id\":\"https:\/\/www.manaus.am.gov.br\/manauscult\/prefeitura-comemora-primeiro-dia-municipal-da-poesia-e-dia-b-de-bacellar-em-manaus-com-recital-poetico\/#primaryimage\"},\"thumbnailUrl\":\"https:\/\/www.manaus.am.gov.br\/manauscult\/wp-content\/uploads\/sites\/11\/2023\/09\/Primeiro-\u2018Dia-Municipal-da-Poesia-e-\u2018Dia-B-de-Bacellar-em-Manaus-2.jpeg\",\"datePublished\":\"2023-09-05T13:19:45+00:00\",\"dateModified\":\"2023-09-05T13:19:47+00:00\",\"author\":{\"@id\":\"https:\/\/www.manaus.am.gov.br\/manauscult\/#\/schema\/person\/05d223aea2bf115f9883a6ff3683d81b\"},\"description\":\"A Prefeitura de Manaus, por meio da Funda\u00e7\u00e3o Municipal de Cultura, Turismo e Eventos (Manauscult) e do Conselho Municipal de Cultura (Concultura), realizou, nesta segunda-feira, 4\/9, o recital \u201cO Of\u00edcio do Poeta\u201d em celebra\u00e7\u00e3o ao \u201cDia Municipal da Poesia\u201d e \\\"Dia B de Bacellar\\\", na Biblioteca Municipal Jo\u00e3o Bosco Pantoja Evangelista, no Centro, zona Sul. A data \u00e9 comemorada pela primeira vez na capital amazonense.\",\"breadcrumb\":{\"@id\":\"https:\/\/www.manaus.am.gov.br\/manauscult\/prefeitura-comemora-primeiro-dia-municipal-da-poesia-e-dia-b-de-bacellar-em-manaus-com-recital-poetico\/#breadcrumb\"},\"inLanguage\":\"pt-BR\",\"potentialAction\":[{\"@type\":\"ReadAction\",\"target\":[\"https:\/\/www.manaus.am.gov.br\/manauscult\/prefeitura-comemora-primeiro-dia-municipal-da-poesia-e-dia-b-de-bacellar-em-manaus-com-recital-poetico\/\"]}]},{\"@type\":\"ImageObject\",\"inLanguage\":\"pt-BR\",\"@id\":\"https:\/\/www.manaus.am.gov.br\/manauscult\/prefeitura-comemora-primeiro-dia-municipal-da-poesia-e-dia-b-de-bacellar-em-manaus-com-recital-poetico\/#primaryimage\",\"url\":\"https:\/\/www.manaus.am.gov.br\/manauscult\/wp-content\/uploads\/sites\/11\/2023\/09\/Primeiro-\u2018Dia-Municipal-da-Poesia-e-\u2018Dia-B-de-Bacellar-em-Manaus-2.jpeg\",\"contentUrl\":\"https:\/\/www.manaus.am.gov.br\/manauscult\/wp-content\/uploads\/sites\/11\/2023\/09\/Primeiro-\u2018Dia-Municipal-da-Poesia-e-\u2018Dia-B-de-Bacellar-em-Manaus-2.jpeg\",\"width\":1024,\"height\":768},{\"@type\":\"BreadcrumbList\",\"@id\":\"https:\/\/www.manaus.am.gov.br\/manauscult\/prefeitura-comemora-primeiro-dia-municipal-da-poesia-e-dia-b-de-bacellar-em-manaus-com-recital-poetico\/#breadcrumb\",\"itemListElement\":[{\"@type\":\"ListItem\",\"position\":1,\"name\":\"Home\",\"item\":\"https:\/\/www.manaus.am.gov.br\/manauscult\/\"},{\"@type\":\"ListItem\",\"position\":2,\"name\":\"Prefeitura comemora primeiro \u2018Dia Municipal da Poesia\u2019 e \u2018Dia B de Bacellar\u2019 em Manaus com recital po\u00e9tico\"}]},{\"@type\":\"WebSite\",\"@id\":\"https:\/\/www.manaus.am.gov.br\/manauscult\/#website\",\"url\":\"https:\/\/www.manaus.am.gov.br\/manauscult\/\",\"name\":\"MANAUSCULT\",\"description\":\"Prefeitura de Manaus\",\"potentialAction\":[{\"@type\":\"SearchAction\",\"target\":{\"@type\":\"EntryPoint\",\"urlTemplate\":\"https:\/\/www.manaus.am.gov.br\/manauscult\/?s={search_term_string}\"},\"query-input\":\"required name=search_term_string\"}],\"inLanguage\":\"pt-BR\"},{\"@type\":\"Person\",\"@id\":\"https:\/\/www.manaus.am.gov.br\/manauscult\/#\/schema\/person\/05d223aea2bf115f9883a6ff3683d81b\",\"name\":\"Bruna Greco\",\"image\":{\"@type\":\"ImageObject\",\"inLanguage\":\"pt-BR\",\"@id\":\"https:\/\/www.manaus.am.gov.br\/manauscult\/#\/schema\/person\/image\/\",\"url\":\"https:\/\/secure.gravatar.com\/avatar\/9c877d1a6adc2a055330e5c09a8653ce?s=96&d=mm&r=g\",\"contentUrl\":\"https:\/\/secure.gravatar.com\/avatar\/9c877d1a6adc2a055330e5c09a8653ce?s=96&d=mm&r=g\",\"caption\":\"Bruna Greco\"}}]}<\/script>\n<!-- \/ Yoast SEO plugin. -->","yoast_head_json":{"title":"Prefeitura comemora primeiro \u2018Dia Municipal da Poesia\u2019 e \u2018Dia B de Bacellar\u2019 em Manaus com recital po\u00e9tico","description":"A Prefeitura de Manaus, por meio da Funda\u00e7\u00e3o Municipal de Cultura, Turismo e Eventos (Manauscult) e do Conselho Municipal de Cultura (Concultura), realizou, nesta segunda-feira, 4\/9, o recital \u201cO Of\u00edcio do Poeta\u201d em celebra\u00e7\u00e3o ao \u201cDia Municipal da Poesia\u201d e \"Dia B de Bacellar\", na Biblioteca Municipal Jo\u00e3o Bosco Pantoja Evangelista, no Centro, zona Sul. A data \u00e9 comemorada pela primeira vez na capital amazonense.","robots":{"index":"noindex","follow":"follow"},"og_locale":"pt_BR","og_type":"article","og_title":"Prefeitura comemora primeiro \u2018Dia Municipal da Poesia\u2019 e \u2018Dia B de Bacellar\u2019 em Manaus com recital po\u00e9tico","og_description":"A Prefeitura de Manaus, por meio da Funda\u00e7\u00e3o Municipal de Cultura, Turismo e Eventos (Manauscult) e do Conselho Municipal de Cultura (Concultura), realizou, nesta segunda-feira, 4\/9, o recital \u201cO Of\u00edcio do Poeta\u201d em celebra\u00e7\u00e3o ao \u201cDia Municipal da Poesia\u201d e \"Dia B de Bacellar\", na Biblioteca Municipal Jo\u00e3o Bosco Pantoja Evangelista, no Centro, zona Sul. A data \u00e9 comemorada pela primeira vez na capital amazonense.","og_url":"https:\/\/www.manaus.am.gov.br\/manauscult\/prefeitura-comemora-primeiro-dia-municipal-da-poesia-e-dia-b-de-bacellar-em-manaus-com-recital-poetico\/","og_site_name":"MANAUSCULT","article_published_time":"2023-09-05T13:19:45+00:00","article_modified_time":"2023-09-05T13:19:47+00:00","og_image":[{"width":1024,"height":768,"url":"https:\/\/www.manaus.am.gov.br\/manauscult\/wp-content\/uploads\/sites\/11\/2023\/09\/Primeiro-\u2018Dia-Municipal-da-Poesia-e-\u2018Dia-B-de-Bacellar-em-Manaus-2.jpeg","type":"image\/jpeg"}],"author":"Bruna Greco","twitter_card":"summary_large_image","twitter_misc":{"Written by":"Bruna Greco","Est. reading time":"3 minutos"},"schema":{"@context":"https:\/\/schema.org","@graph":[{"@type":"WebPage","@id":"https:\/\/www.manaus.am.gov.br\/manauscult\/prefeitura-comemora-primeiro-dia-municipal-da-poesia-e-dia-b-de-bacellar-em-manaus-com-recital-poetico\/","url":"https:\/\/www.manaus.am.gov.br\/manauscult\/prefeitura-comemora-primeiro-dia-municipal-da-poesia-e-dia-b-de-bacellar-em-manaus-com-recital-poetico\/","name":"Prefeitura comemora primeiro \u2018Dia Municipal da Poesia\u2019 e \u2018Dia B de Bacellar\u2019 em Manaus com recital po\u00e9tico","isPartOf":{"@id":"https:\/\/www.manaus.am.gov.br\/manauscult\/#website"},"primaryImageOfPage":{"@id":"https:\/\/www.manaus.am.gov.br\/manauscult\/prefeitura-comemora-primeiro-dia-municipal-da-poesia-e-dia-b-de-bacellar-em-manaus-com-recital-poetico\/#primaryimage"},"image":{"@id":"https:\/\/www.manaus.am.gov.br\/manauscult\/prefeitura-comemora-primeiro-dia-municipal-da-poesia-e-dia-b-de-bacellar-em-manaus-com-recital-poetico\/#primaryimage"},"thumbnailUrl":"https:\/\/www.manaus.am.gov.br\/manauscult\/wp-content\/uploads\/sites\/11\/2023\/09\/Primeiro-\u2018Dia-Municipal-da-Poesia-e-\u2018Dia-B-de-Bacellar-em-Manaus-2.jpeg","datePublished":"2023-09-05T13:19:45+00:00","dateModified":"2023-09-05T13:19:47+00:00","author":{"@id":"https:\/\/www.manaus.am.gov.br\/manauscult\/#\/schema\/person\/05d223aea2bf115f9883a6ff3683d81b"},"description":"A Prefeitura de Manaus, por meio da Funda\u00e7\u00e3o Municipal de Cultura, Turismo e Eventos (Manauscult) e do Conselho Municipal de Cultura (Concultura), realizou, nesta segunda-feira, 4\/9, o recital \u201cO Of\u00edcio do Poeta\u201d em celebra\u00e7\u00e3o ao \u201cDia Municipal da Poesia\u201d e \"Dia B de Bacellar\", na Biblioteca Municipal Jo\u00e3o Bosco Pantoja Evangelista, no Centro, zona Sul. A data \u00e9 comemorada pela primeira vez na capital amazonense.","breadcrumb":{"@id":"https:\/\/www.manaus.am.gov.br\/manauscult\/prefeitura-comemora-primeiro-dia-municipal-da-poesia-e-dia-b-de-bacellar-em-manaus-com-recital-poetico\/#breadcrumb"},"inLanguage":"pt-BR","potentialAction":[{"@type":"ReadAction","target":["https:\/\/www.manaus.am.gov.br\/manauscult\/prefeitura-comemora-primeiro-dia-municipal-da-poesia-e-dia-b-de-bacellar-em-manaus-com-recital-poetico\/"]}]},{"@type":"ImageObject","inLanguage":"pt-BR","@id":"https:\/\/www.manaus.am.gov.br\/manauscult\/prefeitura-comemora-primeiro-dia-municipal-da-poesia-e-dia-b-de-bacellar-em-manaus-com-recital-poetico\/#primaryimage","url":"https:\/\/www.manaus.am.gov.br\/manauscult\/wp-content\/uploads\/sites\/11\/2023\/09\/Primeiro-\u2018Dia-Municipal-da-Poesia-e-\u2018Dia-B-de-Bacellar-em-Manaus-2.jpeg","contentUrl":"https:\/\/www.manaus.am.gov.br\/manauscult\/wp-content\/uploads\/sites\/11\/2023\/09\/Primeiro-\u2018Dia-Municipal-da-Poesia-e-\u2018Dia-B-de-Bacellar-em-Manaus-2.jpeg","width":1024,"height":768},{"@type":"BreadcrumbList","@id":"https:\/\/www.manaus.am.gov.br\/manauscult\/prefeitura-comemora-primeiro-dia-municipal-da-poesia-e-dia-b-de-bacellar-em-manaus-com-recital-poetico\/#breadcrumb","itemListElement":[{"@type":"ListItem","position":1,"name":"Home","item":"https:\/\/www.manaus.am.gov.br\/manauscult\/"},{"@type":"ListItem","position":2,"name":"Prefeitura comemora primeiro \u2018Dia Municipal da Poesia\u2019 e \u2018Dia B de Bacellar\u2019 em Manaus com recital po\u00e9tico"}]},{"@type":"WebSite","@id":"https:\/\/www.manaus.am.gov.br\/manauscult\/#website","url":"https:\/\/www.manaus.am.gov.br\/manauscult\/","name":"MANAUSCULT","description":"Prefeitura de Manaus","potentialAction":[{"@type":"SearchAction","target":{"@type":"EntryPoint","urlTemplate":"https:\/\/www.manaus.am.gov.br\/manauscult\/?s={search_term_string}"},"query-input":"required name=search_term_string"}],"inLanguage":"pt-BR"},{"@type":"Person","@id":"https:\/\/www.manaus.am.gov.br\/manauscult\/#\/schema\/person\/05d223aea2bf115f9883a6ff3683d81b","name":"Bruna Greco","image":{"@type":"ImageObject","inLanguage":"pt-BR","@id":"https:\/\/www.manaus.am.gov.br\/manauscult\/#\/schema\/person\/image\/","url":"https:\/\/secure.gravatar.com\/avatar\/9c877d1a6adc2a055330e5c09a8653ce?s=96&d=mm&r=g","contentUrl":"https:\/\/secure.gravatar.com\/avatar\/9c877d1a6adc2a055330e5c09a8653ce?s=96&d=mm&r=g","caption":"Bruna Greco"}}]}},"_links":{"self":[{"href":"https:\/\/www.manaus.am.gov.br\/manauscult\/wp-json\/wp\/v2\/posts\/1302"}],"collection":[{"href":"https:\/\/www.manaus.am.gov.br\/manauscult\/wp-json\/wp\/v2\/posts"}],"about":[{"href":"https:\/\/www.manaus.am.gov.br\/manauscult\/wp-json\/wp\/v2\/types\/post"}],"author":[{"embeddable":true,"href":"https:\/\/www.manaus.am.gov.br\/manauscult\/wp-json\/wp\/v2\/users\/39"}],"replies":[{"embeddable":true,"href":"https:\/\/www.manaus.am.gov.br\/manauscult\/wp-json\/wp\/v2\/comments?post=1302"}],"version-history":[{"count":0,"href":"https:\/\/www.manaus.am.gov.br\/manauscult\/wp-json\/wp\/v2\/posts\/1302\/revisions"}],"wp:featuredmedia":[{"embeddable":true,"href":"https:\/\/www.manaus.am.gov.br\/manauscult\/wp-json\/wp\/v2\/media\/1303"}],"wp:attachment":[{"href":"https:\/\/www.manaus.am.gov.br\/manauscult\/wp-json\/wp\/v2\/media?parent=1302"}],"wp:term":[{"taxonomy":"category","embeddable":true,"href":"https:\/\/www.manaus.am.gov.br\/manauscult\/wp-json\/wp\/v2\/categories?post=1302"},{"taxonomy":"post_tag","embeddable":true,"href":"https:\/\/www.manaus.am.gov.br\/manauscult\/wp-json\/wp\/v2\/tags?post=1302"}],"curies":[{"name":"wp","href":"https:\/\/api.w.org\/{rel}","templated":true}]}}