{"id":1300,"date":"2023-09-04T21:21:47","date_gmt":"2023-09-05T01:21:47","guid":{"rendered":"https:\/\/www.manaus.am.gov.br\/manauscult\/chef-erick-jacquin-explica-detalhes-da-aula-show-e-roda-de-conversa-sobre-culinaria-no-soumanaus-2023\/"},"modified":"2023-09-04T21:21:49","modified_gmt":"2023-09-05T01:21:49","slug":"chef-erick-jacquin-explica-detalhes-da-aula-show-e-roda-de-conversa-sobre-culinaria-no-soumanaus-2023","status":"publish","type":"post","link":"https:\/\/www.manaus.am.gov.br\/manauscult\/chef-erick-jacquin-explica-detalhes-da-aula-show-e-roda-de-conversa-sobre-culinaria-no-soumanaus-2023\/","title":{"rendered":"<strong>Chef Erick Jacquin explica detalhes da aula show e roda de conversa sobre culin\u00e1ria no #SouManaus 2023<\/strong>"},"content":{"rendered":"\n<p>A Prefeitura de Manaus, por meio da Funda\u00e7\u00e3o Municipal de Cultura, Turismo e Eventos (Manauscult), apresentou, nesta segunda-feira, 4\/9, no hotel Villa Amaz\u00f4nia, as informa\u00e7\u00f5es de agenda do chef Erick Jacquin, que faz parte da programa\u00e7\u00e3o da aula show e da roda de conversa do \u201c#SouManaus Passo a Pa\u00e7o 2023\u201d, a serem realizadas nesta ter\u00e7a-feira, 5\/9. Com muito entusiasmo, o chef concedeu uma entrevista coletiva para falar dos preparativos para o evento.<\/p>\n\n\n\n<p>De acordo com o chef, ele far\u00e1 uma uni\u00e3o das culin\u00e1rias a francesa e a amaz\u00f4nica, que ele considera uma das melhores do mundo. \u201cEu vou fazer uma mistura da cultura francesa com a da Amaz\u00f4nia. Vou misturar champanhe com tucupi e jambu. Tem tanta coisa boa aqui e tem tanta coisa boa l\u00e1 no meu pa\u00eds, que misturar as duas vai ser genial\u201d, destacou.<\/p>\n\n\n\n<p>No decorrer das tr\u00eas horas de aula show, os convidados poder\u00e3o acompanhar o modo de preparo e as t\u00e9cnicas empregadas na montagem de pratos famosos da culin\u00e1ria francesa, como a \u00e1rea da p\u00e2tisserie (confeitaria), especialidade de Erick Jacquin.<\/p>\n\n\n\n<p>Para auxiliar o chef franc\u00eas no menu degusta\u00e7\u00e3o, o Senac-AM disponibilizar\u00e1 tr\u00eas profissionais, sendo um docente do restaurante-escola, um aluno do curso de gastronomia da faculdade do Senac-AM, e um representante do projeto de apoio \u00e0 gest\u00e3o de restaurantes da incubadora do servi\u00e7o nacional.<\/p>\n\n\n\n<p>O chef aproveitou para parabenizar a iniciativa da atual gest\u00e3o de realizar um festival t\u00e3o grande que re\u00fane m\u00fasica, arte e gastronomia.<\/p>\n\n\n\n<p>\u201cEsse festival \u00e9 genial. Precisa ser muito corajoso para organizar uma coisa dessa propor\u00e7\u00e3o, pois n\u00e3o \u00e9 brincadeira, e ainda trazer um dos melhores DJs do mundo, \u00e9 fant\u00e1stico\u201d, enfatizou o chef.<\/p>\n\n\n\n<p>Nascido na Fran\u00e7a, Erick Jacquin conquistou notoriedade ao popularizar no Brasil a receita da sobremesa petit gateau. Ele atua como jurado das edi\u00e7\u00f5es brasileiras do reality show televisivo \u201cMasterChef\u201d&nbsp; e foi o apresentador do programa Pesadelo na Cozinha \u201cKitchen Nightmares\u201d, ambos veiculados na Band TV.<\/p>\n\n\n\n<p>Entre as principais premia\u00e7\u00f5es, Jacquin recebeu, em 1995, a sua primeira estrela do guia de culin\u00e1ria Michelin. No ano de 1998, foi condecorado com a honraria \u201cMa\u00eetre Cuisinier de France\u201d, a mais alta na gastronomia francesa. Nos neg\u00f3cios, Jacquin \u00e9 o administrador dos restaurantes brasileiros Duke Bistrot, Tartar &amp; Co, \u00c7a-Va e Pr\u00e9sident.<\/p>\n\n\n\n<p>&#8212; &#8212; &#8212;<\/p>\n\n\n\n<p><strong>Texto<\/strong> \u2013 D\u00e9borah Azevedo \/ Semcom<\/p>\n\n\n\n<p><strong>Fotos<\/strong> \u2013 Phil Limma \/ Semcom<\/p>\n\n\n\n<p>Dispon\u00edveis em &#8211; <a href=\"https:\/\/flic.kr\/s\/aHBqjATwtU\">https:\/\/flic.kr\/s\/aHBqjATwtU<\/a><\/p>\n","protected":false},"excerpt":{"rendered":"","protected":false},"author":31,"featured_media":1301,"comment_status":"closed","ping_status":"closed","sticky":false,"template":"","format":"standard","meta":{"footnotes":""},"categories":[508],"tags":[168,559,560,561],"acf":[],"yoast_head":"<!-- This site is optimized with the Yoast SEO plugin v23.0 - https:\/\/yoast.com\/wordpress\/plugins\/seo\/ -->\n<title>Chef Erick Jacquin explica detalhes da aula show e roda de conversa sobre culin\u00e1ria no #SouManaus 2023 - MANAUSCULT<\/title>\n<meta name=\"robots\" content=\"noindex, follow\" \/>\n<meta property=\"og:locale\" content=\"pt_BR\" \/>\n<meta property=\"og:type\" content=\"article\" \/>\n<meta property=\"og:title\" content=\"Chef Erick Jacquin explica detalhes da aula show e roda de conversa sobre culin\u00e1ria no #SouManaus 2023 - MANAUSCULT\" \/>\n<meta property=\"og:url\" content=\"https:\/\/www.manaus.am.gov.br\/manauscult\/chef-erick-jacquin-explica-detalhes-da-aula-show-e-roda-de-conversa-sobre-culinaria-no-soumanaus-2023\/\" \/>\n<meta property=\"og:site_name\" content=\"MANAUSCULT\" \/>\n<meta property=\"article:published_time\" content=\"2023-09-05T01:21:47+00:00\" \/>\n<meta property=\"article:modified_time\" content=\"2023-09-05T01:21:49+00:00\" \/>\n<meta property=\"og:image\" content=\"https:\/\/www.manaus.am.gov.br\/manauscult\/wp-content\/uploads\/sites\/11\/2023\/09\/53164345877_50cc760d8f_c.jpg\" \/>\n\t<meta property=\"og:image:width\" content=\"799\" \/>\n\t<meta property=\"og:image:height\" content=\"533\" \/>\n\t<meta property=\"og:image:type\" content=\"image\/jpeg\" \/>\n<meta name=\"author\" content=\"Renata Felix\" \/>\n<meta name=\"twitter:card\" content=\"summary_large_image\" \/>\n<meta name=\"twitter:label1\" content=\"Written by\" \/>\n\t<meta name=\"twitter:data1\" content=\"Renata Felix\" \/>\n\t<meta name=\"twitter:label2\" content=\"Est. reading time\" \/>\n\t<meta name=\"twitter:data2\" content=\"3 minutos\" \/>\n<script type=\"application\/ld+json\" class=\"yoast-schema-graph\">{\"@context\":\"https:\/\/schema.org\",\"@graph\":[{\"@type\":\"WebPage\",\"@id\":\"https:\/\/www.manaus.am.gov.br\/manauscult\/chef-erick-jacquin-explica-detalhes-da-aula-show-e-roda-de-conversa-sobre-culinaria-no-soumanaus-2023\/\",\"url\":\"https:\/\/www.manaus.am.gov.br\/manauscult\/chef-erick-jacquin-explica-detalhes-da-aula-show-e-roda-de-conversa-sobre-culinaria-no-soumanaus-2023\/\",\"name\":\"Chef Erick Jacquin explica detalhes da aula show e roda de conversa sobre culin\u00e1ria no #SouManaus 2023 - MANAUSCULT\",\"isPartOf\":{\"@id\":\"https:\/\/www.manaus.am.gov.br\/manauscult\/#website\"},\"primaryImageOfPage\":{\"@id\":\"https:\/\/www.manaus.am.gov.br\/manauscult\/chef-erick-jacquin-explica-detalhes-da-aula-show-e-roda-de-conversa-sobre-culinaria-no-soumanaus-2023\/#primaryimage\"},\"image\":{\"@id\":\"https:\/\/www.manaus.am.gov.br\/manauscult\/chef-erick-jacquin-explica-detalhes-da-aula-show-e-roda-de-conversa-sobre-culinaria-no-soumanaus-2023\/#primaryimage\"},\"thumbnailUrl\":\"https:\/\/www.manaus.am.gov.br\/manauscult\/wp-content\/uploads\/sites\/11\/2023\/09\/53164345877_50cc760d8f_c.jpg\",\"datePublished\":\"2023-09-05T01:21:47+00:00\",\"dateModified\":\"2023-09-05T01:21:49+00:00\",\"author\":{\"@id\":\"https:\/\/www.manaus.am.gov.br\/manauscult\/#\/schema\/person\/4eea2a8f78dc853097abb026f728aa06\"},\"breadcrumb\":{\"@id\":\"https:\/\/www.manaus.am.gov.br\/manauscult\/chef-erick-jacquin-explica-detalhes-da-aula-show-e-roda-de-conversa-sobre-culinaria-no-soumanaus-2023\/#breadcrumb\"},\"inLanguage\":\"pt-BR\",\"potentialAction\":[{\"@type\":\"ReadAction\",\"target\":[\"https:\/\/www.manaus.am.gov.br\/manauscult\/chef-erick-jacquin-explica-detalhes-da-aula-show-e-roda-de-conversa-sobre-culinaria-no-soumanaus-2023\/\"]}]},{\"@type\":\"ImageObject\",\"inLanguage\":\"pt-BR\",\"@id\":\"https:\/\/www.manaus.am.gov.br\/manauscult\/chef-erick-jacquin-explica-detalhes-da-aula-show-e-roda-de-conversa-sobre-culinaria-no-soumanaus-2023\/#primaryimage\",\"url\":\"https:\/\/www.manaus.am.gov.br\/manauscult\/wp-content\/uploads\/sites\/11\/2023\/09\/53164345877_50cc760d8f_c.jpg\",\"contentUrl\":\"https:\/\/www.manaus.am.gov.br\/manauscult\/wp-content\/uploads\/sites\/11\/2023\/09\/53164345877_50cc760d8f_c.jpg\",\"width\":799,\"height\":533},{\"@type\":\"BreadcrumbList\",\"@id\":\"https:\/\/www.manaus.am.gov.br\/manauscult\/chef-erick-jacquin-explica-detalhes-da-aula-show-e-roda-de-conversa-sobre-culinaria-no-soumanaus-2023\/#breadcrumb\",\"itemListElement\":[{\"@type\":\"ListItem\",\"position\":1,\"name\":\"Home\",\"item\":\"https:\/\/www.manaus.am.gov.br\/manauscult\/\"},{\"@type\":\"ListItem\",\"position\":2,\"name\":\"Chef Erick Jacquin explica detalhes da aula show e roda de conversa sobre culin\u00e1ria no #SouManaus 2023\"}]},{\"@type\":\"WebSite\",\"@id\":\"https:\/\/www.manaus.am.gov.br\/manauscult\/#website\",\"url\":\"https:\/\/www.manaus.am.gov.br\/manauscult\/\",\"name\":\"MANAUSCULT\",\"description\":\"Prefeitura de Manaus\",\"potentialAction\":[{\"@type\":\"SearchAction\",\"target\":{\"@type\":\"EntryPoint\",\"urlTemplate\":\"https:\/\/www.manaus.am.gov.br\/manauscult\/?s={search_term_string}\"},\"query-input\":\"required name=search_term_string\"}],\"inLanguage\":\"pt-BR\"},{\"@type\":\"Person\",\"@id\":\"https:\/\/www.manaus.am.gov.br\/manauscult\/#\/schema\/person\/4eea2a8f78dc853097abb026f728aa06\",\"name\":\"Renata Felix\",\"image\":{\"@type\":\"ImageObject\",\"inLanguage\":\"pt-BR\",\"@id\":\"https:\/\/www.manaus.am.gov.br\/manauscult\/#\/schema\/person\/image\/\",\"url\":\"https:\/\/secure.gravatar.com\/avatar\/3c196cf9d3b837b24c8edb2c50fd8f29?s=96&d=mm&r=g\",\"contentUrl\":\"https:\/\/secure.gravatar.com\/avatar\/3c196cf9d3b837b24c8edb2c50fd8f29?s=96&d=mm&r=g\",\"caption\":\"Renata Felix\"}}]}<\/script>\n<!-- \/ Yoast SEO plugin. -->","yoast_head_json":{"title":"Chef Erick Jacquin explica detalhes da aula show e roda de conversa sobre culin\u00e1ria no #SouManaus 2023 - MANAUSCULT","robots":{"index":"noindex","follow":"follow"},"og_locale":"pt_BR","og_type":"article","og_title":"Chef Erick Jacquin explica detalhes da aula show e roda de conversa sobre culin\u00e1ria no #SouManaus 2023 - MANAUSCULT","og_url":"https:\/\/www.manaus.am.gov.br\/manauscult\/chef-erick-jacquin-explica-detalhes-da-aula-show-e-roda-de-conversa-sobre-culinaria-no-soumanaus-2023\/","og_site_name":"MANAUSCULT","article_published_time":"2023-09-05T01:21:47+00:00","article_modified_time":"2023-09-05T01:21:49+00:00","og_image":[{"width":799,"height":533,"url":"https:\/\/www.manaus.am.gov.br\/manauscult\/wp-content\/uploads\/sites\/11\/2023\/09\/53164345877_50cc760d8f_c.jpg","type":"image\/jpeg"}],"author":"Renata Felix","twitter_card":"summary_large_image","twitter_misc":{"Written by":"Renata Felix","Est. reading time":"3 minutos"},"schema":{"@context":"https:\/\/schema.org","@graph":[{"@type":"WebPage","@id":"https:\/\/www.manaus.am.gov.br\/manauscult\/chef-erick-jacquin-explica-detalhes-da-aula-show-e-roda-de-conversa-sobre-culinaria-no-soumanaus-2023\/","url":"https:\/\/www.manaus.am.gov.br\/manauscult\/chef-erick-jacquin-explica-detalhes-da-aula-show-e-roda-de-conversa-sobre-culinaria-no-soumanaus-2023\/","name":"Chef Erick Jacquin explica detalhes da aula show e roda de conversa sobre culin\u00e1ria no #SouManaus 2023 - MANAUSCULT","isPartOf":{"@id":"https:\/\/www.manaus.am.gov.br\/manauscult\/#website"},"primaryImageOfPage":{"@id":"https:\/\/www.manaus.am.gov.br\/manauscult\/chef-erick-jacquin-explica-detalhes-da-aula-show-e-roda-de-conversa-sobre-culinaria-no-soumanaus-2023\/#primaryimage"},"image":{"@id":"https:\/\/www.manaus.am.gov.br\/manauscult\/chef-erick-jacquin-explica-detalhes-da-aula-show-e-roda-de-conversa-sobre-culinaria-no-soumanaus-2023\/#primaryimage"},"thumbnailUrl":"https:\/\/www.manaus.am.gov.br\/manauscult\/wp-content\/uploads\/sites\/11\/2023\/09\/53164345877_50cc760d8f_c.jpg","datePublished":"2023-09-05T01:21:47+00:00","dateModified":"2023-09-05T01:21:49+00:00","author":{"@id":"https:\/\/www.manaus.am.gov.br\/manauscult\/#\/schema\/person\/4eea2a8f78dc853097abb026f728aa06"},"breadcrumb":{"@id":"https:\/\/www.manaus.am.gov.br\/manauscult\/chef-erick-jacquin-explica-detalhes-da-aula-show-e-roda-de-conversa-sobre-culinaria-no-soumanaus-2023\/#breadcrumb"},"inLanguage":"pt-BR","potentialAction":[{"@type":"ReadAction","target":["https:\/\/www.manaus.am.gov.br\/manauscult\/chef-erick-jacquin-explica-detalhes-da-aula-show-e-roda-de-conversa-sobre-culinaria-no-soumanaus-2023\/"]}]},{"@type":"ImageObject","inLanguage":"pt-BR","@id":"https:\/\/www.manaus.am.gov.br\/manauscult\/chef-erick-jacquin-explica-detalhes-da-aula-show-e-roda-de-conversa-sobre-culinaria-no-soumanaus-2023\/#primaryimage","url":"https:\/\/www.manaus.am.gov.br\/manauscult\/wp-content\/uploads\/sites\/11\/2023\/09\/53164345877_50cc760d8f_c.jpg","contentUrl":"https:\/\/www.manaus.am.gov.br\/manauscult\/wp-content\/uploads\/sites\/11\/2023\/09\/53164345877_50cc760d8f_c.jpg","width":799,"height":533},{"@type":"BreadcrumbList","@id":"https:\/\/www.manaus.am.gov.br\/manauscult\/chef-erick-jacquin-explica-detalhes-da-aula-show-e-roda-de-conversa-sobre-culinaria-no-soumanaus-2023\/#breadcrumb","itemListElement":[{"@type":"ListItem","position":1,"name":"Home","item":"https:\/\/www.manaus.am.gov.br\/manauscult\/"},{"@type":"ListItem","position":2,"name":"Chef Erick Jacquin explica detalhes da aula show e roda de conversa sobre culin\u00e1ria no #SouManaus 2023"}]},{"@type":"WebSite","@id":"https:\/\/www.manaus.am.gov.br\/manauscult\/#website","url":"https:\/\/www.manaus.am.gov.br\/manauscult\/","name":"MANAUSCULT","description":"Prefeitura de Manaus","potentialAction":[{"@type":"SearchAction","target":{"@type":"EntryPoint","urlTemplate":"https:\/\/www.manaus.am.gov.br\/manauscult\/?s={search_term_string}"},"query-input":"required name=search_term_string"}],"inLanguage":"pt-BR"},{"@type":"Person","@id":"https:\/\/www.manaus.am.gov.br\/manauscult\/#\/schema\/person\/4eea2a8f78dc853097abb026f728aa06","name":"Renata Felix","image":{"@type":"ImageObject","inLanguage":"pt-BR","@id":"https:\/\/www.manaus.am.gov.br\/manauscult\/#\/schema\/person\/image\/","url":"https:\/\/secure.gravatar.com\/avatar\/3c196cf9d3b837b24c8edb2c50fd8f29?s=96&d=mm&r=g","contentUrl":"https:\/\/secure.gravatar.com\/avatar\/3c196cf9d3b837b24c8edb2c50fd8f29?s=96&d=mm&r=g","caption":"Renata Felix"}}]}},"_links":{"self":[{"href":"https:\/\/www.manaus.am.gov.br\/manauscult\/wp-json\/wp\/v2\/posts\/1300"}],"collection":[{"href":"https:\/\/www.manaus.am.gov.br\/manauscult\/wp-json\/wp\/v2\/posts"}],"about":[{"href":"https:\/\/www.manaus.am.gov.br\/manauscult\/wp-json\/wp\/v2\/types\/post"}],"author":[{"embeddable":true,"href":"https:\/\/www.manaus.am.gov.br\/manauscult\/wp-json\/wp\/v2\/users\/31"}],"replies":[{"embeddable":true,"href":"https:\/\/www.manaus.am.gov.br\/manauscult\/wp-json\/wp\/v2\/comments?post=1300"}],"version-history":[{"count":0,"href":"https:\/\/www.manaus.am.gov.br\/manauscult\/wp-json\/wp\/v2\/posts\/1300\/revisions"}],"wp:featuredmedia":[{"embeddable":true,"href":"https:\/\/www.manaus.am.gov.br\/manauscult\/wp-json\/wp\/v2\/media\/1301"}],"wp:attachment":[{"href":"https:\/\/www.manaus.am.gov.br\/manauscult\/wp-json\/wp\/v2\/media?parent=1300"}],"wp:term":[{"taxonomy":"category","embeddable":true,"href":"https:\/\/www.manaus.am.gov.br\/manauscult\/wp-json\/wp\/v2\/categories?post=1300"},{"taxonomy":"post_tag","embeddable":true,"href":"https:\/\/www.manaus.am.gov.br\/manauscult\/wp-json\/wp\/v2\/tags?post=1300"}],"curies":[{"name":"wp","href":"https:\/\/api.w.org\/{rel}","templated":true}]}}