{"id":1298,"date":"2023-09-04T17:02:41","date_gmt":"2023-09-04T21:02:41","guid":{"rendered":"https:\/\/www.manaus.am.gov.br\/manauscult\/prefeitura-abre-primeiro-dia-do-soumanaus-2023-com-david-guetta-e-mais-22-atracoes-musicais-locais\/"},"modified":"2023-09-04T17:02:43","modified_gmt":"2023-09-04T21:02:43","slug":"prefeitura-abre-primeiro-dia-do-soumanaus-2023-com-david-guetta-e-mais-22-atracoes-musicais-locais","status":"publish","type":"post","link":"https:\/\/www.manaus.am.gov.br\/manauscult\/prefeitura-abre-primeiro-dia-do-soumanaus-2023-com-david-guetta-e-mais-22-atracoes-musicais-locais\/","title":{"rendered":"<strong>Prefeitura abre primeiro dia do #SouManaus 2023 com David Guetta e mais 22 atra\u00e7\u00f5es musicais locais<\/strong>"},"content":{"rendered":"\n<p>A Prefeitura de Manaus, por meio da Funda\u00e7\u00e3o Municipal de Cultura, Turismo e Eventos (Manauscult), abre, nesta ter\u00e7a-feira, 5\/9, o \u201c#SouManaus Passo a Pa\u00e7o 2023\u201d, com David Guetta, o maior nome da m\u00fasica eletr\u00f4nica mundial, al\u00e9m de outras quatro atra\u00e7\u00f5es nacionais, e 22 apresenta\u00e7\u00f5es musicais locais, neste primeiro dia. O evento \u00e9 gratuito e acontece no centro hist\u00f3rico de Manaus nos dias 5, 6 e 7 de setembro.<\/p>\n\n\n\n<p>No palco Bradesco &#8211; Guardi\u00e3o da Amaz\u00f4nia, se apresentam no primeiro dia: L\u00e9o Magalh\u00e3es, Z\u00e9 Felipe e Virg\u00ednia, e David Guetta. Entre as atra\u00e7\u00f5es locais est\u00e3o John Cavalcante, George Japa, Uendel Pinheiro e a DJ Aline Rocha. No palco Amazona as apresenta\u00e7\u00f5es ser\u00e3o de Humberto Gessinger e Murilo Huff, al\u00e9m dos artistas locais como DJ Ariana Paes, Johnny Jack Mesclado, Official 80, DJ May Seven e Tome Xote. No palco Coreto, tocam DJ Noelle, F\u00e9lix Aranha, DJ Noelle, Dani S\u00e1, Natty dos Anjos, Strangers Hard Rock, 3 Gatos Pingados, e Ant\u00f4nio Bahia.<\/p>\n\n\n\n<p>De acordo com o diretor-presidente da Manauscult, Osvaldo Cardoso, o #SouManaus j\u00e1 \u00e9 o maior evento de artes integradas da regi\u00e3o Norte e caminha para ser um dos mais importantes da Am\u00e9rica Latina.<\/p>\n\n\n\n<p>\u201cEstamos seguindo as diretrizes do prefeito David Almeida, que determinou que esta seja a maior edi\u00e7\u00e3o de todos os tempos e \u00e9 daqui para maior, sempre fazendo o festival crescer, porque Manaus merece o que tem de melhor, e com isso estamos fortalecendo a nossa cultura, o turismo e a economia local\u201d, afirmou Osvaldo.<\/p>\n\n\n\n<p>S\u00e3o esperadas mais de 150 mil pessoas por dia nesta edi\u00e7\u00e3o do #SouManaus e o p\u00fablico ter\u00e1 uma gama de op\u00e7\u00f5es de entretenimento cultural que v\u00e3o al\u00e9m das atra\u00e7\u00f5es musicais, com os espa\u00e7os gastron\u00f4mico, urbano, gamer, apresenta\u00e7\u00f5es teatrais, circenses, stand up comedy, parkour, e&nbsp;rodas de conversa.<\/p>\n\n\n\n<p>Nesta edi\u00e7\u00e3o, a Prefeitura de Manaus aumentou em mais de 580% o n\u00famero de artistas locais em rela\u00e7\u00e3o \u00e0 primeira edi\u00e7\u00e3o, em 2015, onde apenas 12 artistas locais estiveram envolvidos. Ao todo, o evento conta com 77 artistas musicais regionais, e ser\u00e3o beneficiados mais de 600 trabalhadores da cultura local, mais de 160 trabalhadores da cenografia do evento, 75 artes\u00e3os, e 200 manipuladores de alimentos, gerando mais de 5 mil empregos diretos e indiretos na prepara\u00e7\u00e3o e opera\u00e7\u00e3o do evento.<\/p>\n\n\n\n<p>&#8212; &#8212; &#8212;<\/p>\n\n\n\n<p><strong>Texto&nbsp;<\/strong>&#8211; Asafe Augusto \/ Semcom<\/p>\n\n\n\n<p><strong>Fotos<\/strong>&nbsp;\u2013 Cl\u00f3vis Miranda \/ Arquivo Semcom<\/p>\n\n\n\n<p>Dispon\u00edveis em &#8211; <a href=\"https:\/\/flic.kr\/p\/2oTvXQL\">https:\/\/flic.kr\/p\/2oTvXQL<\/a><\/p>\n","protected":false},"excerpt":{"rendered":"","protected":false},"author":31,"featured_media":1299,"comment_status":"closed","ping_status":"closed","sticky":false,"template":"","format":"standard","meta":{"footnotes":""},"categories":[508],"tags":[168,556,557,387,558],"acf":[],"yoast_head":"<!-- This site is optimized with the Yoast SEO plugin v23.0 - https:\/\/yoast.com\/wordpress\/plugins\/seo\/ -->\n<title>Prefeitura abre primeiro dia do #SouManaus 2023 com David Guetta e mais 22 atra\u00e7\u00f5es musicais locais - MANAUSCULT<\/title>\n<meta name=\"robots\" content=\"noindex, follow\" \/>\n<meta property=\"og:locale\" content=\"pt_BR\" \/>\n<meta property=\"og:type\" content=\"article\" \/>\n<meta property=\"og:title\" content=\"Prefeitura abre primeiro dia do #SouManaus 2023 com David Guetta e mais 22 atra\u00e7\u00f5es musicais locais - MANAUSCULT\" \/>\n<meta property=\"og:url\" content=\"https:\/\/www.manaus.am.gov.br\/manauscult\/prefeitura-abre-primeiro-dia-do-soumanaus-2023-com-david-guetta-e-mais-22-atracoes-musicais-locais\/\" \/>\n<meta property=\"og:site_name\" content=\"MANAUSCULT\" \/>\n<meta property=\"article:published_time\" content=\"2023-09-04T21:02:41+00:00\" \/>\n<meta property=\"article:modified_time\" content=\"2023-09-04T21:02:43+00:00\" \/>\n<meta property=\"og:image\" content=\"https:\/\/www.manaus.am.gov.br\/manauscult\/wp-content\/uploads\/sites\/11\/2023\/09\/53092098366_3c371fc92c_c-1.jpg\" \/>\n\t<meta property=\"og:image:width\" content=\"799\" \/>\n\t<meta property=\"og:image:height\" content=\"533\" \/>\n\t<meta property=\"og:image:type\" content=\"image\/jpeg\" \/>\n<meta name=\"author\" content=\"Renata Felix\" \/>\n<meta name=\"twitter:card\" content=\"summary_large_image\" \/>\n<meta name=\"twitter:label1\" content=\"Written by\" \/>\n\t<meta name=\"twitter:data1\" content=\"Renata Felix\" \/>\n\t<meta name=\"twitter:label2\" content=\"Est. reading time\" \/>\n\t<meta name=\"twitter:data2\" content=\"3 minutos\" \/>\n<script type=\"application\/ld+json\" class=\"yoast-schema-graph\">{\"@context\":\"https:\/\/schema.org\",\"@graph\":[{\"@type\":\"WebPage\",\"@id\":\"https:\/\/www.manaus.am.gov.br\/manauscult\/prefeitura-abre-primeiro-dia-do-soumanaus-2023-com-david-guetta-e-mais-22-atracoes-musicais-locais\/\",\"url\":\"https:\/\/www.manaus.am.gov.br\/manauscult\/prefeitura-abre-primeiro-dia-do-soumanaus-2023-com-david-guetta-e-mais-22-atracoes-musicais-locais\/\",\"name\":\"Prefeitura abre primeiro dia do #SouManaus 2023 com David Guetta e mais 22 atra\u00e7\u00f5es musicais locais - MANAUSCULT\",\"isPartOf\":{\"@id\":\"https:\/\/www.manaus.am.gov.br\/manauscult\/#website\"},\"primaryImageOfPage\":{\"@id\":\"https:\/\/www.manaus.am.gov.br\/manauscult\/prefeitura-abre-primeiro-dia-do-soumanaus-2023-com-david-guetta-e-mais-22-atracoes-musicais-locais\/#primaryimage\"},\"image\":{\"@id\":\"https:\/\/www.manaus.am.gov.br\/manauscult\/prefeitura-abre-primeiro-dia-do-soumanaus-2023-com-david-guetta-e-mais-22-atracoes-musicais-locais\/#primaryimage\"},\"thumbnailUrl\":\"https:\/\/www.manaus.am.gov.br\/manauscult\/wp-content\/uploads\/sites\/11\/2023\/09\/53092098366_3c371fc92c_c-1.jpg\",\"datePublished\":\"2023-09-04T21:02:41+00:00\",\"dateModified\":\"2023-09-04T21:02:43+00:00\",\"author\":{\"@id\":\"https:\/\/www.manaus.am.gov.br\/manauscult\/#\/schema\/person\/4eea2a8f78dc853097abb026f728aa06\"},\"breadcrumb\":{\"@id\":\"https:\/\/www.manaus.am.gov.br\/manauscult\/prefeitura-abre-primeiro-dia-do-soumanaus-2023-com-david-guetta-e-mais-22-atracoes-musicais-locais\/#breadcrumb\"},\"inLanguage\":\"pt-BR\",\"potentialAction\":[{\"@type\":\"ReadAction\",\"target\":[\"https:\/\/www.manaus.am.gov.br\/manauscult\/prefeitura-abre-primeiro-dia-do-soumanaus-2023-com-david-guetta-e-mais-22-atracoes-musicais-locais\/\"]}]},{\"@type\":\"ImageObject\",\"inLanguage\":\"pt-BR\",\"@id\":\"https:\/\/www.manaus.am.gov.br\/manauscult\/prefeitura-abre-primeiro-dia-do-soumanaus-2023-com-david-guetta-e-mais-22-atracoes-musicais-locais\/#primaryimage\",\"url\":\"https:\/\/www.manaus.am.gov.br\/manauscult\/wp-content\/uploads\/sites\/11\/2023\/09\/53092098366_3c371fc92c_c-1.jpg\",\"contentUrl\":\"https:\/\/www.manaus.am.gov.br\/manauscult\/wp-content\/uploads\/sites\/11\/2023\/09\/53092098366_3c371fc92c_c-1.jpg\",\"width\":799,\"height\":533},{\"@type\":\"BreadcrumbList\",\"@id\":\"https:\/\/www.manaus.am.gov.br\/manauscult\/prefeitura-abre-primeiro-dia-do-soumanaus-2023-com-david-guetta-e-mais-22-atracoes-musicais-locais\/#breadcrumb\",\"itemListElement\":[{\"@type\":\"ListItem\",\"position\":1,\"name\":\"Home\",\"item\":\"https:\/\/www.manaus.am.gov.br\/manauscult\/\"},{\"@type\":\"ListItem\",\"position\":2,\"name\":\"Prefeitura abre primeiro dia do #SouManaus 2023 com David Guetta e mais 22 atra\u00e7\u00f5es musicais locais\"}]},{\"@type\":\"WebSite\",\"@id\":\"https:\/\/www.manaus.am.gov.br\/manauscult\/#website\",\"url\":\"https:\/\/www.manaus.am.gov.br\/manauscult\/\",\"name\":\"MANAUSCULT\",\"description\":\"Prefeitura de Manaus\",\"potentialAction\":[{\"@type\":\"SearchAction\",\"target\":{\"@type\":\"EntryPoint\",\"urlTemplate\":\"https:\/\/www.manaus.am.gov.br\/manauscult\/?s={search_term_string}\"},\"query-input\":\"required name=search_term_string\"}],\"inLanguage\":\"pt-BR\"},{\"@type\":\"Person\",\"@id\":\"https:\/\/www.manaus.am.gov.br\/manauscult\/#\/schema\/person\/4eea2a8f78dc853097abb026f728aa06\",\"name\":\"Renata Felix\",\"image\":{\"@type\":\"ImageObject\",\"inLanguage\":\"pt-BR\",\"@id\":\"https:\/\/www.manaus.am.gov.br\/manauscult\/#\/schema\/person\/image\/\",\"url\":\"https:\/\/secure.gravatar.com\/avatar\/3c196cf9d3b837b24c8edb2c50fd8f29?s=96&d=mm&r=g\",\"contentUrl\":\"https:\/\/secure.gravatar.com\/avatar\/3c196cf9d3b837b24c8edb2c50fd8f29?s=96&d=mm&r=g\",\"caption\":\"Renata Felix\"}}]}<\/script>\n<!-- \/ Yoast SEO plugin. -->","yoast_head_json":{"title":"Prefeitura abre primeiro dia do #SouManaus 2023 com David Guetta e mais 22 atra\u00e7\u00f5es musicais locais - MANAUSCULT","robots":{"index":"noindex","follow":"follow"},"og_locale":"pt_BR","og_type":"article","og_title":"Prefeitura abre primeiro dia do #SouManaus 2023 com David Guetta e mais 22 atra\u00e7\u00f5es musicais locais - MANAUSCULT","og_url":"https:\/\/www.manaus.am.gov.br\/manauscult\/prefeitura-abre-primeiro-dia-do-soumanaus-2023-com-david-guetta-e-mais-22-atracoes-musicais-locais\/","og_site_name":"MANAUSCULT","article_published_time":"2023-09-04T21:02:41+00:00","article_modified_time":"2023-09-04T21:02:43+00:00","og_image":[{"width":799,"height":533,"url":"https:\/\/www.manaus.am.gov.br\/manauscult\/wp-content\/uploads\/sites\/11\/2023\/09\/53092098366_3c371fc92c_c-1.jpg","type":"image\/jpeg"}],"author":"Renata Felix","twitter_card":"summary_large_image","twitter_misc":{"Written by":"Renata Felix","Est. reading time":"3 minutos"},"schema":{"@context":"https:\/\/schema.org","@graph":[{"@type":"WebPage","@id":"https:\/\/www.manaus.am.gov.br\/manauscult\/prefeitura-abre-primeiro-dia-do-soumanaus-2023-com-david-guetta-e-mais-22-atracoes-musicais-locais\/","url":"https:\/\/www.manaus.am.gov.br\/manauscult\/prefeitura-abre-primeiro-dia-do-soumanaus-2023-com-david-guetta-e-mais-22-atracoes-musicais-locais\/","name":"Prefeitura abre primeiro dia do #SouManaus 2023 com David Guetta e mais 22 atra\u00e7\u00f5es musicais locais - MANAUSCULT","isPartOf":{"@id":"https:\/\/www.manaus.am.gov.br\/manauscult\/#website"},"primaryImageOfPage":{"@id":"https:\/\/www.manaus.am.gov.br\/manauscult\/prefeitura-abre-primeiro-dia-do-soumanaus-2023-com-david-guetta-e-mais-22-atracoes-musicais-locais\/#primaryimage"},"image":{"@id":"https:\/\/www.manaus.am.gov.br\/manauscult\/prefeitura-abre-primeiro-dia-do-soumanaus-2023-com-david-guetta-e-mais-22-atracoes-musicais-locais\/#primaryimage"},"thumbnailUrl":"https:\/\/www.manaus.am.gov.br\/manauscult\/wp-content\/uploads\/sites\/11\/2023\/09\/53092098366_3c371fc92c_c-1.jpg","datePublished":"2023-09-04T21:02:41+00:00","dateModified":"2023-09-04T21:02:43+00:00","author":{"@id":"https:\/\/www.manaus.am.gov.br\/manauscult\/#\/schema\/person\/4eea2a8f78dc853097abb026f728aa06"},"breadcrumb":{"@id":"https:\/\/www.manaus.am.gov.br\/manauscult\/prefeitura-abre-primeiro-dia-do-soumanaus-2023-com-david-guetta-e-mais-22-atracoes-musicais-locais\/#breadcrumb"},"inLanguage":"pt-BR","potentialAction":[{"@type":"ReadAction","target":["https:\/\/www.manaus.am.gov.br\/manauscult\/prefeitura-abre-primeiro-dia-do-soumanaus-2023-com-david-guetta-e-mais-22-atracoes-musicais-locais\/"]}]},{"@type":"ImageObject","inLanguage":"pt-BR","@id":"https:\/\/www.manaus.am.gov.br\/manauscult\/prefeitura-abre-primeiro-dia-do-soumanaus-2023-com-david-guetta-e-mais-22-atracoes-musicais-locais\/#primaryimage","url":"https:\/\/www.manaus.am.gov.br\/manauscult\/wp-content\/uploads\/sites\/11\/2023\/09\/53092098366_3c371fc92c_c-1.jpg","contentUrl":"https:\/\/www.manaus.am.gov.br\/manauscult\/wp-content\/uploads\/sites\/11\/2023\/09\/53092098366_3c371fc92c_c-1.jpg","width":799,"height":533},{"@type":"BreadcrumbList","@id":"https:\/\/www.manaus.am.gov.br\/manauscult\/prefeitura-abre-primeiro-dia-do-soumanaus-2023-com-david-guetta-e-mais-22-atracoes-musicais-locais\/#breadcrumb","itemListElement":[{"@type":"ListItem","position":1,"name":"Home","item":"https:\/\/www.manaus.am.gov.br\/manauscult\/"},{"@type":"ListItem","position":2,"name":"Prefeitura abre primeiro dia do #SouManaus 2023 com David Guetta e mais 22 atra\u00e7\u00f5es musicais locais"}]},{"@type":"WebSite","@id":"https:\/\/www.manaus.am.gov.br\/manauscult\/#website","url":"https:\/\/www.manaus.am.gov.br\/manauscult\/","name":"MANAUSCULT","description":"Prefeitura de Manaus","potentialAction":[{"@type":"SearchAction","target":{"@type":"EntryPoint","urlTemplate":"https:\/\/www.manaus.am.gov.br\/manauscult\/?s={search_term_string}"},"query-input":"required name=search_term_string"}],"inLanguage":"pt-BR"},{"@type":"Person","@id":"https:\/\/www.manaus.am.gov.br\/manauscult\/#\/schema\/person\/4eea2a8f78dc853097abb026f728aa06","name":"Renata Felix","image":{"@type":"ImageObject","inLanguage":"pt-BR","@id":"https:\/\/www.manaus.am.gov.br\/manauscult\/#\/schema\/person\/image\/","url":"https:\/\/secure.gravatar.com\/avatar\/3c196cf9d3b837b24c8edb2c50fd8f29?s=96&d=mm&r=g","contentUrl":"https:\/\/secure.gravatar.com\/avatar\/3c196cf9d3b837b24c8edb2c50fd8f29?s=96&d=mm&r=g","caption":"Renata Felix"}}]}},"_links":{"self":[{"href":"https:\/\/www.manaus.am.gov.br\/manauscult\/wp-json\/wp\/v2\/posts\/1298"}],"collection":[{"href":"https:\/\/www.manaus.am.gov.br\/manauscult\/wp-json\/wp\/v2\/posts"}],"about":[{"href":"https:\/\/www.manaus.am.gov.br\/manauscult\/wp-json\/wp\/v2\/types\/post"}],"author":[{"embeddable":true,"href":"https:\/\/www.manaus.am.gov.br\/manauscult\/wp-json\/wp\/v2\/users\/31"}],"replies":[{"embeddable":true,"href":"https:\/\/www.manaus.am.gov.br\/manauscult\/wp-json\/wp\/v2\/comments?post=1298"}],"version-history":[{"count":0,"href":"https:\/\/www.manaus.am.gov.br\/manauscult\/wp-json\/wp\/v2\/posts\/1298\/revisions"}],"wp:featuredmedia":[{"embeddable":true,"href":"https:\/\/www.manaus.am.gov.br\/manauscult\/wp-json\/wp\/v2\/media\/1299"}],"wp:attachment":[{"href":"https:\/\/www.manaus.am.gov.br\/manauscult\/wp-json\/wp\/v2\/media?parent=1298"}],"wp:term":[{"taxonomy":"category","embeddable":true,"href":"https:\/\/www.manaus.am.gov.br\/manauscult\/wp-json\/wp\/v2\/categories?post=1298"},{"taxonomy":"post_tag","embeddable":true,"href":"https:\/\/www.manaus.am.gov.br\/manauscult\/wp-json\/wp\/v2\/tags?post=1298"}],"curies":[{"name":"wp","href":"https:\/\/api.w.org\/{rel}","templated":true}]}}