{"id":1296,"date":"2023-09-03T21:55:25","date_gmt":"2023-09-04T01:55:25","guid":{"rendered":"https:\/\/www.manaus.am.gov.br\/manauscult\/prefeito-acompanha-montagem\/"},"modified":"2023-09-03T21:55:25","modified_gmt":"2023-09-04T01:55:25","slug":"prefeito-acompanha-montagem","status":"publish","type":"post","link":"https:\/\/www.manaus.am.gov.br\/manauscult\/prefeito-acompanha-montagem\/","title":{"rendered":"<strong>Prefeito acompanha finaliza\u00e7\u00e3o da montagem das estruturas do #SouManaus e destaca fortalecimento da cultura<\/strong>"},"content":{"rendered":"\n<p>Para garantir o sucesso do #SouManaus Passo a Pa\u00e7o 2023, o prefeito de Manaus, David Almeida, acompanhou, na noite deste domingo, 3\/9, a fase final da montagem das estruturas nas \u00e1reas de interven\u00e7\u00e3o cultural no centro hist\u00f3rico. De acordo com o prefeito, o festival vem para fomentar diversos segmentos culturais na capital amazonense.<\/p>\n\n\n\n<p>\u201cNingu\u00e9m pode pensar Manaus como cidade pequena. Manaus \u00e9 uma das maiores cidades do Brasil e do mundo, e a gente est\u00e1 tentando nivelar Manaus por cima. O SouManaus \u00e9 um evento cultural, gastron\u00f4mico, um evento do entretenimento, \u00e9 onde vai ter espa\u00e7o para circo, para o teatro, para o empreendedorismo, ent\u00e3o isso sim \u00e9 o resgate do centro de Manaus\u201d, acentuou Almeida.<\/p>\n\n\n\n<p>O #SouManaus Passo a Pa\u00e7o \u00e9 o maior festival de artes integradas do Norte e ir\u00e1 reunir 13 atra\u00e7\u00f5es nacionais, uma internacional, o DJ franc\u00eas David Guetta, e mais de 600 atra\u00e7\u00f5es locais de diferentes segmentos, como gastronomia, moda, dan\u00e7a, teatro, cinema, m\u00fasica, artesanato, arte circense, dentre outros.<\/p>\n\n\n\n<p>Promovido pela Funda\u00e7\u00e3o Municipal de Cultura, Turismo e Eventos (Manauscult), o evento integra o calend\u00e1rio oficial da cidade de Manaus. De acordo com a Lei 2.526, de 23 de outubro de 2019, deve ser realizado, anualmente, na primeira quinzena do m\u00eas de setembro. Este ano, o evento, que chega \u00e0 sua oitava edi\u00e7\u00e3o, acontecer\u00e1 nos dias 5, 6 e 7 de setembro.<\/p>\n\n\n\n<p>O #SouManaus2023 conta com dois palcos principais. Na \u00e1rea portu\u00e1ria, o palco \u201cGuardi\u00e3o da Amaz\u00f4nia\u201d, localizado na plataforma Malcher, alcan\u00e7a mais de 90% das estruturas montadas, e vem com uma proposta diferenciada que promete surpreender o p\u00fablico.<\/p>\n\n\n\n<p>\u201cEstamos a pouco mais de 48 horas do evento, os ajustes j\u00e1 est\u00e3o sendo feitos, a grande estrutura j\u00e1 est\u00e1 montada, agora \u00e9 fazer esses ajustes para que na ter\u00e7a-feira a gente possa come\u00e7ar a celebra\u00e7\u00e3o desse que se avizinha como maior evento que esta cidade j\u00e1 teve, e eu estou aqui muito feliz em poder estar vivendo esse momento\u201d, completou o prefeito.<\/p>\n\n\n\n<p>Com cerca de 23 metros, o monumento do palco traz o conceito da ancestralidade, como explicou o diretor-presidente da Manauscult, Osvaldo Cardoso. \u201cA mensagem que a Prefeitura de Manaus quer passar para o mundo \u00e9 essa. Primeiro a gente fala da nossa ancestralidade, que \u00e9 de onde n\u00f3s viemos; e falamos tamb\u00e9m das inova\u00e7\u00f5es tecnol\u00f3gicas, que \u00e9 para onde n\u00f3s estamos indo; e a sustentabilidade, que \u00e9 o que n\u00f3s precisamos aqui na Amaz\u00f4nia\u201d.<\/p>\n\n\n\n<p><strong>Acesso<\/strong><\/p>\n\n\n\n<p>Durante a visita ao complexo, David Almeida refor\u00e7ou que as pulseiras s\u00e3o para o acesso em apenas dois dos sete palcos do festival, e que o evento conta com \u00e1reas livres.<\/p>\n\n\n\n<p>\u201cAs \u00e1reas est\u00e3o todas livres, s\u00f3 tem acesso de pulseiras em dois palcos. N\u00f3s temos outros palcos, temos pra\u00e7a de alimenta\u00e7\u00e3o, espa\u00e7o de gastronomia, economia criativa, artesanato, todas essas \u00e1reas s\u00e3o livres, as pessoas v\u00e3o ter v\u00e1rias op\u00e7\u00f5es, al\u00e9m dos dois palcos principais\u201d, garantiu o prefeito.&nbsp;<\/p>\n\n\n\n<p>\u2014\u2014\u2014-<\/p>\n\n\n\n<p><strong>Texto<\/strong> &#8211; Beathriz Torres \/ Semcom e Divulga\u00e7\u00e3o\/ Manauscultt<\/p>\n\n\n\n<p><strong>Fotos<\/strong> \u2013 Ruan Souza \/ Semcom<\/p>\n\n\n\n<p><strong>Dispon\u00edveis em<\/strong> &#8211; https:\/\/flic.kr\/s\/aHBqjATnZH<\/p>\n","protected":false},"excerpt":{"rendered":"","protected":false},"author":25,"featured_media":1297,"comment_status":"closed","ping_status":"closed","sticky":false,"template":"","format":"standard","meta":{"footnotes":""},"categories":[508],"tags":[67,10,555,279],"acf":[],"yoast_head":"<!-- This site is optimized with the Yoast SEO plugin v23.0 - https:\/\/yoast.com\/wordpress\/plugins\/seo\/ -->\n<title>Prefeito acompanha finaliza\u00e7\u00e3o da montagem das estruturas do #SouManaus e destaca fortalecimento da cultura<\/title>\n<meta name=\"description\" content=\"Para garantir o sucesso do #SouManaus Passo a Pa\u00e7o 2023, o prefeito de Manaus, David Almeida, acompanhou, na noite deste domingo, 3\/9,\" \/>\n<meta name=\"robots\" content=\"noindex, follow\" \/>\n<meta property=\"og:locale\" content=\"pt_BR\" \/>\n<meta property=\"og:type\" content=\"article\" \/>\n<meta property=\"og:title\" content=\"Prefeito acompanha finaliza\u00e7\u00e3o da montagem das estruturas do #SouManaus e destaca fortalecimento da cultura\" \/>\n<meta property=\"og:description\" content=\"Para garantir o sucesso do #SouManaus Passo a Pa\u00e7o 2023, o prefeito de Manaus, David Almeida, acompanhou, na noite deste domingo, 3\/9,\" \/>\n<meta property=\"og:url\" content=\"https:\/\/www.manaus.am.gov.br\/manauscult\/prefeito-acompanha-montagem\/\" \/>\n<meta property=\"og:site_name\" content=\"MANAUSCULT\" \/>\n<meta property=\"article:published_time\" content=\"2023-09-04T01:55:25+00:00\" \/>\n<meta property=\"og:image\" content=\"https:\/\/www.manaus.am.gov.br\/manauscult\/wp-content\/uploads\/sites\/11\/2023\/09\/53162557881_16e8550c0e_c.jpg\" \/>\n\t<meta property=\"og:image:width\" content=\"800\" \/>\n\t<meta property=\"og:image:height\" content=\"534\" \/>\n\t<meta property=\"og:image:type\" content=\"image\/jpeg\" \/>\n<meta name=\"author\" content=\"Maur\u00edcio Freire\" \/>\n<meta name=\"twitter:card\" content=\"summary_large_image\" \/>\n<meta name=\"twitter:label1\" content=\"Written by\" \/>\n\t<meta name=\"twitter:data1\" content=\"Maur\u00edcio Freire\" \/>\n\t<meta name=\"twitter:label2\" content=\"Est. reading time\" \/>\n\t<meta name=\"twitter:data2\" content=\"3 minutos\" \/>\n<script type=\"application\/ld+json\" class=\"yoast-schema-graph\">{\"@context\":\"https:\/\/schema.org\",\"@graph\":[{\"@type\":\"WebPage\",\"@id\":\"https:\/\/www.manaus.am.gov.br\/manauscult\/prefeito-acompanha-montagem\/\",\"url\":\"https:\/\/www.manaus.am.gov.br\/manauscult\/prefeito-acompanha-montagem\/\",\"name\":\"Prefeito acompanha finaliza\u00e7\u00e3o da montagem das estruturas do #SouManaus e destaca fortalecimento da cultura\",\"isPartOf\":{\"@id\":\"https:\/\/www.manaus.am.gov.br\/manauscult\/#website\"},\"primaryImageOfPage\":{\"@id\":\"https:\/\/www.manaus.am.gov.br\/manauscult\/prefeito-acompanha-montagem\/#primaryimage\"},\"image\":{\"@id\":\"https:\/\/www.manaus.am.gov.br\/manauscult\/prefeito-acompanha-montagem\/#primaryimage\"},\"thumbnailUrl\":\"https:\/\/www.manaus.am.gov.br\/manauscult\/wp-content\/uploads\/sites\/11\/2023\/09\/53162557881_16e8550c0e_c.jpg\",\"datePublished\":\"2023-09-04T01:55:25+00:00\",\"dateModified\":\"2023-09-04T01:55:25+00:00\",\"author\":{\"@id\":\"https:\/\/www.manaus.am.gov.br\/manauscult\/#\/schema\/person\/587989a23a463cde5618e6a028977a9a\"},\"description\":\"Para garantir o sucesso do #SouManaus Passo a Pa\u00e7o 2023, o prefeito de Manaus, David Almeida, acompanhou, na noite deste domingo, 3\/9,\",\"breadcrumb\":{\"@id\":\"https:\/\/www.manaus.am.gov.br\/manauscult\/prefeito-acompanha-montagem\/#breadcrumb\"},\"inLanguage\":\"pt-BR\",\"potentialAction\":[{\"@type\":\"ReadAction\",\"target\":[\"https:\/\/www.manaus.am.gov.br\/manauscult\/prefeito-acompanha-montagem\/\"]}]},{\"@type\":\"ImageObject\",\"inLanguage\":\"pt-BR\",\"@id\":\"https:\/\/www.manaus.am.gov.br\/manauscult\/prefeito-acompanha-montagem\/#primaryimage\",\"url\":\"https:\/\/www.manaus.am.gov.br\/manauscult\/wp-content\/uploads\/sites\/11\/2023\/09\/53162557881_16e8550c0e_c.jpg\",\"contentUrl\":\"https:\/\/www.manaus.am.gov.br\/manauscult\/wp-content\/uploads\/sites\/11\/2023\/09\/53162557881_16e8550c0e_c.jpg\",\"width\":800,\"height\":534},{\"@type\":\"BreadcrumbList\",\"@id\":\"https:\/\/www.manaus.am.gov.br\/manauscult\/prefeito-acompanha-montagem\/#breadcrumb\",\"itemListElement\":[{\"@type\":\"ListItem\",\"position\":1,\"name\":\"Home\",\"item\":\"https:\/\/www.manaus.am.gov.br\/manauscult\/\"},{\"@type\":\"ListItem\",\"position\":2,\"name\":\"Prefeito acompanha finaliza\u00e7\u00e3o da montagem das estruturas do #SouManaus e destaca fortalecimento da cultura\"}]},{\"@type\":\"WebSite\",\"@id\":\"https:\/\/www.manaus.am.gov.br\/manauscult\/#website\",\"url\":\"https:\/\/www.manaus.am.gov.br\/manauscult\/\",\"name\":\"MANAUSCULT\",\"description\":\"Prefeitura de Manaus\",\"potentialAction\":[{\"@type\":\"SearchAction\",\"target\":{\"@type\":\"EntryPoint\",\"urlTemplate\":\"https:\/\/www.manaus.am.gov.br\/manauscult\/?s={search_term_string}\"},\"query-input\":\"required name=search_term_string\"}],\"inLanguage\":\"pt-BR\"},{\"@type\":\"Person\",\"@id\":\"https:\/\/www.manaus.am.gov.br\/manauscult\/#\/schema\/person\/587989a23a463cde5618e6a028977a9a\",\"name\":\"Maur\u00edcio Freire\",\"image\":{\"@type\":\"ImageObject\",\"inLanguage\":\"pt-BR\",\"@id\":\"https:\/\/www.manaus.am.gov.br\/manauscult\/#\/schema\/person\/image\/\",\"url\":\"https:\/\/secure.gravatar.com\/avatar\/dc1481799a1f75c733ac3b2634cd6749?s=96&d=mm&r=g\",\"contentUrl\":\"https:\/\/secure.gravatar.com\/avatar\/dc1481799a1f75c733ac3b2634cd6749?s=96&d=mm&r=g\",\"caption\":\"Maur\u00edcio Freire\"}}]}<\/script>\n<!-- \/ Yoast SEO plugin. -->","yoast_head_json":{"title":"Prefeito acompanha finaliza\u00e7\u00e3o da montagem das estruturas do #SouManaus e destaca fortalecimento da cultura","description":"Para garantir o sucesso do #SouManaus Passo a Pa\u00e7o 2023, o prefeito de Manaus, David Almeida, acompanhou, na noite deste domingo, 3\/9,","robots":{"index":"noindex","follow":"follow"},"og_locale":"pt_BR","og_type":"article","og_title":"Prefeito acompanha finaliza\u00e7\u00e3o da montagem das estruturas do #SouManaus e destaca fortalecimento da cultura","og_description":"Para garantir o sucesso do #SouManaus Passo a Pa\u00e7o 2023, o prefeito de Manaus, David Almeida, acompanhou, na noite deste domingo, 3\/9,","og_url":"https:\/\/www.manaus.am.gov.br\/manauscult\/prefeito-acompanha-montagem\/","og_site_name":"MANAUSCULT","article_published_time":"2023-09-04T01:55:25+00:00","og_image":[{"width":800,"height":534,"url":"https:\/\/www.manaus.am.gov.br\/manauscult\/wp-content\/uploads\/sites\/11\/2023\/09\/53162557881_16e8550c0e_c.jpg","type":"image\/jpeg"}],"author":"Maur\u00edcio Freire","twitter_card":"summary_large_image","twitter_misc":{"Written by":"Maur\u00edcio Freire","Est. reading time":"3 minutos"},"schema":{"@context":"https:\/\/schema.org","@graph":[{"@type":"WebPage","@id":"https:\/\/www.manaus.am.gov.br\/manauscult\/prefeito-acompanha-montagem\/","url":"https:\/\/www.manaus.am.gov.br\/manauscult\/prefeito-acompanha-montagem\/","name":"Prefeito acompanha finaliza\u00e7\u00e3o da montagem das estruturas do #SouManaus e destaca fortalecimento da cultura","isPartOf":{"@id":"https:\/\/www.manaus.am.gov.br\/manauscult\/#website"},"primaryImageOfPage":{"@id":"https:\/\/www.manaus.am.gov.br\/manauscult\/prefeito-acompanha-montagem\/#primaryimage"},"image":{"@id":"https:\/\/www.manaus.am.gov.br\/manauscult\/prefeito-acompanha-montagem\/#primaryimage"},"thumbnailUrl":"https:\/\/www.manaus.am.gov.br\/manauscult\/wp-content\/uploads\/sites\/11\/2023\/09\/53162557881_16e8550c0e_c.jpg","datePublished":"2023-09-04T01:55:25+00:00","dateModified":"2023-09-04T01:55:25+00:00","author":{"@id":"https:\/\/www.manaus.am.gov.br\/manauscult\/#\/schema\/person\/587989a23a463cde5618e6a028977a9a"},"description":"Para garantir o sucesso do #SouManaus Passo a Pa\u00e7o 2023, o prefeito de Manaus, David Almeida, acompanhou, na noite deste domingo, 3\/9,","breadcrumb":{"@id":"https:\/\/www.manaus.am.gov.br\/manauscult\/prefeito-acompanha-montagem\/#breadcrumb"},"inLanguage":"pt-BR","potentialAction":[{"@type":"ReadAction","target":["https:\/\/www.manaus.am.gov.br\/manauscult\/prefeito-acompanha-montagem\/"]}]},{"@type":"ImageObject","inLanguage":"pt-BR","@id":"https:\/\/www.manaus.am.gov.br\/manauscult\/prefeito-acompanha-montagem\/#primaryimage","url":"https:\/\/www.manaus.am.gov.br\/manauscult\/wp-content\/uploads\/sites\/11\/2023\/09\/53162557881_16e8550c0e_c.jpg","contentUrl":"https:\/\/www.manaus.am.gov.br\/manauscult\/wp-content\/uploads\/sites\/11\/2023\/09\/53162557881_16e8550c0e_c.jpg","width":800,"height":534},{"@type":"BreadcrumbList","@id":"https:\/\/www.manaus.am.gov.br\/manauscult\/prefeito-acompanha-montagem\/#breadcrumb","itemListElement":[{"@type":"ListItem","position":1,"name":"Home","item":"https:\/\/www.manaus.am.gov.br\/manauscult\/"},{"@type":"ListItem","position":2,"name":"Prefeito acompanha finaliza\u00e7\u00e3o da montagem das estruturas do #SouManaus e destaca fortalecimento da cultura"}]},{"@type":"WebSite","@id":"https:\/\/www.manaus.am.gov.br\/manauscult\/#website","url":"https:\/\/www.manaus.am.gov.br\/manauscult\/","name":"MANAUSCULT","description":"Prefeitura de Manaus","potentialAction":[{"@type":"SearchAction","target":{"@type":"EntryPoint","urlTemplate":"https:\/\/www.manaus.am.gov.br\/manauscult\/?s={search_term_string}"},"query-input":"required name=search_term_string"}],"inLanguage":"pt-BR"},{"@type":"Person","@id":"https:\/\/www.manaus.am.gov.br\/manauscult\/#\/schema\/person\/587989a23a463cde5618e6a028977a9a","name":"Maur\u00edcio Freire","image":{"@type":"ImageObject","inLanguage":"pt-BR","@id":"https:\/\/www.manaus.am.gov.br\/manauscult\/#\/schema\/person\/image\/","url":"https:\/\/secure.gravatar.com\/avatar\/dc1481799a1f75c733ac3b2634cd6749?s=96&d=mm&r=g","contentUrl":"https:\/\/secure.gravatar.com\/avatar\/dc1481799a1f75c733ac3b2634cd6749?s=96&d=mm&r=g","caption":"Maur\u00edcio Freire"}}]}},"_links":{"self":[{"href":"https:\/\/www.manaus.am.gov.br\/manauscult\/wp-json\/wp\/v2\/posts\/1296"}],"collection":[{"href":"https:\/\/www.manaus.am.gov.br\/manauscult\/wp-json\/wp\/v2\/posts"}],"about":[{"href":"https:\/\/www.manaus.am.gov.br\/manauscult\/wp-json\/wp\/v2\/types\/post"}],"author":[{"embeddable":true,"href":"https:\/\/www.manaus.am.gov.br\/manauscult\/wp-json\/wp\/v2\/users\/25"}],"replies":[{"embeddable":true,"href":"https:\/\/www.manaus.am.gov.br\/manauscult\/wp-json\/wp\/v2\/comments?post=1296"}],"version-history":[{"count":0,"href":"https:\/\/www.manaus.am.gov.br\/manauscult\/wp-json\/wp\/v2\/posts\/1296\/revisions"}],"wp:featuredmedia":[{"embeddable":true,"href":"https:\/\/www.manaus.am.gov.br\/manauscult\/wp-json\/wp\/v2\/media\/1297"}],"wp:attachment":[{"href":"https:\/\/www.manaus.am.gov.br\/manauscult\/wp-json\/wp\/v2\/media?parent=1296"}],"wp:term":[{"taxonomy":"category","embeddable":true,"href":"https:\/\/www.manaus.am.gov.br\/manauscult\/wp-json\/wp\/v2\/categories?post=1296"},{"taxonomy":"post_tag","embeddable":true,"href":"https:\/\/www.manaus.am.gov.br\/manauscult\/wp-json\/wp\/v2\/tags?post=1296"}],"curies":[{"name":"wp","href":"https:\/\/api.w.org\/{rel}","templated":true}]}}