{"id":1293,"date":"2023-09-03T12:02:23","date_gmt":"2023-09-03T16:02:23","guid":{"rendered":"https:\/\/www.manaus.am.gov.br\/manauscult\/artistas-e-fazedores-de-cultura-das-comunidades-da-rds-do-tupe-recebem-treinamento-para-serem-beneficiados-pela-lei-paulo-gustavo\/"},"modified":"2023-11-22T15:23:00","modified_gmt":"2023-11-22T19:23:00","slug":"artistas-e-fazedores-de-cultura-das-comunidades-da-rds-do-tupe-recebem-treinamento-para-serem-beneficiados-pela-lei-paulo-gustavo","status":"publish","type":"post","link":"https:\/\/www.manaus.am.gov.br\/manauscult\/artistas-e-fazedores-de-cultura-das-comunidades-da-rds-do-tupe-recebem-treinamento-para-serem-beneficiados-pela-lei-paulo-gustavo\/","title":{"rendered":"Artistas e fazedores de cultura\u00a0das comunidades da RDS do Tup\u00e9 recebem treinamento para serem beneficiados pela Lei Paulo Gustavo"},"content":{"rendered":"\n<p>A comunidade de S\u00e3o Jo\u00e3o do Tup\u00e9, na Reserva de Desenvolvimento Sustent\u00e1vel (RDS) do Tup\u00e9, localizada a 25 quil\u00f4metros da capital amazonense, subindo o rio Negro, foi a primeira \u00e1rea rural e ribeirinha onde os artistas e fazedores de cultura receberam um treinamento, nos dias 1\u00ba e 2\/9, para formular projetos e participar dos editais da Lei Paulo Gustavo (LPG) numa a\u00e7\u00e3o da Prefeitura de Manaus, por meio da Funda\u00e7\u00e3o Municipal de Cultura e Eventos (Manauscult) e do Conselho Municipal de Cultura (Concultura).<\/p>\n\n\n\n<p>A equipe, formada por t\u00e9cnicos da prefeitura com integrantes do Concultura e do Sebrae-AM, realizou o percurso de barco da marina do Davi a comunidade de S\u00e3o Jo\u00e3o do Tup\u00e9, onde vivem mais de 80 fam\u00edlias, totalizando 300 pessoas. No local, fica a base de apoio e fiscaliza\u00e7\u00e3o ambiental da Secretaria Municipal de Meio Ambiente (Semmas), parceira na realiza\u00e7\u00e3o da a\u00e7\u00e3o.<\/p>\n\n\n\n<p>Na sexta-feira e s\u00e1bado, a equipe realizou um treinamento sobre como fazer projetos culturais, para uma turma de 40 alunos, formada por moradores que realizam algum tipo de arte ou artesanato, nas comunidades que fazem parte da RDS do Tup\u00e9: S\u00e3o Jo\u00e3o e Col\u00f4nia Central, e as ind\u00edgenas Tatuyo, Yacuru, Tatu e Cipi\u00e1.<\/p>\n\n\n\n<p>O diretor-presidente da Manauscult, Osvaldo Cardoso, reafirmou o compromisso da gest\u00e3o municipal de proporcionar aos trabalhadores da cultura e artistas as melhores e maiores oportunidades de emprego e renda. &#8220;Vamos onde o artista est\u00e1, seja em periferias ou beirad\u00f5es, levando conhecimento e auxiliando na gera\u00e7\u00e3o de trabalho e ganhos, levando a pol\u00edtica p\u00fablica cultural&#8221;, ressaltou.<\/p>\n\n\n\n<p>A a\u00e7\u00e3o da Prefeitura de Manaus, al\u00e9m de formativa para projetos, est\u00e1&nbsp;realizando o cadastro pr\u00e9vio dos fazedores de cultura e a prospec\u00e7\u00e3o para a busca ativa de artistas rurais que ser\u00e3o beneficiados pela LPG.&nbsp;<\/p>\n\n\n\n<p>Para o presidente&nbsp;do Concultura, Ten\u00f3rio Telles, essa a\u00e7\u00e3o formativa e consultiva da prefeitura contempla o projeto do prefeito David Almeida, de fazer chegar nas periferias e comunidades rurais os recursos da cultura. &#8220;Estamos alcan\u00e7ando comunidades onde jamais essas pol\u00edticas p\u00fablicas chegavam, em especial, os ribeirinhos e ind\u00edgenas&#8221;, detalhou Telles. Ele lembrou ainda que esta gest\u00e3o tem dado uma aten\u00e7\u00e3o especial aos ind\u00edgenas e povos tradicionais.<\/p>\n\n\n\n<p>O coordenador da a\u00e7\u00e3o das precursoras da LPG em Manaus, o vice-presidente do Concultura, Neilo Batista, explicou a estrat\u00e9gia da prefeitura para fazer os recursos da lei chegarem aos artistas das \u00e1reas rurais e ribeirinhas.<\/p>\n\n\n\n<p>&#8220;Estamos levando oportunidade por meio do conhecimento, beneficiando popula\u00e7\u00f5es ribeirinhas e ind\u00edgenas. Temos dois polos na regi\u00e3o da RDS do Tup\u00e9, um no Tarum\u00e3-Mirim e outro em Terras Pretas, levando curso de projetos, cadastro pr\u00e9vio e a busca ativa de artistas em situa\u00e7\u00e3o de vulnerabilidade. Estamos levando o recurso onde nunca chegou&#8221;, afirmou o coordenador.<\/p>\n\n\n\n<h2 class=\"wp-block-heading\">Praia do Tup\u00e9<\/h2>\n\n\n\n<p>A praia do Tup\u00e9 \u00e9 a principal atra\u00e7\u00e3o das comunidades da RDS do Tup\u00e9, recebendo a forte presen\u00e7a de turistas de Manaus durante todo o ver\u00e3o&nbsp;com&nbsp;atividade tur\u00edstica, por isso tem muitos artistas que produzem e comercializam artesanato e outras artes no local.<\/p>\n\n\n\n<p>Morador mais idoso da comunidade, Raimundo Ara\u00fajo, de 94 anos, ainda trabalha fazendo cestaria de fibra de arum\u00e3. Na prospec\u00e7\u00e3o, ele foi o indicado pela comunidade para concorrer ao edital Pr\u00eamio de Mestres da Cultura Popular, por seus conhecimentos da cultura origin\u00e1ria e por manter viva a tradi\u00e7\u00e3o de produtos da fibra de arum\u00e3.<\/p>\n\n\n\n<p>Um dos fundadores da comunidade \u00e9&nbsp;Raimundo Silva. Desde a sua funda\u00e7\u00e3o, h\u00e1 35 anos, trabalha como caseiro na comunidade. &#8220;Nas horas vagas, escrevo poemas e conto hist\u00f3rias que vivi desde a inf\u00e2ncia em Parintins, como trabalhador do Distrito Industrial, e sobre a hist\u00f3ria da comunidade do Tup\u00e9 nesses 35 anos, que, ali\u00e1s, \u00e9 o nome dado \u00e0s esteiras de fibra de arum\u00e3 que encontramos na natureza&#8221;, conta o comunit\u00e1rio decano do lugar.<\/p>\n\n\n\n<p>O cacique da comunidade ind\u00edgena, Hernando Tatuyo, trouxe um grupo de sua aldeia para aprender a fazer projetos culturais e se credenciar para os editais. &#8220;Nossa comunidade tem muitos artes\u00e3os, dan\u00e7arinos e a nova gera\u00e7\u00e3o que fazem v\u00eddeos e contam nossa hist\u00f3ria. Por isso,&nbsp;estamos aproveitando&nbsp;a oportunidade de concorrer nos editais da LPG&#8221;, disse o cacique.<\/p>\n\n\n\n<p>A filha do cacique Hernando, cunh\u00e3-poranga da aldeia, \u00e9 a popular influenciadora digital ind\u00edgena Maira Gomez, ou J\u016bgoa (pron\u00fancia iug\u00f4a), que significa mulher artista&nbsp;na l\u00edngua Tatuyo, \u00e9 conhecida pelo nome art\u00edstico &#8220;Cunhaporanga_oficial&#8221;, e seu perfil no Instagram tem 497 mil seguidores.<\/p>\n\n\n\n<p>&#8220;Esta \u00e9 uma oportunidade que n\u00e3o podemos perder de participar do edital Paulo Gustavo, divulgando a cultura do nosso povo. Queremos propor um projeto de imers\u00e3o na nossa aldeia Tatuyo, apresentando os produtos, rituais e h\u00e1bitos de nosso povo&#8221;, concluiu.<\/p>\n\n\n\n<p>&#8212; &#8212; &#8212;<\/p>\n\n\n\n<p><strong>Texto &#8211;<\/strong> Crist\u00f3v\u00e3o Nonato \/ Manauscult<\/p>\n\n\n\n<p><strong>Foto &#8211;<\/strong> F\u00e1bio Sim\u00f5es \/ Manauscult<\/p>\n","protected":false},"excerpt":{"rendered":"","protected":false},"author":39,"featured_media":1294,"comment_status":"closed","ping_status":"closed","sticky":false,"template":"","format":"standard","meta":{"footnotes":""},"categories":[12],"tags":[551,552,48,9,11,553,554],"acf":[],"yoast_head":"<!-- This site is optimized with the Yoast SEO plugin v23.0 - https:\/\/yoast.com\/wordpress\/plugins\/seo\/ -->\n<title>Artistas e fazedores de cultura das comunidades da RDS do Tup\u00e9 recebem treinamento para serem beneficiados pela Lei Paulo Gustavo<\/title>\n<meta name=\"description\" content=\"Na sexta-feira e s\u00e1bado, a equipe realizou um treinamento sobre como fazer projetos culturais, para uma turma de 40 alunos, formada por moradores que realizam algum tipo de arte ou artesanato, nas comunidades que fazem parte da RDS do Tup\u00e9: S\u00e3o Jo\u00e3o e Col\u00f4nia Central, e as ind\u00edgenas Tatuyo, Yacuru, Tatu e Cipi\u00e1.\" \/>\n<meta name=\"robots\" content=\"noindex, follow\" \/>\n<meta property=\"og:locale\" content=\"pt_BR\" \/>\n<meta property=\"og:type\" content=\"article\" \/>\n<meta property=\"og:title\" content=\"Artistas e fazedores de cultura das comunidades da RDS do Tup\u00e9 recebem treinamento para serem beneficiados pela Lei Paulo Gustavo\" \/>\n<meta property=\"og:description\" content=\"Na sexta-feira e s\u00e1bado, a equipe realizou um treinamento sobre como fazer projetos culturais, para uma turma de 40 alunos, formada por moradores que realizam algum tipo de arte ou artesanato, nas comunidades que fazem parte da RDS do Tup\u00e9: S\u00e3o Jo\u00e3o e Col\u00f4nia Central, e as ind\u00edgenas Tatuyo, Yacuru, Tatu e Cipi\u00e1.\" \/>\n<meta property=\"og:url\" content=\"https:\/\/www.manaus.am.gov.br\/manauscult\/artistas-e-fazedores-de-cultura-das-comunidades-da-rds-do-tupe-recebem-treinamento-para-serem-beneficiados-pela-lei-paulo-gustavo\/\" \/>\n<meta property=\"og:site_name\" content=\"MANAUSCULT\" \/>\n<meta property=\"article:published_time\" content=\"2023-09-03T16:02:23+00:00\" \/>\n<meta property=\"article:modified_time\" content=\"2023-11-22T19:23:00+00:00\" \/>\n<meta property=\"og:image\" content=\"https:\/\/www.manaus.am.gov.br\/manauscult\/wp-content\/uploads\/sites\/11\/2023\/09\/Treinamento-na-RDS-do-Tupe-3.jpg\" \/>\n\t<meta property=\"og:image:width\" content=\"1280\" \/>\n\t<meta property=\"og:image:height\" content=\"960\" \/>\n\t<meta property=\"og:image:type\" content=\"image\/jpeg\" \/>\n<meta name=\"author\" content=\"Bruna Greco\" \/>\n<meta name=\"twitter:card\" content=\"summary_large_image\" \/>\n<meta name=\"twitter:label1\" content=\"Written by\" \/>\n\t<meta name=\"twitter:data1\" content=\"Bruna Greco\" \/>\n\t<meta name=\"twitter:label2\" content=\"Est. reading time\" \/>\n\t<meta name=\"twitter:data2\" content=\"5 minutos\" \/>\n<script type=\"application\/ld+json\" class=\"yoast-schema-graph\">{\"@context\":\"https:\/\/schema.org\",\"@graph\":[{\"@type\":\"WebPage\",\"@id\":\"https:\/\/www.manaus.am.gov.br\/manauscult\/artistas-e-fazedores-de-cultura-das-comunidades-da-rds-do-tupe-recebem-treinamento-para-serem-beneficiados-pela-lei-paulo-gustavo\/\",\"url\":\"https:\/\/www.manaus.am.gov.br\/manauscult\/artistas-e-fazedores-de-cultura-das-comunidades-da-rds-do-tupe-recebem-treinamento-para-serem-beneficiados-pela-lei-paulo-gustavo\/\",\"name\":\"Artistas e fazedores de cultura das comunidades da RDS do Tup\u00e9 recebem treinamento para serem beneficiados pela Lei Paulo Gustavo\",\"isPartOf\":{\"@id\":\"https:\/\/www.manaus.am.gov.br\/manauscult\/#website\"},\"primaryImageOfPage\":{\"@id\":\"https:\/\/www.manaus.am.gov.br\/manauscult\/artistas-e-fazedores-de-cultura-das-comunidades-da-rds-do-tupe-recebem-treinamento-para-serem-beneficiados-pela-lei-paulo-gustavo\/#primaryimage\"},\"image\":{\"@id\":\"https:\/\/www.manaus.am.gov.br\/manauscult\/artistas-e-fazedores-de-cultura-das-comunidades-da-rds-do-tupe-recebem-treinamento-para-serem-beneficiados-pela-lei-paulo-gustavo\/#primaryimage\"},\"thumbnailUrl\":\"https:\/\/www.manaus.am.gov.br\/manauscult\/wp-content\/uploads\/sites\/11\/2023\/09\/Treinamento-na-RDS-do-Tupe-3.jpg\",\"datePublished\":\"2023-09-03T16:02:23+00:00\",\"dateModified\":\"2023-11-22T19:23:00+00:00\",\"author\":{\"@id\":\"https:\/\/www.manaus.am.gov.br\/manauscult\/#\/schema\/person\/05d223aea2bf115f9883a6ff3683d81b\"},\"description\":\"Na sexta-feira e s\u00e1bado, a equipe realizou um treinamento sobre como fazer projetos culturais, para uma turma de 40 alunos, formada por moradores que realizam algum tipo de arte ou artesanato, nas comunidades que fazem parte da RDS do Tup\u00e9: S\u00e3o Jo\u00e3o e Col\u00f4nia Central, e as ind\u00edgenas Tatuyo, Yacuru, Tatu e Cipi\u00e1.\",\"breadcrumb\":{\"@id\":\"https:\/\/www.manaus.am.gov.br\/manauscult\/artistas-e-fazedores-de-cultura-das-comunidades-da-rds-do-tupe-recebem-treinamento-para-serem-beneficiados-pela-lei-paulo-gustavo\/#breadcrumb\"},\"inLanguage\":\"pt-BR\",\"potentialAction\":[{\"@type\":\"ReadAction\",\"target\":[\"https:\/\/www.manaus.am.gov.br\/manauscult\/artistas-e-fazedores-de-cultura-das-comunidades-da-rds-do-tupe-recebem-treinamento-para-serem-beneficiados-pela-lei-paulo-gustavo\/\"]}]},{\"@type\":\"ImageObject\",\"inLanguage\":\"pt-BR\",\"@id\":\"https:\/\/www.manaus.am.gov.br\/manauscult\/artistas-e-fazedores-de-cultura-das-comunidades-da-rds-do-tupe-recebem-treinamento-para-serem-beneficiados-pela-lei-paulo-gustavo\/#primaryimage\",\"url\":\"https:\/\/www.manaus.am.gov.br\/manauscult\/wp-content\/uploads\/sites\/11\/2023\/09\/Treinamento-na-RDS-do-Tupe-3.jpg\",\"contentUrl\":\"https:\/\/www.manaus.am.gov.br\/manauscult\/wp-content\/uploads\/sites\/11\/2023\/09\/Treinamento-na-RDS-do-Tupe-3.jpg\",\"width\":1280,\"height\":960},{\"@type\":\"BreadcrumbList\",\"@id\":\"https:\/\/www.manaus.am.gov.br\/manauscult\/artistas-e-fazedores-de-cultura-das-comunidades-da-rds-do-tupe-recebem-treinamento-para-serem-beneficiados-pela-lei-paulo-gustavo\/#breadcrumb\",\"itemListElement\":[{\"@type\":\"ListItem\",\"position\":1,\"name\":\"Home\",\"item\":\"https:\/\/www.manaus.am.gov.br\/manauscult\/\"},{\"@type\":\"ListItem\",\"position\":2,\"name\":\"Artistas e fazedores de cultura\u00a0das comunidades da RDS do Tup\u00e9 recebem treinamento para serem beneficiados pela Lei Paulo Gustavo\"}]},{\"@type\":\"WebSite\",\"@id\":\"https:\/\/www.manaus.am.gov.br\/manauscult\/#website\",\"url\":\"https:\/\/www.manaus.am.gov.br\/manauscult\/\",\"name\":\"MANAUSCULT\",\"description\":\"Prefeitura de Manaus\",\"potentialAction\":[{\"@type\":\"SearchAction\",\"target\":{\"@type\":\"EntryPoint\",\"urlTemplate\":\"https:\/\/www.manaus.am.gov.br\/manauscult\/?s={search_term_string}\"},\"query-input\":\"required name=search_term_string\"}],\"inLanguage\":\"pt-BR\"},{\"@type\":\"Person\",\"@id\":\"https:\/\/www.manaus.am.gov.br\/manauscult\/#\/schema\/person\/05d223aea2bf115f9883a6ff3683d81b\",\"name\":\"Bruna Greco\",\"image\":{\"@type\":\"ImageObject\",\"inLanguage\":\"pt-BR\",\"@id\":\"https:\/\/www.manaus.am.gov.br\/manauscult\/#\/schema\/person\/image\/\",\"url\":\"https:\/\/secure.gravatar.com\/avatar\/9c877d1a6adc2a055330e5c09a8653ce?s=96&d=mm&r=g\",\"contentUrl\":\"https:\/\/secure.gravatar.com\/avatar\/9c877d1a6adc2a055330e5c09a8653ce?s=96&d=mm&r=g\",\"caption\":\"Bruna Greco\"}}]}<\/script>\n<!-- \/ Yoast SEO plugin. -->","yoast_head_json":{"title":"Artistas e fazedores de cultura das comunidades da RDS do Tup\u00e9 recebem treinamento para serem beneficiados pela Lei Paulo Gustavo","description":"Na sexta-feira e s\u00e1bado, a equipe realizou um treinamento sobre como fazer projetos culturais, para uma turma de 40 alunos, formada por moradores que realizam algum tipo de arte ou artesanato, nas comunidades que fazem parte da RDS do Tup\u00e9: S\u00e3o Jo\u00e3o e Col\u00f4nia Central, e as ind\u00edgenas Tatuyo, Yacuru, Tatu e Cipi\u00e1.","robots":{"index":"noindex","follow":"follow"},"og_locale":"pt_BR","og_type":"article","og_title":"Artistas e fazedores de cultura das comunidades da RDS do Tup\u00e9 recebem treinamento para serem beneficiados pela Lei Paulo Gustavo","og_description":"Na sexta-feira e s\u00e1bado, a equipe realizou um treinamento sobre como fazer projetos culturais, para uma turma de 40 alunos, formada por moradores que realizam algum tipo de arte ou artesanato, nas comunidades que fazem parte da RDS do Tup\u00e9: S\u00e3o Jo\u00e3o e Col\u00f4nia Central, e as ind\u00edgenas Tatuyo, Yacuru, Tatu e Cipi\u00e1.","og_url":"https:\/\/www.manaus.am.gov.br\/manauscult\/artistas-e-fazedores-de-cultura-das-comunidades-da-rds-do-tupe-recebem-treinamento-para-serem-beneficiados-pela-lei-paulo-gustavo\/","og_site_name":"MANAUSCULT","article_published_time":"2023-09-03T16:02:23+00:00","article_modified_time":"2023-11-22T19:23:00+00:00","og_image":[{"width":1280,"height":960,"url":"https:\/\/www.manaus.am.gov.br\/manauscult\/wp-content\/uploads\/sites\/11\/2023\/09\/Treinamento-na-RDS-do-Tupe-3.jpg","type":"image\/jpeg"}],"author":"Bruna Greco","twitter_card":"summary_large_image","twitter_misc":{"Written by":"Bruna Greco","Est. reading time":"5 minutos"},"schema":{"@context":"https:\/\/schema.org","@graph":[{"@type":"WebPage","@id":"https:\/\/www.manaus.am.gov.br\/manauscult\/artistas-e-fazedores-de-cultura-das-comunidades-da-rds-do-tupe-recebem-treinamento-para-serem-beneficiados-pela-lei-paulo-gustavo\/","url":"https:\/\/www.manaus.am.gov.br\/manauscult\/artistas-e-fazedores-de-cultura-das-comunidades-da-rds-do-tupe-recebem-treinamento-para-serem-beneficiados-pela-lei-paulo-gustavo\/","name":"Artistas e fazedores de cultura das comunidades da RDS do Tup\u00e9 recebem treinamento para serem beneficiados pela Lei Paulo Gustavo","isPartOf":{"@id":"https:\/\/www.manaus.am.gov.br\/manauscult\/#website"},"primaryImageOfPage":{"@id":"https:\/\/www.manaus.am.gov.br\/manauscult\/artistas-e-fazedores-de-cultura-das-comunidades-da-rds-do-tupe-recebem-treinamento-para-serem-beneficiados-pela-lei-paulo-gustavo\/#primaryimage"},"image":{"@id":"https:\/\/www.manaus.am.gov.br\/manauscult\/artistas-e-fazedores-de-cultura-das-comunidades-da-rds-do-tupe-recebem-treinamento-para-serem-beneficiados-pela-lei-paulo-gustavo\/#primaryimage"},"thumbnailUrl":"https:\/\/www.manaus.am.gov.br\/manauscult\/wp-content\/uploads\/sites\/11\/2023\/09\/Treinamento-na-RDS-do-Tupe-3.jpg","datePublished":"2023-09-03T16:02:23+00:00","dateModified":"2023-11-22T19:23:00+00:00","author":{"@id":"https:\/\/www.manaus.am.gov.br\/manauscult\/#\/schema\/person\/05d223aea2bf115f9883a6ff3683d81b"},"description":"Na sexta-feira e s\u00e1bado, a equipe realizou um treinamento sobre como fazer projetos culturais, para uma turma de 40 alunos, formada por moradores que realizam algum tipo de arte ou artesanato, nas comunidades que fazem parte da RDS do Tup\u00e9: S\u00e3o Jo\u00e3o e Col\u00f4nia Central, e as ind\u00edgenas Tatuyo, Yacuru, Tatu e Cipi\u00e1.","breadcrumb":{"@id":"https:\/\/www.manaus.am.gov.br\/manauscult\/artistas-e-fazedores-de-cultura-das-comunidades-da-rds-do-tupe-recebem-treinamento-para-serem-beneficiados-pela-lei-paulo-gustavo\/#breadcrumb"},"inLanguage":"pt-BR","potentialAction":[{"@type":"ReadAction","target":["https:\/\/www.manaus.am.gov.br\/manauscult\/artistas-e-fazedores-de-cultura-das-comunidades-da-rds-do-tupe-recebem-treinamento-para-serem-beneficiados-pela-lei-paulo-gustavo\/"]}]},{"@type":"ImageObject","inLanguage":"pt-BR","@id":"https:\/\/www.manaus.am.gov.br\/manauscult\/artistas-e-fazedores-de-cultura-das-comunidades-da-rds-do-tupe-recebem-treinamento-para-serem-beneficiados-pela-lei-paulo-gustavo\/#primaryimage","url":"https:\/\/www.manaus.am.gov.br\/manauscult\/wp-content\/uploads\/sites\/11\/2023\/09\/Treinamento-na-RDS-do-Tupe-3.jpg","contentUrl":"https:\/\/www.manaus.am.gov.br\/manauscult\/wp-content\/uploads\/sites\/11\/2023\/09\/Treinamento-na-RDS-do-Tupe-3.jpg","width":1280,"height":960},{"@type":"BreadcrumbList","@id":"https:\/\/www.manaus.am.gov.br\/manauscult\/artistas-e-fazedores-de-cultura-das-comunidades-da-rds-do-tupe-recebem-treinamento-para-serem-beneficiados-pela-lei-paulo-gustavo\/#breadcrumb","itemListElement":[{"@type":"ListItem","position":1,"name":"Home","item":"https:\/\/www.manaus.am.gov.br\/manauscult\/"},{"@type":"ListItem","position":2,"name":"Artistas e fazedores de cultura\u00a0das comunidades da RDS do Tup\u00e9 recebem treinamento para serem beneficiados pela Lei Paulo Gustavo"}]},{"@type":"WebSite","@id":"https:\/\/www.manaus.am.gov.br\/manauscult\/#website","url":"https:\/\/www.manaus.am.gov.br\/manauscult\/","name":"MANAUSCULT","description":"Prefeitura de Manaus","potentialAction":[{"@type":"SearchAction","target":{"@type":"EntryPoint","urlTemplate":"https:\/\/www.manaus.am.gov.br\/manauscult\/?s={search_term_string}"},"query-input":"required name=search_term_string"}],"inLanguage":"pt-BR"},{"@type":"Person","@id":"https:\/\/www.manaus.am.gov.br\/manauscult\/#\/schema\/person\/05d223aea2bf115f9883a6ff3683d81b","name":"Bruna Greco","image":{"@type":"ImageObject","inLanguage":"pt-BR","@id":"https:\/\/www.manaus.am.gov.br\/manauscult\/#\/schema\/person\/image\/","url":"https:\/\/secure.gravatar.com\/avatar\/9c877d1a6adc2a055330e5c09a8653ce?s=96&d=mm&r=g","contentUrl":"https:\/\/secure.gravatar.com\/avatar\/9c877d1a6adc2a055330e5c09a8653ce?s=96&d=mm&r=g","caption":"Bruna Greco"}}]}},"_links":{"self":[{"href":"https:\/\/www.manaus.am.gov.br\/manauscult\/wp-json\/wp\/v2\/posts\/1293"}],"collection":[{"href":"https:\/\/www.manaus.am.gov.br\/manauscult\/wp-json\/wp\/v2\/posts"}],"about":[{"href":"https:\/\/www.manaus.am.gov.br\/manauscult\/wp-json\/wp\/v2\/types\/post"}],"author":[{"embeddable":true,"href":"https:\/\/www.manaus.am.gov.br\/manauscult\/wp-json\/wp\/v2\/users\/39"}],"replies":[{"embeddable":true,"href":"https:\/\/www.manaus.am.gov.br\/manauscult\/wp-json\/wp\/v2\/comments?post=1293"}],"version-history":[{"count":2,"href":"https:\/\/www.manaus.am.gov.br\/manauscult\/wp-json\/wp\/v2\/posts\/1293\/revisions"}],"predecessor-version":[{"id":1698,"href":"https:\/\/www.manaus.am.gov.br\/manauscult\/wp-json\/wp\/v2\/posts\/1293\/revisions\/1698"}],"wp:featuredmedia":[{"embeddable":true,"href":"https:\/\/www.manaus.am.gov.br\/manauscult\/wp-json\/wp\/v2\/media\/1294"}],"wp:attachment":[{"href":"https:\/\/www.manaus.am.gov.br\/manauscult\/wp-json\/wp\/v2\/media?parent=1293"}],"wp:term":[{"taxonomy":"category","embeddable":true,"href":"https:\/\/www.manaus.am.gov.br\/manauscult\/wp-json\/wp\/v2\/categories?post=1293"},{"taxonomy":"post_tag","embeddable":true,"href":"https:\/\/www.manaus.am.gov.br\/manauscult\/wp-json\/wp\/v2\/tags?post=1293"}],"curies":[{"name":"wp","href":"https:\/\/api.w.org\/{rel}","templated":true}]}}