{"id":1291,"date":"2023-09-03T10:49:46","date_gmt":"2023-09-03T14:49:46","guid":{"rendered":"https:\/\/www.manaus.am.gov.br\/manauscult\/prefeito-visita-tecnica-sou-manaus\/"},"modified":"2023-09-03T10:49:48","modified_gmt":"2023-09-03T14:49:48","slug":"prefeito-visita-tecnica-sou-manaus","status":"publish","type":"post","link":"https:\/\/www.manaus.am.gov.br\/manauscult\/prefeito-visita-tecnica-sou-manaus\/","title":{"rendered":"Prefeito realiza visita t\u00e9cnica ao complexo #SouManaus e constata avan\u00e7o na montagem"},"content":{"rendered":"\n<p>O prefeito de Manaus, David Almeida, realizou na manh\u00e3 deste domingo, 3\/9, uma visita t\u00e9cnica ao complexo portu\u00e1rio, localizado no centro hist\u00f3rico da cidade, onde ocorrer\u00e1 nos dias 5, 6 e 7 de setembro, o \u201c#SouManaus Passo a Pa\u00e7o 2023\u201d, No local, o chefe do executivo municipal destacou o avan\u00e7o da montagem de palco e estrutura de cenografia, em especial, a montagem do palco \u201cGuardi\u00e3o da Amaz\u00f4nia\u201d que alcan\u00e7a mais de 90% das estruturas montadas.<\/p>\n\n\n\n<p>\u201cN\u00f3s estamos h\u00e1 15 dias montando toda a estrutura do evento, e hoje \u00e0 noite n\u00f3s teremos um teste final para ver todos os detalhes dessa estrutura, que est\u00e1 sendo montada diante de todo esse lindo cen\u00e1rio amaz\u00f4nico. Aqui no porto de Manaus, as pessoas v\u00e3o ter a dimens\u00e3o do que vai ser esse evento, ent\u00e3o n\u00f3s esperamos a popula\u00e7\u00e3o da cidade nos dias 5, 6 e 7. Sem d\u00favida alguma, ser\u00e1 um marco na cultura, no entretenimento, na gastronomia e no empreendedorismo da nossa cidade\u201d, assegurou Almeida.<\/p>\n\n\n\n<p>O palco da plataforma \u201cMalcher\u201d, que receber\u00e1 no primeiro dia atra\u00e7\u00f5es como L\u00e9o Magalh\u00e3es, Z\u00e9 Felipe e David Guetta, possui um tamanho de 20&#215;20 metros e tr\u00eas tel\u00f5es em LED. Cerca de 40 pessoas est\u00e3o envolvidas direta e indiretamente nos trabalhos de montagem, solda, ilumina\u00e7\u00e3o e pintura.<\/p>\n\n\n\n<p>Com 100 horas de imers\u00e3o e experi\u00eancia art\u00edstico-cultural, o megaevento realizado pela Funda\u00e7\u00e3o Municipal de Cultura, Turismo e Eventos (Manauscult). &nbsp;no entorno do Pa\u00e7o Municipal, no centro hist\u00f3rico, tem a expectativa de atrair 500 mil pessoas nos tr\u00eas dias de festival de modo rotativo, e inserir a cidade de Manaus na rota dos grandes eventos. Nesta edi\u00e7\u00e3o, s\u00e3o mais de 600 trabalhadores da cultura, distribu\u00eddos em nove segmentos, representados, legalmente, por 77 bandas.<\/p>\n\n\n\n<p>\u2014\u2014\u2014<\/p>\n\n\n\n<p><strong>Texto<\/strong> &#8211; Beathriz Torres \/ Semcom<\/p>\n\n\n\n<p><strong>Fotos <\/strong>\u2013 Ruan Souza \/ Semcom<\/p>\n\n\n\n<p><strong>Dispon\u00edveis em<\/strong> &#8211; https:\/\/flic.kr\/s\/aHBqjATot1<\/p>\n","protected":false},"excerpt":{"rendered":"","protected":false},"author":25,"featured_media":1292,"comment_status":"closed","ping_status":"closed","sticky":false,"template":"","format":"standard","meta":{"footnotes":""},"categories":[508],"tags":[125,67,279],"acf":[],"yoast_head":"<!-- This site is optimized with the Yoast SEO plugin v23.0 - https:\/\/yoast.com\/wordpress\/plugins\/seo\/ -->\n<title>Prefeito realiza visita t\u00e9cnica ao complexo #SouManaus e constata avan\u00e7o na montagem<\/title>\n<meta name=\"description\" content=\"O prefeito de Manaus, David Almeida, realizou na manh\u00e3 deste domingo, 3\/9, uma visita t\u00e9cnica ao complexo portu\u00e1rio, localizado no centro hist\u00f3rico da cidade,\" \/>\n<meta name=\"robots\" content=\"noindex, follow\" \/>\n<meta property=\"og:locale\" content=\"pt_BR\" \/>\n<meta property=\"og:type\" content=\"article\" \/>\n<meta property=\"og:title\" content=\"Prefeito realiza visita t\u00e9cnica ao complexo #SouManaus e constata avan\u00e7o na montagem\" \/>\n<meta property=\"og:description\" content=\"O prefeito de Manaus, David Almeida, realizou na manh\u00e3 deste domingo, 3\/9, uma visita t\u00e9cnica ao complexo portu\u00e1rio, localizado no centro hist\u00f3rico da cidade,\" \/>\n<meta property=\"og:url\" content=\"https:\/\/www.manaus.am.gov.br\/manauscult\/prefeito-visita-tecnica-sou-manaus\/\" \/>\n<meta property=\"og:site_name\" content=\"MANAUSCULT\" \/>\n<meta property=\"article:published_time\" content=\"2023-09-03T14:49:46+00:00\" \/>\n<meta property=\"article:modified_time\" content=\"2023-09-03T14:49:48+00:00\" \/>\n<meta property=\"og:image\" content=\"https:\/\/www.manaus.am.gov.br\/manauscult\/wp-content\/uploads\/sites\/11\/2023\/09\/53161699168_4b1c64aaa1_c.jpg\" \/>\n\t<meta property=\"og:image:width\" content=\"800\" \/>\n\t<meta property=\"og:image:height\" content=\"450\" \/>\n\t<meta property=\"og:image:type\" content=\"image\/jpeg\" \/>\n<meta name=\"author\" content=\"Maur\u00edcio Freire\" \/>\n<meta name=\"twitter:card\" content=\"summary_large_image\" \/>\n<meta name=\"twitter:label1\" content=\"Written by\" \/>\n\t<meta name=\"twitter:data1\" content=\"Maur\u00edcio Freire\" \/>\n\t<meta name=\"twitter:label2\" content=\"Est. reading time\" \/>\n\t<meta name=\"twitter:data2\" content=\"2 minutos\" \/>\n<script type=\"application\/ld+json\" class=\"yoast-schema-graph\">{\"@context\":\"https:\/\/schema.org\",\"@graph\":[{\"@type\":\"WebPage\",\"@id\":\"https:\/\/www.manaus.am.gov.br\/manauscult\/prefeito-visita-tecnica-sou-manaus\/\",\"url\":\"https:\/\/www.manaus.am.gov.br\/manauscult\/prefeito-visita-tecnica-sou-manaus\/\",\"name\":\"Prefeito realiza visita t\u00e9cnica ao complexo #SouManaus e constata avan\u00e7o na montagem\",\"isPartOf\":{\"@id\":\"https:\/\/www.manaus.am.gov.br\/manauscult\/#website\"},\"primaryImageOfPage\":{\"@id\":\"https:\/\/www.manaus.am.gov.br\/manauscult\/prefeito-visita-tecnica-sou-manaus\/#primaryimage\"},\"image\":{\"@id\":\"https:\/\/www.manaus.am.gov.br\/manauscult\/prefeito-visita-tecnica-sou-manaus\/#primaryimage\"},\"thumbnailUrl\":\"https:\/\/www.manaus.am.gov.br\/manauscult\/wp-content\/uploads\/sites\/11\/2023\/09\/53161699168_4b1c64aaa1_c.jpg\",\"datePublished\":\"2023-09-03T14:49:46+00:00\",\"dateModified\":\"2023-09-03T14:49:48+00:00\",\"author\":{\"@id\":\"https:\/\/www.manaus.am.gov.br\/manauscult\/#\/schema\/person\/587989a23a463cde5618e6a028977a9a\"},\"description\":\"O prefeito de Manaus, David Almeida, realizou na manh\u00e3 deste domingo, 3\/9, uma visita t\u00e9cnica ao complexo portu\u00e1rio, localizado no centro hist\u00f3rico da cidade,\",\"breadcrumb\":{\"@id\":\"https:\/\/www.manaus.am.gov.br\/manauscult\/prefeito-visita-tecnica-sou-manaus\/#breadcrumb\"},\"inLanguage\":\"pt-BR\",\"potentialAction\":[{\"@type\":\"ReadAction\",\"target\":[\"https:\/\/www.manaus.am.gov.br\/manauscult\/prefeito-visita-tecnica-sou-manaus\/\"]}]},{\"@type\":\"ImageObject\",\"inLanguage\":\"pt-BR\",\"@id\":\"https:\/\/www.manaus.am.gov.br\/manauscult\/prefeito-visita-tecnica-sou-manaus\/#primaryimage\",\"url\":\"https:\/\/www.manaus.am.gov.br\/manauscult\/wp-content\/uploads\/sites\/11\/2023\/09\/53161699168_4b1c64aaa1_c.jpg\",\"contentUrl\":\"https:\/\/www.manaus.am.gov.br\/manauscult\/wp-content\/uploads\/sites\/11\/2023\/09\/53161699168_4b1c64aaa1_c.jpg\",\"width\":800,\"height\":450},{\"@type\":\"BreadcrumbList\",\"@id\":\"https:\/\/www.manaus.am.gov.br\/manauscult\/prefeito-visita-tecnica-sou-manaus\/#breadcrumb\",\"itemListElement\":[{\"@type\":\"ListItem\",\"position\":1,\"name\":\"Home\",\"item\":\"https:\/\/www.manaus.am.gov.br\/manauscult\/\"},{\"@type\":\"ListItem\",\"position\":2,\"name\":\"Prefeito realiza visita t\u00e9cnica ao complexo #SouManaus e constata avan\u00e7o na montagem\"}]},{\"@type\":\"WebSite\",\"@id\":\"https:\/\/www.manaus.am.gov.br\/manauscult\/#website\",\"url\":\"https:\/\/www.manaus.am.gov.br\/manauscult\/\",\"name\":\"MANAUSCULT\",\"description\":\"Prefeitura de Manaus\",\"potentialAction\":[{\"@type\":\"SearchAction\",\"target\":{\"@type\":\"EntryPoint\",\"urlTemplate\":\"https:\/\/www.manaus.am.gov.br\/manauscult\/?s={search_term_string}\"},\"query-input\":\"required name=search_term_string\"}],\"inLanguage\":\"pt-BR\"},{\"@type\":\"Person\",\"@id\":\"https:\/\/www.manaus.am.gov.br\/manauscult\/#\/schema\/person\/587989a23a463cde5618e6a028977a9a\",\"name\":\"Maur\u00edcio Freire\",\"image\":{\"@type\":\"ImageObject\",\"inLanguage\":\"pt-BR\",\"@id\":\"https:\/\/www.manaus.am.gov.br\/manauscult\/#\/schema\/person\/image\/\",\"url\":\"https:\/\/secure.gravatar.com\/avatar\/dc1481799a1f75c733ac3b2634cd6749?s=96&d=mm&r=g\",\"contentUrl\":\"https:\/\/secure.gravatar.com\/avatar\/dc1481799a1f75c733ac3b2634cd6749?s=96&d=mm&r=g\",\"caption\":\"Maur\u00edcio Freire\"}}]}<\/script>\n<!-- \/ Yoast SEO plugin. -->","yoast_head_json":{"title":"Prefeito realiza visita t\u00e9cnica ao complexo #SouManaus e constata avan\u00e7o na montagem","description":"O prefeito de Manaus, David Almeida, realizou na manh\u00e3 deste domingo, 3\/9, uma visita t\u00e9cnica ao complexo portu\u00e1rio, localizado no centro hist\u00f3rico da cidade,","robots":{"index":"noindex","follow":"follow"},"og_locale":"pt_BR","og_type":"article","og_title":"Prefeito realiza visita t\u00e9cnica ao complexo #SouManaus e constata avan\u00e7o na montagem","og_description":"O prefeito de Manaus, David Almeida, realizou na manh\u00e3 deste domingo, 3\/9, uma visita t\u00e9cnica ao complexo portu\u00e1rio, localizado no centro hist\u00f3rico da cidade,","og_url":"https:\/\/www.manaus.am.gov.br\/manauscult\/prefeito-visita-tecnica-sou-manaus\/","og_site_name":"MANAUSCULT","article_published_time":"2023-09-03T14:49:46+00:00","article_modified_time":"2023-09-03T14:49:48+00:00","og_image":[{"width":800,"height":450,"url":"https:\/\/www.manaus.am.gov.br\/manauscult\/wp-content\/uploads\/sites\/11\/2023\/09\/53161699168_4b1c64aaa1_c.jpg","type":"image\/jpeg"}],"author":"Maur\u00edcio Freire","twitter_card":"summary_large_image","twitter_misc":{"Written by":"Maur\u00edcio Freire","Est. reading time":"2 minutos"},"schema":{"@context":"https:\/\/schema.org","@graph":[{"@type":"WebPage","@id":"https:\/\/www.manaus.am.gov.br\/manauscult\/prefeito-visita-tecnica-sou-manaus\/","url":"https:\/\/www.manaus.am.gov.br\/manauscult\/prefeito-visita-tecnica-sou-manaus\/","name":"Prefeito realiza visita t\u00e9cnica ao complexo #SouManaus e constata avan\u00e7o na montagem","isPartOf":{"@id":"https:\/\/www.manaus.am.gov.br\/manauscult\/#website"},"primaryImageOfPage":{"@id":"https:\/\/www.manaus.am.gov.br\/manauscult\/prefeito-visita-tecnica-sou-manaus\/#primaryimage"},"image":{"@id":"https:\/\/www.manaus.am.gov.br\/manauscult\/prefeito-visita-tecnica-sou-manaus\/#primaryimage"},"thumbnailUrl":"https:\/\/www.manaus.am.gov.br\/manauscult\/wp-content\/uploads\/sites\/11\/2023\/09\/53161699168_4b1c64aaa1_c.jpg","datePublished":"2023-09-03T14:49:46+00:00","dateModified":"2023-09-03T14:49:48+00:00","author":{"@id":"https:\/\/www.manaus.am.gov.br\/manauscult\/#\/schema\/person\/587989a23a463cde5618e6a028977a9a"},"description":"O prefeito de Manaus, David Almeida, realizou na manh\u00e3 deste domingo, 3\/9, uma visita t\u00e9cnica ao complexo portu\u00e1rio, localizado no centro hist\u00f3rico da cidade,","breadcrumb":{"@id":"https:\/\/www.manaus.am.gov.br\/manauscult\/prefeito-visita-tecnica-sou-manaus\/#breadcrumb"},"inLanguage":"pt-BR","potentialAction":[{"@type":"ReadAction","target":["https:\/\/www.manaus.am.gov.br\/manauscult\/prefeito-visita-tecnica-sou-manaus\/"]}]},{"@type":"ImageObject","inLanguage":"pt-BR","@id":"https:\/\/www.manaus.am.gov.br\/manauscult\/prefeito-visita-tecnica-sou-manaus\/#primaryimage","url":"https:\/\/www.manaus.am.gov.br\/manauscult\/wp-content\/uploads\/sites\/11\/2023\/09\/53161699168_4b1c64aaa1_c.jpg","contentUrl":"https:\/\/www.manaus.am.gov.br\/manauscult\/wp-content\/uploads\/sites\/11\/2023\/09\/53161699168_4b1c64aaa1_c.jpg","width":800,"height":450},{"@type":"BreadcrumbList","@id":"https:\/\/www.manaus.am.gov.br\/manauscult\/prefeito-visita-tecnica-sou-manaus\/#breadcrumb","itemListElement":[{"@type":"ListItem","position":1,"name":"Home","item":"https:\/\/www.manaus.am.gov.br\/manauscult\/"},{"@type":"ListItem","position":2,"name":"Prefeito realiza visita t\u00e9cnica ao complexo #SouManaus e constata avan\u00e7o na montagem"}]},{"@type":"WebSite","@id":"https:\/\/www.manaus.am.gov.br\/manauscult\/#website","url":"https:\/\/www.manaus.am.gov.br\/manauscult\/","name":"MANAUSCULT","description":"Prefeitura de Manaus","potentialAction":[{"@type":"SearchAction","target":{"@type":"EntryPoint","urlTemplate":"https:\/\/www.manaus.am.gov.br\/manauscult\/?s={search_term_string}"},"query-input":"required name=search_term_string"}],"inLanguage":"pt-BR"},{"@type":"Person","@id":"https:\/\/www.manaus.am.gov.br\/manauscult\/#\/schema\/person\/587989a23a463cde5618e6a028977a9a","name":"Maur\u00edcio Freire","image":{"@type":"ImageObject","inLanguage":"pt-BR","@id":"https:\/\/www.manaus.am.gov.br\/manauscult\/#\/schema\/person\/image\/","url":"https:\/\/secure.gravatar.com\/avatar\/dc1481799a1f75c733ac3b2634cd6749?s=96&d=mm&r=g","contentUrl":"https:\/\/secure.gravatar.com\/avatar\/dc1481799a1f75c733ac3b2634cd6749?s=96&d=mm&r=g","caption":"Maur\u00edcio Freire"}}]}},"_links":{"self":[{"href":"https:\/\/www.manaus.am.gov.br\/manauscult\/wp-json\/wp\/v2\/posts\/1291"}],"collection":[{"href":"https:\/\/www.manaus.am.gov.br\/manauscult\/wp-json\/wp\/v2\/posts"}],"about":[{"href":"https:\/\/www.manaus.am.gov.br\/manauscult\/wp-json\/wp\/v2\/types\/post"}],"author":[{"embeddable":true,"href":"https:\/\/www.manaus.am.gov.br\/manauscult\/wp-json\/wp\/v2\/users\/25"}],"replies":[{"embeddable":true,"href":"https:\/\/www.manaus.am.gov.br\/manauscult\/wp-json\/wp\/v2\/comments?post=1291"}],"version-history":[{"count":0,"href":"https:\/\/www.manaus.am.gov.br\/manauscult\/wp-json\/wp\/v2\/posts\/1291\/revisions"}],"wp:featuredmedia":[{"embeddable":true,"href":"https:\/\/www.manaus.am.gov.br\/manauscult\/wp-json\/wp\/v2\/media\/1292"}],"wp:attachment":[{"href":"https:\/\/www.manaus.am.gov.br\/manauscult\/wp-json\/wp\/v2\/media?parent=1291"}],"wp:term":[{"taxonomy":"category","embeddable":true,"href":"https:\/\/www.manaus.am.gov.br\/manauscult\/wp-json\/wp\/v2\/categories?post=1291"},{"taxonomy":"post_tag","embeddable":true,"href":"https:\/\/www.manaus.am.gov.br\/manauscult\/wp-json\/wp\/v2\/tags?post=1291"}],"curies":[{"name":"wp","href":"https:\/\/api.w.org\/{rel}","templated":true}]}}