{"id":1289,"date":"2023-09-02T15:15:20","date_gmt":"2023-09-02T19:15:20","guid":{"rendered":"https:\/\/www.manaus.am.gov.br\/manauscult\/soumanaus-2023-tera-primeiro-campeonato-de-parkour-com-apresentacoes-gratuitas-ao-publico\/"},"modified":"2023-09-02T15:15:22","modified_gmt":"2023-09-02T19:15:22","slug":"soumanaus-2023-tera-primeiro-campeonato-de-parkour-com-apresentacoes-gratuitas-ao-publico","status":"publish","type":"post","link":"https:\/\/www.manaus.am.gov.br\/manauscult\/soumanaus-2023-tera-primeiro-campeonato-de-parkour-com-apresentacoes-gratuitas-ao-publico\/","title":{"rendered":"<strong>\u2018#SouManaus 2023\u2019 ter\u00e1 primeiro campeonato de Parkour com apresenta\u00e7\u00f5es gratuitas ao p\u00fablico<\/strong>"},"content":{"rendered":"\n<p>Fortalecendo a diversidade cultural, o \u201c#SouManaus Passo a Pa\u00e7o 2023\u201d, promovido pela Prefeitura de Manaus, por meio da Funda\u00e7\u00e3o Municipal de Cultura, Turismo e Eventos (Manauscult), contar\u00e1 com o 1\u00ba campeonato de Parkour. Al\u00e9m de entretenimento composto pelas m\u00fasicas, artes circenses e a gastronomia, o p\u00fablico poder\u00e1 curtir as apresenta\u00e7\u00f5es da modalidade de forma gratuita nos dias 5, 6 e 7 de setembro, no centro hist\u00f3rico da cidade.<\/p>\n\n\n\n<p>&#8220;O #SouManaus deste ano ser\u00e1 o maior de toda hist\u00f3ria, e para isso n\u00f3s estamos seguindo as orienta\u00e7\u00f5es do prefeito David Almeida de fazer com que todos se sintam representados. Ent\u00e3o, al\u00e9m de todas as programa\u00e7\u00f5es que teremos, vamos contar com essa modalidade esportiva para promover o esporte, a qualidade de vida e a sa\u00fade na cidade de Manaus. \u00c9 o maior evento de artes integradas do Norte e a pr\u00e1tica esportiva n\u00e3o poderia ficar de fora&#8221;, destacou Osvaldo Cardoso, diretor-presidente da Manauscult.<\/p>\n\n\n\n<p>A competi\u00e7\u00e3o servir\u00e1 para fomentar a pr\u00e1tica saud\u00e1vel de atividades f\u00edsicas radicais na cidade, como conta um dos respons\u00e1veis pela modalidade, Evandro Magalh\u00e3es.<\/p>\n\n\n\n<p>\u201c\u00c9 uma satisfa\u00e7\u00e3o enorme estar participando mais uma vez desse evento. A partir do dia 5 de setembro, teremos a primeira Copa Manaus de Parkour no \u2018#SouManaus\u2019. Gra\u00e7as a confian\u00e7a da Prefeitura de Manaus e da Manauscult, a nossa expectativa \u00e9 surreal. N\u00f3s queremos, cada vez mais, difundir a pr\u00e1tica e levar esse esporte t\u00e3o bonito e art\u00edstico, expandindo cada vez mais o Norte neste esporte. Ent\u00e3o, n\u00f3s aguardamos todo mundo l\u00e1 para conferir e prestigiar o evento\u201d, declara Evandro.<\/p>\n\n\n\n<p>O acesso ao espa\u00e7o cultura urbana \u00e9 livre e todo p\u00fablico poder\u00e1 prestigiar os artistas que estar\u00e3o realizando as atividades. Todos os dias haver\u00e1 um momento de atividade aberta ao p\u00fablico que tiver interesse em ter uma experi\u00eancia Parkour.&nbsp; No dia 5\/9, os atletas realizar\u00e3o o reconhecimento do local e a estrutura; no dia 6\/9, haver\u00e1 as modalidades Velocidade e Estilo Livre; e no dia 7\/9, ser\u00e1 a velocidade na qual consiste em realizar o percurso proposto em menor tempo poss\u00edvel.<\/p>\n\n\n\n<p>Haver\u00e1 uma premia\u00e7\u00e3o de R$ 500 para o vencedor de ambas as modalidades. Os crit\u00e9rios avaliados ser\u00e3o criatividade, fluidez de movimentos e conex\u00e3o, bem como a dificuldade da execu\u00e7\u00e3o dos movimentos realizados.<\/p>\n\n\n\n<p><strong>Modalidade<\/strong><\/p>\n\n\n\n<p>O Parkour \u00e9 uma das artes do movimento moderno e estar\u00e1 presente no \u201c#SouManaus\u201d, sendo uma grande representatividade dessa arte para os olhos da popula\u00e7\u00e3o manauara e do mundo todo, uma vez que o evento agora est\u00e1 se internacionalizando.<\/p>\n\n\n\n<p>No exterior as grandes competi\u00e7\u00f5es de Parkour est\u00e3o a todo vapor, recentemente houve um mundial realizado pela Sport Parkour League. J\u00e1 no m\u00eas de outubro, haver\u00e1 a Copa Parkour em Manaus e o Desafio Voltz Parkour no Rio de Janeiro.<\/p>\n\n\n\n<p>&#8212; &#8212; &#8212;<\/p>\n\n\n\n<p><strong>Texto &#8211;<\/strong>&nbsp;Larissa Ara\u00fajo \/ Semcom<\/p>\n\n\n\n<p><strong>Foto <\/strong>\u2013 Arquivo \/ Semcom<\/p>\n","protected":false},"excerpt":{"rendered":"","protected":false},"author":39,"featured_media":1290,"comment_status":"closed","ping_status":"closed","sticky":false,"template":"","format":"standard","meta":{"footnotes":""},"categories":[508],"tags":[549,11,550],"acf":[],"yoast_head":"<!-- This site is optimized with the Yoast SEO plugin v23.0 - https:\/\/yoast.com\/wordpress\/plugins\/seo\/ -->\n<title>\u2018#SouManaus 2023\u2019 ter\u00e1 primeiro campeonato de Parkour com apresenta\u00e7\u00f5es gratuitas ao p\u00fablico<\/title>\n<meta name=\"description\" content=\"Fortalecendo a diversidade cultural, o \u201c#SouManaus Passo a Pa\u00e7o 2023\u201d, promovido pela Prefeitura de Manaus, por meio da Funda\u00e7\u00e3o Municipal de Cultura, Turismo e Eventos (Manauscult), contar\u00e1 com o 1\u00ba campeonato de Parkour.\" \/>\n<meta name=\"robots\" content=\"noindex, follow\" \/>\n<meta property=\"og:locale\" content=\"pt_BR\" \/>\n<meta property=\"og:type\" content=\"article\" \/>\n<meta property=\"og:title\" content=\"\u2018#SouManaus 2023\u2019 ter\u00e1 primeiro campeonato de Parkour com apresenta\u00e7\u00f5es gratuitas ao p\u00fablico\" \/>\n<meta property=\"og:description\" content=\"Fortalecendo a diversidade cultural, o \u201c#SouManaus Passo a Pa\u00e7o 2023\u201d, promovido pela Prefeitura de Manaus, por meio da Funda\u00e7\u00e3o Municipal de Cultura, Turismo e Eventos (Manauscult), contar\u00e1 com o 1\u00ba campeonato de Parkour.\" \/>\n<meta property=\"og:url\" content=\"https:\/\/www.manaus.am.gov.br\/manauscult\/soumanaus-2023-tera-primeiro-campeonato-de-parkour-com-apresentacoes-gratuitas-ao-publico\/\" \/>\n<meta property=\"og:site_name\" content=\"MANAUSCULT\" \/>\n<meta property=\"article:published_time\" content=\"2023-09-02T19:15:20+00:00\" \/>\n<meta property=\"article:modified_time\" content=\"2023-09-02T19:15:22+00:00\" \/>\n<meta property=\"og:image\" content=\"https:\/\/www.manaus.am.gov.br\/manauscult\/wp-content\/uploads\/sites\/11\/2023\/09\/52335123522_91f2553445_h.jpg\" \/>\n\t<meta property=\"og:image:width\" content=\"1600\" \/>\n\t<meta property=\"og:image:height\" content=\"1067\" \/>\n\t<meta property=\"og:image:type\" content=\"image\/jpeg\" \/>\n<meta name=\"author\" content=\"Bruna Greco\" \/>\n<meta name=\"twitter:card\" content=\"summary_large_image\" \/>\n<meta name=\"twitter:label1\" content=\"Written by\" \/>\n\t<meta name=\"twitter:data1\" content=\"Bruna Greco\" \/>\n\t<meta name=\"twitter:label2\" content=\"Est. reading time\" \/>\n\t<meta name=\"twitter:data2\" content=\"3 minutos\" \/>\n<script type=\"application\/ld+json\" class=\"yoast-schema-graph\">{\"@context\":\"https:\/\/schema.org\",\"@graph\":[{\"@type\":\"WebPage\",\"@id\":\"https:\/\/www.manaus.am.gov.br\/manauscult\/soumanaus-2023-tera-primeiro-campeonato-de-parkour-com-apresentacoes-gratuitas-ao-publico\/\",\"url\":\"https:\/\/www.manaus.am.gov.br\/manauscult\/soumanaus-2023-tera-primeiro-campeonato-de-parkour-com-apresentacoes-gratuitas-ao-publico\/\",\"name\":\"\u2018#SouManaus 2023\u2019 ter\u00e1 primeiro campeonato de Parkour com apresenta\u00e7\u00f5es gratuitas ao p\u00fablico\",\"isPartOf\":{\"@id\":\"https:\/\/www.manaus.am.gov.br\/manauscult\/#website\"},\"primaryImageOfPage\":{\"@id\":\"https:\/\/www.manaus.am.gov.br\/manauscult\/soumanaus-2023-tera-primeiro-campeonato-de-parkour-com-apresentacoes-gratuitas-ao-publico\/#primaryimage\"},\"image\":{\"@id\":\"https:\/\/www.manaus.am.gov.br\/manauscult\/soumanaus-2023-tera-primeiro-campeonato-de-parkour-com-apresentacoes-gratuitas-ao-publico\/#primaryimage\"},\"thumbnailUrl\":\"https:\/\/www.manaus.am.gov.br\/manauscult\/wp-content\/uploads\/sites\/11\/2023\/09\/52335123522_91f2553445_h.jpg\",\"datePublished\":\"2023-09-02T19:15:20+00:00\",\"dateModified\":\"2023-09-02T19:15:22+00:00\",\"author\":{\"@id\":\"https:\/\/www.manaus.am.gov.br\/manauscult\/#\/schema\/person\/05d223aea2bf115f9883a6ff3683d81b\"},\"description\":\"Fortalecendo a diversidade cultural, o \u201c#SouManaus Passo a Pa\u00e7o 2023\u201d, promovido pela Prefeitura de Manaus, por meio da Funda\u00e7\u00e3o Municipal de Cultura, Turismo e Eventos (Manauscult), contar\u00e1 com o 1\u00ba campeonato de Parkour.\",\"breadcrumb\":{\"@id\":\"https:\/\/www.manaus.am.gov.br\/manauscult\/soumanaus-2023-tera-primeiro-campeonato-de-parkour-com-apresentacoes-gratuitas-ao-publico\/#breadcrumb\"},\"inLanguage\":\"pt-BR\",\"potentialAction\":[{\"@type\":\"ReadAction\",\"target\":[\"https:\/\/www.manaus.am.gov.br\/manauscult\/soumanaus-2023-tera-primeiro-campeonato-de-parkour-com-apresentacoes-gratuitas-ao-publico\/\"]}]},{\"@type\":\"ImageObject\",\"inLanguage\":\"pt-BR\",\"@id\":\"https:\/\/www.manaus.am.gov.br\/manauscult\/soumanaus-2023-tera-primeiro-campeonato-de-parkour-com-apresentacoes-gratuitas-ao-publico\/#primaryimage\",\"url\":\"https:\/\/www.manaus.am.gov.br\/manauscult\/wp-content\/uploads\/sites\/11\/2023\/09\/52335123522_91f2553445_h.jpg\",\"contentUrl\":\"https:\/\/www.manaus.am.gov.br\/manauscult\/wp-content\/uploads\/sites\/11\/2023\/09\/52335123522_91f2553445_h.jpg\",\"width\":1600,\"height\":1067},{\"@type\":\"BreadcrumbList\",\"@id\":\"https:\/\/www.manaus.am.gov.br\/manauscult\/soumanaus-2023-tera-primeiro-campeonato-de-parkour-com-apresentacoes-gratuitas-ao-publico\/#breadcrumb\",\"itemListElement\":[{\"@type\":\"ListItem\",\"position\":1,\"name\":\"Home\",\"item\":\"https:\/\/www.manaus.am.gov.br\/manauscult\/\"},{\"@type\":\"ListItem\",\"position\":2,\"name\":\"\u2018#SouManaus 2023\u2019 ter\u00e1 primeiro campeonato de Parkour com apresenta\u00e7\u00f5es gratuitas ao p\u00fablico\"}]},{\"@type\":\"WebSite\",\"@id\":\"https:\/\/www.manaus.am.gov.br\/manauscult\/#website\",\"url\":\"https:\/\/www.manaus.am.gov.br\/manauscult\/\",\"name\":\"MANAUSCULT\",\"description\":\"Prefeitura de Manaus\",\"potentialAction\":[{\"@type\":\"SearchAction\",\"target\":{\"@type\":\"EntryPoint\",\"urlTemplate\":\"https:\/\/www.manaus.am.gov.br\/manauscult\/?s={search_term_string}\"},\"query-input\":\"required name=search_term_string\"}],\"inLanguage\":\"pt-BR\"},{\"@type\":\"Person\",\"@id\":\"https:\/\/www.manaus.am.gov.br\/manauscult\/#\/schema\/person\/05d223aea2bf115f9883a6ff3683d81b\",\"name\":\"Bruna Greco\",\"image\":{\"@type\":\"ImageObject\",\"inLanguage\":\"pt-BR\",\"@id\":\"https:\/\/www.manaus.am.gov.br\/manauscult\/#\/schema\/person\/image\/\",\"url\":\"https:\/\/secure.gravatar.com\/avatar\/9c877d1a6adc2a055330e5c09a8653ce?s=96&d=mm&r=g\",\"contentUrl\":\"https:\/\/secure.gravatar.com\/avatar\/9c877d1a6adc2a055330e5c09a8653ce?s=96&d=mm&r=g\",\"caption\":\"Bruna Greco\"}}]}<\/script>\n<!-- \/ Yoast SEO plugin. -->","yoast_head_json":{"title":"\u2018#SouManaus 2023\u2019 ter\u00e1 primeiro campeonato de Parkour com apresenta\u00e7\u00f5es gratuitas ao p\u00fablico","description":"Fortalecendo a diversidade cultural, o \u201c#SouManaus Passo a Pa\u00e7o 2023\u201d, promovido pela Prefeitura de Manaus, por meio da Funda\u00e7\u00e3o Municipal de Cultura, Turismo e Eventos (Manauscult), contar\u00e1 com o 1\u00ba campeonato de Parkour.","robots":{"index":"noindex","follow":"follow"},"og_locale":"pt_BR","og_type":"article","og_title":"\u2018#SouManaus 2023\u2019 ter\u00e1 primeiro campeonato de Parkour com apresenta\u00e7\u00f5es gratuitas ao p\u00fablico","og_description":"Fortalecendo a diversidade cultural, o \u201c#SouManaus Passo a Pa\u00e7o 2023\u201d, promovido pela Prefeitura de Manaus, por meio da Funda\u00e7\u00e3o Municipal de Cultura, Turismo e Eventos (Manauscult), contar\u00e1 com o 1\u00ba campeonato de Parkour.","og_url":"https:\/\/www.manaus.am.gov.br\/manauscult\/soumanaus-2023-tera-primeiro-campeonato-de-parkour-com-apresentacoes-gratuitas-ao-publico\/","og_site_name":"MANAUSCULT","article_published_time":"2023-09-02T19:15:20+00:00","article_modified_time":"2023-09-02T19:15:22+00:00","og_image":[{"width":1600,"height":1067,"url":"https:\/\/www.manaus.am.gov.br\/manauscult\/wp-content\/uploads\/sites\/11\/2023\/09\/52335123522_91f2553445_h.jpg","type":"image\/jpeg"}],"author":"Bruna Greco","twitter_card":"summary_large_image","twitter_misc":{"Written by":"Bruna Greco","Est. reading time":"3 minutos"},"schema":{"@context":"https:\/\/schema.org","@graph":[{"@type":"WebPage","@id":"https:\/\/www.manaus.am.gov.br\/manauscult\/soumanaus-2023-tera-primeiro-campeonato-de-parkour-com-apresentacoes-gratuitas-ao-publico\/","url":"https:\/\/www.manaus.am.gov.br\/manauscult\/soumanaus-2023-tera-primeiro-campeonato-de-parkour-com-apresentacoes-gratuitas-ao-publico\/","name":"\u2018#SouManaus 2023\u2019 ter\u00e1 primeiro campeonato de Parkour com apresenta\u00e7\u00f5es gratuitas ao p\u00fablico","isPartOf":{"@id":"https:\/\/www.manaus.am.gov.br\/manauscult\/#website"},"primaryImageOfPage":{"@id":"https:\/\/www.manaus.am.gov.br\/manauscult\/soumanaus-2023-tera-primeiro-campeonato-de-parkour-com-apresentacoes-gratuitas-ao-publico\/#primaryimage"},"image":{"@id":"https:\/\/www.manaus.am.gov.br\/manauscult\/soumanaus-2023-tera-primeiro-campeonato-de-parkour-com-apresentacoes-gratuitas-ao-publico\/#primaryimage"},"thumbnailUrl":"https:\/\/www.manaus.am.gov.br\/manauscult\/wp-content\/uploads\/sites\/11\/2023\/09\/52335123522_91f2553445_h.jpg","datePublished":"2023-09-02T19:15:20+00:00","dateModified":"2023-09-02T19:15:22+00:00","author":{"@id":"https:\/\/www.manaus.am.gov.br\/manauscult\/#\/schema\/person\/05d223aea2bf115f9883a6ff3683d81b"},"description":"Fortalecendo a diversidade cultural, o \u201c#SouManaus Passo a Pa\u00e7o 2023\u201d, promovido pela Prefeitura de Manaus, por meio da Funda\u00e7\u00e3o Municipal de Cultura, Turismo e Eventos (Manauscult), contar\u00e1 com o 1\u00ba campeonato de Parkour.","breadcrumb":{"@id":"https:\/\/www.manaus.am.gov.br\/manauscult\/soumanaus-2023-tera-primeiro-campeonato-de-parkour-com-apresentacoes-gratuitas-ao-publico\/#breadcrumb"},"inLanguage":"pt-BR","potentialAction":[{"@type":"ReadAction","target":["https:\/\/www.manaus.am.gov.br\/manauscult\/soumanaus-2023-tera-primeiro-campeonato-de-parkour-com-apresentacoes-gratuitas-ao-publico\/"]}]},{"@type":"ImageObject","inLanguage":"pt-BR","@id":"https:\/\/www.manaus.am.gov.br\/manauscult\/soumanaus-2023-tera-primeiro-campeonato-de-parkour-com-apresentacoes-gratuitas-ao-publico\/#primaryimage","url":"https:\/\/www.manaus.am.gov.br\/manauscult\/wp-content\/uploads\/sites\/11\/2023\/09\/52335123522_91f2553445_h.jpg","contentUrl":"https:\/\/www.manaus.am.gov.br\/manauscult\/wp-content\/uploads\/sites\/11\/2023\/09\/52335123522_91f2553445_h.jpg","width":1600,"height":1067},{"@type":"BreadcrumbList","@id":"https:\/\/www.manaus.am.gov.br\/manauscult\/soumanaus-2023-tera-primeiro-campeonato-de-parkour-com-apresentacoes-gratuitas-ao-publico\/#breadcrumb","itemListElement":[{"@type":"ListItem","position":1,"name":"Home","item":"https:\/\/www.manaus.am.gov.br\/manauscult\/"},{"@type":"ListItem","position":2,"name":"\u2018#SouManaus 2023\u2019 ter\u00e1 primeiro campeonato de Parkour com apresenta\u00e7\u00f5es gratuitas ao p\u00fablico"}]},{"@type":"WebSite","@id":"https:\/\/www.manaus.am.gov.br\/manauscult\/#website","url":"https:\/\/www.manaus.am.gov.br\/manauscult\/","name":"MANAUSCULT","description":"Prefeitura de Manaus","potentialAction":[{"@type":"SearchAction","target":{"@type":"EntryPoint","urlTemplate":"https:\/\/www.manaus.am.gov.br\/manauscult\/?s={search_term_string}"},"query-input":"required name=search_term_string"}],"inLanguage":"pt-BR"},{"@type":"Person","@id":"https:\/\/www.manaus.am.gov.br\/manauscult\/#\/schema\/person\/05d223aea2bf115f9883a6ff3683d81b","name":"Bruna Greco","image":{"@type":"ImageObject","inLanguage":"pt-BR","@id":"https:\/\/www.manaus.am.gov.br\/manauscult\/#\/schema\/person\/image\/","url":"https:\/\/secure.gravatar.com\/avatar\/9c877d1a6adc2a055330e5c09a8653ce?s=96&d=mm&r=g","contentUrl":"https:\/\/secure.gravatar.com\/avatar\/9c877d1a6adc2a055330e5c09a8653ce?s=96&d=mm&r=g","caption":"Bruna Greco"}}]}},"_links":{"self":[{"href":"https:\/\/www.manaus.am.gov.br\/manauscult\/wp-json\/wp\/v2\/posts\/1289"}],"collection":[{"href":"https:\/\/www.manaus.am.gov.br\/manauscult\/wp-json\/wp\/v2\/posts"}],"about":[{"href":"https:\/\/www.manaus.am.gov.br\/manauscult\/wp-json\/wp\/v2\/types\/post"}],"author":[{"embeddable":true,"href":"https:\/\/www.manaus.am.gov.br\/manauscult\/wp-json\/wp\/v2\/users\/39"}],"replies":[{"embeddable":true,"href":"https:\/\/www.manaus.am.gov.br\/manauscult\/wp-json\/wp\/v2\/comments?post=1289"}],"version-history":[{"count":0,"href":"https:\/\/www.manaus.am.gov.br\/manauscult\/wp-json\/wp\/v2\/posts\/1289\/revisions"}],"wp:featuredmedia":[{"embeddable":true,"href":"https:\/\/www.manaus.am.gov.br\/manauscult\/wp-json\/wp\/v2\/media\/1290"}],"wp:attachment":[{"href":"https:\/\/www.manaus.am.gov.br\/manauscult\/wp-json\/wp\/v2\/media?parent=1289"}],"wp:term":[{"taxonomy":"category","embeddable":true,"href":"https:\/\/www.manaus.am.gov.br\/manauscult\/wp-json\/wp\/v2\/categories?post=1289"},{"taxonomy":"post_tag","embeddable":true,"href":"https:\/\/www.manaus.am.gov.br\/manauscult\/wp-json\/wp\/v2\/tags?post=1289"}],"curies":[{"name":"wp","href":"https:\/\/api.w.org\/{rel}","templated":true}]}}