{"id":1283,"date":"2023-09-01T19:07:55","date_gmt":"2023-09-01T23:07:55","guid":{"rendered":"https:\/\/www.manaus.am.gov.br\/manauscult\/tce-acata-argumentos-da-prefeitura-e-mantem-venda-de-25-mil-ingressos-do-total-de-160-mil-gratuitos-do-sou-manaus-2023\/"},"modified":"2023-09-01T20:35:24","modified_gmt":"2023-09-02T00:35:24","slug":"tce-acata-argumentos-da-prefeitura-e-mantem-venda-de-25-mil-ingressos-do-total-de-160-mil-gratuitos-do-sou-manaus-2023","status":"publish","type":"post","link":"https:\/\/www.manaus.am.gov.br\/manauscult\/tce-acata-argumentos-da-prefeitura-e-mantem-venda-de-25-mil-ingressos-do-total-de-160-mil-gratuitos-do-sou-manaus-2023\/","title":{"rendered":"TCE acata argumentos da prefeitura e mant\u00e9m venda de 2,5 mil ingressos, do total de 160 mil gratuitos do #SouManaus 2023"},"content":{"rendered":"\n<p><\/p>\n\n\n\n<p>Ap\u00f3s acolher argumentos que a Prefeitura de Manaus j\u00e1 tinha tornado p\u00fablico, o Tribunal de Contas do Estado (TCE-AM) manteve a venda dos 2,5 mil ingressos de <em>front stage<\/em> e de camarote do #SouManaus Passo a Pa\u00e7o 2023, de um total de 160 mil ingressos gratuitos disponibilizados \u00e0 popula\u00e7\u00e3o, nos dois principais palcos do festival.<\/p>\n\n\n\n<p>O #SouManaus Passo a Pa\u00e7o 2023 acontece de 5 a 7 de setembro, com sete palcos de atra\u00e7\u00f5es: uma internacional, o DJ David Guetta; 13 nacionais; al\u00e9m de dezenas de artistas locais.<\/p>\n\n\n\n<p>O pedido de reconsidera\u00e7\u00e3o da decis\u00e3o, que havia suspendido a comercializa\u00e7\u00e3o da quantidade limitada de ingressos, foi encaminhado ao TCE pela Procuradoria Geral do Munic\u00edpio (PGM), com todos os documentos que comprovam a validade da venda, por empresa vencedora do edital de patroc\u00ednio.<\/p>\n\n\n\n<p>\u201cA PGM teve conhecimento da decis\u00e3o do conselheiro \u00c9rico Desterro e verificou que ele admitiu a reclama\u00e7\u00e3o proposta pela PGM, pois n\u00e3o tinha havido ainda a aprecia\u00e7\u00e3o dos argumentos de defesa pelo TCE at\u00e9 o presente momento. Na ocasi\u00e3o, o presidente, depois de admitir, deferiu a suspens\u00e3o da decis\u00e3o proferida pelo conselheiro relator, com autoriza\u00e7\u00e3o regimental, pois n\u00e3o havia na decis\u00e3o motivos que demonstrassem a necessidade da suspens\u00e3o da venda de ingresso\u201d, explica o procurador-geral do Munic\u00edpio, Rafael Bertazzo.<\/p>\n\n\n\n<p>A nova decis\u00e3o foi proferida pelo presidente do TCE-AM, \u00c9rico Desterro,&nbsp; e publicada no Di\u00e1rio Oficial Eletr\u00f4nico da institui\u00e7\u00e3o, nesta sexta-feira, 1\u00ba\/9. Ela derruba a decis\u00e3o anterior, do conselheiro Josu\u00e9 Neto, que n\u00e3o havia, ainda, ouvido a Prefeitura de Manaus.<\/p>\n\n\n\n<p>\u201cDeterminar ao demandante a suspens\u00e3o das atividades de comercializa\u00e7\u00e3o de ingressos, sob a amea\u00e7a de interrup\u00e7\u00e3o da realiza\u00e7\u00e3o do evento, revela-se como uma medida desproporcional que n\u00e3o fez nova an\u00e1lise das suas consequ\u00eancias\u201d, justifica Desterro, em seu despacho.<\/p>\n\n\n\n<p>Ele acrescenta que: \u201cPrimeiramente, pelo fato de que a venda de ingressos n\u00e3o est\u00e1 sendo realizada pelo poder p\u00fablico municipal, mas sim pela empresa Nosso Show Gest\u00e3o de Eventos Ltda, previamente selecionada, por meio da Chamada P\u00fablica n\u00ba 007\/2023&#8243;.<\/p>\n\n\n\n<p>O presidente do TCE-AM prossegue afirmando que a decis\u00e3o monocr\u00e1tica emitida acarretaria situa\u00e7\u00e3o de grande preju\u00edzo ao interesse p\u00fablico, comprometendo a realiza\u00e7\u00e3o do evento, assim como os compromissos j\u00e1 firmados pela patrocinadora com terceiros.<\/p>\n\n\n\n<p>\u201cAdmito a presente reclama\u00e7\u00e3o e a suspens\u00e3o do processo n\u00ba 14611\/2023, bem como seus atos, em especial, a determina\u00e7\u00e3o de suspens\u00e3o de venda de ingressos\u201d, finaliza.<\/p>\n\n\n\n<p><strong>Transpar\u00eancia<\/strong><\/p>\n\n\n\n<p>Assim que soube da not\u00edcia de suspens\u00e3o da venda dos 2,5 mil ingressos, a prefeitura se mostrou surpresa com a decis\u00e3o monocr\u00e1tica, que acatou argumentos que j\u00e1 haviam sido amplamente esclarecidos \u00e0 opini\u00e3o p\u00fablica. Inclusive pelo prefeito de Manaus, David Almeida, em entrevista coletiva concedida \u00e0 imprensa dias antes da decis\u00e3o do conselheiro Josu\u00e9 Neto.<\/p>\n\n\n\n<p>Na ocasi\u00e3o, o prefeito destacou que das 150 mil pessoas esperadas por noite no #SouManaus, apenas 2,5 mil poder\u00e3o adquirir, caso queiram, ingressos de <em>front stage<\/em> com <em>open bar<\/em>, nos dois principais palcos.<\/p>\n\n\n\n<p>E explicou ainda que a explora\u00e7\u00e3o comercial \u00e9 uma contrapartida para a empresa vencedora do edital de patroc\u00ednio, que desembolsou R$ 2 milh\u00f5es pela cota master. Pr\u00e1tica comum em grandes eventos pelo pa\u00eds, como os carnavais do Rio de Janeiro e da Bahia, al\u00e9m do Festival Folcl\u00f3rico de Parintins.<\/p>\n\n\n\n<p><strong>Artistas pagos pelos patrocinadores<\/strong><\/p>\n\n\n\n<p>O recurso da cota master, somado aos demais patrocinadores e apoiadores, informou o prefeito, custear\u00e1 R$ 22 milh\u00f5es dos R$ 28 milh\u00f5es estimados para a realiza\u00e7\u00e3o do evento.<\/p>\n\n\n\n<p>\u201c\u00c9 a primeira vez que a Prefeitura de Manaus n\u00e3o desembolsar\u00e1 nenhum recurso p\u00fablico para o pagamento de cach\u00ea de artistas, maior parte da infraestrutura e organiza\u00e7\u00e3o do festival\u201d, destacou David Almeida na ocasi\u00e3o.<\/p>\n\n\n\n<p>&#8212; &#8212; &#8212;<\/p>\n\n\n\n<p><strong>Texto<\/strong> \u2013 Divulga\u00e7\u00e3o \/ Semcom<\/p>\n\n\n\n<p><strong>Foto<\/strong> \u2013 Arquivo \/Semcom<\/p>\n\n\n\n<p>Dispon\u00edvel em &#8211; <a href=\"https:\/\/flic.kr\/p\/2nK13xY\">https:\/\/flic.kr\/p\/2nK13xY<\/a><\/p>\n","protected":false},"excerpt":{"rendered":"","protected":false},"author":31,"featured_media":1284,"comment_status":"closed","ping_status":"closed","sticky":false,"template":"","format":"standard","meta":{"footnotes":""},"categories":[508],"tags":[168,541,542,543,544],"acf":[],"yoast_head":"<!-- This site is optimized with the Yoast SEO plugin v23.0 - https:\/\/yoast.com\/wordpress\/plugins\/seo\/ -->\n<title>TCE acata argumentos da prefeitura e mant\u00e9m venda de 2,5 mil ingressos, do total de 160 mil gratuitos do #SouManaus 2023 - MANAUSCULT<\/title>\n<meta name=\"robots\" content=\"noindex, follow\" \/>\n<meta property=\"og:locale\" content=\"pt_BR\" \/>\n<meta property=\"og:type\" content=\"article\" \/>\n<meta property=\"og:title\" content=\"TCE acata argumentos da prefeitura e mant\u00e9m venda de 2,5 mil ingressos, do total de 160 mil gratuitos do #SouManaus 2023 - MANAUSCULT\" \/>\n<meta property=\"og:url\" content=\"https:\/\/www.manaus.am.gov.br\/manauscult\/tce-acata-argumentos-da-prefeitura-e-mantem-venda-de-25-mil-ingressos-do-total-de-160-mil-gratuitos-do-sou-manaus-2023\/\" \/>\n<meta property=\"og:site_name\" content=\"MANAUSCULT\" \/>\n<meta property=\"article:published_time\" content=\"2023-09-01T23:07:55+00:00\" \/>\n<meta property=\"article:modified_time\" content=\"2023-09-02T00:35:24+00:00\" \/>\n<meta property=\"og:image\" content=\"https:\/\/www.manaus.am.gov.br\/manauscult\/wp-content\/uploads\/sites\/11\/2023\/09\/52338802582_2023e3482e_c.jpg\" \/>\n\t<meta property=\"og:image:width\" content=\"799\" \/>\n\t<meta property=\"og:image:height\" content=\"533\" \/>\n\t<meta property=\"og:image:type\" content=\"image\/jpeg\" \/>\n<meta name=\"author\" content=\"Renata Felix\" \/>\n<meta name=\"twitter:card\" content=\"summary_large_image\" \/>\n<meta name=\"twitter:label1\" content=\"Written by\" \/>\n\t<meta name=\"twitter:data1\" content=\"Renata Felix\" \/>\n\t<meta name=\"twitter:label2\" content=\"Est. reading time\" \/>\n\t<meta name=\"twitter:data2\" content=\"4 minutos\" \/>\n<script type=\"application\/ld+json\" class=\"yoast-schema-graph\">{\"@context\":\"https:\/\/schema.org\",\"@graph\":[{\"@type\":\"WebPage\",\"@id\":\"https:\/\/www.manaus.am.gov.br\/manauscult\/tce-acata-argumentos-da-prefeitura-e-mantem-venda-de-25-mil-ingressos-do-total-de-160-mil-gratuitos-do-sou-manaus-2023\/\",\"url\":\"https:\/\/www.manaus.am.gov.br\/manauscult\/tce-acata-argumentos-da-prefeitura-e-mantem-venda-de-25-mil-ingressos-do-total-de-160-mil-gratuitos-do-sou-manaus-2023\/\",\"name\":\"TCE acata argumentos da prefeitura e mant\u00e9m venda de 2,5 mil ingressos, do total de 160 mil gratuitos do #SouManaus 2023 - MANAUSCULT\",\"isPartOf\":{\"@id\":\"https:\/\/www.manaus.am.gov.br\/manauscult\/#website\"},\"primaryImageOfPage\":{\"@id\":\"https:\/\/www.manaus.am.gov.br\/manauscult\/tce-acata-argumentos-da-prefeitura-e-mantem-venda-de-25-mil-ingressos-do-total-de-160-mil-gratuitos-do-sou-manaus-2023\/#primaryimage\"},\"image\":{\"@id\":\"https:\/\/www.manaus.am.gov.br\/manauscult\/tce-acata-argumentos-da-prefeitura-e-mantem-venda-de-25-mil-ingressos-do-total-de-160-mil-gratuitos-do-sou-manaus-2023\/#primaryimage\"},\"thumbnailUrl\":\"https:\/\/www.manaus.am.gov.br\/manauscult\/wp-content\/uploads\/sites\/11\/2023\/09\/52338802582_2023e3482e_c.jpg\",\"datePublished\":\"2023-09-01T23:07:55+00:00\",\"dateModified\":\"2023-09-02T00:35:24+00:00\",\"author\":{\"@id\":\"https:\/\/www.manaus.am.gov.br\/manauscult\/#\/schema\/person\/4eea2a8f78dc853097abb026f728aa06\"},\"breadcrumb\":{\"@id\":\"https:\/\/www.manaus.am.gov.br\/manauscult\/tce-acata-argumentos-da-prefeitura-e-mantem-venda-de-25-mil-ingressos-do-total-de-160-mil-gratuitos-do-sou-manaus-2023\/#breadcrumb\"},\"inLanguage\":\"pt-BR\",\"potentialAction\":[{\"@type\":\"ReadAction\",\"target\":[\"https:\/\/www.manaus.am.gov.br\/manauscult\/tce-acata-argumentos-da-prefeitura-e-mantem-venda-de-25-mil-ingressos-do-total-de-160-mil-gratuitos-do-sou-manaus-2023\/\"]}]},{\"@type\":\"ImageObject\",\"inLanguage\":\"pt-BR\",\"@id\":\"https:\/\/www.manaus.am.gov.br\/manauscult\/tce-acata-argumentos-da-prefeitura-e-mantem-venda-de-25-mil-ingressos-do-total-de-160-mil-gratuitos-do-sou-manaus-2023\/#primaryimage\",\"url\":\"https:\/\/www.manaus.am.gov.br\/manauscult\/wp-content\/uploads\/sites\/11\/2023\/09\/52338802582_2023e3482e_c.jpg\",\"contentUrl\":\"https:\/\/www.manaus.am.gov.br\/manauscult\/wp-content\/uploads\/sites\/11\/2023\/09\/52338802582_2023e3482e_c.jpg\",\"width\":799,\"height\":533},{\"@type\":\"BreadcrumbList\",\"@id\":\"https:\/\/www.manaus.am.gov.br\/manauscult\/tce-acata-argumentos-da-prefeitura-e-mantem-venda-de-25-mil-ingressos-do-total-de-160-mil-gratuitos-do-sou-manaus-2023\/#breadcrumb\",\"itemListElement\":[{\"@type\":\"ListItem\",\"position\":1,\"name\":\"Home\",\"item\":\"https:\/\/www.manaus.am.gov.br\/manauscult\/\"},{\"@type\":\"ListItem\",\"position\":2,\"name\":\"TCE acata argumentos da Prefeitura e mant\u00e9m venda de 2,5 mil ingressos, do total de 160 mil gratuitos do #SouManaus 2023\"}]},{\"@type\":\"WebSite\",\"@id\":\"https:\/\/www.manaus.am.gov.br\/manauscult\/#website\",\"url\":\"https:\/\/www.manaus.am.gov.br\/manauscult\/\",\"name\":\"MANAUSCULT\",\"description\":\"Prefeitura de Manaus\",\"potentialAction\":[{\"@type\":\"SearchAction\",\"target\":{\"@type\":\"EntryPoint\",\"urlTemplate\":\"https:\/\/www.manaus.am.gov.br\/manauscult\/?s={search_term_string}\"},\"query-input\":\"required name=search_term_string\"}],\"inLanguage\":\"pt-BR\"},{\"@type\":\"Person\",\"@id\":\"https:\/\/www.manaus.am.gov.br\/manauscult\/#\/schema\/person\/4eea2a8f78dc853097abb026f728aa06\",\"name\":\"Renata Felix\",\"image\":{\"@type\":\"ImageObject\",\"inLanguage\":\"pt-BR\",\"@id\":\"https:\/\/www.manaus.am.gov.br\/manauscult\/#\/schema\/person\/image\/\",\"url\":\"https:\/\/secure.gravatar.com\/avatar\/3c196cf9d3b837b24c8edb2c50fd8f29?s=96&d=mm&r=g\",\"contentUrl\":\"https:\/\/secure.gravatar.com\/avatar\/3c196cf9d3b837b24c8edb2c50fd8f29?s=96&d=mm&r=g\",\"caption\":\"Renata Felix\"}}]}<\/script>\n<!-- \/ Yoast SEO plugin. -->","yoast_head_json":{"title":"TCE acata argumentos da prefeitura e mant\u00e9m venda de 2,5 mil ingressos, do total de 160 mil gratuitos do #SouManaus 2023 - MANAUSCULT","robots":{"index":"noindex","follow":"follow"},"og_locale":"pt_BR","og_type":"article","og_title":"TCE acata argumentos da prefeitura e mant\u00e9m venda de 2,5 mil ingressos, do total de 160 mil gratuitos do #SouManaus 2023 - MANAUSCULT","og_url":"https:\/\/www.manaus.am.gov.br\/manauscult\/tce-acata-argumentos-da-prefeitura-e-mantem-venda-de-25-mil-ingressos-do-total-de-160-mil-gratuitos-do-sou-manaus-2023\/","og_site_name":"MANAUSCULT","article_published_time":"2023-09-01T23:07:55+00:00","article_modified_time":"2023-09-02T00:35:24+00:00","og_image":[{"width":799,"height":533,"url":"https:\/\/www.manaus.am.gov.br\/manauscult\/wp-content\/uploads\/sites\/11\/2023\/09\/52338802582_2023e3482e_c.jpg","type":"image\/jpeg"}],"author":"Renata Felix","twitter_card":"summary_large_image","twitter_misc":{"Written by":"Renata Felix","Est. reading time":"4 minutos"},"schema":{"@context":"https:\/\/schema.org","@graph":[{"@type":"WebPage","@id":"https:\/\/www.manaus.am.gov.br\/manauscult\/tce-acata-argumentos-da-prefeitura-e-mantem-venda-de-25-mil-ingressos-do-total-de-160-mil-gratuitos-do-sou-manaus-2023\/","url":"https:\/\/www.manaus.am.gov.br\/manauscult\/tce-acata-argumentos-da-prefeitura-e-mantem-venda-de-25-mil-ingressos-do-total-de-160-mil-gratuitos-do-sou-manaus-2023\/","name":"TCE acata argumentos da prefeitura e mant\u00e9m venda de 2,5 mil ingressos, do total de 160 mil gratuitos do #SouManaus 2023 - MANAUSCULT","isPartOf":{"@id":"https:\/\/www.manaus.am.gov.br\/manauscult\/#website"},"primaryImageOfPage":{"@id":"https:\/\/www.manaus.am.gov.br\/manauscult\/tce-acata-argumentos-da-prefeitura-e-mantem-venda-de-25-mil-ingressos-do-total-de-160-mil-gratuitos-do-sou-manaus-2023\/#primaryimage"},"image":{"@id":"https:\/\/www.manaus.am.gov.br\/manauscult\/tce-acata-argumentos-da-prefeitura-e-mantem-venda-de-25-mil-ingressos-do-total-de-160-mil-gratuitos-do-sou-manaus-2023\/#primaryimage"},"thumbnailUrl":"https:\/\/www.manaus.am.gov.br\/manauscult\/wp-content\/uploads\/sites\/11\/2023\/09\/52338802582_2023e3482e_c.jpg","datePublished":"2023-09-01T23:07:55+00:00","dateModified":"2023-09-02T00:35:24+00:00","author":{"@id":"https:\/\/www.manaus.am.gov.br\/manauscult\/#\/schema\/person\/4eea2a8f78dc853097abb026f728aa06"},"breadcrumb":{"@id":"https:\/\/www.manaus.am.gov.br\/manauscult\/tce-acata-argumentos-da-prefeitura-e-mantem-venda-de-25-mil-ingressos-do-total-de-160-mil-gratuitos-do-sou-manaus-2023\/#breadcrumb"},"inLanguage":"pt-BR","potentialAction":[{"@type":"ReadAction","target":["https:\/\/www.manaus.am.gov.br\/manauscult\/tce-acata-argumentos-da-prefeitura-e-mantem-venda-de-25-mil-ingressos-do-total-de-160-mil-gratuitos-do-sou-manaus-2023\/"]}]},{"@type":"ImageObject","inLanguage":"pt-BR","@id":"https:\/\/www.manaus.am.gov.br\/manauscult\/tce-acata-argumentos-da-prefeitura-e-mantem-venda-de-25-mil-ingressos-do-total-de-160-mil-gratuitos-do-sou-manaus-2023\/#primaryimage","url":"https:\/\/www.manaus.am.gov.br\/manauscult\/wp-content\/uploads\/sites\/11\/2023\/09\/52338802582_2023e3482e_c.jpg","contentUrl":"https:\/\/www.manaus.am.gov.br\/manauscult\/wp-content\/uploads\/sites\/11\/2023\/09\/52338802582_2023e3482e_c.jpg","width":799,"height":533},{"@type":"BreadcrumbList","@id":"https:\/\/www.manaus.am.gov.br\/manauscult\/tce-acata-argumentos-da-prefeitura-e-mantem-venda-de-25-mil-ingressos-do-total-de-160-mil-gratuitos-do-sou-manaus-2023\/#breadcrumb","itemListElement":[{"@type":"ListItem","position":1,"name":"Home","item":"https:\/\/www.manaus.am.gov.br\/manauscult\/"},{"@type":"ListItem","position":2,"name":"TCE acata argumentos da Prefeitura e mant\u00e9m venda de 2,5 mil ingressos, do total de 160 mil gratuitos do #SouManaus 2023"}]},{"@type":"WebSite","@id":"https:\/\/www.manaus.am.gov.br\/manauscult\/#website","url":"https:\/\/www.manaus.am.gov.br\/manauscult\/","name":"MANAUSCULT","description":"Prefeitura de Manaus","potentialAction":[{"@type":"SearchAction","target":{"@type":"EntryPoint","urlTemplate":"https:\/\/www.manaus.am.gov.br\/manauscult\/?s={search_term_string}"},"query-input":"required name=search_term_string"}],"inLanguage":"pt-BR"},{"@type":"Person","@id":"https:\/\/www.manaus.am.gov.br\/manauscult\/#\/schema\/person\/4eea2a8f78dc853097abb026f728aa06","name":"Renata Felix","image":{"@type":"ImageObject","inLanguage":"pt-BR","@id":"https:\/\/www.manaus.am.gov.br\/manauscult\/#\/schema\/person\/image\/","url":"https:\/\/secure.gravatar.com\/avatar\/3c196cf9d3b837b24c8edb2c50fd8f29?s=96&d=mm&r=g","contentUrl":"https:\/\/secure.gravatar.com\/avatar\/3c196cf9d3b837b24c8edb2c50fd8f29?s=96&d=mm&r=g","caption":"Renata Felix"}}]}},"_links":{"self":[{"href":"https:\/\/www.manaus.am.gov.br\/manauscult\/wp-json\/wp\/v2\/posts\/1283"}],"collection":[{"href":"https:\/\/www.manaus.am.gov.br\/manauscult\/wp-json\/wp\/v2\/posts"}],"about":[{"href":"https:\/\/www.manaus.am.gov.br\/manauscult\/wp-json\/wp\/v2\/types\/post"}],"author":[{"embeddable":true,"href":"https:\/\/www.manaus.am.gov.br\/manauscult\/wp-json\/wp\/v2\/users\/31"}],"replies":[{"embeddable":true,"href":"https:\/\/www.manaus.am.gov.br\/manauscult\/wp-json\/wp\/v2\/comments?post=1283"}],"version-history":[{"count":2,"href":"https:\/\/www.manaus.am.gov.br\/manauscult\/wp-json\/wp\/v2\/posts\/1283\/revisions"}],"predecessor-version":[{"id":1286,"href":"https:\/\/www.manaus.am.gov.br\/manauscult\/wp-json\/wp\/v2\/posts\/1283\/revisions\/1286"}],"wp:featuredmedia":[{"embeddable":true,"href":"https:\/\/www.manaus.am.gov.br\/manauscult\/wp-json\/wp\/v2\/media\/1284"}],"wp:attachment":[{"href":"https:\/\/www.manaus.am.gov.br\/manauscult\/wp-json\/wp\/v2\/media?parent=1283"}],"wp:term":[{"taxonomy":"category","embeddable":true,"href":"https:\/\/www.manaus.am.gov.br\/manauscult\/wp-json\/wp\/v2\/categories?post=1283"},{"taxonomy":"post_tag","embeddable":true,"href":"https:\/\/www.manaus.am.gov.br\/manauscult\/wp-json\/wp\/v2\/tags?post=1283"}],"curies":[{"name":"wp","href":"https:\/\/api.w.org\/{rel}","templated":true}]}}