{"id":1279,"date":"2023-09-01T14:51:48","date_gmt":"2023-09-01T18:51:48","guid":{"rendered":"https:\/\/www.manaus.am.gov.br\/manauscult\/prefeitura-realiza-visita-tecnica-no-complexo-soumanaus-passo-a-paco-2023\/"},"modified":"2023-09-01T14:51:50","modified_gmt":"2023-09-01T18:51:50","slug":"prefeitura-realiza-visita-tecnica-no-complexo-soumanaus-passo-a-paco-2023","status":"publish","type":"post","link":"https:\/\/www.manaus.am.gov.br\/manauscult\/prefeitura-realiza-visita-tecnica-no-complexo-soumanaus-passo-a-paco-2023\/","title":{"rendered":"<strong>Prefeitura realiza visita t\u00e9cnica no complexo \u2018#SouManaus Passo a Pa\u00e7o 2023\u2019<\/strong>"},"content":{"rendered":"\n<p>A Prefeitura de Manaus, por meio da Funda\u00e7\u00e3o Municipal de Cultura, Turismo e Eventos (Manauscult), realizou, na manh\u00e3 desta sexta-feira, 1\u00ba\/9, uma visita t\u00e9cnica em todo o complexo portu\u00e1rio, localizado no centro hist\u00f3rico da cidade, onde ocorrer\u00e1 a 8\u00aa edi\u00e7\u00e3o do \u201c#SouManaus Passo a Pa\u00e7o 2023\u201d.<\/p>\n\n\n\n<p>Durante a a\u00e7\u00e3o, quest\u00f5es de montagem de palco e estrutura de cenografia foram vistoriadas pelo corpo t\u00e9cnico municipal. A montagem do palco \u201cGuardi\u00e3o da Amaz\u00f4nia\u201d est\u00e1 com 60% das estruturas montadas. A composi\u00e7\u00e3o est\u00e1 com vista panor\u00e2mica para o rio Negro e promete entregar um verdadeiro espet\u00e1culo de intera\u00e7\u00e3o com o p\u00fablico.<\/p>\n\n\n\n<p>\u201cEssa visita t\u00e9cnica \u00e9 muito importante, porque mostra para toda a sociedade o apoio da m\u00eddia da nossa cidade, a import\u00e2ncia que esse evento se tornou no calend\u00e1rio de Manaus e vai gerando toda uma expectativa na sociedade de tudo que a Prefeitura de Manaus est\u00e1 preparando para o maior festival de todos os tempos\u201d, disse o diretor-presidente da Manauscult, Osvaldo Cardoso.<\/p>\n\n\n\n<p>A cenografia do palco aos poucos vai ganhando forma. Cerca de 40 pessoas est\u00e3o envolvidas direta e indiretamente nos trabalhos de montagem, solda, ilumina\u00e7\u00e3o e de pintura. O monumento, que traz o conceito da ancestralidade, est\u00e1 em fase de acabamento e possui cerca de 23 metros.&nbsp;<\/p>\n\n\n\n<p>\u201cEstamos h\u00e1 menos de duas semanas realizando esse trabalho para fazermos uma apresenta\u00e7\u00e3o digna desse projeto e digna para o p\u00fablico que vai assistir. Creio que v\u00e3o sair encantados, porque s\u00e3o v\u00e1rias artes unidas da luz, dos fogos, das artes pl\u00e1sticas e da produ\u00e7\u00e3o em si\u201d, completou o artista pl\u00e1stico, Juarez Lima.<\/p>\n\n\n\n<p>O palco da plataforma \u201cMalcher\u201d, que receber\u00e1 no primeiro dia atra\u00e7\u00f5es como L\u00e9o Magalh\u00e3es, Z\u00e9 Felipe e David Guetta, possui um tamanho de 20&#215;20 e tr\u00eas tel\u00f5es em LED. Para o designer de produ\u00e7\u00e3o Thyago Lima, tudo foi pensado para promover uma experi\u00eancia tecnol\u00f3gica e inovadora aos visitantes da 8\u00aa edi\u00e7\u00e3o do maior evento de artes integradas do norte do pa\u00eds.<\/p>\n\n\n\n<p>\u201cA gente come\u00e7ou a executar o projeto no dia 18 de julho com a concep\u00e7\u00e3o do prefeito David Almeida e&nbsp;do presidente Osvaldo&nbsp;Cardoso, que nos passaram essa meta de fazer algo voltado para a ancestralidade que vem falar da nossa etnia Mana\u00f3s, da inova\u00e7\u00e3o, e sobretudo da tecnologia com a movimenta\u00e7\u00e3o das indument\u00e1rias, a quest\u00e3o da sustentabilidade que usamos materiais recicl\u00e1veis\u201d, enfatizou Lima.<\/p>\n\n\n\n<p>A expectativa \u00e9 que o evento atraia o maior n\u00famero de p\u00fablico na \u00e1rea portu\u00e1ria da cidade, atingindo meio milh\u00e3o de pessoas nos tr\u00eas dias de festival de modo rotativo, e inserindo a cidade de Manaus na rota dos grandes eventos, al\u00e9m de transformar o \u201c#SouManaus\u201d, no primeiro festival de artes integradas do Brasil. Ser\u00e3o 100 horas de imers\u00e3o e experi\u00eancia art\u00edstico-cultural.<\/p>\n\n\n\n<p>&#8212; &#8212; &#8212;<\/p>\n\n\n\n<p><strong>Texto &#8211;<\/strong>&nbsp;Fl\u00e1via Moura \/ Semcom<\/p>\n\n\n\n<p><strong>Fotos &#8211;<\/strong>&nbsp;Jo\u00e3o Viana \/ Semcom<\/p>\n\n\n\n<p><strong>Dispon\u00edveis em &#8211; <\/strong><a href=\"https:\/\/flic.kr\/s\/aHBqjAT9zi\">https:\/\/flic.kr\/s\/aHBqjAT9zi<\/a><\/p>\n","protected":false},"excerpt":{"rendered":"","protected":false},"author":39,"featured_media":1280,"comment_status":"closed","ping_status":"closed","sticky":false,"template":"","format":"standard","meta":{"footnotes":""},"categories":[508],"tags":[532,533,534,535,9,536,537,11,396],"acf":[],"yoast_head":"<!-- This site is optimized with the Yoast SEO plugin v23.0 - https:\/\/yoast.com\/wordpress\/plugins\/seo\/ -->\n<title>Prefeitura realiza visita t\u00e9cnica no complexo \u2018#SouManaus Passo a Pa\u00e7o 2023\u2019<\/title>\n<meta name=\"description\" content=\"A Prefeitura de Manaus, por meio da Funda\u00e7\u00e3o Municipal de Cultura, Turismo e Eventos (Manauscult), realizou, na manh\u00e3 desta sexta-feira, 1\u00ba\/9, uma visita t\u00e9cnica em todo o complexo portu\u00e1rio, localizado no centro hist\u00f3rico da cidade, onde ocorrer\u00e1 a 8\u00aa edi\u00e7\u00e3o do \u201c#SouManaus Passo a Pa\u00e7o 2023\u201d.\" \/>\n<meta name=\"robots\" content=\"noindex, follow\" \/>\n<meta property=\"og:locale\" content=\"pt_BR\" \/>\n<meta property=\"og:type\" content=\"article\" \/>\n<meta property=\"og:title\" content=\"Prefeitura realiza visita t\u00e9cnica no complexo \u2018#SouManaus Passo a Pa\u00e7o 2023\u2019\" \/>\n<meta property=\"og:description\" content=\"A Prefeitura de Manaus, por meio da Funda\u00e7\u00e3o Municipal de Cultura, Turismo e Eventos (Manauscult), realizou, na manh\u00e3 desta sexta-feira, 1\u00ba\/9, uma visita t\u00e9cnica em todo o complexo portu\u00e1rio, localizado no centro hist\u00f3rico da cidade, onde ocorrer\u00e1 a 8\u00aa edi\u00e7\u00e3o do \u201c#SouManaus Passo a Pa\u00e7o 2023\u201d.\" \/>\n<meta property=\"og:url\" content=\"https:\/\/www.manaus.am.gov.br\/manauscult\/prefeitura-realiza-visita-tecnica-no-complexo-soumanaus-passo-a-paco-2023\/\" \/>\n<meta property=\"og:site_name\" content=\"MANAUSCULT\" \/>\n<meta property=\"article:published_time\" content=\"2023-09-01T18:51:48+00:00\" \/>\n<meta property=\"article:modified_time\" content=\"2023-09-01T18:51:50+00:00\" \/>\n<meta property=\"og:image\" content=\"https:\/\/www.manaus.am.gov.br\/manauscult\/wp-content\/uploads\/sites\/11\/2023\/09\/53157491538_ff5416929d_c.jpg\" \/>\n\t<meta property=\"og:image:width\" content=\"800\" \/>\n\t<meta property=\"og:image:height\" content=\"533\" \/>\n\t<meta property=\"og:image:type\" content=\"image\/jpeg\" \/>\n<meta name=\"author\" content=\"Bruna Greco\" \/>\n<meta name=\"twitter:card\" content=\"summary_large_image\" \/>\n<meta name=\"twitter:label1\" content=\"Written by\" \/>\n\t<meta name=\"twitter:data1\" content=\"Bruna Greco\" \/>\n\t<meta name=\"twitter:label2\" content=\"Est. reading time\" \/>\n\t<meta name=\"twitter:data2\" content=\"3 minutos\" \/>\n<script type=\"application\/ld+json\" class=\"yoast-schema-graph\">{\"@context\":\"https:\/\/schema.org\",\"@graph\":[{\"@type\":\"WebPage\",\"@id\":\"https:\/\/www.manaus.am.gov.br\/manauscult\/prefeitura-realiza-visita-tecnica-no-complexo-soumanaus-passo-a-paco-2023\/\",\"url\":\"https:\/\/www.manaus.am.gov.br\/manauscult\/prefeitura-realiza-visita-tecnica-no-complexo-soumanaus-passo-a-paco-2023\/\",\"name\":\"Prefeitura realiza visita t\u00e9cnica no complexo \u2018#SouManaus Passo a Pa\u00e7o 2023\u2019\",\"isPartOf\":{\"@id\":\"https:\/\/www.manaus.am.gov.br\/manauscult\/#website\"},\"primaryImageOfPage\":{\"@id\":\"https:\/\/www.manaus.am.gov.br\/manauscult\/prefeitura-realiza-visita-tecnica-no-complexo-soumanaus-passo-a-paco-2023\/#primaryimage\"},\"image\":{\"@id\":\"https:\/\/www.manaus.am.gov.br\/manauscult\/prefeitura-realiza-visita-tecnica-no-complexo-soumanaus-passo-a-paco-2023\/#primaryimage\"},\"thumbnailUrl\":\"https:\/\/www.manaus.am.gov.br\/manauscult\/wp-content\/uploads\/sites\/11\/2023\/09\/53157491538_ff5416929d_c.jpg\",\"datePublished\":\"2023-09-01T18:51:48+00:00\",\"dateModified\":\"2023-09-01T18:51:50+00:00\",\"author\":{\"@id\":\"https:\/\/www.manaus.am.gov.br\/manauscult\/#\/schema\/person\/05d223aea2bf115f9883a6ff3683d81b\"},\"description\":\"A Prefeitura de Manaus, por meio da Funda\u00e7\u00e3o Municipal de Cultura, Turismo e Eventos (Manauscult), realizou, na manh\u00e3 desta sexta-feira, 1\u00ba\/9, uma visita t\u00e9cnica em todo o complexo portu\u00e1rio, localizado no centro hist\u00f3rico da cidade, onde ocorrer\u00e1 a 8\u00aa edi\u00e7\u00e3o do \u201c#SouManaus Passo a Pa\u00e7o 2023\u201d.\",\"breadcrumb\":{\"@id\":\"https:\/\/www.manaus.am.gov.br\/manauscult\/prefeitura-realiza-visita-tecnica-no-complexo-soumanaus-passo-a-paco-2023\/#breadcrumb\"},\"inLanguage\":\"pt-BR\",\"potentialAction\":[{\"@type\":\"ReadAction\",\"target\":[\"https:\/\/www.manaus.am.gov.br\/manauscult\/prefeitura-realiza-visita-tecnica-no-complexo-soumanaus-passo-a-paco-2023\/\"]}]},{\"@type\":\"ImageObject\",\"inLanguage\":\"pt-BR\",\"@id\":\"https:\/\/www.manaus.am.gov.br\/manauscult\/prefeitura-realiza-visita-tecnica-no-complexo-soumanaus-passo-a-paco-2023\/#primaryimage\",\"url\":\"https:\/\/www.manaus.am.gov.br\/manauscult\/wp-content\/uploads\/sites\/11\/2023\/09\/53157491538_ff5416929d_c.jpg\",\"contentUrl\":\"https:\/\/www.manaus.am.gov.br\/manauscult\/wp-content\/uploads\/sites\/11\/2023\/09\/53157491538_ff5416929d_c.jpg\",\"width\":800,\"height\":533},{\"@type\":\"BreadcrumbList\",\"@id\":\"https:\/\/www.manaus.am.gov.br\/manauscult\/prefeitura-realiza-visita-tecnica-no-complexo-soumanaus-passo-a-paco-2023\/#breadcrumb\",\"itemListElement\":[{\"@type\":\"ListItem\",\"position\":1,\"name\":\"Home\",\"item\":\"https:\/\/www.manaus.am.gov.br\/manauscult\/\"},{\"@type\":\"ListItem\",\"position\":2,\"name\":\"Prefeitura realiza visita t\u00e9cnica no complexo \u2018#SouManaus Passo a Pa\u00e7o 2023\u2019\"}]},{\"@type\":\"WebSite\",\"@id\":\"https:\/\/www.manaus.am.gov.br\/manauscult\/#website\",\"url\":\"https:\/\/www.manaus.am.gov.br\/manauscult\/\",\"name\":\"MANAUSCULT\",\"description\":\"Prefeitura de Manaus\",\"potentialAction\":[{\"@type\":\"SearchAction\",\"target\":{\"@type\":\"EntryPoint\",\"urlTemplate\":\"https:\/\/www.manaus.am.gov.br\/manauscult\/?s={search_term_string}\"},\"query-input\":\"required name=search_term_string\"}],\"inLanguage\":\"pt-BR\"},{\"@type\":\"Person\",\"@id\":\"https:\/\/www.manaus.am.gov.br\/manauscult\/#\/schema\/person\/05d223aea2bf115f9883a6ff3683d81b\",\"name\":\"Bruna Greco\",\"image\":{\"@type\":\"ImageObject\",\"inLanguage\":\"pt-BR\",\"@id\":\"https:\/\/www.manaus.am.gov.br\/manauscult\/#\/schema\/person\/image\/\",\"url\":\"https:\/\/secure.gravatar.com\/avatar\/9c877d1a6adc2a055330e5c09a8653ce?s=96&d=mm&r=g\",\"contentUrl\":\"https:\/\/secure.gravatar.com\/avatar\/9c877d1a6adc2a055330e5c09a8653ce?s=96&d=mm&r=g\",\"caption\":\"Bruna Greco\"}}]}<\/script>\n<!-- \/ Yoast SEO plugin. -->","yoast_head_json":{"title":"Prefeitura realiza visita t\u00e9cnica no complexo \u2018#SouManaus Passo a Pa\u00e7o 2023\u2019","description":"A Prefeitura de Manaus, por meio da Funda\u00e7\u00e3o Municipal de Cultura, Turismo e Eventos (Manauscult), realizou, na manh\u00e3 desta sexta-feira, 1\u00ba\/9, uma visita t\u00e9cnica em todo o complexo portu\u00e1rio, localizado no centro hist\u00f3rico da cidade, onde ocorrer\u00e1 a 8\u00aa edi\u00e7\u00e3o do \u201c#SouManaus Passo a Pa\u00e7o 2023\u201d.","robots":{"index":"noindex","follow":"follow"},"og_locale":"pt_BR","og_type":"article","og_title":"Prefeitura realiza visita t\u00e9cnica no complexo \u2018#SouManaus Passo a Pa\u00e7o 2023\u2019","og_description":"A Prefeitura de Manaus, por meio da Funda\u00e7\u00e3o Municipal de Cultura, Turismo e Eventos (Manauscult), realizou, na manh\u00e3 desta sexta-feira, 1\u00ba\/9, uma visita t\u00e9cnica em todo o complexo portu\u00e1rio, localizado no centro hist\u00f3rico da cidade, onde ocorrer\u00e1 a 8\u00aa edi\u00e7\u00e3o do \u201c#SouManaus Passo a Pa\u00e7o 2023\u201d.","og_url":"https:\/\/www.manaus.am.gov.br\/manauscult\/prefeitura-realiza-visita-tecnica-no-complexo-soumanaus-passo-a-paco-2023\/","og_site_name":"MANAUSCULT","article_published_time":"2023-09-01T18:51:48+00:00","article_modified_time":"2023-09-01T18:51:50+00:00","og_image":[{"width":800,"height":533,"url":"https:\/\/www.manaus.am.gov.br\/manauscult\/wp-content\/uploads\/sites\/11\/2023\/09\/53157491538_ff5416929d_c.jpg","type":"image\/jpeg"}],"author":"Bruna Greco","twitter_card":"summary_large_image","twitter_misc":{"Written by":"Bruna Greco","Est. reading time":"3 minutos"},"schema":{"@context":"https:\/\/schema.org","@graph":[{"@type":"WebPage","@id":"https:\/\/www.manaus.am.gov.br\/manauscult\/prefeitura-realiza-visita-tecnica-no-complexo-soumanaus-passo-a-paco-2023\/","url":"https:\/\/www.manaus.am.gov.br\/manauscult\/prefeitura-realiza-visita-tecnica-no-complexo-soumanaus-passo-a-paco-2023\/","name":"Prefeitura realiza visita t\u00e9cnica no complexo \u2018#SouManaus Passo a Pa\u00e7o 2023\u2019","isPartOf":{"@id":"https:\/\/www.manaus.am.gov.br\/manauscult\/#website"},"primaryImageOfPage":{"@id":"https:\/\/www.manaus.am.gov.br\/manauscult\/prefeitura-realiza-visita-tecnica-no-complexo-soumanaus-passo-a-paco-2023\/#primaryimage"},"image":{"@id":"https:\/\/www.manaus.am.gov.br\/manauscult\/prefeitura-realiza-visita-tecnica-no-complexo-soumanaus-passo-a-paco-2023\/#primaryimage"},"thumbnailUrl":"https:\/\/www.manaus.am.gov.br\/manauscult\/wp-content\/uploads\/sites\/11\/2023\/09\/53157491538_ff5416929d_c.jpg","datePublished":"2023-09-01T18:51:48+00:00","dateModified":"2023-09-01T18:51:50+00:00","author":{"@id":"https:\/\/www.manaus.am.gov.br\/manauscult\/#\/schema\/person\/05d223aea2bf115f9883a6ff3683d81b"},"description":"A Prefeitura de Manaus, por meio da Funda\u00e7\u00e3o Municipal de Cultura, Turismo e Eventos (Manauscult), realizou, na manh\u00e3 desta sexta-feira, 1\u00ba\/9, uma visita t\u00e9cnica em todo o complexo portu\u00e1rio, localizado no centro hist\u00f3rico da cidade, onde ocorrer\u00e1 a 8\u00aa edi\u00e7\u00e3o do \u201c#SouManaus Passo a Pa\u00e7o 2023\u201d.","breadcrumb":{"@id":"https:\/\/www.manaus.am.gov.br\/manauscult\/prefeitura-realiza-visita-tecnica-no-complexo-soumanaus-passo-a-paco-2023\/#breadcrumb"},"inLanguage":"pt-BR","potentialAction":[{"@type":"ReadAction","target":["https:\/\/www.manaus.am.gov.br\/manauscult\/prefeitura-realiza-visita-tecnica-no-complexo-soumanaus-passo-a-paco-2023\/"]}]},{"@type":"ImageObject","inLanguage":"pt-BR","@id":"https:\/\/www.manaus.am.gov.br\/manauscult\/prefeitura-realiza-visita-tecnica-no-complexo-soumanaus-passo-a-paco-2023\/#primaryimage","url":"https:\/\/www.manaus.am.gov.br\/manauscult\/wp-content\/uploads\/sites\/11\/2023\/09\/53157491538_ff5416929d_c.jpg","contentUrl":"https:\/\/www.manaus.am.gov.br\/manauscult\/wp-content\/uploads\/sites\/11\/2023\/09\/53157491538_ff5416929d_c.jpg","width":800,"height":533},{"@type":"BreadcrumbList","@id":"https:\/\/www.manaus.am.gov.br\/manauscult\/prefeitura-realiza-visita-tecnica-no-complexo-soumanaus-passo-a-paco-2023\/#breadcrumb","itemListElement":[{"@type":"ListItem","position":1,"name":"Home","item":"https:\/\/www.manaus.am.gov.br\/manauscult\/"},{"@type":"ListItem","position":2,"name":"Prefeitura realiza visita t\u00e9cnica no complexo \u2018#SouManaus Passo a Pa\u00e7o 2023\u2019"}]},{"@type":"WebSite","@id":"https:\/\/www.manaus.am.gov.br\/manauscult\/#website","url":"https:\/\/www.manaus.am.gov.br\/manauscult\/","name":"MANAUSCULT","description":"Prefeitura de Manaus","potentialAction":[{"@type":"SearchAction","target":{"@type":"EntryPoint","urlTemplate":"https:\/\/www.manaus.am.gov.br\/manauscult\/?s={search_term_string}"},"query-input":"required name=search_term_string"}],"inLanguage":"pt-BR"},{"@type":"Person","@id":"https:\/\/www.manaus.am.gov.br\/manauscult\/#\/schema\/person\/05d223aea2bf115f9883a6ff3683d81b","name":"Bruna Greco","image":{"@type":"ImageObject","inLanguage":"pt-BR","@id":"https:\/\/www.manaus.am.gov.br\/manauscult\/#\/schema\/person\/image\/","url":"https:\/\/secure.gravatar.com\/avatar\/9c877d1a6adc2a055330e5c09a8653ce?s=96&d=mm&r=g","contentUrl":"https:\/\/secure.gravatar.com\/avatar\/9c877d1a6adc2a055330e5c09a8653ce?s=96&d=mm&r=g","caption":"Bruna Greco"}}]}},"_links":{"self":[{"href":"https:\/\/www.manaus.am.gov.br\/manauscult\/wp-json\/wp\/v2\/posts\/1279"}],"collection":[{"href":"https:\/\/www.manaus.am.gov.br\/manauscult\/wp-json\/wp\/v2\/posts"}],"about":[{"href":"https:\/\/www.manaus.am.gov.br\/manauscult\/wp-json\/wp\/v2\/types\/post"}],"author":[{"embeddable":true,"href":"https:\/\/www.manaus.am.gov.br\/manauscult\/wp-json\/wp\/v2\/users\/39"}],"replies":[{"embeddable":true,"href":"https:\/\/www.manaus.am.gov.br\/manauscult\/wp-json\/wp\/v2\/comments?post=1279"}],"version-history":[{"count":0,"href":"https:\/\/www.manaus.am.gov.br\/manauscult\/wp-json\/wp\/v2\/posts\/1279\/revisions"}],"wp:featuredmedia":[{"embeddable":true,"href":"https:\/\/www.manaus.am.gov.br\/manauscult\/wp-json\/wp\/v2\/media\/1280"}],"wp:attachment":[{"href":"https:\/\/www.manaus.am.gov.br\/manauscult\/wp-json\/wp\/v2\/media?parent=1279"}],"wp:term":[{"taxonomy":"category","embeddable":true,"href":"https:\/\/www.manaus.am.gov.br\/manauscult\/wp-json\/wp\/v2\/categories?post=1279"},{"taxonomy":"post_tag","embeddable":true,"href":"https:\/\/www.manaus.am.gov.br\/manauscult\/wp-json\/wp\/v2\/tags?post=1279"}],"curies":[{"name":"wp","href":"https:\/\/api.w.org\/{rel}","templated":true}]}}