{"id":1277,"date":"2023-09-01T13:50:51","date_gmt":"2023-09-01T17:50:51","guid":{"rendered":"https:\/\/www.manaus.am.gov.br\/manauscult\/espaco-gastronomico-vai-promover-diversidade-de-sabores-no-soumanaus-2023\/"},"modified":"2023-09-01T13:50:52","modified_gmt":"2023-09-01T17:50:52","slug":"espaco-gastronomico-vai-promover-diversidade-de-sabores-no-soumanaus-2023","status":"publish","type":"post","link":"https:\/\/www.manaus.am.gov.br\/manauscult\/espaco-gastronomico-vai-promover-diversidade-de-sabores-no-soumanaus-2023\/","title":{"rendered":"<strong>Espa\u00e7o gastron\u00f4mico vai promover diversidade de sabores no \u2018#SouManaus 2023\u2019<\/strong>"},"content":{"rendered":"\n<p>Sabores refinados e comida de qualidade, \u00e9 o que reserva o espa\u00e7o gastron\u00f4mico do \u201c#SouManaus Passo a Pa\u00e7o 2023\u201d, evento promovido pela Prefeitura de Manaus que acontece nos dias 5, 6 e 7 de setembro,&nbsp;unindo no centro hist\u00f3rico da cidade as tribos culturais&nbsp;por interm\u00e9dio da arte, tecnologia e culin\u00e1ria. Todos os pratos de comida, salgados e doces comercializados dever\u00e3o ser no valor m\u00ednimo de R$ 5 e no m\u00e1ximo de R$ 35. \u00c9 obrigat\u00f3ria a elabora\u00e7\u00e3o de um card\u00e1pio especial, de ao menos um prato, para o p\u00fablico infantojuvenil.<\/p>\n\n\n\n<p>Para o diretor-presidente da Funda\u00e7\u00e3o de Turismo, Cultura e Eventos (Manauscult), Osvaldo Cardoso, o &#8220;#SouManaus&#8221; ser\u00e1 uma oportunidade de gera\u00e7\u00e3o de emprego e renda e incentivo aos empreendedores locais, movimentando a economia do munic\u00edpio.<\/p>\n\n\n\n<p>&#8220;O &#8216;#SouManaus Passo a Pa\u00e7o 2023\u2019 \u00e9 uma grande celebra\u00e7\u00e3o da cultura e da arte nortista, e a gastronomia n\u00e3o poderia ficar de fora dessa grande celebra\u00e7\u00e3o. Por orienta\u00e7\u00e3o do prefeito David Almeida, este ano estamos ampliando os espa\u00e7os e visamos fortalecer a gastronomia local, proporcionando mais oportunidades para o setor e, consequentemente, contribuindo com a renda de muitas fam\u00edlias amazonenses, assim como, movimentando a economia na capital&#8221;, afirma Cardoso.<\/p>\n\n\n\n<p>Com expectativas altas, o empreendedor Jonas Santar\u00e9m, propriet\u00e1rio da barraca Carne de Sol do Jonas, afirma que o p\u00fablico vai receber tudo com a melhor qualidade.<\/p>\n\n\n\n<p>\u201cEsse \u00e9 o melhor festival que vai acontecer de todos os tempos e n\u00f3s esperamos que seja um uma boa festa e que tenhamos bons lucros, n\u00e3o s\u00f3 para mim, mas para todos os outros que t\u00eam barracas, restaurantes, lanche, carrinhos, food truck. Que seja um sucesso para todos, e um sucesso para a cidade de Manaus com esse grande evento\u201d, afirmou.<\/p>\n\n\n\n<p>O propriet\u00e1rio da Candyman Doces, Felipe de Souza, projeta um lucro de R$ 10 mil, e o impulsionamento do seu neg\u00f3cio com a capta\u00e7\u00e3o de novos clientes.<\/p>\n\n\n\n<p>\u201cO que eu vou levar para o &#8216;#SouManaus&#8217; \u00e9 uma parcela do meu trabalho, s\u00e3o bolos art\u00edsticos que estar\u00e3o sendo comercializados&nbsp;em por\u00e7\u00f5es menores&nbsp;com v\u00e1rias op\u00e7\u00f5es para o p\u00fablico poder provar de tudo um pouco. S\u00e3o coisas bem gostosas e saborosas, para as pessoas conhecerem mais um pouco do meu trabalho e se tornarem clientes tamb\u00e9m\u201d, destacou.<\/p>\n\n\n\n<p><strong>Feira gastron\u00f4mica<\/strong><\/p>\n\n\n\n<p>No total, ser\u00e3o 67 espa\u00e7os dedicados ao setor, sendo 61 para o \u201cFestival Gastron\u00f4mico de Manaus &#8211; No Passo do Sabor\u201d, e seis para a \u201cPra\u00e7a de Alimenta\u00e7\u00e3o da Gastronomia Criativa\u201d.<\/p>\n\n\n\n<p>O \u201cNo Passo do Sabor\u201d seguir\u00e1 com a opera\u00e7\u00e3o de vendas de alimentos, nos segmentos: Barraca do Chef, Food Truck, Novos Chefes e Futuros Talentos, no entorno da pra\u00e7a Dom Pedro II e do Pa\u00e7o da Liberdade. J\u00e1 a \u201cPra\u00e7a de Alimenta\u00e7\u00e3o da Gastronomia Criativa\u201d vai ser para a opera\u00e7\u00e3o de vendas de Food Bike e Carrinhos Ambulantes.<\/p>\n\n\n\n<p>&#8212; &#8212; &#8212;<\/p>\n\n\n\n<p><strong>Texto&nbsp;<\/strong>&#8211; Asafe Augusto \/ Semcom<\/p>\n\n\n\n<p><strong>Foto \u2013 <\/strong>Arquivo \/ Semcom<\/p>\n","protected":false},"excerpt":{"rendered":"","protected":false},"author":39,"featured_media":1278,"comment_status":"closed","ping_status":"closed","sticky":false,"template":"","format":"standard","meta":{"footnotes":""},"categories":[508],"tags":[264,528,529,530,9,531,11],"acf":[],"yoast_head":"<!-- This site is optimized with the Yoast SEO plugin v23.0 - https:\/\/yoast.com\/wordpress\/plugins\/seo\/ -->\n<title>Espa\u00e7o gastron\u00f4mico vai promover diversidade de sabores no \u2018#SouManaus 2023\u2019<\/title>\n<meta name=\"description\" content=\"Sabores refinados e comida de qualidade, \u00e9 o que reserva o espa\u00e7o gastron\u00f4mico do \u201c#SouManaus Passo a Pa\u00e7o 2023\u201d, evento promovido pela Prefeitura de Manaus que acontece nos dias 5, 6 e 7 de setembro,\u00a0unindo no centro hist\u00f3rico da cidade as tribos culturais\u00a0por interm\u00e9dio da arte, tecnologia e culin\u00e1ria.\" \/>\n<meta name=\"robots\" content=\"noindex, follow\" \/>\n<meta property=\"og:locale\" content=\"pt_BR\" \/>\n<meta property=\"og:type\" content=\"article\" \/>\n<meta property=\"og:title\" content=\"Espa\u00e7o gastron\u00f4mico vai promover diversidade de sabores no \u2018#SouManaus 2023\u2019\" \/>\n<meta property=\"og:description\" content=\"Sabores refinados e comida de qualidade, \u00e9 o que reserva o espa\u00e7o gastron\u00f4mico do \u201c#SouManaus Passo a Pa\u00e7o 2023\u201d, evento promovido pela Prefeitura de Manaus que acontece nos dias 5, 6 e 7 de setembro,\u00a0unindo no centro hist\u00f3rico da cidade as tribos culturais\u00a0por interm\u00e9dio da arte, tecnologia e culin\u00e1ria.\" \/>\n<meta property=\"og:url\" content=\"https:\/\/www.manaus.am.gov.br\/manauscult\/espaco-gastronomico-vai-promover-diversidade-de-sabores-no-soumanaus-2023\/\" \/>\n<meta property=\"og:site_name\" content=\"MANAUSCULT\" \/>\n<meta property=\"article:published_time\" content=\"2023-09-01T17:50:51+00:00\" \/>\n<meta property=\"article:modified_time\" content=\"2023-09-01T17:50:52+00:00\" \/>\n<meta property=\"og:image\" content=\"https:\/\/www.manaus.am.gov.br\/manauscult\/wp-content\/uploads\/sites\/11\/2023\/09\/SouManaus-Gastronomia-1-1024x683.jpg\" \/>\n\t<meta property=\"og:image:width\" content=\"1024\" \/>\n\t<meta property=\"og:image:height\" content=\"683\" \/>\n\t<meta property=\"og:image:type\" content=\"image\/jpeg\" \/>\n<meta name=\"author\" content=\"Bruna Greco\" \/>\n<meta name=\"twitter:card\" content=\"summary_large_image\" \/>\n<meta name=\"twitter:label1\" content=\"Written by\" \/>\n\t<meta name=\"twitter:data1\" content=\"Bruna Greco\" \/>\n\t<meta name=\"twitter:label2\" content=\"Est. reading time\" \/>\n\t<meta name=\"twitter:data2\" content=\"3 minutos\" \/>\n<script type=\"application\/ld+json\" class=\"yoast-schema-graph\">{\"@context\":\"https:\/\/schema.org\",\"@graph\":[{\"@type\":\"WebPage\",\"@id\":\"https:\/\/www.manaus.am.gov.br\/manauscult\/espaco-gastronomico-vai-promover-diversidade-de-sabores-no-soumanaus-2023\/\",\"url\":\"https:\/\/www.manaus.am.gov.br\/manauscult\/espaco-gastronomico-vai-promover-diversidade-de-sabores-no-soumanaus-2023\/\",\"name\":\"Espa\u00e7o gastron\u00f4mico vai promover diversidade de sabores no \u2018#SouManaus 2023\u2019\",\"isPartOf\":{\"@id\":\"https:\/\/www.manaus.am.gov.br\/manauscult\/#website\"},\"primaryImageOfPage\":{\"@id\":\"https:\/\/www.manaus.am.gov.br\/manauscult\/espaco-gastronomico-vai-promover-diversidade-de-sabores-no-soumanaus-2023\/#primaryimage\"},\"image\":{\"@id\":\"https:\/\/www.manaus.am.gov.br\/manauscult\/espaco-gastronomico-vai-promover-diversidade-de-sabores-no-soumanaus-2023\/#primaryimage\"},\"thumbnailUrl\":\"https:\/\/www.manaus.am.gov.br\/manauscult\/wp-content\/uploads\/sites\/11\/2023\/09\/SouManaus-Gastronomia-1.jpg\",\"datePublished\":\"2023-09-01T17:50:51+00:00\",\"dateModified\":\"2023-09-01T17:50:52+00:00\",\"author\":{\"@id\":\"https:\/\/www.manaus.am.gov.br\/manauscult\/#\/schema\/person\/05d223aea2bf115f9883a6ff3683d81b\"},\"description\":\"Sabores refinados e comida de qualidade, \u00e9 o que reserva o espa\u00e7o gastron\u00f4mico do \u201c#SouManaus Passo a Pa\u00e7o 2023\u201d, evento promovido pela Prefeitura de Manaus que acontece nos dias 5, 6 e 7 de setembro,\u00a0unindo no centro hist\u00f3rico da cidade as tribos culturais\u00a0por interm\u00e9dio da arte, tecnologia e culin\u00e1ria.\",\"breadcrumb\":{\"@id\":\"https:\/\/www.manaus.am.gov.br\/manauscult\/espaco-gastronomico-vai-promover-diversidade-de-sabores-no-soumanaus-2023\/#breadcrumb\"},\"inLanguage\":\"pt-BR\",\"potentialAction\":[{\"@type\":\"ReadAction\",\"target\":[\"https:\/\/www.manaus.am.gov.br\/manauscult\/espaco-gastronomico-vai-promover-diversidade-de-sabores-no-soumanaus-2023\/\"]}]},{\"@type\":\"ImageObject\",\"inLanguage\":\"pt-BR\",\"@id\":\"https:\/\/www.manaus.am.gov.br\/manauscult\/espaco-gastronomico-vai-promover-diversidade-de-sabores-no-soumanaus-2023\/#primaryimage\",\"url\":\"https:\/\/www.manaus.am.gov.br\/manauscult\/wp-content\/uploads\/sites\/11\/2023\/09\/SouManaus-Gastronomia-1.jpg\",\"contentUrl\":\"https:\/\/www.manaus.am.gov.br\/manauscult\/wp-content\/uploads\/sites\/11\/2023\/09\/SouManaus-Gastronomia-1.jpg\",\"width\":3984,\"height\":2656},{\"@type\":\"BreadcrumbList\",\"@id\":\"https:\/\/www.manaus.am.gov.br\/manauscult\/espaco-gastronomico-vai-promover-diversidade-de-sabores-no-soumanaus-2023\/#breadcrumb\",\"itemListElement\":[{\"@type\":\"ListItem\",\"position\":1,\"name\":\"Home\",\"item\":\"https:\/\/www.manaus.am.gov.br\/manauscult\/\"},{\"@type\":\"ListItem\",\"position\":2,\"name\":\"Espa\u00e7o gastron\u00f4mico vai promover diversidade de sabores no \u2018#SouManaus 2023\u2019\"}]},{\"@type\":\"WebSite\",\"@id\":\"https:\/\/www.manaus.am.gov.br\/manauscult\/#website\",\"url\":\"https:\/\/www.manaus.am.gov.br\/manauscult\/\",\"name\":\"MANAUSCULT\",\"description\":\"Prefeitura de Manaus\",\"potentialAction\":[{\"@type\":\"SearchAction\",\"target\":{\"@type\":\"EntryPoint\",\"urlTemplate\":\"https:\/\/www.manaus.am.gov.br\/manauscult\/?s={search_term_string}\"},\"query-input\":\"required name=search_term_string\"}],\"inLanguage\":\"pt-BR\"},{\"@type\":\"Person\",\"@id\":\"https:\/\/www.manaus.am.gov.br\/manauscult\/#\/schema\/person\/05d223aea2bf115f9883a6ff3683d81b\",\"name\":\"Bruna Greco\",\"image\":{\"@type\":\"ImageObject\",\"inLanguage\":\"pt-BR\",\"@id\":\"https:\/\/www.manaus.am.gov.br\/manauscult\/#\/schema\/person\/image\/\",\"url\":\"https:\/\/secure.gravatar.com\/avatar\/9c877d1a6adc2a055330e5c09a8653ce?s=96&d=mm&r=g\",\"contentUrl\":\"https:\/\/secure.gravatar.com\/avatar\/9c877d1a6adc2a055330e5c09a8653ce?s=96&d=mm&r=g\",\"caption\":\"Bruna Greco\"}}]}<\/script>\n<!-- \/ Yoast SEO plugin. -->","yoast_head_json":{"title":"Espa\u00e7o gastron\u00f4mico vai promover diversidade de sabores no \u2018#SouManaus 2023\u2019","description":"Sabores refinados e comida de qualidade, \u00e9 o que reserva o espa\u00e7o gastron\u00f4mico do \u201c#SouManaus Passo a Pa\u00e7o 2023\u201d, evento promovido pela Prefeitura de Manaus que acontece nos dias 5, 6 e 7 de setembro,\u00a0unindo no centro hist\u00f3rico da cidade as tribos culturais\u00a0por interm\u00e9dio da arte, tecnologia e culin\u00e1ria.","robots":{"index":"noindex","follow":"follow"},"og_locale":"pt_BR","og_type":"article","og_title":"Espa\u00e7o gastron\u00f4mico vai promover diversidade de sabores no \u2018#SouManaus 2023\u2019","og_description":"Sabores refinados e comida de qualidade, \u00e9 o que reserva o espa\u00e7o gastron\u00f4mico do \u201c#SouManaus Passo a Pa\u00e7o 2023\u201d, evento promovido pela Prefeitura de Manaus que acontece nos dias 5, 6 e 7 de setembro,\u00a0unindo no centro hist\u00f3rico da cidade as tribos culturais\u00a0por interm\u00e9dio da arte, tecnologia e culin\u00e1ria.","og_url":"https:\/\/www.manaus.am.gov.br\/manauscult\/espaco-gastronomico-vai-promover-diversidade-de-sabores-no-soumanaus-2023\/","og_site_name":"MANAUSCULT","article_published_time":"2023-09-01T17:50:51+00:00","article_modified_time":"2023-09-01T17:50:52+00:00","og_image":[{"width":1024,"height":683,"url":"https:\/\/www.manaus.am.gov.br\/manauscult\/wp-content\/uploads\/sites\/11\/2023\/09\/SouManaus-Gastronomia-1-1024x683.jpg","type":"image\/jpeg"}],"author":"Bruna Greco","twitter_card":"summary_large_image","twitter_misc":{"Written by":"Bruna Greco","Est. reading time":"3 minutos"},"schema":{"@context":"https:\/\/schema.org","@graph":[{"@type":"WebPage","@id":"https:\/\/www.manaus.am.gov.br\/manauscult\/espaco-gastronomico-vai-promover-diversidade-de-sabores-no-soumanaus-2023\/","url":"https:\/\/www.manaus.am.gov.br\/manauscult\/espaco-gastronomico-vai-promover-diversidade-de-sabores-no-soumanaus-2023\/","name":"Espa\u00e7o gastron\u00f4mico vai promover diversidade de sabores no \u2018#SouManaus 2023\u2019","isPartOf":{"@id":"https:\/\/www.manaus.am.gov.br\/manauscult\/#website"},"primaryImageOfPage":{"@id":"https:\/\/www.manaus.am.gov.br\/manauscult\/espaco-gastronomico-vai-promover-diversidade-de-sabores-no-soumanaus-2023\/#primaryimage"},"image":{"@id":"https:\/\/www.manaus.am.gov.br\/manauscult\/espaco-gastronomico-vai-promover-diversidade-de-sabores-no-soumanaus-2023\/#primaryimage"},"thumbnailUrl":"https:\/\/www.manaus.am.gov.br\/manauscult\/wp-content\/uploads\/sites\/11\/2023\/09\/SouManaus-Gastronomia-1.jpg","datePublished":"2023-09-01T17:50:51+00:00","dateModified":"2023-09-01T17:50:52+00:00","author":{"@id":"https:\/\/www.manaus.am.gov.br\/manauscult\/#\/schema\/person\/05d223aea2bf115f9883a6ff3683d81b"},"description":"Sabores refinados e comida de qualidade, \u00e9 o que reserva o espa\u00e7o gastron\u00f4mico do \u201c#SouManaus Passo a Pa\u00e7o 2023\u201d, evento promovido pela Prefeitura de Manaus que acontece nos dias 5, 6 e 7 de setembro,\u00a0unindo no centro hist\u00f3rico da cidade as tribos culturais\u00a0por interm\u00e9dio da arte, tecnologia e culin\u00e1ria.","breadcrumb":{"@id":"https:\/\/www.manaus.am.gov.br\/manauscult\/espaco-gastronomico-vai-promover-diversidade-de-sabores-no-soumanaus-2023\/#breadcrumb"},"inLanguage":"pt-BR","potentialAction":[{"@type":"ReadAction","target":["https:\/\/www.manaus.am.gov.br\/manauscult\/espaco-gastronomico-vai-promover-diversidade-de-sabores-no-soumanaus-2023\/"]}]},{"@type":"ImageObject","inLanguage":"pt-BR","@id":"https:\/\/www.manaus.am.gov.br\/manauscult\/espaco-gastronomico-vai-promover-diversidade-de-sabores-no-soumanaus-2023\/#primaryimage","url":"https:\/\/www.manaus.am.gov.br\/manauscult\/wp-content\/uploads\/sites\/11\/2023\/09\/SouManaus-Gastronomia-1.jpg","contentUrl":"https:\/\/www.manaus.am.gov.br\/manauscult\/wp-content\/uploads\/sites\/11\/2023\/09\/SouManaus-Gastronomia-1.jpg","width":3984,"height":2656},{"@type":"BreadcrumbList","@id":"https:\/\/www.manaus.am.gov.br\/manauscult\/espaco-gastronomico-vai-promover-diversidade-de-sabores-no-soumanaus-2023\/#breadcrumb","itemListElement":[{"@type":"ListItem","position":1,"name":"Home","item":"https:\/\/www.manaus.am.gov.br\/manauscult\/"},{"@type":"ListItem","position":2,"name":"Espa\u00e7o gastron\u00f4mico vai promover diversidade de sabores no \u2018#SouManaus 2023\u2019"}]},{"@type":"WebSite","@id":"https:\/\/www.manaus.am.gov.br\/manauscult\/#website","url":"https:\/\/www.manaus.am.gov.br\/manauscult\/","name":"MANAUSCULT","description":"Prefeitura de Manaus","potentialAction":[{"@type":"SearchAction","target":{"@type":"EntryPoint","urlTemplate":"https:\/\/www.manaus.am.gov.br\/manauscult\/?s={search_term_string}"},"query-input":"required name=search_term_string"}],"inLanguage":"pt-BR"},{"@type":"Person","@id":"https:\/\/www.manaus.am.gov.br\/manauscult\/#\/schema\/person\/05d223aea2bf115f9883a6ff3683d81b","name":"Bruna Greco","image":{"@type":"ImageObject","inLanguage":"pt-BR","@id":"https:\/\/www.manaus.am.gov.br\/manauscult\/#\/schema\/person\/image\/","url":"https:\/\/secure.gravatar.com\/avatar\/9c877d1a6adc2a055330e5c09a8653ce?s=96&d=mm&r=g","contentUrl":"https:\/\/secure.gravatar.com\/avatar\/9c877d1a6adc2a055330e5c09a8653ce?s=96&d=mm&r=g","caption":"Bruna Greco"}}]}},"_links":{"self":[{"href":"https:\/\/www.manaus.am.gov.br\/manauscult\/wp-json\/wp\/v2\/posts\/1277"}],"collection":[{"href":"https:\/\/www.manaus.am.gov.br\/manauscult\/wp-json\/wp\/v2\/posts"}],"about":[{"href":"https:\/\/www.manaus.am.gov.br\/manauscult\/wp-json\/wp\/v2\/types\/post"}],"author":[{"embeddable":true,"href":"https:\/\/www.manaus.am.gov.br\/manauscult\/wp-json\/wp\/v2\/users\/39"}],"replies":[{"embeddable":true,"href":"https:\/\/www.manaus.am.gov.br\/manauscult\/wp-json\/wp\/v2\/comments?post=1277"}],"version-history":[{"count":0,"href":"https:\/\/www.manaus.am.gov.br\/manauscult\/wp-json\/wp\/v2\/posts\/1277\/revisions"}],"wp:featuredmedia":[{"embeddable":true,"href":"https:\/\/www.manaus.am.gov.br\/manauscult\/wp-json\/wp\/v2\/media\/1278"}],"wp:attachment":[{"href":"https:\/\/www.manaus.am.gov.br\/manauscult\/wp-json\/wp\/v2\/media?parent=1277"}],"wp:term":[{"taxonomy":"category","embeddable":true,"href":"https:\/\/www.manaus.am.gov.br\/manauscult\/wp-json\/wp\/v2\/categories?post=1277"},{"taxonomy":"post_tag","embeddable":true,"href":"https:\/\/www.manaus.am.gov.br\/manauscult\/wp-json\/wp\/v2\/tags?post=1277"}],"curies":[{"name":"wp","href":"https:\/\/api.w.org\/{rel}","templated":true}]}}