{"id":1275,"date":"2023-09-01T13:43:58","date_gmt":"2023-09-01T17:43:58","guid":{"rendered":"https:\/\/www.manaus.am.gov.br\/manauscult\/prefeitura-realiza-lab-soumanaus-para-profissionais-que-atuam-no-backstage-da-industria-do-entretenimento\/"},"modified":"2023-09-01T13:44:00","modified_gmt":"2023-09-01T17:44:00","slug":"prefeitura-realiza-lab-soumanaus-para-profissionais-que-atuam-no-backstage-da-industria-do-entretenimento","status":"publish","type":"post","link":"https:\/\/www.manaus.am.gov.br\/manauscult\/prefeitura-realiza-lab-soumanaus-para-profissionais-que-atuam-no-backstage-da-industria-do-entretenimento\/","title":{"rendered":"<strong>Prefeitura realiza \u2018Lab SouManaus\u2019 para profissionais que atuam no backstage da ind\u00fastria do entretenimento<\/strong>"},"content":{"rendered":"\n<p>A Prefeitura de Manaus, via Funda\u00e7\u00e3o Municipal de Cultura, Turismo e Eventos (Manauscult), realizou, nesta sexta-feira, 1\u00ba\/9, o workshop&nbsp; \u201cLab SouManaus\u201d, voltado para profissionais que atuam no backstage da ind\u00fastria do entretenimento. O projeto de qualifica\u00e7\u00e3o e fortalecimento aconteceu no Casar\u00e3o de Inova\u00e7\u00e3o Cassina, localizado na rua Bernardo Ramos, centro hist\u00f3rico.<\/p>\n\n\n\n<p>Trazendo o workshop \u201cCriando e Gerenciando Megaeventos no Brasil\u201d, ministrado pelo produtor de megaeventos como Lollapalooza, Marcelo Flores, o projeto teve o objetivo de oferecer oportunidades de aprendizado e aprimoramento t\u00e9cnico, bem como fomentar a troca de conhecimento e experi\u00eancias entre profissionais j\u00e1 estabelecidos e aqueles que est\u00e3o iniciando suas carreiras.<\/p>\n\n\n\n<p>Segundo Marcelo, a participa\u00e7\u00e3o no workshop \u00e9 uma grande oportunidade, visto que grandes eventos como o\u201c#SouManaus Passo a Pa\u00e7o 2023\u201d, ganham cada vez mais evid\u00eancia na cidade de Manaus.<\/p>\n\n\n\n<p>\u201cPara mim, \u00e9 uma honra estar aqui em Manaus, tendo a oportunidade, a convite da Manauscult, de trazer um pouco mais sobre o processo criativo e de gest\u00e3o de megaeventos. O objetivo sempre \u00e9 trazer algumas t\u00e9cnicas, formatos, de como \u00e9 que a gente pode criar, melhorar e usar informa\u00e7\u00f5es e processos que v\u00e3o ajudar as pessoas no desenvolvimento, na implanta\u00e7\u00e3o e, principalmente, na gest\u00e3o de grandes eventos, como o #SouManaus, que \u00e9 uma megaprodu\u00e7\u00e3o, um megaevento que vai acontecer agora nos pr\u00f3ximos dias\u201d, garantiu Flores.<\/p>\n\n\n\n<p>O curso tamb\u00e9m proporcionou aos participantes, aprimoramento de desempenho, crescimento profissional, oportunidades de networking e impulso na carreira e nos neg\u00f3cios.<\/p>\n\n\n\n<p>\u201cEu acredito que tudo que n\u00f3s trouxemos tem muito da inova\u00e7\u00e3o, da tecnologia, de processos mais inteligentes que podem ser utilizados e que traga melhor resultado, porque tudo que voc\u00ea tem gest\u00e3o, planejamento e trabalha de uma forma criativa, bem estruturada, traz um resultado muito relevante\u201d, completou Marcelo.<\/p>\n\n\n\n<p>Para um dos participantes, o produtor da empresa Musical 7, Tim\u00f3teo Oliveira, o curso \u00e9 uma oportunidade para investir, qualificar e valorizar os profissionais que atuam em produ\u00e7\u00f5es de eventos.<\/p>\n\n\n\n<p>\u201cPrimeiramente, quero parabenizar a prefeitura, por essa iniciativa que, realmente, \u00e9 fundamental para o crescimento de toda nossa parte cultural, dos produtores de eventos em si, principalmente na hora de trazer um entretenimento de qualidade para nossa popula\u00e7\u00e3o\u201d, disse o produtor.<\/p>\n\n\n\n<p>O curso contou com um total de cem participantes, divididos em duas turmas, uma no per\u00edodo da manh\u00e3 e outra pela parte da tarde.<\/p>\n\n\n\n<p>&#8212; &#8212; &#8212;<\/p>\n\n\n\n<p><strong>Texto <\/strong>\u2013 Beathriz Torres\/ Semcom e Clara Gon\u00e7alves \/ Manauscult<\/p>\n\n\n\n<p><strong>Fotos \u2013<\/strong> Cl\u00f3vis Miranda\/Semcom<\/p>\n\n\n\n<p><strong>Dispon\u00edveis em<\/strong> &#8211; <a href=\"https:\/\/flic.kr\/s\/aHBqjATcdA\">https:\/\/flic.kr\/s\/aHBqjATcdA<\/a><\/p>\n","protected":false},"excerpt":{"rendered":"","protected":false},"author":39,"featured_media":1276,"comment_status":"closed","ping_status":"closed","sticky":false,"template":"","format":"standard","meta":{"footnotes":""},"categories":[508],"tags":[524,9,11,525,526,527],"acf":[],"yoast_head":"<!-- This site is optimized with the Yoast SEO plugin v23.0 - https:\/\/yoast.com\/wordpress\/plugins\/seo\/ -->\n<title>Prefeitura realiza \u2018Lab SouManaus\u2019 para profissionais que atuam no backstage da ind\u00fastria do entretenimento<\/title>\n<meta name=\"description\" content=\"A Prefeitura de Manaus, via Funda\u00e7\u00e3o Municipal de Cultura, Turismo e Eventos (Manauscult), realizou, nesta sexta-feira, 1\u00ba\/9, o workshop\u00a0 \u201cLab SouManaus\u201d, voltado para profissionais que atuam no backstage da ind\u00fastria do entretenimento.\" \/>\n<meta name=\"robots\" content=\"noindex, follow\" \/>\n<meta property=\"og:locale\" content=\"pt_BR\" \/>\n<meta property=\"og:type\" content=\"article\" \/>\n<meta property=\"og:title\" content=\"Prefeitura realiza \u2018Lab SouManaus\u2019 para profissionais que atuam no backstage da ind\u00fastria do entretenimento\" \/>\n<meta property=\"og:description\" content=\"A Prefeitura de Manaus, via Funda\u00e7\u00e3o Municipal de Cultura, Turismo e Eventos (Manauscult), realizou, nesta sexta-feira, 1\u00ba\/9, o workshop\u00a0 \u201cLab SouManaus\u201d, voltado para profissionais que atuam no backstage da ind\u00fastria do entretenimento.\" \/>\n<meta property=\"og:url\" content=\"https:\/\/www.manaus.am.gov.br\/manauscult\/prefeitura-realiza-lab-soumanaus-para-profissionais-que-atuam-no-backstage-da-industria-do-entretenimento\/\" \/>\n<meta property=\"og:site_name\" content=\"MANAUSCULT\" \/>\n<meta property=\"article:published_time\" content=\"2023-09-01T17:43:58+00:00\" \/>\n<meta property=\"article:modified_time\" content=\"2023-09-01T17:44:00+00:00\" \/>\n<meta property=\"og:image\" content=\"https:\/\/www.manaus.am.gov.br\/manauscult\/wp-content\/uploads\/sites\/11\/2023\/09\/WhatsApp-Image-2023-09-01-at-13.41.17.jpeg\" \/>\n\t<meta property=\"og:image:width\" content=\"799\" \/>\n\t<meta property=\"og:image:height\" content=\"533\" \/>\n\t<meta property=\"og:image:type\" content=\"image\/jpeg\" \/>\n<meta name=\"author\" content=\"Bruna Greco\" \/>\n<meta name=\"twitter:card\" content=\"summary_large_image\" \/>\n<meta name=\"twitter:label1\" content=\"Written by\" \/>\n\t<meta name=\"twitter:data1\" content=\"Bruna Greco\" \/>\n\t<meta name=\"twitter:label2\" content=\"Est. reading time\" \/>\n\t<meta name=\"twitter:data2\" content=\"3 minutos\" \/>\n<script type=\"application\/ld+json\" class=\"yoast-schema-graph\">{\"@context\":\"https:\/\/schema.org\",\"@graph\":[{\"@type\":\"WebPage\",\"@id\":\"https:\/\/www.manaus.am.gov.br\/manauscult\/prefeitura-realiza-lab-soumanaus-para-profissionais-que-atuam-no-backstage-da-industria-do-entretenimento\/\",\"url\":\"https:\/\/www.manaus.am.gov.br\/manauscult\/prefeitura-realiza-lab-soumanaus-para-profissionais-que-atuam-no-backstage-da-industria-do-entretenimento\/\",\"name\":\"Prefeitura realiza \u2018Lab SouManaus\u2019 para profissionais que atuam no backstage da ind\u00fastria do entretenimento\",\"isPartOf\":{\"@id\":\"https:\/\/www.manaus.am.gov.br\/manauscult\/#website\"},\"primaryImageOfPage\":{\"@id\":\"https:\/\/www.manaus.am.gov.br\/manauscult\/prefeitura-realiza-lab-soumanaus-para-profissionais-que-atuam-no-backstage-da-industria-do-entretenimento\/#primaryimage\"},\"image\":{\"@id\":\"https:\/\/www.manaus.am.gov.br\/manauscult\/prefeitura-realiza-lab-soumanaus-para-profissionais-que-atuam-no-backstage-da-industria-do-entretenimento\/#primaryimage\"},\"thumbnailUrl\":\"https:\/\/www.manaus.am.gov.br\/manauscult\/wp-content\/uploads\/sites\/11\/2023\/09\/WhatsApp-Image-2023-09-01-at-13.41.17.jpeg\",\"datePublished\":\"2023-09-01T17:43:58+00:00\",\"dateModified\":\"2023-09-01T17:44:00+00:00\",\"author\":{\"@id\":\"https:\/\/www.manaus.am.gov.br\/manauscult\/#\/schema\/person\/05d223aea2bf115f9883a6ff3683d81b\"},\"description\":\"A Prefeitura de Manaus, via Funda\u00e7\u00e3o Municipal de Cultura, Turismo e Eventos (Manauscult), realizou, nesta sexta-feira, 1\u00ba\/9, o workshop\u00a0 \u201cLab SouManaus\u201d, voltado para profissionais que atuam no backstage da ind\u00fastria do entretenimento.\",\"breadcrumb\":{\"@id\":\"https:\/\/www.manaus.am.gov.br\/manauscult\/prefeitura-realiza-lab-soumanaus-para-profissionais-que-atuam-no-backstage-da-industria-do-entretenimento\/#breadcrumb\"},\"inLanguage\":\"pt-BR\",\"potentialAction\":[{\"@type\":\"ReadAction\",\"target\":[\"https:\/\/www.manaus.am.gov.br\/manauscult\/prefeitura-realiza-lab-soumanaus-para-profissionais-que-atuam-no-backstage-da-industria-do-entretenimento\/\"]}]},{\"@type\":\"ImageObject\",\"inLanguage\":\"pt-BR\",\"@id\":\"https:\/\/www.manaus.am.gov.br\/manauscult\/prefeitura-realiza-lab-soumanaus-para-profissionais-que-atuam-no-backstage-da-industria-do-entretenimento\/#primaryimage\",\"url\":\"https:\/\/www.manaus.am.gov.br\/manauscult\/wp-content\/uploads\/sites\/11\/2023\/09\/WhatsApp-Image-2023-09-01-at-13.41.17.jpeg\",\"contentUrl\":\"https:\/\/www.manaus.am.gov.br\/manauscult\/wp-content\/uploads\/sites\/11\/2023\/09\/WhatsApp-Image-2023-09-01-at-13.41.17.jpeg\",\"width\":799,\"height\":533},{\"@type\":\"BreadcrumbList\",\"@id\":\"https:\/\/www.manaus.am.gov.br\/manauscult\/prefeitura-realiza-lab-soumanaus-para-profissionais-que-atuam-no-backstage-da-industria-do-entretenimento\/#breadcrumb\",\"itemListElement\":[{\"@type\":\"ListItem\",\"position\":1,\"name\":\"Home\",\"item\":\"https:\/\/www.manaus.am.gov.br\/manauscult\/\"},{\"@type\":\"ListItem\",\"position\":2,\"name\":\"Prefeitura realiza \u2018Lab SouManaus\u2019 para profissionais que atuam no backstage da ind\u00fastria do entretenimento\"}]},{\"@type\":\"WebSite\",\"@id\":\"https:\/\/www.manaus.am.gov.br\/manauscult\/#website\",\"url\":\"https:\/\/www.manaus.am.gov.br\/manauscult\/\",\"name\":\"MANAUSCULT\",\"description\":\"Prefeitura de Manaus\",\"potentialAction\":[{\"@type\":\"SearchAction\",\"target\":{\"@type\":\"EntryPoint\",\"urlTemplate\":\"https:\/\/www.manaus.am.gov.br\/manauscult\/?s={search_term_string}\"},\"query-input\":\"required name=search_term_string\"}],\"inLanguage\":\"pt-BR\"},{\"@type\":\"Person\",\"@id\":\"https:\/\/www.manaus.am.gov.br\/manauscult\/#\/schema\/person\/05d223aea2bf115f9883a6ff3683d81b\",\"name\":\"Bruna Greco\",\"image\":{\"@type\":\"ImageObject\",\"inLanguage\":\"pt-BR\",\"@id\":\"https:\/\/www.manaus.am.gov.br\/manauscult\/#\/schema\/person\/image\/\",\"url\":\"https:\/\/secure.gravatar.com\/avatar\/9c877d1a6adc2a055330e5c09a8653ce?s=96&d=mm&r=g\",\"contentUrl\":\"https:\/\/secure.gravatar.com\/avatar\/9c877d1a6adc2a055330e5c09a8653ce?s=96&d=mm&r=g\",\"caption\":\"Bruna Greco\"}}]}<\/script>\n<!-- \/ Yoast SEO plugin. -->","yoast_head_json":{"title":"Prefeitura realiza \u2018Lab SouManaus\u2019 para profissionais que atuam no backstage da ind\u00fastria do entretenimento","description":"A Prefeitura de Manaus, via Funda\u00e7\u00e3o Municipal de Cultura, Turismo e Eventos (Manauscult), realizou, nesta sexta-feira, 1\u00ba\/9, o workshop\u00a0 \u201cLab SouManaus\u201d, voltado para profissionais que atuam no backstage da ind\u00fastria do entretenimento.","robots":{"index":"noindex","follow":"follow"},"og_locale":"pt_BR","og_type":"article","og_title":"Prefeitura realiza \u2018Lab SouManaus\u2019 para profissionais que atuam no backstage da ind\u00fastria do entretenimento","og_description":"A Prefeitura de Manaus, via Funda\u00e7\u00e3o Municipal de Cultura, Turismo e Eventos (Manauscult), realizou, nesta sexta-feira, 1\u00ba\/9, o workshop\u00a0 \u201cLab SouManaus\u201d, voltado para profissionais que atuam no backstage da ind\u00fastria do entretenimento.","og_url":"https:\/\/www.manaus.am.gov.br\/manauscult\/prefeitura-realiza-lab-soumanaus-para-profissionais-que-atuam-no-backstage-da-industria-do-entretenimento\/","og_site_name":"MANAUSCULT","article_published_time":"2023-09-01T17:43:58+00:00","article_modified_time":"2023-09-01T17:44:00+00:00","og_image":[{"width":799,"height":533,"url":"https:\/\/www.manaus.am.gov.br\/manauscult\/wp-content\/uploads\/sites\/11\/2023\/09\/WhatsApp-Image-2023-09-01-at-13.41.17.jpeg","type":"image\/jpeg"}],"author":"Bruna Greco","twitter_card":"summary_large_image","twitter_misc":{"Written by":"Bruna Greco","Est. reading time":"3 minutos"},"schema":{"@context":"https:\/\/schema.org","@graph":[{"@type":"WebPage","@id":"https:\/\/www.manaus.am.gov.br\/manauscult\/prefeitura-realiza-lab-soumanaus-para-profissionais-que-atuam-no-backstage-da-industria-do-entretenimento\/","url":"https:\/\/www.manaus.am.gov.br\/manauscult\/prefeitura-realiza-lab-soumanaus-para-profissionais-que-atuam-no-backstage-da-industria-do-entretenimento\/","name":"Prefeitura realiza \u2018Lab SouManaus\u2019 para profissionais que atuam no backstage da ind\u00fastria do entretenimento","isPartOf":{"@id":"https:\/\/www.manaus.am.gov.br\/manauscult\/#website"},"primaryImageOfPage":{"@id":"https:\/\/www.manaus.am.gov.br\/manauscult\/prefeitura-realiza-lab-soumanaus-para-profissionais-que-atuam-no-backstage-da-industria-do-entretenimento\/#primaryimage"},"image":{"@id":"https:\/\/www.manaus.am.gov.br\/manauscult\/prefeitura-realiza-lab-soumanaus-para-profissionais-que-atuam-no-backstage-da-industria-do-entretenimento\/#primaryimage"},"thumbnailUrl":"https:\/\/www.manaus.am.gov.br\/manauscult\/wp-content\/uploads\/sites\/11\/2023\/09\/WhatsApp-Image-2023-09-01-at-13.41.17.jpeg","datePublished":"2023-09-01T17:43:58+00:00","dateModified":"2023-09-01T17:44:00+00:00","author":{"@id":"https:\/\/www.manaus.am.gov.br\/manauscult\/#\/schema\/person\/05d223aea2bf115f9883a6ff3683d81b"},"description":"A Prefeitura de Manaus, via Funda\u00e7\u00e3o Municipal de Cultura, Turismo e Eventos (Manauscult), realizou, nesta sexta-feira, 1\u00ba\/9, o workshop\u00a0 \u201cLab SouManaus\u201d, voltado para profissionais que atuam no backstage da ind\u00fastria do entretenimento.","breadcrumb":{"@id":"https:\/\/www.manaus.am.gov.br\/manauscult\/prefeitura-realiza-lab-soumanaus-para-profissionais-que-atuam-no-backstage-da-industria-do-entretenimento\/#breadcrumb"},"inLanguage":"pt-BR","potentialAction":[{"@type":"ReadAction","target":["https:\/\/www.manaus.am.gov.br\/manauscult\/prefeitura-realiza-lab-soumanaus-para-profissionais-que-atuam-no-backstage-da-industria-do-entretenimento\/"]}]},{"@type":"ImageObject","inLanguage":"pt-BR","@id":"https:\/\/www.manaus.am.gov.br\/manauscult\/prefeitura-realiza-lab-soumanaus-para-profissionais-que-atuam-no-backstage-da-industria-do-entretenimento\/#primaryimage","url":"https:\/\/www.manaus.am.gov.br\/manauscult\/wp-content\/uploads\/sites\/11\/2023\/09\/WhatsApp-Image-2023-09-01-at-13.41.17.jpeg","contentUrl":"https:\/\/www.manaus.am.gov.br\/manauscult\/wp-content\/uploads\/sites\/11\/2023\/09\/WhatsApp-Image-2023-09-01-at-13.41.17.jpeg","width":799,"height":533},{"@type":"BreadcrumbList","@id":"https:\/\/www.manaus.am.gov.br\/manauscult\/prefeitura-realiza-lab-soumanaus-para-profissionais-que-atuam-no-backstage-da-industria-do-entretenimento\/#breadcrumb","itemListElement":[{"@type":"ListItem","position":1,"name":"Home","item":"https:\/\/www.manaus.am.gov.br\/manauscult\/"},{"@type":"ListItem","position":2,"name":"Prefeitura realiza \u2018Lab SouManaus\u2019 para profissionais que atuam no backstage da ind\u00fastria do entretenimento"}]},{"@type":"WebSite","@id":"https:\/\/www.manaus.am.gov.br\/manauscult\/#website","url":"https:\/\/www.manaus.am.gov.br\/manauscult\/","name":"MANAUSCULT","description":"Prefeitura de Manaus","potentialAction":[{"@type":"SearchAction","target":{"@type":"EntryPoint","urlTemplate":"https:\/\/www.manaus.am.gov.br\/manauscult\/?s={search_term_string}"},"query-input":"required name=search_term_string"}],"inLanguage":"pt-BR"},{"@type":"Person","@id":"https:\/\/www.manaus.am.gov.br\/manauscult\/#\/schema\/person\/05d223aea2bf115f9883a6ff3683d81b","name":"Bruna Greco","image":{"@type":"ImageObject","inLanguage":"pt-BR","@id":"https:\/\/www.manaus.am.gov.br\/manauscult\/#\/schema\/person\/image\/","url":"https:\/\/secure.gravatar.com\/avatar\/9c877d1a6adc2a055330e5c09a8653ce?s=96&d=mm&r=g","contentUrl":"https:\/\/secure.gravatar.com\/avatar\/9c877d1a6adc2a055330e5c09a8653ce?s=96&d=mm&r=g","caption":"Bruna Greco"}}]}},"_links":{"self":[{"href":"https:\/\/www.manaus.am.gov.br\/manauscult\/wp-json\/wp\/v2\/posts\/1275"}],"collection":[{"href":"https:\/\/www.manaus.am.gov.br\/manauscult\/wp-json\/wp\/v2\/posts"}],"about":[{"href":"https:\/\/www.manaus.am.gov.br\/manauscult\/wp-json\/wp\/v2\/types\/post"}],"author":[{"embeddable":true,"href":"https:\/\/www.manaus.am.gov.br\/manauscult\/wp-json\/wp\/v2\/users\/39"}],"replies":[{"embeddable":true,"href":"https:\/\/www.manaus.am.gov.br\/manauscult\/wp-json\/wp\/v2\/comments?post=1275"}],"version-history":[{"count":0,"href":"https:\/\/www.manaus.am.gov.br\/manauscult\/wp-json\/wp\/v2\/posts\/1275\/revisions"}],"wp:featuredmedia":[{"embeddable":true,"href":"https:\/\/www.manaus.am.gov.br\/manauscult\/wp-json\/wp\/v2\/media\/1276"}],"wp:attachment":[{"href":"https:\/\/www.manaus.am.gov.br\/manauscult\/wp-json\/wp\/v2\/media?parent=1275"}],"wp:term":[{"taxonomy":"category","embeddable":true,"href":"https:\/\/www.manaus.am.gov.br\/manauscult\/wp-json\/wp\/v2\/categories?post=1275"},{"taxonomy":"post_tag","embeddable":true,"href":"https:\/\/www.manaus.am.gov.br\/manauscult\/wp-json\/wp\/v2\/tags?post=1275"}],"curies":[{"name":"wp","href":"https:\/\/api.w.org\/{rel}","templated":true}]}}