{"id":1268,"date":"2023-08-31T15:58:54","date_gmt":"2023-08-31T19:58:54","guid":{"rendered":"https:\/\/www.manaus.am.gov.br\/manauscult\/prefeitura-inicia-a-retirada-do-terceiro-lote-de-pulseiras-do-soumanaus-2023\/"},"modified":"2023-08-31T15:58:54","modified_gmt":"2023-08-31T19:58:54","slug":"prefeitura-inicia-a-retirada-do-terceiro-lote-de-pulseiras-do-soumanaus-2023","status":"publish","type":"post","link":"https:\/\/www.manaus.am.gov.br\/manauscult\/prefeitura-inicia-a-retirada-do-terceiro-lote-de-pulseiras-do-soumanaus-2023\/","title":{"rendered":"<strong>Prefeitura inicia a retirada do terceiro lote de pulseiras do \u2018#SouManaus 2023\u2019<\/strong>"},"content":{"rendered":"\n<p>A Prefeitura de Manaus por meio da Funda\u00e7\u00e3o Municipal de Cultura, Turismo e Eventos (Manauscult), inicia, nesta sexta-feira, 1\u00ba\/9, a troca do terceiro e pen\u00faltimo lote das pulseiras que garantem o acesso gratuito aos locais de programa\u00e7\u00e3o do \u201c#SouManaus Passo a Pa\u00e7o 2023\u201d, que acontece nos dias 5, 6 e 7 de setembro. As trocas acontecem nos cinco pontos estrat\u00e9gicos espalhados pela cidade.<\/p>\n\n\n\n<p>S\u00e3o eles: estacionamentos dos supermercados Nova Era (unidades das avenidas das Torres, Silves, Torquato Tapaj\u00f3s e Governador Amazonino Mendes &#8211; antiga Grande Circular), al\u00e9m da sede da Secretaria Municipal de Limpeza Urbana (Semulsp), na avenida Brasil, 2.971, bairro Compensa, zona Oeste, que ser\u00e1 exclusivo para trocas com garrafas PETs.<\/p>\n\n\n\n<p><strong>Processo de retirada<\/strong><\/p>\n\n\n\n<p>A retirada pode ser feita das 13h \u00e0s 21h no ponto de troca escolhido pela pessoa no ato da inscri\u00e7\u00e3o. Para realizar a troca das pulseiras, o inscrito deve apresentar o comprovante impresso ou digital do cadastro no site do #SouManaus (<a href=\"https:\/\/soumanauspassoapaco.com.br\/\">https:\/\/soumanauspassoapaco.com.br\/<\/a>)<\/p>\n\n\n\n<p>, um documento oficial com foto, as 30 garrafas PETs ou o quilo de alimento n\u00e3o perec\u00edvel com a validade vigente.<\/p>\n\n\n\n<p>No comprovante do cadastro aparece o ponto de troca escolhido pela pessoa no ato da inscri\u00e7\u00e3o. As pulseiras s\u00e3o individuais e v\u00e1lidas apenas para o dia escolhido pelo inscrito. \u00c9 proibida a comercializa\u00e7\u00e3o das pulseiras por terceiros.<\/p>\n\n\n\n<p>\u201cN\u00f3s j\u00e1 come\u00e7amos a fazer as trocas das pulseiras desde o in\u00edcio da semana em todas as unidades de retirada, onde n\u00f3s montamos uma estrutura para que as pessoas possam fazer a sua troca de forma r\u00e1pida e com muito conforto. Lembrando que o local deve ser respeitado, uma vez que n\u00e3o ser\u00e3o realizadas trocas em outro ponto\u201d, afirmou o diretor-presidente da Manauscult, Osvaldo Cardoso.&nbsp;<\/p>\n\n\n\n<p>A popula\u00e7\u00e3o deve ficar atenta para as datas das trocas das pulseiras, que ocorrem de acordo com os lotes sorteados. O 1\u00ba lote foi trocado nos dias 28 e 29\/8. Em seguida, as pulseiras do 2\u00ba lote foram trocadas&nbsp; nos dias 30 e 31\/8.<\/p>\n\n\n\n<figure class=\"wp-block-image size-full\"><img loading=\"lazy\" decoding=\"async\" width=\"799\" height=\"533\" src=\"https:\/\/www.manaus.am.gov.br\/manauscult\/wp-content\/uploads\/sites\/11\/2023\/08\/53153725998_ca45d89a60_c.jpg\" alt=\"\" class=\"wp-image-1269\" srcset=\"https:\/\/www.manaus.am.gov.br\/manauscult\/wp-content\/uploads\/sites\/11\/2023\/08\/53153725998_ca45d89a60_c.jpg 799w, https:\/\/www.manaus.am.gov.br\/manauscult\/wp-content\/uploads\/sites\/11\/2023\/08\/53153725998_ca45d89a60_c-300x200.jpg 300w, https:\/\/www.manaus.am.gov.br\/manauscult\/wp-content\/uploads\/sites\/11\/2023\/08\/53153725998_ca45d89a60_c-768x512.jpg 768w\" sizes=\"(max-width: 799px) 100vw, 799px\" \/><\/figure>\n\n\n\n<p>Agora, as pulseiras do 3\u00ba lote ser\u00e3o trocadas nos dias 1\u00ba e 2\/9, e o 4\u00ba e \u00faltimo lote de pulseiras poder\u00e3o ser trocadas nos dias 3 e 4\/9. Lembrando que no pr\u00f3ximo domingo, as trocas ser\u00e3o realizadas conforme o hor\u00e1rio de funcionamento de cada unidade do supermercado.<\/p>\n\n\n\n<p><strong>Veja abaixo os hor\u00e1rios de troca no domingo, 3\/9<\/strong><\/p>\n\n\n\n<p>Nova Era Flores: 13h \u00e0s 20h<\/p>\n\n\n\n<p>Nova Era Torres: 13h \u00e0s 21h<\/p>\n\n\n\n<p>Nova Era Silves: 13h \u00e0s 20h<\/p>\n\n\n\n<p>Nova Era Grande Circular: 13 \u00e0s 18h<\/p>\n\n\n\n<p>&#8212; &#8212; &#8212;<\/p>\n\n\n\n<p><strong>Texto<\/strong> &#8211; Hellen Miranda \/ Semcom<\/p>\n\n\n\n<p><strong>Fotos<\/strong> \u2013 Cl\u00f3vis Miranda \/ Semcom<\/p>\n\n\n\n<p>Dispon\u00edveis em \u2013 <a href=\"https:\/\/flic.kr\/s\/aHBqjASV1Y\">https:\/\/flic.kr\/s\/aHBqjASV1Y<\/a><\/p>\n","protected":false},"excerpt":{"rendered":"","protected":false},"author":31,"featured_media":1270,"comment_status":"closed","ping_status":"closed","sticky":false,"template":"","format":"standard","meta":{"footnotes":""},"categories":[508],"tags":[168,516,517,518,519],"acf":[],"yoast_head":"<!-- This site is optimized with the Yoast SEO plugin v23.0 - https:\/\/yoast.com\/wordpress\/plugins\/seo\/ -->\n<title>Prefeitura inicia a retirada do terceiro lote de pulseiras do \u2018#SouManaus 2023\u2019 - MANAUSCULT<\/title>\n<meta name=\"robots\" content=\"noindex, follow\" \/>\n<meta property=\"og:locale\" content=\"pt_BR\" \/>\n<meta property=\"og:type\" content=\"article\" \/>\n<meta property=\"og:title\" content=\"Prefeitura inicia a retirada do terceiro lote de pulseiras do \u2018#SouManaus 2023\u2019 - MANAUSCULT\" \/>\n<meta property=\"og:url\" content=\"https:\/\/www.manaus.am.gov.br\/manauscult\/prefeitura-inicia-a-retirada-do-terceiro-lote-de-pulseiras-do-soumanaus-2023\/\" \/>\n<meta property=\"og:site_name\" content=\"MANAUSCULT\" \/>\n<meta property=\"article:published_time\" content=\"2023-08-31T19:58:54+00:00\" \/>\n<meta property=\"og:image\" content=\"https:\/\/www.manaus.am.gov.br\/manauscult\/wp-content\/uploads\/sites\/11\/2023\/08\/53153226951_353a2c0aa2_c.jpg\" \/>\n\t<meta property=\"og:image:width\" content=\"799\" \/>\n\t<meta property=\"og:image:height\" content=\"533\" \/>\n\t<meta property=\"og:image:type\" content=\"image\/jpeg\" \/>\n<meta name=\"author\" content=\"Renata Felix\" \/>\n<meta name=\"twitter:card\" content=\"summary_large_image\" \/>\n<meta name=\"twitter:label1\" content=\"Written by\" \/>\n\t<meta name=\"twitter:data1\" content=\"Renata Felix\" \/>\n\t<meta name=\"twitter:label2\" content=\"Est. reading time\" \/>\n\t<meta name=\"twitter:data2\" content=\"3 minutos\" \/>\n<script type=\"application\/ld+json\" class=\"yoast-schema-graph\">{\"@context\":\"https:\/\/schema.org\",\"@graph\":[{\"@type\":\"WebPage\",\"@id\":\"https:\/\/www.manaus.am.gov.br\/manauscult\/prefeitura-inicia-a-retirada-do-terceiro-lote-de-pulseiras-do-soumanaus-2023\/\",\"url\":\"https:\/\/www.manaus.am.gov.br\/manauscult\/prefeitura-inicia-a-retirada-do-terceiro-lote-de-pulseiras-do-soumanaus-2023\/\",\"name\":\"Prefeitura inicia a retirada do terceiro lote de pulseiras do \u2018#SouManaus 2023\u2019 - MANAUSCULT\",\"isPartOf\":{\"@id\":\"https:\/\/www.manaus.am.gov.br\/manauscult\/#website\"},\"primaryImageOfPage\":{\"@id\":\"https:\/\/www.manaus.am.gov.br\/manauscult\/prefeitura-inicia-a-retirada-do-terceiro-lote-de-pulseiras-do-soumanaus-2023\/#primaryimage\"},\"image\":{\"@id\":\"https:\/\/www.manaus.am.gov.br\/manauscult\/prefeitura-inicia-a-retirada-do-terceiro-lote-de-pulseiras-do-soumanaus-2023\/#primaryimage\"},\"thumbnailUrl\":\"https:\/\/www.manaus.am.gov.br\/manauscult\/wp-content\/uploads\/sites\/11\/2023\/08\/53153226951_353a2c0aa2_c.jpg\",\"datePublished\":\"2023-08-31T19:58:54+00:00\",\"dateModified\":\"2023-08-31T19:58:54+00:00\",\"author\":{\"@id\":\"https:\/\/www.manaus.am.gov.br\/manauscult\/#\/schema\/person\/4eea2a8f78dc853097abb026f728aa06\"},\"breadcrumb\":{\"@id\":\"https:\/\/www.manaus.am.gov.br\/manauscult\/prefeitura-inicia-a-retirada-do-terceiro-lote-de-pulseiras-do-soumanaus-2023\/#breadcrumb\"},\"inLanguage\":\"pt-BR\",\"potentialAction\":[{\"@type\":\"ReadAction\",\"target\":[\"https:\/\/www.manaus.am.gov.br\/manauscult\/prefeitura-inicia-a-retirada-do-terceiro-lote-de-pulseiras-do-soumanaus-2023\/\"]}]},{\"@type\":\"ImageObject\",\"inLanguage\":\"pt-BR\",\"@id\":\"https:\/\/www.manaus.am.gov.br\/manauscult\/prefeitura-inicia-a-retirada-do-terceiro-lote-de-pulseiras-do-soumanaus-2023\/#primaryimage\",\"url\":\"https:\/\/www.manaus.am.gov.br\/manauscult\/wp-content\/uploads\/sites\/11\/2023\/08\/53153226951_353a2c0aa2_c.jpg\",\"contentUrl\":\"https:\/\/www.manaus.am.gov.br\/manauscult\/wp-content\/uploads\/sites\/11\/2023\/08\/53153226951_353a2c0aa2_c.jpg\",\"width\":799,\"height\":533},{\"@type\":\"BreadcrumbList\",\"@id\":\"https:\/\/www.manaus.am.gov.br\/manauscult\/prefeitura-inicia-a-retirada-do-terceiro-lote-de-pulseiras-do-soumanaus-2023\/#breadcrumb\",\"itemListElement\":[{\"@type\":\"ListItem\",\"position\":1,\"name\":\"Home\",\"item\":\"https:\/\/www.manaus.am.gov.br\/manauscult\/\"},{\"@type\":\"ListItem\",\"position\":2,\"name\":\"Prefeitura inicia a retirada do terceiro lote de pulseiras do \u2018#SouManaus 2023\u2019\"}]},{\"@type\":\"WebSite\",\"@id\":\"https:\/\/www.manaus.am.gov.br\/manauscult\/#website\",\"url\":\"https:\/\/www.manaus.am.gov.br\/manauscult\/\",\"name\":\"MANAUSCULT\",\"description\":\"Prefeitura de Manaus\",\"potentialAction\":[{\"@type\":\"SearchAction\",\"target\":{\"@type\":\"EntryPoint\",\"urlTemplate\":\"https:\/\/www.manaus.am.gov.br\/manauscult\/?s={search_term_string}\"},\"query-input\":\"required name=search_term_string\"}],\"inLanguage\":\"pt-BR\"},{\"@type\":\"Person\",\"@id\":\"https:\/\/www.manaus.am.gov.br\/manauscult\/#\/schema\/person\/4eea2a8f78dc853097abb026f728aa06\",\"name\":\"Renata Felix\",\"image\":{\"@type\":\"ImageObject\",\"inLanguage\":\"pt-BR\",\"@id\":\"https:\/\/www.manaus.am.gov.br\/manauscult\/#\/schema\/person\/image\/\",\"url\":\"https:\/\/secure.gravatar.com\/avatar\/3c196cf9d3b837b24c8edb2c50fd8f29?s=96&d=mm&r=g\",\"contentUrl\":\"https:\/\/secure.gravatar.com\/avatar\/3c196cf9d3b837b24c8edb2c50fd8f29?s=96&d=mm&r=g\",\"caption\":\"Renata Felix\"}}]}<\/script>\n<!-- \/ Yoast SEO plugin. -->","yoast_head_json":{"title":"Prefeitura inicia a retirada do terceiro lote de pulseiras do \u2018#SouManaus 2023\u2019 - MANAUSCULT","robots":{"index":"noindex","follow":"follow"},"og_locale":"pt_BR","og_type":"article","og_title":"Prefeitura inicia a retirada do terceiro lote de pulseiras do \u2018#SouManaus 2023\u2019 - MANAUSCULT","og_url":"https:\/\/www.manaus.am.gov.br\/manauscult\/prefeitura-inicia-a-retirada-do-terceiro-lote-de-pulseiras-do-soumanaus-2023\/","og_site_name":"MANAUSCULT","article_published_time":"2023-08-31T19:58:54+00:00","og_image":[{"width":799,"height":533,"url":"https:\/\/www.manaus.am.gov.br\/manauscult\/wp-content\/uploads\/sites\/11\/2023\/08\/53153226951_353a2c0aa2_c.jpg","type":"image\/jpeg"}],"author":"Renata Felix","twitter_card":"summary_large_image","twitter_misc":{"Written by":"Renata Felix","Est. reading time":"3 minutos"},"schema":{"@context":"https:\/\/schema.org","@graph":[{"@type":"WebPage","@id":"https:\/\/www.manaus.am.gov.br\/manauscult\/prefeitura-inicia-a-retirada-do-terceiro-lote-de-pulseiras-do-soumanaus-2023\/","url":"https:\/\/www.manaus.am.gov.br\/manauscult\/prefeitura-inicia-a-retirada-do-terceiro-lote-de-pulseiras-do-soumanaus-2023\/","name":"Prefeitura inicia a retirada do terceiro lote de pulseiras do \u2018#SouManaus 2023\u2019 - MANAUSCULT","isPartOf":{"@id":"https:\/\/www.manaus.am.gov.br\/manauscult\/#website"},"primaryImageOfPage":{"@id":"https:\/\/www.manaus.am.gov.br\/manauscult\/prefeitura-inicia-a-retirada-do-terceiro-lote-de-pulseiras-do-soumanaus-2023\/#primaryimage"},"image":{"@id":"https:\/\/www.manaus.am.gov.br\/manauscult\/prefeitura-inicia-a-retirada-do-terceiro-lote-de-pulseiras-do-soumanaus-2023\/#primaryimage"},"thumbnailUrl":"https:\/\/www.manaus.am.gov.br\/manauscult\/wp-content\/uploads\/sites\/11\/2023\/08\/53153226951_353a2c0aa2_c.jpg","datePublished":"2023-08-31T19:58:54+00:00","dateModified":"2023-08-31T19:58:54+00:00","author":{"@id":"https:\/\/www.manaus.am.gov.br\/manauscult\/#\/schema\/person\/4eea2a8f78dc853097abb026f728aa06"},"breadcrumb":{"@id":"https:\/\/www.manaus.am.gov.br\/manauscult\/prefeitura-inicia-a-retirada-do-terceiro-lote-de-pulseiras-do-soumanaus-2023\/#breadcrumb"},"inLanguage":"pt-BR","potentialAction":[{"@type":"ReadAction","target":["https:\/\/www.manaus.am.gov.br\/manauscult\/prefeitura-inicia-a-retirada-do-terceiro-lote-de-pulseiras-do-soumanaus-2023\/"]}]},{"@type":"ImageObject","inLanguage":"pt-BR","@id":"https:\/\/www.manaus.am.gov.br\/manauscult\/prefeitura-inicia-a-retirada-do-terceiro-lote-de-pulseiras-do-soumanaus-2023\/#primaryimage","url":"https:\/\/www.manaus.am.gov.br\/manauscult\/wp-content\/uploads\/sites\/11\/2023\/08\/53153226951_353a2c0aa2_c.jpg","contentUrl":"https:\/\/www.manaus.am.gov.br\/manauscult\/wp-content\/uploads\/sites\/11\/2023\/08\/53153226951_353a2c0aa2_c.jpg","width":799,"height":533},{"@type":"BreadcrumbList","@id":"https:\/\/www.manaus.am.gov.br\/manauscult\/prefeitura-inicia-a-retirada-do-terceiro-lote-de-pulseiras-do-soumanaus-2023\/#breadcrumb","itemListElement":[{"@type":"ListItem","position":1,"name":"Home","item":"https:\/\/www.manaus.am.gov.br\/manauscult\/"},{"@type":"ListItem","position":2,"name":"Prefeitura inicia a retirada do terceiro lote de pulseiras do \u2018#SouManaus 2023\u2019"}]},{"@type":"WebSite","@id":"https:\/\/www.manaus.am.gov.br\/manauscult\/#website","url":"https:\/\/www.manaus.am.gov.br\/manauscult\/","name":"MANAUSCULT","description":"Prefeitura de Manaus","potentialAction":[{"@type":"SearchAction","target":{"@type":"EntryPoint","urlTemplate":"https:\/\/www.manaus.am.gov.br\/manauscult\/?s={search_term_string}"},"query-input":"required name=search_term_string"}],"inLanguage":"pt-BR"},{"@type":"Person","@id":"https:\/\/www.manaus.am.gov.br\/manauscult\/#\/schema\/person\/4eea2a8f78dc853097abb026f728aa06","name":"Renata Felix","image":{"@type":"ImageObject","inLanguage":"pt-BR","@id":"https:\/\/www.manaus.am.gov.br\/manauscult\/#\/schema\/person\/image\/","url":"https:\/\/secure.gravatar.com\/avatar\/3c196cf9d3b837b24c8edb2c50fd8f29?s=96&d=mm&r=g","contentUrl":"https:\/\/secure.gravatar.com\/avatar\/3c196cf9d3b837b24c8edb2c50fd8f29?s=96&d=mm&r=g","caption":"Renata Felix"}}]}},"_links":{"self":[{"href":"https:\/\/www.manaus.am.gov.br\/manauscult\/wp-json\/wp\/v2\/posts\/1268"}],"collection":[{"href":"https:\/\/www.manaus.am.gov.br\/manauscult\/wp-json\/wp\/v2\/posts"}],"about":[{"href":"https:\/\/www.manaus.am.gov.br\/manauscult\/wp-json\/wp\/v2\/types\/post"}],"author":[{"embeddable":true,"href":"https:\/\/www.manaus.am.gov.br\/manauscult\/wp-json\/wp\/v2\/users\/31"}],"replies":[{"embeddable":true,"href":"https:\/\/www.manaus.am.gov.br\/manauscult\/wp-json\/wp\/v2\/comments?post=1268"}],"version-history":[{"count":1,"href":"https:\/\/www.manaus.am.gov.br\/manauscult\/wp-json\/wp\/v2\/posts\/1268\/revisions"}],"predecessor-version":[{"id":1271,"href":"https:\/\/www.manaus.am.gov.br\/manauscult\/wp-json\/wp\/v2\/posts\/1268\/revisions\/1271"}],"wp:featuredmedia":[{"embeddable":true,"href":"https:\/\/www.manaus.am.gov.br\/manauscult\/wp-json\/wp\/v2\/media\/1270"}],"wp:attachment":[{"href":"https:\/\/www.manaus.am.gov.br\/manauscult\/wp-json\/wp\/v2\/media?parent=1268"}],"wp:term":[{"taxonomy":"category","embeddable":true,"href":"https:\/\/www.manaus.am.gov.br\/manauscult\/wp-json\/wp\/v2\/categories?post=1268"},{"taxonomy":"post_tag","embeddable":true,"href":"https:\/\/www.manaus.am.gov.br\/manauscult\/wp-json\/wp\/v2\/tags?post=1268"}],"curies":[{"name":"wp","href":"https:\/\/api.w.org\/{rel}","templated":true}]}}