{"id":1265,"date":"2023-08-31T08:00:55","date_gmt":"2023-08-31T12:00:55","guid":{"rendered":"https:\/\/www.manaus.am.gov.br\/manauscult\/horario-de-retirada-de-pulseiras-soumanaus\/"},"modified":"2023-08-31T08:00:55","modified_gmt":"2023-08-31T12:00:55","slug":"horario-de-retirada-de-pulseiras-soumanaus","status":"publish","type":"post","link":"https:\/\/www.manaus.am.gov.br\/manauscult\/horario-de-retirada-de-pulseiras-soumanaus\/","title":{"rendered":"<strong>Hor\u00e1rio de retirada de pulseiras #SouManaus<\/strong>"},"content":{"rendered":"\n<p>A Prefeitura de Manaus, por meio da Funda\u00e7\u00e3o Municipal de Cultura, Turismo e Eventos (Manauscult), refor\u00e7a o hor\u00e1rio de funcionamento dos pontos de troca de pulseira do #SouManaus Passo a Pa\u00e7o 2023, nos supermercados Nova Era, no domingo, 3\/9.<\/p>\n\n\n\n<p>Informamos que as trocas ser\u00e3o realizadas conforme o hor\u00e1rio de funcionamento de cada unidade do supermercado.<\/p>\n\n\n\n<p>Hor\u00e1rios de troca no domingo, 3\/9<\/p>\n\n\n\n<p>Nova Era Flores: 13h \u00e0s 20h<\/p>\n\n\n\n<p>Nova Era Torres: 13h \u00e0s 21h<\/p>\n\n\n\n<p>Nova Era Silves: 13h \u00e0s 20h<\/p>\n\n\n\n<p>Nova Era Grande Circular: 13 \u00e0s 18h<\/p>\n\n\n\n<p>&#8212; &#8212; &#8212;<\/p>\n\n\n\n<p><strong>Texto<\/strong> \u2013 Divulga\u00e7\u00e3o\/Manauscult<\/p>\n","protected":false},"excerpt":{"rendered":"","protected":false},"author":23,"featured_media":861,"comment_status":"closed","ping_status":"closed","sticky":false,"template":"","format":"standard","meta":{"footnotes":""},"categories":[237],"tags":[449,9,226,11,488],"acf":[],"yoast_head":"<!-- This site is optimized with the Yoast SEO plugin v23.0 - https:\/\/yoast.com\/wordpress\/plugins\/seo\/ -->\n<title>Hor\u00e1rio de retirada de pulseiras #SouManaus<\/title>\n<meta name=\"description\" content=\"A Prefeitura de Manaus, por meio da Funda\u00e7\u00e3o Municipal de Cultura, Turismo e Eventos (Manauscult), refor\u00e7a o hor\u00e1rio de funcionamento dos pontos de troca de pulseira do #SouManaus Passo a Pa\u00e7o 2023, nos supermercados Nova Era, no domingo, 3\/9.\" \/>\n<meta name=\"robots\" content=\"noindex, follow\" \/>\n<meta property=\"og:locale\" content=\"pt_BR\" \/>\n<meta property=\"og:type\" content=\"article\" \/>\n<meta property=\"og:title\" content=\"Hor\u00e1rio de retirada de pulseiras #SouManaus\" \/>\n<meta property=\"og:description\" content=\"A Prefeitura de Manaus, por meio da Funda\u00e7\u00e3o Municipal de Cultura, Turismo e Eventos (Manauscult), refor\u00e7a o hor\u00e1rio de funcionamento dos pontos de troca de pulseira do #SouManaus Passo a Pa\u00e7o 2023, nos supermercados Nova Era, no domingo, 3\/9.\" \/>\n<meta property=\"og:url\" content=\"https:\/\/www.manaus.am.gov.br\/manauscult\/horario-de-retirada-de-pulseiras-soumanaus\/\" \/>\n<meta property=\"og:site_name\" content=\"MANAUSCULT\" \/>\n<meta property=\"article:published_time\" content=\"2023-08-31T12:00:55+00:00\" \/>\n<meta property=\"og:image\" content=\"https:\/\/www.manaus.am.gov.br\/manauscult\/wp-content\/uploads\/sites\/11\/2023\/06\/Nota-1.png\" \/>\n\t<meta property=\"og:image:width\" content=\"900\" \/>\n\t<meta property=\"og:image:height\" content=\"509\" \/>\n\t<meta property=\"og:image:type\" content=\"image\/png\" \/>\n<meta name=\"author\" content=\"Adriana Costa\" \/>\n<meta name=\"twitter:card\" content=\"summary_large_image\" \/>\n<meta name=\"twitter:label1\" content=\"Written by\" \/>\n\t<meta name=\"twitter:data1\" content=\"Adriana Costa\" \/>\n\t<meta name=\"twitter:label2\" content=\"Est. reading time\" \/>\n\t<meta name=\"twitter:data2\" content=\"1 minuto\" \/>\n<script type=\"application\/ld+json\" class=\"yoast-schema-graph\">{\"@context\":\"https:\/\/schema.org\",\"@graph\":[{\"@type\":\"WebPage\",\"@id\":\"https:\/\/www.manaus.am.gov.br\/manauscult\/horario-de-retirada-de-pulseiras-soumanaus\/\",\"url\":\"https:\/\/www.manaus.am.gov.br\/manauscult\/horario-de-retirada-de-pulseiras-soumanaus\/\",\"name\":\"Hor\u00e1rio de retirada de pulseiras #SouManaus\",\"isPartOf\":{\"@id\":\"https:\/\/www.manaus.am.gov.br\/manauscult\/#website\"},\"primaryImageOfPage\":{\"@id\":\"https:\/\/www.manaus.am.gov.br\/manauscult\/horario-de-retirada-de-pulseiras-soumanaus\/#primaryimage\"},\"image\":{\"@id\":\"https:\/\/www.manaus.am.gov.br\/manauscult\/horario-de-retirada-de-pulseiras-soumanaus\/#primaryimage\"},\"thumbnailUrl\":\"https:\/\/www.manaus.am.gov.br\/manauscult\/wp-content\/uploads\/sites\/11\/2023\/06\/Nota-1.png\",\"datePublished\":\"2023-08-31T12:00:55+00:00\",\"dateModified\":\"2023-08-31T12:00:55+00:00\",\"author\":{\"@id\":\"https:\/\/www.manaus.am.gov.br\/manauscult\/#\/schema\/person\/4e49f4e267757a06ca072ec61b2b9968\"},\"description\":\"A Prefeitura de Manaus, por meio da Funda\u00e7\u00e3o Municipal de Cultura, Turismo e Eventos (Manauscult), refor\u00e7a o hor\u00e1rio de funcionamento dos pontos de troca de pulseira do #SouManaus Passo a Pa\u00e7o 2023, nos supermercados Nova Era, no domingo, 3\/9.\",\"breadcrumb\":{\"@id\":\"https:\/\/www.manaus.am.gov.br\/manauscult\/horario-de-retirada-de-pulseiras-soumanaus\/#breadcrumb\"},\"inLanguage\":\"pt-BR\",\"potentialAction\":[{\"@type\":\"ReadAction\",\"target\":[\"https:\/\/www.manaus.am.gov.br\/manauscult\/horario-de-retirada-de-pulseiras-soumanaus\/\"]}]},{\"@type\":\"ImageObject\",\"inLanguage\":\"pt-BR\",\"@id\":\"https:\/\/www.manaus.am.gov.br\/manauscult\/horario-de-retirada-de-pulseiras-soumanaus\/#primaryimage\",\"url\":\"https:\/\/www.manaus.am.gov.br\/manauscult\/wp-content\/uploads\/sites\/11\/2023\/06\/Nota-1.png\",\"contentUrl\":\"https:\/\/www.manaus.am.gov.br\/manauscult\/wp-content\/uploads\/sites\/11\/2023\/06\/Nota-1.png\",\"width\":900,\"height\":509},{\"@type\":\"BreadcrumbList\",\"@id\":\"https:\/\/www.manaus.am.gov.br\/manauscult\/horario-de-retirada-de-pulseiras-soumanaus\/#breadcrumb\",\"itemListElement\":[{\"@type\":\"ListItem\",\"position\":1,\"name\":\"Home\",\"item\":\"https:\/\/www.manaus.am.gov.br\/manauscult\/\"},{\"@type\":\"ListItem\",\"position\":2,\"name\":\"Hor\u00e1rio de retirada de pulseiras #SouManaus\"}]},{\"@type\":\"WebSite\",\"@id\":\"https:\/\/www.manaus.am.gov.br\/manauscult\/#website\",\"url\":\"https:\/\/www.manaus.am.gov.br\/manauscult\/\",\"name\":\"MANAUSCULT\",\"description\":\"Prefeitura de Manaus\",\"potentialAction\":[{\"@type\":\"SearchAction\",\"target\":{\"@type\":\"EntryPoint\",\"urlTemplate\":\"https:\/\/www.manaus.am.gov.br\/manauscult\/?s={search_term_string}\"},\"query-input\":\"required name=search_term_string\"}],\"inLanguage\":\"pt-BR\"},{\"@type\":\"Person\",\"@id\":\"https:\/\/www.manaus.am.gov.br\/manauscult\/#\/schema\/person\/4e49f4e267757a06ca072ec61b2b9968\",\"name\":\"Adriana Costa\",\"image\":{\"@type\":\"ImageObject\",\"inLanguage\":\"pt-BR\",\"@id\":\"https:\/\/www.manaus.am.gov.br\/manauscult\/#\/schema\/person\/image\/\",\"url\":\"https:\/\/secure.gravatar.com\/avatar\/576258617ef7194f718179e766d57bd4?s=96&d=mm&r=g\",\"contentUrl\":\"https:\/\/secure.gravatar.com\/avatar\/576258617ef7194f718179e766d57bd4?s=96&d=mm&r=g\",\"caption\":\"Adriana Costa\"}}]}<\/script>\n<!-- \/ Yoast SEO plugin. -->","yoast_head_json":{"title":"Hor\u00e1rio de retirada de pulseiras #SouManaus","description":"A Prefeitura de Manaus, por meio da Funda\u00e7\u00e3o Municipal de Cultura, Turismo e Eventos (Manauscult), refor\u00e7a o hor\u00e1rio de funcionamento dos pontos de troca de pulseira do #SouManaus Passo a Pa\u00e7o 2023, nos supermercados Nova Era, no domingo, 3\/9.","robots":{"index":"noindex","follow":"follow"},"og_locale":"pt_BR","og_type":"article","og_title":"Hor\u00e1rio de retirada de pulseiras #SouManaus","og_description":"A Prefeitura de Manaus, por meio da Funda\u00e7\u00e3o Municipal de Cultura, Turismo e Eventos (Manauscult), refor\u00e7a o hor\u00e1rio de funcionamento dos pontos de troca de pulseira do #SouManaus Passo a Pa\u00e7o 2023, nos supermercados Nova Era, no domingo, 3\/9.","og_url":"https:\/\/www.manaus.am.gov.br\/manauscult\/horario-de-retirada-de-pulseiras-soumanaus\/","og_site_name":"MANAUSCULT","article_published_time":"2023-08-31T12:00:55+00:00","og_image":[{"width":900,"height":509,"url":"https:\/\/www.manaus.am.gov.br\/manauscult\/wp-content\/uploads\/sites\/11\/2023\/06\/Nota-1.png","type":"image\/png"}],"author":"Adriana Costa","twitter_card":"summary_large_image","twitter_misc":{"Written by":"Adriana Costa","Est. reading time":"1 minuto"},"schema":{"@context":"https:\/\/schema.org","@graph":[{"@type":"WebPage","@id":"https:\/\/www.manaus.am.gov.br\/manauscult\/horario-de-retirada-de-pulseiras-soumanaus\/","url":"https:\/\/www.manaus.am.gov.br\/manauscult\/horario-de-retirada-de-pulseiras-soumanaus\/","name":"Hor\u00e1rio de retirada de pulseiras #SouManaus","isPartOf":{"@id":"https:\/\/www.manaus.am.gov.br\/manauscult\/#website"},"primaryImageOfPage":{"@id":"https:\/\/www.manaus.am.gov.br\/manauscult\/horario-de-retirada-de-pulseiras-soumanaus\/#primaryimage"},"image":{"@id":"https:\/\/www.manaus.am.gov.br\/manauscult\/horario-de-retirada-de-pulseiras-soumanaus\/#primaryimage"},"thumbnailUrl":"https:\/\/www.manaus.am.gov.br\/manauscult\/wp-content\/uploads\/sites\/11\/2023\/06\/Nota-1.png","datePublished":"2023-08-31T12:00:55+00:00","dateModified":"2023-08-31T12:00:55+00:00","author":{"@id":"https:\/\/www.manaus.am.gov.br\/manauscult\/#\/schema\/person\/4e49f4e267757a06ca072ec61b2b9968"},"description":"A Prefeitura de Manaus, por meio da Funda\u00e7\u00e3o Municipal de Cultura, Turismo e Eventos (Manauscult), refor\u00e7a o hor\u00e1rio de funcionamento dos pontos de troca de pulseira do #SouManaus Passo a Pa\u00e7o 2023, nos supermercados Nova Era, no domingo, 3\/9.","breadcrumb":{"@id":"https:\/\/www.manaus.am.gov.br\/manauscult\/horario-de-retirada-de-pulseiras-soumanaus\/#breadcrumb"},"inLanguage":"pt-BR","potentialAction":[{"@type":"ReadAction","target":["https:\/\/www.manaus.am.gov.br\/manauscult\/horario-de-retirada-de-pulseiras-soumanaus\/"]}]},{"@type":"ImageObject","inLanguage":"pt-BR","@id":"https:\/\/www.manaus.am.gov.br\/manauscult\/horario-de-retirada-de-pulseiras-soumanaus\/#primaryimage","url":"https:\/\/www.manaus.am.gov.br\/manauscult\/wp-content\/uploads\/sites\/11\/2023\/06\/Nota-1.png","contentUrl":"https:\/\/www.manaus.am.gov.br\/manauscult\/wp-content\/uploads\/sites\/11\/2023\/06\/Nota-1.png","width":900,"height":509},{"@type":"BreadcrumbList","@id":"https:\/\/www.manaus.am.gov.br\/manauscult\/horario-de-retirada-de-pulseiras-soumanaus\/#breadcrumb","itemListElement":[{"@type":"ListItem","position":1,"name":"Home","item":"https:\/\/www.manaus.am.gov.br\/manauscult\/"},{"@type":"ListItem","position":2,"name":"Hor\u00e1rio de retirada de pulseiras #SouManaus"}]},{"@type":"WebSite","@id":"https:\/\/www.manaus.am.gov.br\/manauscult\/#website","url":"https:\/\/www.manaus.am.gov.br\/manauscult\/","name":"MANAUSCULT","description":"Prefeitura de Manaus","potentialAction":[{"@type":"SearchAction","target":{"@type":"EntryPoint","urlTemplate":"https:\/\/www.manaus.am.gov.br\/manauscult\/?s={search_term_string}"},"query-input":"required name=search_term_string"}],"inLanguage":"pt-BR"},{"@type":"Person","@id":"https:\/\/www.manaus.am.gov.br\/manauscult\/#\/schema\/person\/4e49f4e267757a06ca072ec61b2b9968","name":"Adriana Costa","image":{"@type":"ImageObject","inLanguage":"pt-BR","@id":"https:\/\/www.manaus.am.gov.br\/manauscult\/#\/schema\/person\/image\/","url":"https:\/\/secure.gravatar.com\/avatar\/576258617ef7194f718179e766d57bd4?s=96&d=mm&r=g","contentUrl":"https:\/\/secure.gravatar.com\/avatar\/576258617ef7194f718179e766d57bd4?s=96&d=mm&r=g","caption":"Adriana Costa"}}]}},"_links":{"self":[{"href":"https:\/\/www.manaus.am.gov.br\/manauscult\/wp-json\/wp\/v2\/posts\/1265"}],"collection":[{"href":"https:\/\/www.manaus.am.gov.br\/manauscult\/wp-json\/wp\/v2\/posts"}],"about":[{"href":"https:\/\/www.manaus.am.gov.br\/manauscult\/wp-json\/wp\/v2\/types\/post"}],"author":[{"embeddable":true,"href":"https:\/\/www.manaus.am.gov.br\/manauscult\/wp-json\/wp\/v2\/users\/23"}],"replies":[{"embeddable":true,"href":"https:\/\/www.manaus.am.gov.br\/manauscult\/wp-json\/wp\/v2\/comments?post=1265"}],"version-history":[{"count":0,"href":"https:\/\/www.manaus.am.gov.br\/manauscult\/wp-json\/wp\/v2\/posts\/1265\/revisions"}],"wp:featuredmedia":[{"embeddable":true,"href":"https:\/\/www.manaus.am.gov.br\/manauscult\/wp-json\/wp\/v2\/media\/861"}],"wp:attachment":[{"href":"https:\/\/www.manaus.am.gov.br\/manauscult\/wp-json\/wp\/v2\/media?parent=1265"}],"wp:term":[{"taxonomy":"category","embeddable":true,"href":"https:\/\/www.manaus.am.gov.br\/manauscult\/wp-json\/wp\/v2\/categories?post=1265"},{"taxonomy":"post_tag","embeddable":true,"href":"https:\/\/www.manaus.am.gov.br\/manauscult\/wp-json\/wp\/v2\/tags?post=1265"}],"curies":[{"name":"wp","href":"https:\/\/api.w.org\/{rel}","templated":true}]}}