{"id":1263,"date":"2023-08-30T17:20:48","date_gmt":"2023-08-30T21:20:48","guid":{"rendered":"https:\/\/www.manaus.am.gov.br\/manauscult\/prefeitura-inicia-a-retirada-do-segundo-lote-de-pulseiras-do-soumanaus-2023\/"},"modified":"2023-08-30T17:20:50","modified_gmt":"2023-08-30T21:20:50","slug":"prefeitura-inicia-a-retirada-do-segundo-lote-de-pulseiras-do-soumanaus-2023","status":"publish","type":"post","link":"https:\/\/www.manaus.am.gov.br\/manauscult\/prefeitura-inicia-a-retirada-do-segundo-lote-de-pulseiras-do-soumanaus-2023\/","title":{"rendered":"<strong>Prefeitura inicia a retirada do segundo lote de pulseiras do \u2018#SouManaus 2023\u2019<\/strong>"},"content":{"rendered":"\n<p>A Prefeitura de Manaus, via Funda\u00e7\u00e3o Municipal de Cultura, Turismo e Eventos (Manauscult), iniciou, na tarde desta quarta-feira, 30\/8, a troca do segundo lote das pulseiras que garantem o acesso gratuito aos locais de programa\u00e7\u00e3o do \u201c#SouManaus Passo a Pa\u00e7o 2023\u201d. As trocas acontecem nos cinco pontos estrat\u00e9gicos espalhados pela cidade, para facilitar o acesso da popula\u00e7\u00e3o.<\/p>\n\n\n\n<p>O diretor-presidente da Manauscult, Osvaldo Cardoso, acompanhou a retirada das pulseiras no supermercado Nova Era, localizado na avenida Torquato Tapaj\u00f3s, no bairro Flores, zona Centro-Sul da cidade, e assegurou que a etapa da retirada das pulseiras \u00e9 uma das mais importantes e faz parte do compromisso da atual gest\u00e3o municipal em realizar um festival organizado e seguro.<\/p>\n\n\n\n<p>\u201cDesde a segunda-feira, n\u00f3s j\u00e1 come\u00e7amos a fazer as trocas das pulseiras, tanto por quem escolheu a sustentabilidade na Secretaria Municipal de Limpeza Urbana (Semulsp) ou quem escolheu o social, nos supermercados Nova Era, como o da Torquato Tapaj\u00f3s. Em todas as unidades, n\u00f3s montamos uma estrutura para que as pessoas possam fazer a sua troca de forma r\u00e1pida e com muito conforto\u201d, garantiu Cardoso.<\/p>\n\n\n\n<p>O diretor-presidente explicou ainda, que o evento \u00e9 gratuito, e que as pulseiras s\u00e3o para o acesso em apenas dois dos sete palcos do festival.<\/p>\n\n\n\n<p>\u201cN\u00f3s temos sete palcos, e uma estimativa de 150 mil pessoas por dia no evento. A pulseira, ela s\u00f3 \u00e9 para os dois palcos que est\u00e3o dentro do porto, porque temos que seguir o manual de seguran\u00e7a p\u00fablica portu\u00e1ria, e n\u00f3s encontramos esta maneira de forma democr\u00e1tica para que todos possam curtir o #SouManaus na parte interna do porto\u201d, completou.<\/p>\n\n\n\n<p>A universit\u00e1ria Emily Castro foi umas das primeiras a realizar a retirada, e conta que est\u00e1 animada com sua primeira vez participando do festival. \u201c\u00c9 a minha primeira vez participando, s\u00f3 que a expectativa est\u00e1 l\u00e1 em cima, porque o David Guetta \u00e9 um DJ que eu escuto desde quando eu era adolescente, ent\u00e3o n\u00e3o d\u00e1 para perder essa oportunidade\u201d, disse.<\/p>\n\n\n\n<p><strong>Retirada<\/strong><\/p>\n\n\n\n<p>Os pontos de troca est\u00e3o localizados nos estacionamentos dos supermercados Nova Era (unidades da avenida das Torres, avenida Silves, avenida Torquato Tapaj\u00f3s e avenida Governador Amazonino Mendes &#8211; antiga Grande Circular), al\u00e9m da sede da Semulsp, no bairro da Compensa, que ser\u00e1 exclusivo para trocas com garrafas PETs.<\/p>\n\n\n\n<p>A retirada pode ser feita das 13h \u00e0s 21h no ponto de troca escolhido pela pessoa no ato da inscri\u00e7\u00e3o. Para realizar a troca das pulseiras, o inscrito deve apresentar o comprovante impresso ou digital do cadastro no site do #SouManaus, um documento oficial com foto, as 30 garrafas PETs ou o quilo de alimento n\u00e3o perec\u00edvel com a validade vigente.<\/p>\n\n\n\n<p>A popula\u00e7\u00e3o deve ficar atenta para as datas das trocas das pulseiras, que ocorrem de acordo com os lotes sorteados. O 1\u00ba lote foi trocado nos dias 28 e 29\/8. J\u00e1 as pulseiras do 2\u00ba lote, ser\u00e3o realizadas nos dias 30 e 31\/8. Em seguida, as pulseiras do 3\u00ba lote ser\u00e3o trocadas nos dias 1\u00ba e 2\/9, e o 4\u00ba e \u00faltimo lote de pulseiras poder\u00e3o ser trocadas nos dias 3 e 4\/9.<\/p>\n\n\n\n<p>&#8212; &#8212; &#8212;<\/p>\n\n\n\n<p><strong>Texto &#8211;<\/strong> Beathriz Torres e Helen Miranda \/ Semcom<\/p>\n\n\n\n<p><strong>Fotos \u2013 <\/strong>Cl\u00f3vis Miranda \/ Semcom<\/p>\n\n\n\n<p><strong>Dispon\u00edveis em &#8211; <\/strong><a href=\"https:\/\/flic.kr\/s\/aHBqjASV1Y\">https:\/\/flic.kr\/s\/aHBqjASV1Y<\/a><\/p>\n","protected":false},"excerpt":{"rendered":"","protected":false},"author":39,"featured_media":1264,"comment_status":"closed","ping_status":"closed","sticky":false,"template":"","format":"standard","meta":{"footnotes":""},"categories":[82],"tags":[449,513,514,9,11,515],"acf":[],"yoast_head":"<!-- This site is optimized with the Yoast SEO plugin v23.0 - https:\/\/yoast.com\/wordpress\/plugins\/seo\/ -->\n<title>Prefeitura inicia a retirada do segundo lote de pulseiras do \u2018#SouManaus 2023\u2019<\/title>\n<meta name=\"description\" content=\"A Prefeitura de Manaus, via Funda\u00e7\u00e3o Municipal de Cultura, Turismo e Eventos (Manauscult), iniciou, na tarde desta quarta-feira, 30\/8, a troca do segundo lote das pulseiras que garantem o acesso gratuito aos locais de programa\u00e7\u00e3o do \u201c#SouManaus Passo a Pa\u00e7o 2023\u201d.\" \/>\n<meta name=\"robots\" content=\"noindex, follow\" \/>\n<meta property=\"og:locale\" content=\"pt_BR\" \/>\n<meta property=\"og:type\" content=\"article\" \/>\n<meta property=\"og:title\" content=\"Prefeitura inicia a retirada do segundo lote de pulseiras do \u2018#SouManaus 2023\u2019\" \/>\n<meta property=\"og:description\" content=\"A Prefeitura de Manaus, via Funda\u00e7\u00e3o Municipal de Cultura, Turismo e Eventos (Manauscult), iniciou, na tarde desta quarta-feira, 30\/8, a troca do segundo lote das pulseiras que garantem o acesso gratuito aos locais de programa\u00e7\u00e3o do \u201c#SouManaus Passo a Pa\u00e7o 2023\u201d.\" \/>\n<meta property=\"og:url\" content=\"https:\/\/www.manaus.am.gov.br\/manauscult\/prefeitura-inicia-a-retirada-do-segundo-lote-de-pulseiras-do-soumanaus-2023\/\" \/>\n<meta property=\"og:site_name\" content=\"MANAUSCULT\" \/>\n<meta property=\"article:published_time\" content=\"2023-08-30T21:20:48+00:00\" \/>\n<meta property=\"article:modified_time\" content=\"2023-08-30T21:20:50+00:00\" \/>\n<meta property=\"og:image\" content=\"https:\/\/www.manaus.am.gov.br\/manauscult\/wp-content\/uploads\/sites\/11\/2023\/08\/53153657110_42183a955f_k.jpg\" \/>\n\t<meta property=\"og:image:width\" content=\"2047\" \/>\n\t<meta property=\"og:image:height\" content=\"1365\" \/>\n\t<meta property=\"og:image:type\" content=\"image\/jpeg\" \/>\n<meta name=\"author\" content=\"Bruna Greco\" \/>\n<meta name=\"twitter:card\" content=\"summary_large_image\" \/>\n<meta name=\"twitter:label1\" content=\"Written by\" \/>\n\t<meta name=\"twitter:data1\" content=\"Bruna Greco\" \/>\n\t<meta name=\"twitter:label2\" content=\"Est. reading time\" \/>\n\t<meta name=\"twitter:data2\" content=\"3 minutos\" \/>\n<script type=\"application\/ld+json\" class=\"yoast-schema-graph\">{\"@context\":\"https:\/\/schema.org\",\"@graph\":[{\"@type\":\"WebPage\",\"@id\":\"https:\/\/www.manaus.am.gov.br\/manauscult\/prefeitura-inicia-a-retirada-do-segundo-lote-de-pulseiras-do-soumanaus-2023\/\",\"url\":\"https:\/\/www.manaus.am.gov.br\/manauscult\/prefeitura-inicia-a-retirada-do-segundo-lote-de-pulseiras-do-soumanaus-2023\/\",\"name\":\"Prefeitura inicia a retirada do segundo lote de pulseiras do \u2018#SouManaus 2023\u2019\",\"isPartOf\":{\"@id\":\"https:\/\/www.manaus.am.gov.br\/manauscult\/#website\"},\"primaryImageOfPage\":{\"@id\":\"https:\/\/www.manaus.am.gov.br\/manauscult\/prefeitura-inicia-a-retirada-do-segundo-lote-de-pulseiras-do-soumanaus-2023\/#primaryimage\"},\"image\":{\"@id\":\"https:\/\/www.manaus.am.gov.br\/manauscult\/prefeitura-inicia-a-retirada-do-segundo-lote-de-pulseiras-do-soumanaus-2023\/#primaryimage\"},\"thumbnailUrl\":\"https:\/\/www.manaus.am.gov.br\/manauscult\/wp-content\/uploads\/sites\/11\/2023\/08\/53153657110_42183a955f_k.jpg\",\"datePublished\":\"2023-08-30T21:20:48+00:00\",\"dateModified\":\"2023-08-30T21:20:50+00:00\",\"author\":{\"@id\":\"https:\/\/www.manaus.am.gov.br\/manauscult\/#\/schema\/person\/05d223aea2bf115f9883a6ff3683d81b\"},\"description\":\"A Prefeitura de Manaus, via Funda\u00e7\u00e3o Municipal de Cultura, Turismo e Eventos (Manauscult), iniciou, na tarde desta quarta-feira, 30\/8, a troca do segundo lote das pulseiras que garantem o acesso gratuito aos locais de programa\u00e7\u00e3o do \u201c#SouManaus Passo a Pa\u00e7o 2023\u201d.\",\"breadcrumb\":{\"@id\":\"https:\/\/www.manaus.am.gov.br\/manauscult\/prefeitura-inicia-a-retirada-do-segundo-lote-de-pulseiras-do-soumanaus-2023\/#breadcrumb\"},\"inLanguage\":\"pt-BR\",\"potentialAction\":[{\"@type\":\"ReadAction\",\"target\":[\"https:\/\/www.manaus.am.gov.br\/manauscult\/prefeitura-inicia-a-retirada-do-segundo-lote-de-pulseiras-do-soumanaus-2023\/\"]}]},{\"@type\":\"ImageObject\",\"inLanguage\":\"pt-BR\",\"@id\":\"https:\/\/www.manaus.am.gov.br\/manauscult\/prefeitura-inicia-a-retirada-do-segundo-lote-de-pulseiras-do-soumanaus-2023\/#primaryimage\",\"url\":\"https:\/\/www.manaus.am.gov.br\/manauscult\/wp-content\/uploads\/sites\/11\/2023\/08\/53153657110_42183a955f_k.jpg\",\"contentUrl\":\"https:\/\/www.manaus.am.gov.br\/manauscult\/wp-content\/uploads\/sites\/11\/2023\/08\/53153657110_42183a955f_k.jpg\",\"width\":2047,\"height\":1365},{\"@type\":\"BreadcrumbList\",\"@id\":\"https:\/\/www.manaus.am.gov.br\/manauscult\/prefeitura-inicia-a-retirada-do-segundo-lote-de-pulseiras-do-soumanaus-2023\/#breadcrumb\",\"itemListElement\":[{\"@type\":\"ListItem\",\"position\":1,\"name\":\"Home\",\"item\":\"https:\/\/www.manaus.am.gov.br\/manauscult\/\"},{\"@type\":\"ListItem\",\"position\":2,\"name\":\"Prefeitura inicia a retirada do segundo lote de pulseiras do \u2018#SouManaus 2023\u2019\"}]},{\"@type\":\"WebSite\",\"@id\":\"https:\/\/www.manaus.am.gov.br\/manauscult\/#website\",\"url\":\"https:\/\/www.manaus.am.gov.br\/manauscult\/\",\"name\":\"MANAUSCULT\",\"description\":\"Prefeitura de Manaus\",\"potentialAction\":[{\"@type\":\"SearchAction\",\"target\":{\"@type\":\"EntryPoint\",\"urlTemplate\":\"https:\/\/www.manaus.am.gov.br\/manauscult\/?s={search_term_string}\"},\"query-input\":\"required name=search_term_string\"}],\"inLanguage\":\"pt-BR\"},{\"@type\":\"Person\",\"@id\":\"https:\/\/www.manaus.am.gov.br\/manauscult\/#\/schema\/person\/05d223aea2bf115f9883a6ff3683d81b\",\"name\":\"Bruna Greco\",\"image\":{\"@type\":\"ImageObject\",\"inLanguage\":\"pt-BR\",\"@id\":\"https:\/\/www.manaus.am.gov.br\/manauscult\/#\/schema\/person\/image\/\",\"url\":\"https:\/\/secure.gravatar.com\/avatar\/9c877d1a6adc2a055330e5c09a8653ce?s=96&d=mm&r=g\",\"contentUrl\":\"https:\/\/secure.gravatar.com\/avatar\/9c877d1a6adc2a055330e5c09a8653ce?s=96&d=mm&r=g\",\"caption\":\"Bruna Greco\"}}]}<\/script>\n<!-- \/ Yoast SEO plugin. -->","yoast_head_json":{"title":"Prefeitura inicia a retirada do segundo lote de pulseiras do \u2018#SouManaus 2023\u2019","description":"A Prefeitura de Manaus, via Funda\u00e7\u00e3o Municipal de Cultura, Turismo e Eventos (Manauscult), iniciou, na tarde desta quarta-feira, 30\/8, a troca do segundo lote das pulseiras que garantem o acesso gratuito aos locais de programa\u00e7\u00e3o do \u201c#SouManaus Passo a Pa\u00e7o 2023\u201d.","robots":{"index":"noindex","follow":"follow"},"og_locale":"pt_BR","og_type":"article","og_title":"Prefeitura inicia a retirada do segundo lote de pulseiras do \u2018#SouManaus 2023\u2019","og_description":"A Prefeitura de Manaus, via Funda\u00e7\u00e3o Municipal de Cultura, Turismo e Eventos (Manauscult), iniciou, na tarde desta quarta-feira, 30\/8, a troca do segundo lote das pulseiras que garantem o acesso gratuito aos locais de programa\u00e7\u00e3o do \u201c#SouManaus Passo a Pa\u00e7o 2023\u201d.","og_url":"https:\/\/www.manaus.am.gov.br\/manauscult\/prefeitura-inicia-a-retirada-do-segundo-lote-de-pulseiras-do-soumanaus-2023\/","og_site_name":"MANAUSCULT","article_published_time":"2023-08-30T21:20:48+00:00","article_modified_time":"2023-08-30T21:20:50+00:00","og_image":[{"width":2047,"height":1365,"url":"https:\/\/www.manaus.am.gov.br\/manauscult\/wp-content\/uploads\/sites\/11\/2023\/08\/53153657110_42183a955f_k.jpg","type":"image\/jpeg"}],"author":"Bruna Greco","twitter_card":"summary_large_image","twitter_misc":{"Written by":"Bruna Greco","Est. reading time":"3 minutos"},"schema":{"@context":"https:\/\/schema.org","@graph":[{"@type":"WebPage","@id":"https:\/\/www.manaus.am.gov.br\/manauscult\/prefeitura-inicia-a-retirada-do-segundo-lote-de-pulseiras-do-soumanaus-2023\/","url":"https:\/\/www.manaus.am.gov.br\/manauscult\/prefeitura-inicia-a-retirada-do-segundo-lote-de-pulseiras-do-soumanaus-2023\/","name":"Prefeitura inicia a retirada do segundo lote de pulseiras do \u2018#SouManaus 2023\u2019","isPartOf":{"@id":"https:\/\/www.manaus.am.gov.br\/manauscult\/#website"},"primaryImageOfPage":{"@id":"https:\/\/www.manaus.am.gov.br\/manauscult\/prefeitura-inicia-a-retirada-do-segundo-lote-de-pulseiras-do-soumanaus-2023\/#primaryimage"},"image":{"@id":"https:\/\/www.manaus.am.gov.br\/manauscult\/prefeitura-inicia-a-retirada-do-segundo-lote-de-pulseiras-do-soumanaus-2023\/#primaryimage"},"thumbnailUrl":"https:\/\/www.manaus.am.gov.br\/manauscult\/wp-content\/uploads\/sites\/11\/2023\/08\/53153657110_42183a955f_k.jpg","datePublished":"2023-08-30T21:20:48+00:00","dateModified":"2023-08-30T21:20:50+00:00","author":{"@id":"https:\/\/www.manaus.am.gov.br\/manauscult\/#\/schema\/person\/05d223aea2bf115f9883a6ff3683d81b"},"description":"A Prefeitura de Manaus, via Funda\u00e7\u00e3o Municipal de Cultura, Turismo e Eventos (Manauscult), iniciou, na tarde desta quarta-feira, 30\/8, a troca do segundo lote das pulseiras que garantem o acesso gratuito aos locais de programa\u00e7\u00e3o do \u201c#SouManaus Passo a Pa\u00e7o 2023\u201d.","breadcrumb":{"@id":"https:\/\/www.manaus.am.gov.br\/manauscult\/prefeitura-inicia-a-retirada-do-segundo-lote-de-pulseiras-do-soumanaus-2023\/#breadcrumb"},"inLanguage":"pt-BR","potentialAction":[{"@type":"ReadAction","target":["https:\/\/www.manaus.am.gov.br\/manauscult\/prefeitura-inicia-a-retirada-do-segundo-lote-de-pulseiras-do-soumanaus-2023\/"]}]},{"@type":"ImageObject","inLanguage":"pt-BR","@id":"https:\/\/www.manaus.am.gov.br\/manauscult\/prefeitura-inicia-a-retirada-do-segundo-lote-de-pulseiras-do-soumanaus-2023\/#primaryimage","url":"https:\/\/www.manaus.am.gov.br\/manauscult\/wp-content\/uploads\/sites\/11\/2023\/08\/53153657110_42183a955f_k.jpg","contentUrl":"https:\/\/www.manaus.am.gov.br\/manauscult\/wp-content\/uploads\/sites\/11\/2023\/08\/53153657110_42183a955f_k.jpg","width":2047,"height":1365},{"@type":"BreadcrumbList","@id":"https:\/\/www.manaus.am.gov.br\/manauscult\/prefeitura-inicia-a-retirada-do-segundo-lote-de-pulseiras-do-soumanaus-2023\/#breadcrumb","itemListElement":[{"@type":"ListItem","position":1,"name":"Home","item":"https:\/\/www.manaus.am.gov.br\/manauscult\/"},{"@type":"ListItem","position":2,"name":"Prefeitura inicia a retirada do segundo lote de pulseiras do \u2018#SouManaus 2023\u2019"}]},{"@type":"WebSite","@id":"https:\/\/www.manaus.am.gov.br\/manauscult\/#website","url":"https:\/\/www.manaus.am.gov.br\/manauscult\/","name":"MANAUSCULT","description":"Prefeitura de Manaus","potentialAction":[{"@type":"SearchAction","target":{"@type":"EntryPoint","urlTemplate":"https:\/\/www.manaus.am.gov.br\/manauscult\/?s={search_term_string}"},"query-input":"required name=search_term_string"}],"inLanguage":"pt-BR"},{"@type":"Person","@id":"https:\/\/www.manaus.am.gov.br\/manauscult\/#\/schema\/person\/05d223aea2bf115f9883a6ff3683d81b","name":"Bruna Greco","image":{"@type":"ImageObject","inLanguage":"pt-BR","@id":"https:\/\/www.manaus.am.gov.br\/manauscult\/#\/schema\/person\/image\/","url":"https:\/\/secure.gravatar.com\/avatar\/9c877d1a6adc2a055330e5c09a8653ce?s=96&d=mm&r=g","contentUrl":"https:\/\/secure.gravatar.com\/avatar\/9c877d1a6adc2a055330e5c09a8653ce?s=96&d=mm&r=g","caption":"Bruna Greco"}}]}},"_links":{"self":[{"href":"https:\/\/www.manaus.am.gov.br\/manauscult\/wp-json\/wp\/v2\/posts\/1263"}],"collection":[{"href":"https:\/\/www.manaus.am.gov.br\/manauscult\/wp-json\/wp\/v2\/posts"}],"about":[{"href":"https:\/\/www.manaus.am.gov.br\/manauscult\/wp-json\/wp\/v2\/types\/post"}],"author":[{"embeddable":true,"href":"https:\/\/www.manaus.am.gov.br\/manauscult\/wp-json\/wp\/v2\/users\/39"}],"replies":[{"embeddable":true,"href":"https:\/\/www.manaus.am.gov.br\/manauscult\/wp-json\/wp\/v2\/comments?post=1263"}],"version-history":[{"count":0,"href":"https:\/\/www.manaus.am.gov.br\/manauscult\/wp-json\/wp\/v2\/posts\/1263\/revisions"}],"wp:featuredmedia":[{"embeddable":true,"href":"https:\/\/www.manaus.am.gov.br\/manauscult\/wp-json\/wp\/v2\/media\/1264"}],"wp:attachment":[{"href":"https:\/\/www.manaus.am.gov.br\/manauscult\/wp-json\/wp\/v2\/media?parent=1263"}],"wp:term":[{"taxonomy":"category","embeddable":true,"href":"https:\/\/www.manaus.am.gov.br\/manauscult\/wp-json\/wp\/v2\/categories?post=1263"},{"taxonomy":"post_tag","embeddable":true,"href":"https:\/\/www.manaus.am.gov.br\/manauscult\/wp-json\/wp\/v2\/tags?post=1263"}],"curies":[{"name":"wp","href":"https:\/\/api.w.org\/{rel}","templated":true}]}}