{"id":1260,"date":"2023-08-30T16:39:04","date_gmt":"2023-08-30T20:39:04","guid":{"rendered":"https:\/\/www.manaus.am.gov.br\/manauscult\/prefeitura-realiza-montagem-do-backdrop-receptivo-no-aeroporto-internacional-eduardo-gomes-para-o-soumanaus-passo-a-paco-2023\/"},"modified":"2023-08-30T16:39:47","modified_gmt":"2023-08-30T20:39:47","slug":"prefeitura-realiza-montagem-do-backdrop-receptivo-no-aeroporto-internacional-eduardo-gomes-para-o-soumanaus-passo-a-paco-2023","status":"publish","type":"post","link":"https:\/\/www.manaus.am.gov.br\/manauscult\/prefeitura-realiza-montagem-do-backdrop-receptivo-no-aeroporto-internacional-eduardo-gomes-para-o-soumanaus-passo-a-paco-2023\/","title":{"rendered":"<strong>Prefeitura realiza montagem do backdrop receptivo no aeroporto internacional Eduardo Gomes para o &#8216;#SouManaus Passo a Pa\u00e7o 2023&#8217;<\/strong>"},"content":{"rendered":"\n<p>A Prefeitura de Manaus, por meio da Funda\u00e7\u00e3o Municipal de Cultura, Turismo e Eventos (Manauscult), vem ampliando em diferentes pontos e lugares da cidade, a divulga\u00e7\u00e3o do \u201c#SouManaus Passo a Pa\u00e7o 2023\u201d, o maior festival de artes integradas da regi\u00e3o Norte do pa\u00eds, que ser\u00e1 realizado nos dias 5, 6 e 7 de setembro, no centro hist\u00f3rico da capital amazonense.<\/p>\n\n\n\n<p>Desta vez, o \u201c#SouManaus Passo a Pa\u00e7o 2023\u201d ganhou um espa\u00e7o especial no Aeroporto Internacional de Manaus Eduardo Gomes, localizado na avenida Santos Dumont, no Tarum\u00e3, zona Oeste. Segundo o diretor-presidente da Manauscult, Osvaldo Cardoso, esses espa\u00e7os s\u00e3o fundamentais para colocar cada vez mais o festival em evid\u00eancia, principalmente contando com a presen\u00e7a de turistas de munic\u00edpios e estados vizinhos.<\/p>\n\n\n\n<p>\u201cManaus j\u00e1 respira o #SouManaus, isso \u00e9 uma realidade, al\u00e9m de todos os aeroportos do Norte do Brasil, estamos agora com essa ativa\u00e7\u00e3o no aeroporto Eduardo Gomes, aqui em Manaus, para que todos que est\u00e3o chegando possam entrar no clima da maior festa de todos os tempos\u201d, disse Cardoso.<\/p>\n\n\n\n<p>No local, est\u00e3o todas as atra\u00e7\u00f5es que o #SouManaus vai receber nos dias 5, 6 e 7 de setembro, al\u00e9m disso \u00e9 poss\u00edvel obter informa\u00e7\u00f5es sobre o acesso aos shows, line-up, localiza\u00e7\u00e3o e atra\u00e7\u00f5es de cada palco, entre outros. No espa\u00e7o, a equipe da prefeitura tamb\u00e9m realiza a distribui\u00e7\u00e3o de folhetos, copos e lembran\u00e7as.<\/p>\n\n\n\n<p>\u201cAqui n\u00f3s temos uma equipe preparada, treinada para passar todas as informa\u00e7\u00f5es necess\u00e1rias para quem est\u00e1 chegando, para quem n\u00e3o conhece, junto com \u201cAmana\u201d, que \u00e9 a nossa intelig\u00eancia artificial, onde a pessoa pode conversar com ela direto pelo WhatsApp\u201d, completou o presidente.<\/p>\n\n\n\n<p>O espa\u00e7o chama aten\u00e7\u00e3o do p\u00fablico, como foi o caso da aut\u00f4noma Zoraith Rondom, que estava passando pelo local e contou que a sua expectativa para participar pela primeira do festival \u00e9 grande.<\/p>\n\n\n\n<p>\u201cA expectativa \u00e9 muito grande, porque s\u00e3o muitas atra\u00e7\u00f5es, tanto atra\u00e7\u00f5es religiosas como o padre e algumas tamb\u00e9m evang\u00e9licas, mas a principal, que \u00e9 o David Guetta, \u00e9 que eu estou mais ansiosa para ver. Eu acho muito importante esse momento, porque \u00e9 um festival para a popula\u00e7\u00e3o, e n\u00f3s precisamos dessa alegria, de arte e entretenimento\u201d, destacou.<\/p>\n\n\n\n<p>A festa, que na edi\u00e7\u00e3o anterior reuniu mais de 380 mil pessoas, vem agora em 2023 superar a expectativa de p\u00fablico e de apresenta\u00e7\u00f5es de artistas locais e nacionais. Ser\u00e3o mais de 600 artistas manauaras nos tr\u00eas dias de evento.<\/p>\n\n\n\n<p>&#8212; &#8212; &#8212;<\/p>\n\n\n\n<p><strong>Texto \u2013 <\/strong>Beathriz Torres \/ Semcom<\/p>\n\n\n\n<p><strong>Fotos &#8211; <\/strong>Cl\u00f3vis Miranda \/ Semcom<\/p>\n\n\n\n<p><strong>Dispon\u00edveis em \u2013 <\/strong><a href=\"https:\/\/flic.kr\/s\/aHBqjAT1MM\">https:\/\/flic.kr\/s\/aHBqjAT1MM<\/a><\/p>\n","protected":false},"excerpt":{"rendered":"","protected":false},"author":39,"featured_media":1261,"comment_status":"closed","ping_status":"closed","sticky":false,"template":"","format":"standard","meta":{"footnotes":""},"categories":[82],"tags":[264,510,511,9,512,11],"acf":[],"yoast_head":"<!-- This site is optimized with the Yoast SEO plugin v23.0 - https:\/\/yoast.com\/wordpress\/plugins\/seo\/ -->\n<title>Prefeitura realiza montagem do backdrop receptivo no aeroporto internacional Eduardo Gomes para o &#039;#SouManaus Passo a Pa\u00e7o 2023&#039;<\/title>\n<meta name=\"description\" content=\"A Prefeitura de Manaus, por meio da Funda\u00e7\u00e3o Municipal de Cultura, Turismo e Eventos (Manauscult), vem ampliando em diferentes pontos e lugares da cidade, a divulga\u00e7\u00e3o do \u201c#SouManaus Passo a Pa\u00e7o 2023\u201d, o maior festival de artes integradas da regi\u00e3o Norte do pa\u00eds, que ser\u00e1 realizado nos dias 5, 6 e 7 de setembro, no centro hist\u00f3rico da capital amazonense.\" \/>\n<meta name=\"robots\" content=\"noindex, follow\" \/>\n<meta property=\"og:locale\" content=\"pt_BR\" \/>\n<meta property=\"og:type\" content=\"article\" \/>\n<meta property=\"og:title\" content=\"Prefeitura realiza montagem do backdrop receptivo no aeroporto internacional Eduardo Gomes para o &#039;#SouManaus Passo a Pa\u00e7o 2023&#039;\" \/>\n<meta property=\"og:description\" content=\"A Prefeitura de Manaus, por meio da Funda\u00e7\u00e3o Municipal de Cultura, Turismo e Eventos (Manauscult), vem ampliando em diferentes pontos e lugares da cidade, a divulga\u00e7\u00e3o do \u201c#SouManaus Passo a Pa\u00e7o 2023\u201d, o maior festival de artes integradas da regi\u00e3o Norte do pa\u00eds, que ser\u00e1 realizado nos dias 5, 6 e 7 de setembro, no centro hist\u00f3rico da capital amazonense.\" \/>\n<meta property=\"og:url\" content=\"https:\/\/www.manaus.am.gov.br\/manauscult\/prefeitura-realiza-montagem-do-backdrop-receptivo-no-aeroporto-internacional-eduardo-gomes-para-o-soumanaus-passo-a-paco-2023\/\" \/>\n<meta property=\"og:site_name\" content=\"MANAUSCULT\" \/>\n<meta property=\"article:published_time\" content=\"2023-08-30T20:39:04+00:00\" \/>\n<meta property=\"article:modified_time\" content=\"2023-08-30T20:39:47+00:00\" \/>\n<meta property=\"og:image\" content=\"https:\/\/www.manaus.am.gov.br\/manauscult\/wp-content\/uploads\/sites\/11\/2023\/08\/53152653672_6f569cfef3_k.jpg\" \/>\n\t<meta property=\"og:image:width\" content=\"2047\" \/>\n\t<meta property=\"og:image:height\" content=\"1365\" \/>\n\t<meta property=\"og:image:type\" content=\"image\/jpeg\" \/>\n<meta name=\"author\" content=\"Bruna Greco\" \/>\n<meta name=\"twitter:card\" content=\"summary_large_image\" \/>\n<meta name=\"twitter:label1\" content=\"Written by\" \/>\n\t<meta name=\"twitter:data1\" content=\"Bruna Greco\" \/>\n\t<meta name=\"twitter:label2\" content=\"Est. reading time\" \/>\n\t<meta name=\"twitter:data2\" content=\"3 minutos\" \/>\n<script type=\"application\/ld+json\" class=\"yoast-schema-graph\">{\"@context\":\"https:\/\/schema.org\",\"@graph\":[{\"@type\":\"WebPage\",\"@id\":\"https:\/\/www.manaus.am.gov.br\/manauscult\/prefeitura-realiza-montagem-do-backdrop-receptivo-no-aeroporto-internacional-eduardo-gomes-para-o-soumanaus-passo-a-paco-2023\/\",\"url\":\"https:\/\/www.manaus.am.gov.br\/manauscult\/prefeitura-realiza-montagem-do-backdrop-receptivo-no-aeroporto-internacional-eduardo-gomes-para-o-soumanaus-passo-a-paco-2023\/\",\"name\":\"Prefeitura realiza montagem do backdrop receptivo no aeroporto internacional Eduardo Gomes para o '#SouManaus Passo a Pa\u00e7o 2023'\",\"isPartOf\":{\"@id\":\"https:\/\/www.manaus.am.gov.br\/manauscult\/#website\"},\"primaryImageOfPage\":{\"@id\":\"https:\/\/www.manaus.am.gov.br\/manauscult\/prefeitura-realiza-montagem-do-backdrop-receptivo-no-aeroporto-internacional-eduardo-gomes-para-o-soumanaus-passo-a-paco-2023\/#primaryimage\"},\"image\":{\"@id\":\"https:\/\/www.manaus.am.gov.br\/manauscult\/prefeitura-realiza-montagem-do-backdrop-receptivo-no-aeroporto-internacional-eduardo-gomes-para-o-soumanaus-passo-a-paco-2023\/#primaryimage\"},\"thumbnailUrl\":\"https:\/\/www.manaus.am.gov.br\/manauscult\/wp-content\/uploads\/sites\/11\/2023\/08\/53152653672_6f569cfef3_k.jpg\",\"datePublished\":\"2023-08-30T20:39:04+00:00\",\"dateModified\":\"2023-08-30T20:39:47+00:00\",\"author\":{\"@id\":\"https:\/\/www.manaus.am.gov.br\/manauscult\/#\/schema\/person\/05d223aea2bf115f9883a6ff3683d81b\"},\"description\":\"A Prefeitura de Manaus, por meio da Funda\u00e7\u00e3o Municipal de Cultura, Turismo e Eventos (Manauscult), vem ampliando em diferentes pontos e lugares da cidade, a divulga\u00e7\u00e3o do \u201c#SouManaus Passo a Pa\u00e7o 2023\u201d, o maior festival de artes integradas da regi\u00e3o Norte do pa\u00eds, que ser\u00e1 realizado nos dias 5, 6 e 7 de setembro, no centro hist\u00f3rico da capital amazonense.\",\"breadcrumb\":{\"@id\":\"https:\/\/www.manaus.am.gov.br\/manauscult\/prefeitura-realiza-montagem-do-backdrop-receptivo-no-aeroporto-internacional-eduardo-gomes-para-o-soumanaus-passo-a-paco-2023\/#breadcrumb\"},\"inLanguage\":\"pt-BR\",\"potentialAction\":[{\"@type\":\"ReadAction\",\"target\":[\"https:\/\/www.manaus.am.gov.br\/manauscult\/prefeitura-realiza-montagem-do-backdrop-receptivo-no-aeroporto-internacional-eduardo-gomes-para-o-soumanaus-passo-a-paco-2023\/\"]}]},{\"@type\":\"ImageObject\",\"inLanguage\":\"pt-BR\",\"@id\":\"https:\/\/www.manaus.am.gov.br\/manauscult\/prefeitura-realiza-montagem-do-backdrop-receptivo-no-aeroporto-internacional-eduardo-gomes-para-o-soumanaus-passo-a-paco-2023\/#primaryimage\",\"url\":\"https:\/\/www.manaus.am.gov.br\/manauscult\/wp-content\/uploads\/sites\/11\/2023\/08\/53152653672_6f569cfef3_k.jpg\",\"contentUrl\":\"https:\/\/www.manaus.am.gov.br\/manauscult\/wp-content\/uploads\/sites\/11\/2023\/08\/53152653672_6f569cfef3_k.jpg\",\"width\":2047,\"height\":1365},{\"@type\":\"BreadcrumbList\",\"@id\":\"https:\/\/www.manaus.am.gov.br\/manauscult\/prefeitura-realiza-montagem-do-backdrop-receptivo-no-aeroporto-internacional-eduardo-gomes-para-o-soumanaus-passo-a-paco-2023\/#breadcrumb\",\"itemListElement\":[{\"@type\":\"ListItem\",\"position\":1,\"name\":\"Home\",\"item\":\"https:\/\/www.manaus.am.gov.br\/manauscult\/\"},{\"@type\":\"ListItem\",\"position\":2,\"name\":\"Prefeitura realiza montagem do backdrop receptivo no aeroporto internacional Eduardo Gomes para o &#8216;#SouManaus Passo a Pa\u00e7o 2023&#8217;\"}]},{\"@type\":\"WebSite\",\"@id\":\"https:\/\/www.manaus.am.gov.br\/manauscult\/#website\",\"url\":\"https:\/\/www.manaus.am.gov.br\/manauscult\/\",\"name\":\"MANAUSCULT\",\"description\":\"Prefeitura de Manaus\",\"potentialAction\":[{\"@type\":\"SearchAction\",\"target\":{\"@type\":\"EntryPoint\",\"urlTemplate\":\"https:\/\/www.manaus.am.gov.br\/manauscult\/?s={search_term_string}\"},\"query-input\":\"required name=search_term_string\"}],\"inLanguage\":\"pt-BR\"},{\"@type\":\"Person\",\"@id\":\"https:\/\/www.manaus.am.gov.br\/manauscult\/#\/schema\/person\/05d223aea2bf115f9883a6ff3683d81b\",\"name\":\"Bruna Greco\",\"image\":{\"@type\":\"ImageObject\",\"inLanguage\":\"pt-BR\",\"@id\":\"https:\/\/www.manaus.am.gov.br\/manauscult\/#\/schema\/person\/image\/\",\"url\":\"https:\/\/secure.gravatar.com\/avatar\/9c877d1a6adc2a055330e5c09a8653ce?s=96&d=mm&r=g\",\"contentUrl\":\"https:\/\/secure.gravatar.com\/avatar\/9c877d1a6adc2a055330e5c09a8653ce?s=96&d=mm&r=g\",\"caption\":\"Bruna Greco\"}}]}<\/script>\n<!-- \/ Yoast SEO plugin. -->","yoast_head_json":{"title":"Prefeitura realiza montagem do backdrop receptivo no aeroporto internacional Eduardo Gomes para o '#SouManaus Passo a Pa\u00e7o 2023'","description":"A Prefeitura de Manaus, por meio da Funda\u00e7\u00e3o Municipal de Cultura, Turismo e Eventos (Manauscult), vem ampliando em diferentes pontos e lugares da cidade, a divulga\u00e7\u00e3o do \u201c#SouManaus Passo a Pa\u00e7o 2023\u201d, o maior festival de artes integradas da regi\u00e3o Norte do pa\u00eds, que ser\u00e1 realizado nos dias 5, 6 e 7 de setembro, no centro hist\u00f3rico da capital amazonense.","robots":{"index":"noindex","follow":"follow"},"og_locale":"pt_BR","og_type":"article","og_title":"Prefeitura realiza montagem do backdrop receptivo no aeroporto internacional Eduardo Gomes para o '#SouManaus Passo a Pa\u00e7o 2023'","og_description":"A Prefeitura de Manaus, por meio da Funda\u00e7\u00e3o Municipal de Cultura, Turismo e Eventos (Manauscult), vem ampliando em diferentes pontos e lugares da cidade, a divulga\u00e7\u00e3o do \u201c#SouManaus Passo a Pa\u00e7o 2023\u201d, o maior festival de artes integradas da regi\u00e3o Norte do pa\u00eds, que ser\u00e1 realizado nos dias 5, 6 e 7 de setembro, no centro hist\u00f3rico da capital amazonense.","og_url":"https:\/\/www.manaus.am.gov.br\/manauscult\/prefeitura-realiza-montagem-do-backdrop-receptivo-no-aeroporto-internacional-eduardo-gomes-para-o-soumanaus-passo-a-paco-2023\/","og_site_name":"MANAUSCULT","article_published_time":"2023-08-30T20:39:04+00:00","article_modified_time":"2023-08-30T20:39:47+00:00","og_image":[{"width":2047,"height":1365,"url":"https:\/\/www.manaus.am.gov.br\/manauscult\/wp-content\/uploads\/sites\/11\/2023\/08\/53152653672_6f569cfef3_k.jpg","type":"image\/jpeg"}],"author":"Bruna Greco","twitter_card":"summary_large_image","twitter_misc":{"Written by":"Bruna Greco","Est. reading time":"3 minutos"},"schema":{"@context":"https:\/\/schema.org","@graph":[{"@type":"WebPage","@id":"https:\/\/www.manaus.am.gov.br\/manauscult\/prefeitura-realiza-montagem-do-backdrop-receptivo-no-aeroporto-internacional-eduardo-gomes-para-o-soumanaus-passo-a-paco-2023\/","url":"https:\/\/www.manaus.am.gov.br\/manauscult\/prefeitura-realiza-montagem-do-backdrop-receptivo-no-aeroporto-internacional-eduardo-gomes-para-o-soumanaus-passo-a-paco-2023\/","name":"Prefeitura realiza montagem do backdrop receptivo no aeroporto internacional Eduardo Gomes para o '#SouManaus Passo a Pa\u00e7o 2023'","isPartOf":{"@id":"https:\/\/www.manaus.am.gov.br\/manauscult\/#website"},"primaryImageOfPage":{"@id":"https:\/\/www.manaus.am.gov.br\/manauscult\/prefeitura-realiza-montagem-do-backdrop-receptivo-no-aeroporto-internacional-eduardo-gomes-para-o-soumanaus-passo-a-paco-2023\/#primaryimage"},"image":{"@id":"https:\/\/www.manaus.am.gov.br\/manauscult\/prefeitura-realiza-montagem-do-backdrop-receptivo-no-aeroporto-internacional-eduardo-gomes-para-o-soumanaus-passo-a-paco-2023\/#primaryimage"},"thumbnailUrl":"https:\/\/www.manaus.am.gov.br\/manauscult\/wp-content\/uploads\/sites\/11\/2023\/08\/53152653672_6f569cfef3_k.jpg","datePublished":"2023-08-30T20:39:04+00:00","dateModified":"2023-08-30T20:39:47+00:00","author":{"@id":"https:\/\/www.manaus.am.gov.br\/manauscult\/#\/schema\/person\/05d223aea2bf115f9883a6ff3683d81b"},"description":"A Prefeitura de Manaus, por meio da Funda\u00e7\u00e3o Municipal de Cultura, Turismo e Eventos (Manauscult), vem ampliando em diferentes pontos e lugares da cidade, a divulga\u00e7\u00e3o do \u201c#SouManaus Passo a Pa\u00e7o 2023\u201d, o maior festival de artes integradas da regi\u00e3o Norte do pa\u00eds, que ser\u00e1 realizado nos dias 5, 6 e 7 de setembro, no centro hist\u00f3rico da capital amazonense.","breadcrumb":{"@id":"https:\/\/www.manaus.am.gov.br\/manauscult\/prefeitura-realiza-montagem-do-backdrop-receptivo-no-aeroporto-internacional-eduardo-gomes-para-o-soumanaus-passo-a-paco-2023\/#breadcrumb"},"inLanguage":"pt-BR","potentialAction":[{"@type":"ReadAction","target":["https:\/\/www.manaus.am.gov.br\/manauscult\/prefeitura-realiza-montagem-do-backdrop-receptivo-no-aeroporto-internacional-eduardo-gomes-para-o-soumanaus-passo-a-paco-2023\/"]}]},{"@type":"ImageObject","inLanguage":"pt-BR","@id":"https:\/\/www.manaus.am.gov.br\/manauscult\/prefeitura-realiza-montagem-do-backdrop-receptivo-no-aeroporto-internacional-eduardo-gomes-para-o-soumanaus-passo-a-paco-2023\/#primaryimage","url":"https:\/\/www.manaus.am.gov.br\/manauscult\/wp-content\/uploads\/sites\/11\/2023\/08\/53152653672_6f569cfef3_k.jpg","contentUrl":"https:\/\/www.manaus.am.gov.br\/manauscult\/wp-content\/uploads\/sites\/11\/2023\/08\/53152653672_6f569cfef3_k.jpg","width":2047,"height":1365},{"@type":"BreadcrumbList","@id":"https:\/\/www.manaus.am.gov.br\/manauscult\/prefeitura-realiza-montagem-do-backdrop-receptivo-no-aeroporto-internacional-eduardo-gomes-para-o-soumanaus-passo-a-paco-2023\/#breadcrumb","itemListElement":[{"@type":"ListItem","position":1,"name":"Home","item":"https:\/\/www.manaus.am.gov.br\/manauscult\/"},{"@type":"ListItem","position":2,"name":"Prefeitura realiza montagem do backdrop receptivo no aeroporto internacional Eduardo Gomes para o &#8216;#SouManaus Passo a Pa\u00e7o 2023&#8217;"}]},{"@type":"WebSite","@id":"https:\/\/www.manaus.am.gov.br\/manauscult\/#website","url":"https:\/\/www.manaus.am.gov.br\/manauscult\/","name":"MANAUSCULT","description":"Prefeitura de Manaus","potentialAction":[{"@type":"SearchAction","target":{"@type":"EntryPoint","urlTemplate":"https:\/\/www.manaus.am.gov.br\/manauscult\/?s={search_term_string}"},"query-input":"required name=search_term_string"}],"inLanguage":"pt-BR"},{"@type":"Person","@id":"https:\/\/www.manaus.am.gov.br\/manauscult\/#\/schema\/person\/05d223aea2bf115f9883a6ff3683d81b","name":"Bruna Greco","image":{"@type":"ImageObject","inLanguage":"pt-BR","@id":"https:\/\/www.manaus.am.gov.br\/manauscult\/#\/schema\/person\/image\/","url":"https:\/\/secure.gravatar.com\/avatar\/9c877d1a6adc2a055330e5c09a8653ce?s=96&d=mm&r=g","contentUrl":"https:\/\/secure.gravatar.com\/avatar\/9c877d1a6adc2a055330e5c09a8653ce?s=96&d=mm&r=g","caption":"Bruna Greco"}}]}},"_links":{"self":[{"href":"https:\/\/www.manaus.am.gov.br\/manauscult\/wp-json\/wp\/v2\/posts\/1260"}],"collection":[{"href":"https:\/\/www.manaus.am.gov.br\/manauscult\/wp-json\/wp\/v2\/posts"}],"about":[{"href":"https:\/\/www.manaus.am.gov.br\/manauscult\/wp-json\/wp\/v2\/types\/post"}],"author":[{"embeddable":true,"href":"https:\/\/www.manaus.am.gov.br\/manauscult\/wp-json\/wp\/v2\/users\/39"}],"replies":[{"embeddable":true,"href":"https:\/\/www.manaus.am.gov.br\/manauscult\/wp-json\/wp\/v2\/comments?post=1260"}],"version-history":[{"count":1,"href":"https:\/\/www.manaus.am.gov.br\/manauscult\/wp-json\/wp\/v2\/posts\/1260\/revisions"}],"predecessor-version":[{"id":1262,"href":"https:\/\/www.manaus.am.gov.br\/manauscult\/wp-json\/wp\/v2\/posts\/1260\/revisions\/1262"}],"wp:featuredmedia":[{"embeddable":true,"href":"https:\/\/www.manaus.am.gov.br\/manauscult\/wp-json\/wp\/v2\/media\/1261"}],"wp:attachment":[{"href":"https:\/\/www.manaus.am.gov.br\/manauscult\/wp-json\/wp\/v2\/media?parent=1260"}],"wp:term":[{"taxonomy":"category","embeddable":true,"href":"https:\/\/www.manaus.am.gov.br\/manauscult\/wp-json\/wp\/v2\/categories?post=1260"},{"taxonomy":"post_tag","embeddable":true,"href":"https:\/\/www.manaus.am.gov.br\/manauscult\/wp-json\/wp\/v2\/tags?post=1260"}],"curies":[{"name":"wp","href":"https:\/\/api.w.org\/{rel}","templated":true}]}}