{"id":1258,"date":"2023-08-30T15:18:29","date_gmt":"2023-08-30T19:18:29","guid":{"rendered":"https:\/\/www.manaus.am.gov.br\/manauscult\/line-up-religiosa-sou-manaus-2023\/"},"modified":"2023-08-30T15:18:31","modified_gmt":"2023-08-30T19:18:31","slug":"line-up-religiosa-sou-manaus-2023","status":"publish","type":"post","link":"https:\/\/www.manaus.am.gov.br\/manauscult\/line-up-religiosa-sou-manaus-2023\/","title":{"rendered":"<strong>Line-up religiosa \u00e9 lan\u00e7ada oficialmente pela prefeitura para o #SouManaus 2023<\/strong>"},"content":{"rendered":"\n<p>A Prefeitura de Manaus, por meio da Funda\u00e7\u00e3o Municipal de Cultura, Turismo e Eventos (Manauscult), lan\u00e7ou de forma oficial a line-up religiosa do #SouManaus Passo a Pa\u00e7o 2023. A divulga\u00e7\u00e3o dos artistas foi feita com a presen\u00e7a de alguns l\u00edderes religiosos, no Centro de Arqueologia de Manaus (CAM), no Centro da cidade.<\/p>\n\n\n\n<p>Mesclando diversos estilos musicais no universo da m\u00fasica crist\u00e3, a&nbsp;prefeitura apresentou&nbsp;os nomes dos artistas nacionais e locais que&nbsp;v\u00e3o se apresentar&nbsp;no #SouManaus neste ano.&nbsp;&nbsp;A programa\u00e7\u00e3o completa encontra-se no site&nbsp;<a href=\"https:\/\/soumanauspassoapaco.com.br\/\" target=\"_blank\" rel=\"noreferrer noopener\">https:\/\/soumanauspassoapaco.com.br\/#<\/a>&nbsp;.<\/p>\n\n\n\n<p>O diretor-presidente da Manauscult, Osvaldo Cardoso, ressaltou que o evento \u00e9 gratuito e que para curtir as atra\u00e7\u00f5es religiosas no dia 7 de setembro, n\u00e3o ser\u00e1 necess\u00e1rio o uso de pulseiras. \u201cEssa festa do dia 7 \u00e9 diferente, porque n\u00e3o h\u00e1 necessidade de pulseira, sendo importante repassar essa informa\u00e7\u00e3o a todos. Quem vier igualmente nos outros dias tamb\u00e9m poder\u00e1 aproveitar o evento, mas para entrar nos dois palcos que ficam dentro do porto n\u00e3o vai haver necessidade do uso de pulseira. Ent\u00e3o, na parte de cima vamos ter o espa\u00e7o \u2018Passinho\u2019, onde poder\u00e1 trazer as crian\u00e7as para curtir e brincar na \u00e1rea da pra\u00e7a do Dom Pedro e quem quiser assistir aos shows, desce para o porto\u201d.<\/p>\n\n\n\n<p>Osvaldo Cardoso tamb\u00e9m destacou a import\u00e2ncia desse espa\u00e7o aos artistas religiosos, no maior festival de artes integradas da regi\u00e3o Norte do Brasil. \u201cA primeira coisa que o prefeito David Almeida disse no planejamento do SouManaus foi que queria que todos se sentissem representados no evento, ou seja, quando olhassem para o palco, se vissem nele. E n\u00f3s temos uma cidade de Manaus com uma popula\u00e7\u00e3o quase 40% evang\u00e9lica, e a festa s\u00f3 \u00e9 completa quando todos participam. Hoje o turismo religioso em Manaus \u00e9 uma realidade\u201d, frisou.<\/p>\n\n\n\n<p>Nesta edi\u00e7\u00e3o, s\u00e3o mais de 600 trabalhadores da cultura, distribu\u00eddos em nove segmentos, representados, legalmente, por 77 bandas. E o p\u00fablico religioso tamb\u00e9m ter\u00e1 seus representantes nacionais e locais.<\/p>\n\n\n\n<p>\u201cO prefeito David Almeida sempre tendo esse olhar diferenciado, como um prefeito de todos, e n\u00f3s somos hoje cerca de 720 mil evang\u00e9licos na cidade e a gente foi contemplado com um dia no festival e acreditamos que vai ser algo muito especial. Com certeza absoluta o povo evang\u00e9lico vai estar participando, n\u00f3s vamos estar levando nossas caravanas e vai ser algo maravilhoso\u201d, disse o presidente da Ordem dos Ministros Evang\u00e9licos do Estado do Amazonas (Omeam), Valdiberto Rocha.<\/p>\n\n\n\n<p>Para esta edi\u00e7\u00e3o do #SouManaus a prefeitura aumentou em mais de 580% o n\u00famero de artistas locais em rela\u00e7\u00e3o \u00e0 primeira edi\u00e7\u00e3o, em 2015, onde apenas 12 artistas locais estiveram envolvidos.Ser\u00e3o mais de 300 apresenta\u00e7\u00f5es art\u00edsticas durante todo o #SouManaus 2023, nos dias 5, 6 e 7 de setembro.&nbsp;<\/p>\n\n\n\n<p>&#8212; &#8212; &#8212;<\/p>\n\n\n\n<p><strong>Texto <\/strong>&#8211; Asafe Augusto\/Semcom<\/p>\n\n\n\n<p><strong>Imagens<\/strong> &#8211; Phill Limma \/Semcom<\/p>\n\n\n\n<p><strong>Dispon\u00edveis em &#8211; <\/strong>https:\/\/flic.kr\/s\/aHBqjASVQk<\/p>\n","protected":false},"excerpt":{"rendered":"","protected":false},"author":25,"featured_media":1259,"comment_status":"closed","ping_status":"closed","sticky":false,"template":"","format":"standard","meta":{"footnotes":""},"categories":[508],"tags":[509,9,60,279],"acf":[],"yoast_head":"<!-- This site is optimized with the Yoast SEO plugin v23.0 - https:\/\/yoast.com\/wordpress\/plugins\/seo\/ -->\n<title>Line-up religiosa \u00e9 lan\u00e7ada oficialmente pela prefeitura para o #SouManaus 2023<\/title>\n<meta name=\"description\" content=\"A Prefeitura de Manaus, por meio da Funda\u00e7\u00e3o Municipal de Cultura, Turismo e Eventos (Manauscult), lan\u00e7ou de forma oficial a line-up religiosa\" \/>\n<meta name=\"robots\" content=\"noindex, follow\" \/>\n<meta property=\"og:locale\" content=\"pt_BR\" \/>\n<meta property=\"og:type\" content=\"article\" \/>\n<meta property=\"og:title\" content=\"Line-up religiosa \u00e9 lan\u00e7ada oficialmente pela prefeitura para o #SouManaus 2023\" \/>\n<meta property=\"og:description\" content=\"A Prefeitura de Manaus, por meio da Funda\u00e7\u00e3o Municipal de Cultura, Turismo e Eventos (Manauscult), lan\u00e7ou de forma oficial a line-up religiosa\" \/>\n<meta property=\"og:url\" content=\"https:\/\/www.manaus.am.gov.br\/manauscult\/line-up-religiosa-sou-manaus-2023\/\" \/>\n<meta property=\"og:site_name\" content=\"MANAUSCULT\" \/>\n<meta property=\"article:published_time\" content=\"2023-08-30T19:18:29+00:00\" \/>\n<meta property=\"article:modified_time\" content=\"2023-08-30T19:18:31+00:00\" \/>\n<meta property=\"og:image\" content=\"https:\/\/www.manaus.am.gov.br\/manauscult\/wp-content\/uploads\/sites\/11\/2023\/08\/53152905111_40ac0445cd_c.jpg\" \/>\n\t<meta property=\"og:image:width\" content=\"799\" \/>\n\t<meta property=\"og:image:height\" content=\"533\" \/>\n\t<meta property=\"og:image:type\" content=\"image\/jpeg\" \/>\n<meta name=\"author\" content=\"Maur\u00edcio Freire\" \/>\n<meta name=\"twitter:card\" content=\"summary_large_image\" \/>\n<meta name=\"twitter:label1\" content=\"Written by\" \/>\n\t<meta name=\"twitter:data1\" content=\"Maur\u00edcio Freire\" \/>\n\t<meta name=\"twitter:label2\" content=\"Est. reading time\" \/>\n\t<meta name=\"twitter:data2\" content=\"3 minutos\" \/>\n<script type=\"application\/ld+json\" class=\"yoast-schema-graph\">{\"@context\":\"https:\/\/schema.org\",\"@graph\":[{\"@type\":\"WebPage\",\"@id\":\"https:\/\/www.manaus.am.gov.br\/manauscult\/line-up-religiosa-sou-manaus-2023\/\",\"url\":\"https:\/\/www.manaus.am.gov.br\/manauscult\/line-up-religiosa-sou-manaus-2023\/\",\"name\":\"Line-up religiosa \u00e9 lan\u00e7ada oficialmente pela prefeitura para o #SouManaus 2023\",\"isPartOf\":{\"@id\":\"https:\/\/www.manaus.am.gov.br\/manauscult\/#website\"},\"primaryImageOfPage\":{\"@id\":\"https:\/\/www.manaus.am.gov.br\/manauscult\/line-up-religiosa-sou-manaus-2023\/#primaryimage\"},\"image\":{\"@id\":\"https:\/\/www.manaus.am.gov.br\/manauscult\/line-up-religiosa-sou-manaus-2023\/#primaryimage\"},\"thumbnailUrl\":\"https:\/\/www.manaus.am.gov.br\/manauscult\/wp-content\/uploads\/sites\/11\/2023\/08\/53152905111_40ac0445cd_c.jpg\",\"datePublished\":\"2023-08-30T19:18:29+00:00\",\"dateModified\":\"2023-08-30T19:18:31+00:00\",\"author\":{\"@id\":\"https:\/\/www.manaus.am.gov.br\/manauscult\/#\/schema\/person\/587989a23a463cde5618e6a028977a9a\"},\"description\":\"A Prefeitura de Manaus, por meio da Funda\u00e7\u00e3o Municipal de Cultura, Turismo e Eventos (Manauscult), lan\u00e7ou de forma oficial a line-up religiosa\",\"breadcrumb\":{\"@id\":\"https:\/\/www.manaus.am.gov.br\/manauscult\/line-up-religiosa-sou-manaus-2023\/#breadcrumb\"},\"inLanguage\":\"pt-BR\",\"potentialAction\":[{\"@type\":\"ReadAction\",\"target\":[\"https:\/\/www.manaus.am.gov.br\/manauscult\/line-up-religiosa-sou-manaus-2023\/\"]}]},{\"@type\":\"ImageObject\",\"inLanguage\":\"pt-BR\",\"@id\":\"https:\/\/www.manaus.am.gov.br\/manauscult\/line-up-religiosa-sou-manaus-2023\/#primaryimage\",\"url\":\"https:\/\/www.manaus.am.gov.br\/manauscult\/wp-content\/uploads\/sites\/11\/2023\/08\/53152905111_40ac0445cd_c.jpg\",\"contentUrl\":\"https:\/\/www.manaus.am.gov.br\/manauscult\/wp-content\/uploads\/sites\/11\/2023\/08\/53152905111_40ac0445cd_c.jpg\",\"width\":799,\"height\":533},{\"@type\":\"BreadcrumbList\",\"@id\":\"https:\/\/www.manaus.am.gov.br\/manauscult\/line-up-religiosa-sou-manaus-2023\/#breadcrumb\",\"itemListElement\":[{\"@type\":\"ListItem\",\"position\":1,\"name\":\"Home\",\"item\":\"https:\/\/www.manaus.am.gov.br\/manauscult\/\"},{\"@type\":\"ListItem\",\"position\":2,\"name\":\"Line-up religiosa \u00e9 lan\u00e7ada oficialmente pela prefeitura para o #SouManaus 2023\"}]},{\"@type\":\"WebSite\",\"@id\":\"https:\/\/www.manaus.am.gov.br\/manauscult\/#website\",\"url\":\"https:\/\/www.manaus.am.gov.br\/manauscult\/\",\"name\":\"MANAUSCULT\",\"description\":\"Prefeitura de Manaus\",\"potentialAction\":[{\"@type\":\"SearchAction\",\"target\":{\"@type\":\"EntryPoint\",\"urlTemplate\":\"https:\/\/www.manaus.am.gov.br\/manauscult\/?s={search_term_string}\"},\"query-input\":\"required name=search_term_string\"}],\"inLanguage\":\"pt-BR\"},{\"@type\":\"Person\",\"@id\":\"https:\/\/www.manaus.am.gov.br\/manauscult\/#\/schema\/person\/587989a23a463cde5618e6a028977a9a\",\"name\":\"Maur\u00edcio Freire\",\"image\":{\"@type\":\"ImageObject\",\"inLanguage\":\"pt-BR\",\"@id\":\"https:\/\/www.manaus.am.gov.br\/manauscult\/#\/schema\/person\/image\/\",\"url\":\"https:\/\/secure.gravatar.com\/avatar\/dc1481799a1f75c733ac3b2634cd6749?s=96&d=mm&r=g\",\"contentUrl\":\"https:\/\/secure.gravatar.com\/avatar\/dc1481799a1f75c733ac3b2634cd6749?s=96&d=mm&r=g\",\"caption\":\"Maur\u00edcio Freire\"}}]}<\/script>\n<!-- \/ Yoast SEO plugin. -->","yoast_head_json":{"title":"Line-up religiosa \u00e9 lan\u00e7ada oficialmente pela prefeitura para o #SouManaus 2023","description":"A Prefeitura de Manaus, por meio da Funda\u00e7\u00e3o Municipal de Cultura, Turismo e Eventos (Manauscult), lan\u00e7ou de forma oficial a line-up religiosa","robots":{"index":"noindex","follow":"follow"},"og_locale":"pt_BR","og_type":"article","og_title":"Line-up religiosa \u00e9 lan\u00e7ada oficialmente pela prefeitura para o #SouManaus 2023","og_description":"A Prefeitura de Manaus, por meio da Funda\u00e7\u00e3o Municipal de Cultura, Turismo e Eventos (Manauscult), lan\u00e7ou de forma oficial a line-up religiosa","og_url":"https:\/\/www.manaus.am.gov.br\/manauscult\/line-up-religiosa-sou-manaus-2023\/","og_site_name":"MANAUSCULT","article_published_time":"2023-08-30T19:18:29+00:00","article_modified_time":"2023-08-30T19:18:31+00:00","og_image":[{"width":799,"height":533,"url":"https:\/\/www.manaus.am.gov.br\/manauscult\/wp-content\/uploads\/sites\/11\/2023\/08\/53152905111_40ac0445cd_c.jpg","type":"image\/jpeg"}],"author":"Maur\u00edcio Freire","twitter_card":"summary_large_image","twitter_misc":{"Written by":"Maur\u00edcio Freire","Est. reading time":"3 minutos"},"schema":{"@context":"https:\/\/schema.org","@graph":[{"@type":"WebPage","@id":"https:\/\/www.manaus.am.gov.br\/manauscult\/line-up-religiosa-sou-manaus-2023\/","url":"https:\/\/www.manaus.am.gov.br\/manauscult\/line-up-religiosa-sou-manaus-2023\/","name":"Line-up religiosa \u00e9 lan\u00e7ada oficialmente pela prefeitura para o #SouManaus 2023","isPartOf":{"@id":"https:\/\/www.manaus.am.gov.br\/manauscult\/#website"},"primaryImageOfPage":{"@id":"https:\/\/www.manaus.am.gov.br\/manauscult\/line-up-religiosa-sou-manaus-2023\/#primaryimage"},"image":{"@id":"https:\/\/www.manaus.am.gov.br\/manauscult\/line-up-religiosa-sou-manaus-2023\/#primaryimage"},"thumbnailUrl":"https:\/\/www.manaus.am.gov.br\/manauscult\/wp-content\/uploads\/sites\/11\/2023\/08\/53152905111_40ac0445cd_c.jpg","datePublished":"2023-08-30T19:18:29+00:00","dateModified":"2023-08-30T19:18:31+00:00","author":{"@id":"https:\/\/www.manaus.am.gov.br\/manauscult\/#\/schema\/person\/587989a23a463cde5618e6a028977a9a"},"description":"A Prefeitura de Manaus, por meio da Funda\u00e7\u00e3o Municipal de Cultura, Turismo e Eventos (Manauscult), lan\u00e7ou de forma oficial a line-up religiosa","breadcrumb":{"@id":"https:\/\/www.manaus.am.gov.br\/manauscult\/line-up-religiosa-sou-manaus-2023\/#breadcrumb"},"inLanguage":"pt-BR","potentialAction":[{"@type":"ReadAction","target":["https:\/\/www.manaus.am.gov.br\/manauscult\/line-up-religiosa-sou-manaus-2023\/"]}]},{"@type":"ImageObject","inLanguage":"pt-BR","@id":"https:\/\/www.manaus.am.gov.br\/manauscult\/line-up-religiosa-sou-manaus-2023\/#primaryimage","url":"https:\/\/www.manaus.am.gov.br\/manauscult\/wp-content\/uploads\/sites\/11\/2023\/08\/53152905111_40ac0445cd_c.jpg","contentUrl":"https:\/\/www.manaus.am.gov.br\/manauscult\/wp-content\/uploads\/sites\/11\/2023\/08\/53152905111_40ac0445cd_c.jpg","width":799,"height":533},{"@type":"BreadcrumbList","@id":"https:\/\/www.manaus.am.gov.br\/manauscult\/line-up-religiosa-sou-manaus-2023\/#breadcrumb","itemListElement":[{"@type":"ListItem","position":1,"name":"Home","item":"https:\/\/www.manaus.am.gov.br\/manauscult\/"},{"@type":"ListItem","position":2,"name":"Line-up religiosa \u00e9 lan\u00e7ada oficialmente pela prefeitura para o #SouManaus 2023"}]},{"@type":"WebSite","@id":"https:\/\/www.manaus.am.gov.br\/manauscult\/#website","url":"https:\/\/www.manaus.am.gov.br\/manauscult\/","name":"MANAUSCULT","description":"Prefeitura de Manaus","potentialAction":[{"@type":"SearchAction","target":{"@type":"EntryPoint","urlTemplate":"https:\/\/www.manaus.am.gov.br\/manauscult\/?s={search_term_string}"},"query-input":"required name=search_term_string"}],"inLanguage":"pt-BR"},{"@type":"Person","@id":"https:\/\/www.manaus.am.gov.br\/manauscult\/#\/schema\/person\/587989a23a463cde5618e6a028977a9a","name":"Maur\u00edcio Freire","image":{"@type":"ImageObject","inLanguage":"pt-BR","@id":"https:\/\/www.manaus.am.gov.br\/manauscult\/#\/schema\/person\/image\/","url":"https:\/\/secure.gravatar.com\/avatar\/dc1481799a1f75c733ac3b2634cd6749?s=96&d=mm&r=g","contentUrl":"https:\/\/secure.gravatar.com\/avatar\/dc1481799a1f75c733ac3b2634cd6749?s=96&d=mm&r=g","caption":"Maur\u00edcio Freire"}}]}},"_links":{"self":[{"href":"https:\/\/www.manaus.am.gov.br\/manauscult\/wp-json\/wp\/v2\/posts\/1258"}],"collection":[{"href":"https:\/\/www.manaus.am.gov.br\/manauscult\/wp-json\/wp\/v2\/posts"}],"about":[{"href":"https:\/\/www.manaus.am.gov.br\/manauscult\/wp-json\/wp\/v2\/types\/post"}],"author":[{"embeddable":true,"href":"https:\/\/www.manaus.am.gov.br\/manauscult\/wp-json\/wp\/v2\/users\/25"}],"replies":[{"embeddable":true,"href":"https:\/\/www.manaus.am.gov.br\/manauscult\/wp-json\/wp\/v2\/comments?post=1258"}],"version-history":[{"count":0,"href":"https:\/\/www.manaus.am.gov.br\/manauscult\/wp-json\/wp\/v2\/posts\/1258\/revisions"}],"wp:featuredmedia":[{"embeddable":true,"href":"https:\/\/www.manaus.am.gov.br\/manauscult\/wp-json\/wp\/v2\/media\/1259"}],"wp:attachment":[{"href":"https:\/\/www.manaus.am.gov.br\/manauscult\/wp-json\/wp\/v2\/media?parent=1258"}],"wp:term":[{"taxonomy":"category","embeddable":true,"href":"https:\/\/www.manaus.am.gov.br\/manauscult\/wp-json\/wp\/v2\/categories?post=1258"},{"taxonomy":"post_tag","embeddable":true,"href":"https:\/\/www.manaus.am.gov.br\/manauscult\/wp-json\/wp\/v2\/tags?post=1258"}],"curies":[{"name":"wp","href":"https:\/\/api.w.org\/{rel}","templated":true}]}}