{"id":1256,"date":"2023-08-30T08:38:35","date_gmt":"2023-08-30T12:38:35","guid":{"rendered":"https:\/\/www.manaus.am.gov.br\/manauscult\/prefeitura-de-manaus-inicia-a-retirada-do-segundo-lote-de-pulseiras-do-soumanaus-2023\/"},"modified":"2023-08-30T08:38:36","modified_gmt":"2023-08-30T12:38:36","slug":"prefeitura-de-manaus-inicia-a-retirada-do-segundo-lote-de-pulseiras-do-soumanaus-2023","status":"publish","type":"post","link":"https:\/\/www.manaus.am.gov.br\/manauscult\/prefeitura-de-manaus-inicia-a-retirada-do-segundo-lote-de-pulseiras-do-soumanaus-2023\/","title":{"rendered":"<strong>Prefeitura de Manaus inicia a retirada do segundo lote de pulseiras do #SouManaus 2023<\/strong>"},"content":{"rendered":"\n<p>A Prefeitura de Manaus, por meio da Funda\u00e7\u00e3o Municipal de Cultura, Turismo e Eventos (Manauscult), inicia, nesta quarta-feira, 30\/8, a troca do segundo lote das pulseiras que garantem o acesso gratuito aos locais de programa\u00e7\u00e3o do \u201c#SouManaus &#8211; Passo a Pa\u00e7o 2023\u201d. Para facilitar o acesso da popula\u00e7\u00e3o, as trocas das pulseiras funcionar\u00e3o em cinco pontos estrat\u00e9gicos espalhados pela cidade.<\/p>\n\n\n\n<p>A Manauscult refor\u00e7a que \u00e9 expressamente proibida a comercializa\u00e7\u00e3o das pulseiras por terceiros, implicando na pr\u00e1tica do \u201ccambismo\u201d de ingressos tipificada como crime, conforme disposto no artigo 2\u00ba, IX, da Lei n\u00ba 1.521\/51, que trata sobre os crimes contra a economia popular. A pena prevista varia entre seis e dois anos de pris\u00e3o e multa.<\/p>\n\n\n\n<p>As pulseiras, que possuem sistema antifraude, ser\u00e3o checadas por agentes de seguran\u00e7a, nas baias de revista e acesso ao evento, com leitor de \u201cQR Code\u201d e reconhecimento facial. Destinadas apenas para acesso a dois, de um total de sete palcos, as pulseiras s\u00e3o limitadas a uma por Cadastro de Pessoa F\u00edsica (CPF).<\/p>\n\n\n\n<p><strong>Pontos de troca<\/strong><\/p>\n\n\n\n<p>Os pontos de troca est\u00e3o localizados nos estacionamentos dos supermercados Nova Era (unidades da avenida das Torres, avenida Silves, avenida Torquato Tapaj\u00f3s e avenida Governador Amazonino Mendes &#8211; antiga Grande Circular), al\u00e9m da sede da Secretaria Municipal de Limpeza Urbana (Semulsp), no bairro da Compensa, que ser\u00e1 exclusivo para trocas com garrafas PETs.<\/p>\n\n\n\n<p>A retirada pode ser feita das 13h \u00e0s 21h nesses locais. Para realizar a troca das pulseiras, os inscritos devem levar o comprovante impresso ou digital do cadastro no site do #SouManaus, um documento oficial com foto, as 30 garrafas PETs ou o quilo de alimento n\u00e3o perec\u00edvel com a validade vigente. No comprovante do cadastro, aparece o ponto de troca escolhido pela pessoa no ato da inscri\u00e7\u00e3o.<\/p>\n\n\n\n<p>\u201cEsse local deve ser respeitado, uma vez que n\u00e3o ser\u00e3o realizadas trocas em outro ponto. As pulseiras ser\u00e3o individuais e v\u00e1lidas apenas para o dia escolhido no ato do cadastro\u201d, orienta o diretor-presidente da ManausCult, Osvaldo Cardoso.<\/p>\n\n\n\n<p><strong>Datas das trocas<\/strong><\/p>\n\n\n\n<p>A popula\u00e7\u00e3o deve ficar atenta para as datas das trocas das pulseiras, que ocorrem de acordo com os lotes sorteados. O 1\u00ba lote foi trocado nos dias 28 e 29\/8. J\u00e1 as pulseiras do 2\u00ba lote come\u00e7am nos dias 30 e 31\/8. Em seguida, as pulseiras do 3\u00ba lote ser\u00e3o trocadas nos dias 1\u00ba e 2 de setembro, e o 4\u00ba e \u00faltimo lote de pulseiras poder\u00e3o ser trocadas nos dias 3 e 4\/9.<\/p>\n\n\n\n<p>&#8212; &#8212; &#8212;<\/p>\n\n\n\n<p><strong>Texto<\/strong>&nbsp;&#8211; Hellen Miranda \/ Semcom &#8211; Divulga\u00e7\u00e3o Manauscult<\/p>\n\n\n\n<p><strong>Fotos<\/strong>&nbsp;\u2013 Phil Limma\/Semcom<\/p>\n\n\n\n<p><strong>Dispon\u00edveis em<\/strong>&nbsp;&#8211;&nbsp;<a href=\"https:\/\/flic.kr\/s\/aHBqjASQqC\" target=\"_blank\" rel=\"noreferrer noopener\">https:\/\/flic.kr\/s\/aHBqjASQqC<\/a><\/p>\n","protected":false},"excerpt":{"rendered":"","protected":false},"author":23,"featured_media":1257,"comment_status":"closed","ping_status":"closed","sticky":false,"template":"","format":"standard","meta":{"footnotes":""},"categories":[3],"tags":[183,9,11,507,488],"acf":[],"yoast_head":"<!-- This site is optimized with the Yoast SEO plugin v23.0 - https:\/\/yoast.com\/wordpress\/plugins\/seo\/ -->\n<title>Prefeitura de Manaus inicia a retirada do segundo lote de pulseiras do #SouManaus 2023 - MANAUSCULT<\/title>\n<meta name=\"robots\" content=\"noindex, follow\" \/>\n<meta property=\"og:locale\" content=\"pt_BR\" \/>\n<meta property=\"og:type\" content=\"article\" \/>\n<meta property=\"og:title\" content=\"Prefeitura de Manaus inicia a retirada do segundo lote de pulseiras do #SouManaus 2023 - MANAUSCULT\" \/>\n<meta property=\"og:url\" content=\"https:\/\/www.manaus.am.gov.br\/manauscult\/prefeitura-de-manaus-inicia-a-retirada-do-segundo-lote-de-pulseiras-do-soumanaus-2023\/\" \/>\n<meta property=\"og:site_name\" content=\"MANAUSCULT\" \/>\n<meta property=\"article:published_time\" content=\"2023-08-30T12:38:35+00:00\" \/>\n<meta property=\"article:modified_time\" content=\"2023-08-30T12:38:36+00:00\" \/>\n<meta property=\"og:image\" content=\"https:\/\/www.manaus.am.gov.br\/manauscult\/wp-content\/uploads\/sites\/11\/2023\/08\/53151212111_b33ecd596c_c.jpg\" \/>\n\t<meta property=\"og:image:width\" content=\"799\" \/>\n\t<meta property=\"og:image:height\" content=\"533\" \/>\n\t<meta property=\"og:image:type\" content=\"image\/jpeg\" \/>\n<meta name=\"author\" content=\"Adriana Costa\" \/>\n<meta name=\"twitter:card\" content=\"summary_large_image\" \/>\n<meta name=\"twitter:label1\" content=\"Written by\" \/>\n\t<meta name=\"twitter:data1\" content=\"Adriana Costa\" \/>\n\t<meta name=\"twitter:label2\" content=\"Est. reading time\" \/>\n\t<meta name=\"twitter:data2\" content=\"2 minutos\" \/>\n<script type=\"application\/ld+json\" class=\"yoast-schema-graph\">{\"@context\":\"https:\/\/schema.org\",\"@graph\":[{\"@type\":\"WebPage\",\"@id\":\"https:\/\/www.manaus.am.gov.br\/manauscult\/prefeitura-de-manaus-inicia-a-retirada-do-segundo-lote-de-pulseiras-do-soumanaus-2023\/\",\"url\":\"https:\/\/www.manaus.am.gov.br\/manauscult\/prefeitura-de-manaus-inicia-a-retirada-do-segundo-lote-de-pulseiras-do-soumanaus-2023\/\",\"name\":\"Prefeitura de Manaus inicia a retirada do segundo lote de pulseiras do #SouManaus 2023 - MANAUSCULT\",\"isPartOf\":{\"@id\":\"https:\/\/www.manaus.am.gov.br\/manauscult\/#website\"},\"primaryImageOfPage\":{\"@id\":\"https:\/\/www.manaus.am.gov.br\/manauscult\/prefeitura-de-manaus-inicia-a-retirada-do-segundo-lote-de-pulseiras-do-soumanaus-2023\/#primaryimage\"},\"image\":{\"@id\":\"https:\/\/www.manaus.am.gov.br\/manauscult\/prefeitura-de-manaus-inicia-a-retirada-do-segundo-lote-de-pulseiras-do-soumanaus-2023\/#primaryimage\"},\"thumbnailUrl\":\"https:\/\/www.manaus.am.gov.br\/manauscult\/wp-content\/uploads\/sites\/11\/2023\/08\/53151212111_b33ecd596c_c.jpg\",\"datePublished\":\"2023-08-30T12:38:35+00:00\",\"dateModified\":\"2023-08-30T12:38:36+00:00\",\"author\":{\"@id\":\"https:\/\/www.manaus.am.gov.br\/manauscult\/#\/schema\/person\/4e49f4e267757a06ca072ec61b2b9968\"},\"breadcrumb\":{\"@id\":\"https:\/\/www.manaus.am.gov.br\/manauscult\/prefeitura-de-manaus-inicia-a-retirada-do-segundo-lote-de-pulseiras-do-soumanaus-2023\/#breadcrumb\"},\"inLanguage\":\"pt-BR\",\"potentialAction\":[{\"@type\":\"ReadAction\",\"target\":[\"https:\/\/www.manaus.am.gov.br\/manauscult\/prefeitura-de-manaus-inicia-a-retirada-do-segundo-lote-de-pulseiras-do-soumanaus-2023\/\"]}]},{\"@type\":\"ImageObject\",\"inLanguage\":\"pt-BR\",\"@id\":\"https:\/\/www.manaus.am.gov.br\/manauscult\/prefeitura-de-manaus-inicia-a-retirada-do-segundo-lote-de-pulseiras-do-soumanaus-2023\/#primaryimage\",\"url\":\"https:\/\/www.manaus.am.gov.br\/manauscult\/wp-content\/uploads\/sites\/11\/2023\/08\/53151212111_b33ecd596c_c.jpg\",\"contentUrl\":\"https:\/\/www.manaus.am.gov.br\/manauscult\/wp-content\/uploads\/sites\/11\/2023\/08\/53151212111_b33ecd596c_c.jpg\",\"width\":799,\"height\":533},{\"@type\":\"BreadcrumbList\",\"@id\":\"https:\/\/www.manaus.am.gov.br\/manauscult\/prefeitura-de-manaus-inicia-a-retirada-do-segundo-lote-de-pulseiras-do-soumanaus-2023\/#breadcrumb\",\"itemListElement\":[{\"@type\":\"ListItem\",\"position\":1,\"name\":\"Home\",\"item\":\"https:\/\/www.manaus.am.gov.br\/manauscult\/\"},{\"@type\":\"ListItem\",\"position\":2,\"name\":\"Prefeitura de Manaus inicia a retirada do segundo lote de pulseiras do #SouManaus 2023\"}]},{\"@type\":\"WebSite\",\"@id\":\"https:\/\/www.manaus.am.gov.br\/manauscult\/#website\",\"url\":\"https:\/\/www.manaus.am.gov.br\/manauscult\/\",\"name\":\"MANAUSCULT\",\"description\":\"Prefeitura de Manaus\",\"potentialAction\":[{\"@type\":\"SearchAction\",\"target\":{\"@type\":\"EntryPoint\",\"urlTemplate\":\"https:\/\/www.manaus.am.gov.br\/manauscult\/?s={search_term_string}\"},\"query-input\":\"required name=search_term_string\"}],\"inLanguage\":\"pt-BR\"},{\"@type\":\"Person\",\"@id\":\"https:\/\/www.manaus.am.gov.br\/manauscult\/#\/schema\/person\/4e49f4e267757a06ca072ec61b2b9968\",\"name\":\"Adriana Costa\",\"image\":{\"@type\":\"ImageObject\",\"inLanguage\":\"pt-BR\",\"@id\":\"https:\/\/www.manaus.am.gov.br\/manauscult\/#\/schema\/person\/image\/\",\"url\":\"https:\/\/secure.gravatar.com\/avatar\/576258617ef7194f718179e766d57bd4?s=96&d=mm&r=g\",\"contentUrl\":\"https:\/\/secure.gravatar.com\/avatar\/576258617ef7194f718179e766d57bd4?s=96&d=mm&r=g\",\"caption\":\"Adriana Costa\"}}]}<\/script>\n<!-- \/ Yoast SEO plugin. -->","yoast_head_json":{"title":"Prefeitura de Manaus inicia a retirada do segundo lote de pulseiras do #SouManaus 2023 - MANAUSCULT","robots":{"index":"noindex","follow":"follow"},"og_locale":"pt_BR","og_type":"article","og_title":"Prefeitura de Manaus inicia a retirada do segundo lote de pulseiras do #SouManaus 2023 - MANAUSCULT","og_url":"https:\/\/www.manaus.am.gov.br\/manauscult\/prefeitura-de-manaus-inicia-a-retirada-do-segundo-lote-de-pulseiras-do-soumanaus-2023\/","og_site_name":"MANAUSCULT","article_published_time":"2023-08-30T12:38:35+00:00","article_modified_time":"2023-08-30T12:38:36+00:00","og_image":[{"width":799,"height":533,"url":"https:\/\/www.manaus.am.gov.br\/manauscult\/wp-content\/uploads\/sites\/11\/2023\/08\/53151212111_b33ecd596c_c.jpg","type":"image\/jpeg"}],"author":"Adriana Costa","twitter_card":"summary_large_image","twitter_misc":{"Written by":"Adriana Costa","Est. reading time":"2 minutos"},"schema":{"@context":"https:\/\/schema.org","@graph":[{"@type":"WebPage","@id":"https:\/\/www.manaus.am.gov.br\/manauscult\/prefeitura-de-manaus-inicia-a-retirada-do-segundo-lote-de-pulseiras-do-soumanaus-2023\/","url":"https:\/\/www.manaus.am.gov.br\/manauscult\/prefeitura-de-manaus-inicia-a-retirada-do-segundo-lote-de-pulseiras-do-soumanaus-2023\/","name":"Prefeitura de Manaus inicia a retirada do segundo lote de pulseiras do #SouManaus 2023 - MANAUSCULT","isPartOf":{"@id":"https:\/\/www.manaus.am.gov.br\/manauscult\/#website"},"primaryImageOfPage":{"@id":"https:\/\/www.manaus.am.gov.br\/manauscult\/prefeitura-de-manaus-inicia-a-retirada-do-segundo-lote-de-pulseiras-do-soumanaus-2023\/#primaryimage"},"image":{"@id":"https:\/\/www.manaus.am.gov.br\/manauscult\/prefeitura-de-manaus-inicia-a-retirada-do-segundo-lote-de-pulseiras-do-soumanaus-2023\/#primaryimage"},"thumbnailUrl":"https:\/\/www.manaus.am.gov.br\/manauscult\/wp-content\/uploads\/sites\/11\/2023\/08\/53151212111_b33ecd596c_c.jpg","datePublished":"2023-08-30T12:38:35+00:00","dateModified":"2023-08-30T12:38:36+00:00","author":{"@id":"https:\/\/www.manaus.am.gov.br\/manauscult\/#\/schema\/person\/4e49f4e267757a06ca072ec61b2b9968"},"breadcrumb":{"@id":"https:\/\/www.manaus.am.gov.br\/manauscult\/prefeitura-de-manaus-inicia-a-retirada-do-segundo-lote-de-pulseiras-do-soumanaus-2023\/#breadcrumb"},"inLanguage":"pt-BR","potentialAction":[{"@type":"ReadAction","target":["https:\/\/www.manaus.am.gov.br\/manauscult\/prefeitura-de-manaus-inicia-a-retirada-do-segundo-lote-de-pulseiras-do-soumanaus-2023\/"]}]},{"@type":"ImageObject","inLanguage":"pt-BR","@id":"https:\/\/www.manaus.am.gov.br\/manauscult\/prefeitura-de-manaus-inicia-a-retirada-do-segundo-lote-de-pulseiras-do-soumanaus-2023\/#primaryimage","url":"https:\/\/www.manaus.am.gov.br\/manauscult\/wp-content\/uploads\/sites\/11\/2023\/08\/53151212111_b33ecd596c_c.jpg","contentUrl":"https:\/\/www.manaus.am.gov.br\/manauscult\/wp-content\/uploads\/sites\/11\/2023\/08\/53151212111_b33ecd596c_c.jpg","width":799,"height":533},{"@type":"BreadcrumbList","@id":"https:\/\/www.manaus.am.gov.br\/manauscult\/prefeitura-de-manaus-inicia-a-retirada-do-segundo-lote-de-pulseiras-do-soumanaus-2023\/#breadcrumb","itemListElement":[{"@type":"ListItem","position":1,"name":"Home","item":"https:\/\/www.manaus.am.gov.br\/manauscult\/"},{"@type":"ListItem","position":2,"name":"Prefeitura de Manaus inicia a retirada do segundo lote de pulseiras do #SouManaus 2023"}]},{"@type":"WebSite","@id":"https:\/\/www.manaus.am.gov.br\/manauscult\/#website","url":"https:\/\/www.manaus.am.gov.br\/manauscult\/","name":"MANAUSCULT","description":"Prefeitura de Manaus","potentialAction":[{"@type":"SearchAction","target":{"@type":"EntryPoint","urlTemplate":"https:\/\/www.manaus.am.gov.br\/manauscult\/?s={search_term_string}"},"query-input":"required name=search_term_string"}],"inLanguage":"pt-BR"},{"@type":"Person","@id":"https:\/\/www.manaus.am.gov.br\/manauscult\/#\/schema\/person\/4e49f4e267757a06ca072ec61b2b9968","name":"Adriana Costa","image":{"@type":"ImageObject","inLanguage":"pt-BR","@id":"https:\/\/www.manaus.am.gov.br\/manauscult\/#\/schema\/person\/image\/","url":"https:\/\/secure.gravatar.com\/avatar\/576258617ef7194f718179e766d57bd4?s=96&d=mm&r=g","contentUrl":"https:\/\/secure.gravatar.com\/avatar\/576258617ef7194f718179e766d57bd4?s=96&d=mm&r=g","caption":"Adriana Costa"}}]}},"_links":{"self":[{"href":"https:\/\/www.manaus.am.gov.br\/manauscult\/wp-json\/wp\/v2\/posts\/1256"}],"collection":[{"href":"https:\/\/www.manaus.am.gov.br\/manauscult\/wp-json\/wp\/v2\/posts"}],"about":[{"href":"https:\/\/www.manaus.am.gov.br\/manauscult\/wp-json\/wp\/v2\/types\/post"}],"author":[{"embeddable":true,"href":"https:\/\/www.manaus.am.gov.br\/manauscult\/wp-json\/wp\/v2\/users\/23"}],"replies":[{"embeddable":true,"href":"https:\/\/www.manaus.am.gov.br\/manauscult\/wp-json\/wp\/v2\/comments?post=1256"}],"version-history":[{"count":0,"href":"https:\/\/www.manaus.am.gov.br\/manauscult\/wp-json\/wp\/v2\/posts\/1256\/revisions"}],"wp:featuredmedia":[{"embeddable":true,"href":"https:\/\/www.manaus.am.gov.br\/manauscult\/wp-json\/wp\/v2\/media\/1257"}],"wp:attachment":[{"href":"https:\/\/www.manaus.am.gov.br\/manauscult\/wp-json\/wp\/v2\/media?parent=1256"}],"wp:term":[{"taxonomy":"category","embeddable":true,"href":"https:\/\/www.manaus.am.gov.br\/manauscult\/wp-json\/wp\/v2\/categories?post=1256"},{"taxonomy":"post_tag","embeddable":true,"href":"https:\/\/www.manaus.am.gov.br\/manauscult\/wp-json\/wp\/v2\/tags?post=1256"}],"curies":[{"name":"wp","href":"https:\/\/api.w.org\/{rel}","templated":true}]}}