{"id":1255,"date":"2023-08-30T05:52:46","date_gmt":"2023-08-30T09:52:46","guid":{"rendered":"https:\/\/www.manaus.am.gov.br\/manauscult\/david-guetta-se-apresenta-no-soumanaus-2023-e-deslocamento-de-jato-saindo-de-ibiza-na-europa-tera-compensacao-ambiental\/"},"modified":"2023-08-30T05:52:47","modified_gmt":"2023-08-30T09:52:47","slug":"david-guetta-se-apresenta-no-soumanaus-2023-e-deslocamento-de-jato-saindo-de-ibiza-na-europa-tera-compensacao-ambiental","status":"publish","type":"post","link":"https:\/\/www.manaus.am.gov.br\/manauscult\/david-guetta-se-apresenta-no-soumanaus-2023-e-deslocamento-de-jato-saindo-de-ibiza-na-europa-tera-compensacao-ambiental\/","title":{"rendered":"<strong>David Guetta se apresenta no #SouManaus 2023 e deslocamento de jato, saindo de Ibiza, na Europa, ter\u00e1 compensa\u00e7\u00e3o ambiental<\/strong>"},"content":{"rendered":"\n<p>Na Semana da P\u00e1tria, o DJ David Guetta estar\u00e1 na Amaz\u00f4nia, como a grande atra\u00e7\u00e3o do festival #SouManaus Passo a Pa\u00e7o 2023. O DJ e produtor musical franc\u00eas ir\u00e1 de Ibiza, na Espanha, para a capital do Amazonas, e o impacto ambiental gerado pelo deslocamento da estrela da m\u00fasica eletr\u00f4nica, em jatinho particular, ter\u00e1 compensa\u00e7\u00e3o ambiental. A Prefeitura de Manaus, promotora do evento, est\u00e1 adotando selo de sustentabilidade para a festa de tr\u00eas dias, de 5 a 7 de setembro, apoiando, assim, quatro unidades de conserva\u00e7\u00e3o na Amaz\u00f4nia.<\/p>\n\n\n\n<p>O festival \u00e9 considerado o maior de artes integradas da regi\u00e3o Norte e, a partir deste ano, tamb\u00e9m quer ser refer\u00eancia em sustentabilidade. Outra a\u00e7\u00e3o da organiza\u00e7\u00e3o nesse sentido foi a troca de ingressos por garrafas PET, uma forma de ampliar a conscientiza\u00e7\u00e3o ambiental, al\u00e9m de evitar que vasilhames do tipo fossem descartados no meio ambiente, como nos igarap\u00e9s na capital amazonense.<\/p>\n\n\n\n<p>Com o selo de sustentabilidade, concedido pela empresa BMV, a Prefeitura de Manaus contribui para a renova\u00e7\u00e3o e a conserva\u00e7\u00e3o de recursos naturais em quatro localidades na Amaz\u00f4nia, o que inclui 295 toneladas de carbono estocado, al\u00e9m de 26 servi\u00e7os ecossist\u00eamicos, dentre eles: 3.881,58 metros quadrados de vegeta\u00e7\u00e3o nativa; 1.749\/unidades de hectares de esp\u00e9cies da fauna; 546\/unidades de hectares de flora; 101,72 metros c\u00fabicos (m\u00b3) de madeira; 1.940,79 metros quadrados (m\u00b2) de produ\u00e7\u00e3o apoiada, al\u00e9m de 1.2750,99 litros, por ano, de manuten\u00e7\u00e3o e regula\u00e7\u00e3o do ciclo hidrol\u00f3gico.<\/p>\n\n\n\n<p><strong>&#8212; &#8212; &#8212;<\/strong><\/p>\n\n\n\n<p><strong>Texto \u2013 <\/strong>Divulga\u00e7\u00e3o\/Semcom<\/p>\n","protected":false},"excerpt":{"rendered":"","protected":false},"author":23,"featured_media":861,"comment_status":"closed","ping_status":"closed","sticky":false,"template":"","format":"standard","meta":{"footnotes":""},"categories":[224],"tags":[168,504,428,505,11,506],"acf":[],"yoast_head":"<!-- This site is optimized with the Yoast SEO plugin v23.0 - https:\/\/yoast.com\/wordpress\/plugins\/seo\/ -->\n<title>David Guetta se apresenta no #SouManaus 2023 e deslocamento de jato, saindo de Ibiza, na Europa, ter\u00e1 compensa\u00e7\u00e3o ambiental<\/title>\n<meta name=\"description\" content=\"Na Semana da P\u00e1tria, o DJ David Guetta estar\u00e1 na Amaz\u00f4nia, como a grande atra\u00e7\u00e3o do festival #SouManaus Passo a Pa\u00e7o 2023. O DJ e produtor musical franc\u00eas ir\u00e1 de Ibiza, na Espanha, para a capital do Amazonas, e o impacto ambiental gerado pelo deslocamento da estrela da m\u00fasica eletr\u00f4nica, em jatinho particular, ter\u00e1 compensa\u00e7\u00e3o ambiental. A Prefeitura de Manaus, promotora do evento, est\u00e1 adotando selo de sustentabilidade para a festa de tr\u00eas dias, de 5 a 7 de setembro, apoiando, assim, quatro unidades de conserva\u00e7\u00e3o na Amaz\u00f4nia.\" \/>\n<meta name=\"robots\" content=\"noindex, follow\" \/>\n<meta property=\"og:locale\" content=\"pt_BR\" \/>\n<meta property=\"og:type\" content=\"article\" \/>\n<meta property=\"og:title\" content=\"David Guetta se apresenta no #SouManaus 2023 e deslocamento de jato, saindo de Ibiza, na Europa, ter\u00e1 compensa\u00e7\u00e3o ambiental\" \/>\n<meta property=\"og:description\" content=\"Na Semana da P\u00e1tria, o DJ David Guetta estar\u00e1 na Amaz\u00f4nia, como a grande atra\u00e7\u00e3o do festival #SouManaus Passo a Pa\u00e7o 2023. O DJ e produtor musical franc\u00eas ir\u00e1 de Ibiza, na Espanha, para a capital do Amazonas, e o impacto ambiental gerado pelo deslocamento da estrela da m\u00fasica eletr\u00f4nica, em jatinho particular, ter\u00e1 compensa\u00e7\u00e3o ambiental. A Prefeitura de Manaus, promotora do evento, est\u00e1 adotando selo de sustentabilidade para a festa de tr\u00eas dias, de 5 a 7 de setembro, apoiando, assim, quatro unidades de conserva\u00e7\u00e3o na Amaz\u00f4nia.\" \/>\n<meta property=\"og:url\" content=\"https:\/\/www.manaus.am.gov.br\/manauscult\/david-guetta-se-apresenta-no-soumanaus-2023-e-deslocamento-de-jato-saindo-de-ibiza-na-europa-tera-compensacao-ambiental\/\" \/>\n<meta property=\"og:site_name\" content=\"MANAUSCULT\" \/>\n<meta property=\"article:published_time\" content=\"2023-08-30T09:52:46+00:00\" \/>\n<meta property=\"article:modified_time\" content=\"2023-08-30T09:52:47+00:00\" \/>\n<meta property=\"og:image\" content=\"https:\/\/www.manaus.am.gov.br\/manauscult\/wp-content\/uploads\/sites\/11\/2023\/06\/Nota-1.png\" \/>\n\t<meta property=\"og:image:width\" content=\"900\" \/>\n\t<meta property=\"og:image:height\" content=\"509\" \/>\n\t<meta property=\"og:image:type\" content=\"image\/png\" \/>\n<meta name=\"author\" content=\"Adriana Costa\" \/>\n<meta name=\"twitter:card\" content=\"summary_large_image\" \/>\n<meta name=\"twitter:label1\" content=\"Written by\" \/>\n\t<meta name=\"twitter:data1\" content=\"Adriana Costa\" \/>\n\t<meta name=\"twitter:label2\" content=\"Est. reading time\" \/>\n\t<meta name=\"twitter:data2\" content=\"2 minutos\" \/>\n<script type=\"application\/ld+json\" class=\"yoast-schema-graph\">{\"@context\":\"https:\/\/schema.org\",\"@graph\":[{\"@type\":\"WebPage\",\"@id\":\"https:\/\/www.manaus.am.gov.br\/manauscult\/david-guetta-se-apresenta-no-soumanaus-2023-e-deslocamento-de-jato-saindo-de-ibiza-na-europa-tera-compensacao-ambiental\/\",\"url\":\"https:\/\/www.manaus.am.gov.br\/manauscult\/david-guetta-se-apresenta-no-soumanaus-2023-e-deslocamento-de-jato-saindo-de-ibiza-na-europa-tera-compensacao-ambiental\/\",\"name\":\"David Guetta se apresenta no #SouManaus 2023 e deslocamento de jato, saindo de Ibiza, na Europa, ter\u00e1 compensa\u00e7\u00e3o ambiental\",\"isPartOf\":{\"@id\":\"https:\/\/www.manaus.am.gov.br\/manauscult\/#website\"},\"primaryImageOfPage\":{\"@id\":\"https:\/\/www.manaus.am.gov.br\/manauscult\/david-guetta-se-apresenta-no-soumanaus-2023-e-deslocamento-de-jato-saindo-de-ibiza-na-europa-tera-compensacao-ambiental\/#primaryimage\"},\"image\":{\"@id\":\"https:\/\/www.manaus.am.gov.br\/manauscult\/david-guetta-se-apresenta-no-soumanaus-2023-e-deslocamento-de-jato-saindo-de-ibiza-na-europa-tera-compensacao-ambiental\/#primaryimage\"},\"thumbnailUrl\":\"https:\/\/www.manaus.am.gov.br\/manauscult\/wp-content\/uploads\/sites\/11\/2023\/06\/Nota-1.png\",\"datePublished\":\"2023-08-30T09:52:46+00:00\",\"dateModified\":\"2023-08-30T09:52:47+00:00\",\"author\":{\"@id\":\"https:\/\/www.manaus.am.gov.br\/manauscult\/#\/schema\/person\/4e49f4e267757a06ca072ec61b2b9968\"},\"description\":\"Na Semana da P\u00e1tria, o DJ David Guetta estar\u00e1 na Amaz\u00f4nia, como a grande atra\u00e7\u00e3o do festival #SouManaus Passo a Pa\u00e7o 2023. O DJ e produtor musical franc\u00eas ir\u00e1 de Ibiza, na Espanha, para a capital do Amazonas, e o impacto ambiental gerado pelo deslocamento da estrela da m\u00fasica eletr\u00f4nica, em jatinho particular, ter\u00e1 compensa\u00e7\u00e3o ambiental. A Prefeitura de Manaus, promotora do evento, est\u00e1 adotando selo de sustentabilidade para a festa de tr\u00eas dias, de 5 a 7 de setembro, apoiando, assim, quatro unidades de conserva\u00e7\u00e3o na Amaz\u00f4nia.\",\"breadcrumb\":{\"@id\":\"https:\/\/www.manaus.am.gov.br\/manauscult\/david-guetta-se-apresenta-no-soumanaus-2023-e-deslocamento-de-jato-saindo-de-ibiza-na-europa-tera-compensacao-ambiental\/#breadcrumb\"},\"inLanguage\":\"pt-BR\",\"potentialAction\":[{\"@type\":\"ReadAction\",\"target\":[\"https:\/\/www.manaus.am.gov.br\/manauscult\/david-guetta-se-apresenta-no-soumanaus-2023-e-deslocamento-de-jato-saindo-de-ibiza-na-europa-tera-compensacao-ambiental\/\"]}]},{\"@type\":\"ImageObject\",\"inLanguage\":\"pt-BR\",\"@id\":\"https:\/\/www.manaus.am.gov.br\/manauscult\/david-guetta-se-apresenta-no-soumanaus-2023-e-deslocamento-de-jato-saindo-de-ibiza-na-europa-tera-compensacao-ambiental\/#primaryimage\",\"url\":\"https:\/\/www.manaus.am.gov.br\/manauscult\/wp-content\/uploads\/sites\/11\/2023\/06\/Nota-1.png\",\"contentUrl\":\"https:\/\/www.manaus.am.gov.br\/manauscult\/wp-content\/uploads\/sites\/11\/2023\/06\/Nota-1.png\",\"width\":900,\"height\":509},{\"@type\":\"BreadcrumbList\",\"@id\":\"https:\/\/www.manaus.am.gov.br\/manauscult\/david-guetta-se-apresenta-no-soumanaus-2023-e-deslocamento-de-jato-saindo-de-ibiza-na-europa-tera-compensacao-ambiental\/#breadcrumb\",\"itemListElement\":[{\"@type\":\"ListItem\",\"position\":1,\"name\":\"Home\",\"item\":\"https:\/\/www.manaus.am.gov.br\/manauscult\/\"},{\"@type\":\"ListItem\",\"position\":2,\"name\":\"David Guetta se apresenta no #SouManaus 2023 e deslocamento de jato, saindo de Ibiza, na Europa, ter\u00e1 compensa\u00e7\u00e3o ambiental\"}]},{\"@type\":\"WebSite\",\"@id\":\"https:\/\/www.manaus.am.gov.br\/manauscult\/#website\",\"url\":\"https:\/\/www.manaus.am.gov.br\/manauscult\/\",\"name\":\"MANAUSCULT\",\"description\":\"Prefeitura de Manaus\",\"potentialAction\":[{\"@type\":\"SearchAction\",\"target\":{\"@type\":\"EntryPoint\",\"urlTemplate\":\"https:\/\/www.manaus.am.gov.br\/manauscult\/?s={search_term_string}\"},\"query-input\":\"required name=search_term_string\"}],\"inLanguage\":\"pt-BR\"},{\"@type\":\"Person\",\"@id\":\"https:\/\/www.manaus.am.gov.br\/manauscult\/#\/schema\/person\/4e49f4e267757a06ca072ec61b2b9968\",\"name\":\"Adriana Costa\",\"image\":{\"@type\":\"ImageObject\",\"inLanguage\":\"pt-BR\",\"@id\":\"https:\/\/www.manaus.am.gov.br\/manauscult\/#\/schema\/person\/image\/\",\"url\":\"https:\/\/secure.gravatar.com\/avatar\/576258617ef7194f718179e766d57bd4?s=96&d=mm&r=g\",\"contentUrl\":\"https:\/\/secure.gravatar.com\/avatar\/576258617ef7194f718179e766d57bd4?s=96&d=mm&r=g\",\"caption\":\"Adriana Costa\"}}]}<\/script>\n<!-- \/ Yoast SEO plugin. -->","yoast_head_json":{"title":"David Guetta se apresenta no #SouManaus 2023 e deslocamento de jato, saindo de Ibiza, na Europa, ter\u00e1 compensa\u00e7\u00e3o ambiental","description":"Na Semana da P\u00e1tria, o DJ David Guetta estar\u00e1 na Amaz\u00f4nia, como a grande atra\u00e7\u00e3o do festival #SouManaus Passo a Pa\u00e7o 2023. O DJ e produtor musical franc\u00eas ir\u00e1 de Ibiza, na Espanha, para a capital do Amazonas, e o impacto ambiental gerado pelo deslocamento da estrela da m\u00fasica eletr\u00f4nica, em jatinho particular, ter\u00e1 compensa\u00e7\u00e3o ambiental. A Prefeitura de Manaus, promotora do evento, est\u00e1 adotando selo de sustentabilidade para a festa de tr\u00eas dias, de 5 a 7 de setembro, apoiando, assim, quatro unidades de conserva\u00e7\u00e3o na Amaz\u00f4nia.","robots":{"index":"noindex","follow":"follow"},"og_locale":"pt_BR","og_type":"article","og_title":"David Guetta se apresenta no #SouManaus 2023 e deslocamento de jato, saindo de Ibiza, na Europa, ter\u00e1 compensa\u00e7\u00e3o ambiental","og_description":"Na Semana da P\u00e1tria, o DJ David Guetta estar\u00e1 na Amaz\u00f4nia, como a grande atra\u00e7\u00e3o do festival #SouManaus Passo a Pa\u00e7o 2023. O DJ e produtor musical franc\u00eas ir\u00e1 de Ibiza, na Espanha, para a capital do Amazonas, e o impacto ambiental gerado pelo deslocamento da estrela da m\u00fasica eletr\u00f4nica, em jatinho particular, ter\u00e1 compensa\u00e7\u00e3o ambiental. A Prefeitura de Manaus, promotora do evento, est\u00e1 adotando selo de sustentabilidade para a festa de tr\u00eas dias, de 5 a 7 de setembro, apoiando, assim, quatro unidades de conserva\u00e7\u00e3o na Amaz\u00f4nia.","og_url":"https:\/\/www.manaus.am.gov.br\/manauscult\/david-guetta-se-apresenta-no-soumanaus-2023-e-deslocamento-de-jato-saindo-de-ibiza-na-europa-tera-compensacao-ambiental\/","og_site_name":"MANAUSCULT","article_published_time":"2023-08-30T09:52:46+00:00","article_modified_time":"2023-08-30T09:52:47+00:00","og_image":[{"width":900,"height":509,"url":"https:\/\/www.manaus.am.gov.br\/manauscult\/wp-content\/uploads\/sites\/11\/2023\/06\/Nota-1.png","type":"image\/png"}],"author":"Adriana Costa","twitter_card":"summary_large_image","twitter_misc":{"Written by":"Adriana Costa","Est. reading time":"2 minutos"},"schema":{"@context":"https:\/\/schema.org","@graph":[{"@type":"WebPage","@id":"https:\/\/www.manaus.am.gov.br\/manauscult\/david-guetta-se-apresenta-no-soumanaus-2023-e-deslocamento-de-jato-saindo-de-ibiza-na-europa-tera-compensacao-ambiental\/","url":"https:\/\/www.manaus.am.gov.br\/manauscult\/david-guetta-se-apresenta-no-soumanaus-2023-e-deslocamento-de-jato-saindo-de-ibiza-na-europa-tera-compensacao-ambiental\/","name":"David Guetta se apresenta no #SouManaus 2023 e deslocamento de jato, saindo de Ibiza, na Europa, ter\u00e1 compensa\u00e7\u00e3o ambiental","isPartOf":{"@id":"https:\/\/www.manaus.am.gov.br\/manauscult\/#website"},"primaryImageOfPage":{"@id":"https:\/\/www.manaus.am.gov.br\/manauscult\/david-guetta-se-apresenta-no-soumanaus-2023-e-deslocamento-de-jato-saindo-de-ibiza-na-europa-tera-compensacao-ambiental\/#primaryimage"},"image":{"@id":"https:\/\/www.manaus.am.gov.br\/manauscult\/david-guetta-se-apresenta-no-soumanaus-2023-e-deslocamento-de-jato-saindo-de-ibiza-na-europa-tera-compensacao-ambiental\/#primaryimage"},"thumbnailUrl":"https:\/\/www.manaus.am.gov.br\/manauscult\/wp-content\/uploads\/sites\/11\/2023\/06\/Nota-1.png","datePublished":"2023-08-30T09:52:46+00:00","dateModified":"2023-08-30T09:52:47+00:00","author":{"@id":"https:\/\/www.manaus.am.gov.br\/manauscult\/#\/schema\/person\/4e49f4e267757a06ca072ec61b2b9968"},"description":"Na Semana da P\u00e1tria, o DJ David Guetta estar\u00e1 na Amaz\u00f4nia, como a grande atra\u00e7\u00e3o do festival #SouManaus Passo a Pa\u00e7o 2023. O DJ e produtor musical franc\u00eas ir\u00e1 de Ibiza, na Espanha, para a capital do Amazonas, e o impacto ambiental gerado pelo deslocamento da estrela da m\u00fasica eletr\u00f4nica, em jatinho particular, ter\u00e1 compensa\u00e7\u00e3o ambiental. A Prefeitura de Manaus, promotora do evento, est\u00e1 adotando selo de sustentabilidade para a festa de tr\u00eas dias, de 5 a 7 de setembro, apoiando, assim, quatro unidades de conserva\u00e7\u00e3o na Amaz\u00f4nia.","breadcrumb":{"@id":"https:\/\/www.manaus.am.gov.br\/manauscult\/david-guetta-se-apresenta-no-soumanaus-2023-e-deslocamento-de-jato-saindo-de-ibiza-na-europa-tera-compensacao-ambiental\/#breadcrumb"},"inLanguage":"pt-BR","potentialAction":[{"@type":"ReadAction","target":["https:\/\/www.manaus.am.gov.br\/manauscult\/david-guetta-se-apresenta-no-soumanaus-2023-e-deslocamento-de-jato-saindo-de-ibiza-na-europa-tera-compensacao-ambiental\/"]}]},{"@type":"ImageObject","inLanguage":"pt-BR","@id":"https:\/\/www.manaus.am.gov.br\/manauscult\/david-guetta-se-apresenta-no-soumanaus-2023-e-deslocamento-de-jato-saindo-de-ibiza-na-europa-tera-compensacao-ambiental\/#primaryimage","url":"https:\/\/www.manaus.am.gov.br\/manauscult\/wp-content\/uploads\/sites\/11\/2023\/06\/Nota-1.png","contentUrl":"https:\/\/www.manaus.am.gov.br\/manauscult\/wp-content\/uploads\/sites\/11\/2023\/06\/Nota-1.png","width":900,"height":509},{"@type":"BreadcrumbList","@id":"https:\/\/www.manaus.am.gov.br\/manauscult\/david-guetta-se-apresenta-no-soumanaus-2023-e-deslocamento-de-jato-saindo-de-ibiza-na-europa-tera-compensacao-ambiental\/#breadcrumb","itemListElement":[{"@type":"ListItem","position":1,"name":"Home","item":"https:\/\/www.manaus.am.gov.br\/manauscult\/"},{"@type":"ListItem","position":2,"name":"David Guetta se apresenta no #SouManaus 2023 e deslocamento de jato, saindo de Ibiza, na Europa, ter\u00e1 compensa\u00e7\u00e3o ambiental"}]},{"@type":"WebSite","@id":"https:\/\/www.manaus.am.gov.br\/manauscult\/#website","url":"https:\/\/www.manaus.am.gov.br\/manauscult\/","name":"MANAUSCULT","description":"Prefeitura de Manaus","potentialAction":[{"@type":"SearchAction","target":{"@type":"EntryPoint","urlTemplate":"https:\/\/www.manaus.am.gov.br\/manauscult\/?s={search_term_string}"},"query-input":"required name=search_term_string"}],"inLanguage":"pt-BR"},{"@type":"Person","@id":"https:\/\/www.manaus.am.gov.br\/manauscult\/#\/schema\/person\/4e49f4e267757a06ca072ec61b2b9968","name":"Adriana Costa","image":{"@type":"ImageObject","inLanguage":"pt-BR","@id":"https:\/\/www.manaus.am.gov.br\/manauscult\/#\/schema\/person\/image\/","url":"https:\/\/secure.gravatar.com\/avatar\/576258617ef7194f718179e766d57bd4?s=96&d=mm&r=g","contentUrl":"https:\/\/secure.gravatar.com\/avatar\/576258617ef7194f718179e766d57bd4?s=96&d=mm&r=g","caption":"Adriana Costa"}}]}},"_links":{"self":[{"href":"https:\/\/www.manaus.am.gov.br\/manauscult\/wp-json\/wp\/v2\/posts\/1255"}],"collection":[{"href":"https:\/\/www.manaus.am.gov.br\/manauscult\/wp-json\/wp\/v2\/posts"}],"about":[{"href":"https:\/\/www.manaus.am.gov.br\/manauscult\/wp-json\/wp\/v2\/types\/post"}],"author":[{"embeddable":true,"href":"https:\/\/www.manaus.am.gov.br\/manauscult\/wp-json\/wp\/v2\/users\/23"}],"replies":[{"embeddable":true,"href":"https:\/\/www.manaus.am.gov.br\/manauscult\/wp-json\/wp\/v2\/comments?post=1255"}],"version-history":[{"count":0,"href":"https:\/\/www.manaus.am.gov.br\/manauscult\/wp-json\/wp\/v2\/posts\/1255\/revisions"}],"wp:featuredmedia":[{"embeddable":true,"href":"https:\/\/www.manaus.am.gov.br\/manauscult\/wp-json\/wp\/v2\/media\/861"}],"wp:attachment":[{"href":"https:\/\/www.manaus.am.gov.br\/manauscult\/wp-json\/wp\/v2\/media?parent=1255"}],"wp:term":[{"taxonomy":"category","embeddable":true,"href":"https:\/\/www.manaus.am.gov.br\/manauscult\/wp-json\/wp\/v2\/categories?post=1255"},{"taxonomy":"post_tag","embeddable":true,"href":"https:\/\/www.manaus.am.gov.br\/manauscult\/wp-json\/wp\/v2\/tags?post=1255"}],"curies":[{"name":"wp","href":"https:\/\/api.w.org\/{rel}","templated":true}]}}