{"id":1252,"date":"2023-08-28T20:36:07","date_gmt":"2023-08-29T00:36:07","guid":{"rendered":"https:\/\/www.manaus.am.gov.br\/manauscult\/prefeito-anuncia-r-22-milhoes-em-patrocinios-privados-e-apoios-para-o-soumanaus-2023-e-enfatiza-importancia-de-pensar-manaus-como-referencia-mundial\/"},"modified":"2023-08-28T20:41:53","modified_gmt":"2023-08-29T00:41:53","slug":"prefeito-anuncia-r-22-milhoes-em-patrocinios-privados-e-apoios-para-o-soumanaus-2023-e-enfatiza-importancia-de-pensar-manaus-como-referencia-mundial","status":"publish","type":"post","link":"https:\/\/www.manaus.am.gov.br\/manauscult\/prefeito-anuncia-r-22-milhoes-em-patrocinios-privados-e-apoios-para-o-soumanaus-2023-e-enfatiza-importancia-de-pensar-manaus-como-referencia-mundial\/","title":{"rendered":"<strong>Prefeito anuncia R$ 22 milh\u00f5es em patroc\u00ednios privados e apoios para o \u2018#SouManaus 2023\u2019 e enfatiza import\u00e2ncia de pensar Manaus como refer\u00eancia mundial<\/strong>"},"content":{"rendered":"\n<p>O prefeito de Manaus, David Almeida, anunciou, na tarde desta segunda-feira, 28\/8, a lista completa dos patrocinadores privados e apoios que v\u00e3o investir, no total, R$ 22 milh\u00f5es para a realiza\u00e7\u00e3o do \u201c#SouManaus Passo a Pa\u00e7o 2023\u201d. Salientando a presen\u00e7a do DJ David Guetta e mais 13 atra\u00e7\u00f5es nacionais, o chefe do Executivo municipal destacou a import\u00e2ncia de pensar grande para Manaus, tornando a cidade uma refer\u00eancia para o mundo e deixando no passado a express\u00e3o \u201cPorto de Lenha\u201d, eternizada pelo poeta Torrinho.<\/p>\n\n\n\n<p>\u201cManaus n\u00e3o \u00e9 mais um \u2018Porto de Lenha\u2019 como na m\u00fasica do Torrinho. Manaus \u00e9 a sexta ou s\u00e9tima cidade do Brasil e precisamos pensar desta forma. Temos que colocar Manaus para cima como protagonista. O evento ter\u00e1 o custo aproximado de R$ 28 milh\u00f5es, sendo que R$ 22 milh\u00f5es ser\u00e3o pagos pelos patrocinadores privados e apoios. Assim, o poder p\u00fablico ir\u00e1 arcar com R$ 6 milh\u00f5es, valor referente a menos da metade do que estava or\u00e7ado na LOA 2023, que era de R$ 13 milh\u00f5es\u201d, enfatizou Almeida.<\/p>\n\n\n\n<p>Essa ser\u00e1 a primeira vez que a Prefeitura de Manaus realizar\u00e1 um evento com a maior parte dos recursos oriundos do setor privado, fato que confirma o compromisso da atual gest\u00e3o do prefeito David Almeida em respeitar o dinheiro p\u00fablico.<\/p>\n\n\n\n<p>David Almeida fez quest\u00e3o de salientar o crescimento do festival em sua segunda edi\u00e7\u00e3o com a nova roupagem. Prova disso \u00e9 que a expectativa \u00e9 de 150 mil pessoas por noite em um complexo de mais de 44 mil metros quadrados, com 10 \u00e1reas de ocupa\u00e7\u00e3o, sendo 7 palcos.<\/p>\n\n\n\n<p>Outro ponto citado foi a parceria p\u00fablico-privada estabelecida para o festival. David Almeida usou exemplos como do Carnaval de Salvador e Festival de Parintins, onde uma parte dos ingressos tamb\u00e9m \u00e9 comercializado, o que proporciona a oportunidade de investir em maiores atra\u00e7\u00f5es para o p\u00fablico.<\/p>\n\n\n\n<p>\u201cNo ano passado, t\u00ednhamos o palco principal para 40 mil pessoas. Agora esse palco foi para 60 mil. O da Alf\u00e2ndega, eram 12 mil e agora vamos para 20 mil. Vale ressaltar que as pulseiras e os ingressos s\u00e3o apenas para o acesso aos palcos, mas todas as demais \u00e1reas s\u00e3o abertas ao p\u00fablico. Foram muitas mentiras espalhadas nos \u00faltimos dias. De 150 mil pessoas di\u00e1ria, teremos a venda de apenas 2,5 mil ingressos. Apenas com o valor pago por esta empresa que participou do edital, n\u00f3s pagamos todos os artistas locais e gospel\u201d, informou.<\/p>\n\n\n\n<p><strong>Valoriza\u00e7\u00e3o do Artista Local<\/strong><\/p>\n\n\n\n<p>A Prefeitura de Manaus, por meio da Manauscult, aumentou em mais de 580% o n\u00famero de artistas locais em rela\u00e7\u00e3o a primeira edi\u00e7\u00e3o, em 2015, onde apenas 12 artistas locais estiverem envolvidos.<\/p>\n\n\n\n<p>Nesta edi\u00e7\u00e3o, s\u00e3o mais de 700 trabalhadores da cultura, distribu\u00eddos em 9 segmentos, representados, legalmente, por 70 bandas, entre pessoas f\u00edsicas e jur\u00eddicas.<\/p>\n\n\n\n<p>Outro ponto positivo ressaltado por David Almeida \u00e9 a cria\u00e7\u00e3o de mais de 5 mil empregos diretos e indiretos. Ser\u00e3o 70 artistas musicais, 700 trabalhadores da cultura, 160 trabalhadores da cenografia. 75 artes\u00e3os, 200 manipuladores de alimentos na Pra\u00e7a de Alimenta\u00e7\u00e3o e Feira da Semacc &#8211; Secretaria Municipal de Agricultura, Abastecimento, Centro e Com\u00e9rcio Informal, e 2.5 mil prestadores de servi\u00e7os.<\/p>\n\n\n\n<p><strong>Patrocinadores e apoiadores<\/strong><\/p>\n\n\n\n<p>No total, o #SouManaus 2023 contar\u00e1 com 19 patrocinadores e 8 apoiadores. S\u00e3o eles:<\/p>\n\n\n\n<p><strong>Patrocinadores<\/strong><\/p>\n\n\n\n<p>1. BRADESCO<\/p>\n\n\n\n<p>2. HONDA<\/p>\n\n\n\n<p>3. HAPVIDA<\/p>\n\n\n\n<p>4. AMAZONAS ENERGIA<\/p>\n\n\n\n<p>5. ATEM<\/p>\n\n\n\n<p>6. AVANCARD<\/p>\n\n\n\n<p>7. BFX ELETR\u00d4NICOS<\/p>\n\n\n\n<p>8. NORTE AMBIENTAL<\/p>\n\n\n\n<p>9. SUPERMERCADOS NOVA ERA<\/p>\n\n\n\n<p>10. CONSTRUTORA POMAR<\/p>\n\n\n\n<p>11. POSITIVO TECNOLOGIA<\/p>\n\n\n\n<p>12. SANTO REM\u00c9DIO<\/p>\n\n\n\n<p>13. DM DE AGUIAR &amp; CIA LTDA<\/p>\n\n\n\n<p>14. TCL SEMP<\/p>\n\n\n\n<p>15. MK BR S.A. \u2013 AIWA<\/p>\n\n\n\n<p>16. J F de S TELES<\/p>\n\n\n\n<p>17. H.P. LOG\u00cdSTICA E NAVEGA\u00c7\u00c3O<\/p>\n\n\n\n<p>18. EXECUTIVO SEGUROS E BENEF\u00cdCIOS<\/p>\n\n\n\n<p>19. AUTO POSTO BRASIL<\/p>\n\n\n\n<p><strong>Rela\u00e7\u00e3o de Apoiadores<\/strong><\/p>\n\n\n\n<p>1. \u00c1GUAS DE MANAUS<\/p>\n\n\n\n<p>2. GAIA ECO<\/p>\n\n\n\n<p>3. TUMPEX<\/p>\n\n\n\n<p>4. VINCI AIRPORTS<\/p>\n\n\n\n<p>5. MANAUARA SHOPPING<\/p>\n\n\n\n<p>6. TRAKTO<\/p>\n\n\n\n<p>7. FEDERA\u00c7\u00c3O DAS IND\u00daSTRIAS DO ESTADO DO AMAZONAS (FIEAM)<\/p>\n\n\n\n<p>8. SECRETARIA DE CULTURA E ECONOMIA CRIATIVA (GOVERNO DO AMAZONAS<\/p>\n\n\n\n<p>&#8212; &#8212; &#8212;<\/p>\n\n\n\n<p><strong>Texto &#8211;<\/strong> Thiago Fernando \/ Semcom<\/p>\n\n\n\n<p><strong>Fotos \u2013 <\/strong>Jo\u00e3o Viana e Ruan Souza \/ Semcom<\/p>\n\n\n\n<p><strong>Dispon\u00edveis em &#8211; <\/strong><a href=\"https:\/\/flic.kr\/s\/aHBqjASHkL\">https:\/\/flic.kr\/s\/aHBqjASHkL<\/a><\/p>\n","protected":false},"excerpt":{"rendered":"","protected":false},"author":39,"featured_media":1253,"comment_status":"closed","ping_status":"closed","sticky":false,"template":"","format":"standard","meta":{"footnotes":""},"categories":[39],"tags":[496,497,498,499,500,67,501,502,11,503],"acf":[],"yoast_head":"<!-- This site is optimized with the Yoast SEO plugin v23.0 - https:\/\/yoast.com\/wordpress\/plugins\/seo\/ -->\n<title>Prefeito anuncia R$ 22 milh\u00f5es em patroc\u00ednios privados e apoios para o \u2018#SouManaus 2023\u2019 e enfatiza import\u00e2ncia de pensar Manaus como refer\u00eancia mundial<\/title>\n<meta name=\"description\" content=\"O prefeito de Manaus, David Almeida, anunciou, na tarde desta segunda-feira, 28\/8, a lista completa dos patrocinadores privados e apoios que v\u00e3o investir, no total, R$ 22 milh\u00f5es para a realiza\u00e7\u00e3o do \u201c#SouManaus Passo a Pa\u00e7o 2023\u201d.\" \/>\n<meta name=\"robots\" content=\"noindex, follow\" \/>\n<meta property=\"og:locale\" content=\"pt_BR\" \/>\n<meta property=\"og:type\" content=\"article\" \/>\n<meta property=\"og:title\" content=\"Prefeito anuncia R$ 22 milh\u00f5es em patroc\u00ednios privados e apoios para o \u2018#SouManaus 2023\u2019 e enfatiza import\u00e2ncia de pensar Manaus como refer\u00eancia mundial\" \/>\n<meta property=\"og:description\" content=\"O prefeito de Manaus, David Almeida, anunciou, na tarde desta segunda-feira, 28\/8, a lista completa dos patrocinadores privados e apoios que v\u00e3o investir, no total, R$ 22 milh\u00f5es para a realiza\u00e7\u00e3o do \u201c#SouManaus Passo a Pa\u00e7o 2023\u201d.\" \/>\n<meta property=\"og:url\" content=\"https:\/\/www.manaus.am.gov.br\/manauscult\/prefeito-anuncia-r-22-milhoes-em-patrocinios-privados-e-apoios-para-o-soumanaus-2023-e-enfatiza-importancia-de-pensar-manaus-como-referencia-mundial\/\" \/>\n<meta property=\"og:site_name\" content=\"MANAUSCULT\" \/>\n<meta property=\"article:published_time\" content=\"2023-08-29T00:36:07+00:00\" \/>\n<meta property=\"article:modified_time\" content=\"2023-08-29T00:41:53+00:00\" \/>\n<meta property=\"og:image\" content=\"https:\/\/www.manaus.am.gov.br\/manauscult\/wp-content\/uploads\/sites\/11\/2023\/08\/53149047089_de059d5805_k.jpg\" \/>\n\t<meta property=\"og:image:width\" content=\"2047\" \/>\n\t<meta property=\"og:image:height\" content=\"1365\" \/>\n\t<meta property=\"og:image:type\" content=\"image\/jpeg\" \/>\n<meta name=\"author\" content=\"Bruna Greco\" \/>\n<meta name=\"twitter:card\" content=\"summary_large_image\" \/>\n<meta name=\"twitter:label1\" content=\"Written by\" \/>\n\t<meta name=\"twitter:data1\" content=\"Bruna Greco\" \/>\n\t<meta name=\"twitter:label2\" content=\"Est. reading time\" \/>\n\t<meta name=\"twitter:data2\" content=\"4 minutos\" \/>\n<script type=\"application\/ld+json\" class=\"yoast-schema-graph\">{\"@context\":\"https:\/\/schema.org\",\"@graph\":[{\"@type\":\"WebPage\",\"@id\":\"https:\/\/www.manaus.am.gov.br\/manauscult\/prefeito-anuncia-r-22-milhoes-em-patrocinios-privados-e-apoios-para-o-soumanaus-2023-e-enfatiza-importancia-de-pensar-manaus-como-referencia-mundial\/\",\"url\":\"https:\/\/www.manaus.am.gov.br\/manauscult\/prefeito-anuncia-r-22-milhoes-em-patrocinios-privados-e-apoios-para-o-soumanaus-2023-e-enfatiza-importancia-de-pensar-manaus-como-referencia-mundial\/\",\"name\":\"Prefeito anuncia R$ 22 milh\u00f5es em patroc\u00ednios privados e apoios para o \u2018#SouManaus 2023\u2019 e enfatiza import\u00e2ncia de pensar Manaus como refer\u00eancia mundial\",\"isPartOf\":{\"@id\":\"https:\/\/www.manaus.am.gov.br\/manauscult\/#website\"},\"primaryImageOfPage\":{\"@id\":\"https:\/\/www.manaus.am.gov.br\/manauscult\/prefeito-anuncia-r-22-milhoes-em-patrocinios-privados-e-apoios-para-o-soumanaus-2023-e-enfatiza-importancia-de-pensar-manaus-como-referencia-mundial\/#primaryimage\"},\"image\":{\"@id\":\"https:\/\/www.manaus.am.gov.br\/manauscult\/prefeito-anuncia-r-22-milhoes-em-patrocinios-privados-e-apoios-para-o-soumanaus-2023-e-enfatiza-importancia-de-pensar-manaus-como-referencia-mundial\/#primaryimage\"},\"thumbnailUrl\":\"https:\/\/www.manaus.am.gov.br\/manauscult\/wp-content\/uploads\/sites\/11\/2023\/08\/53149047089_de059d5805_k.jpg\",\"datePublished\":\"2023-08-29T00:36:07+00:00\",\"dateModified\":\"2023-08-29T00:41:53+00:00\",\"author\":{\"@id\":\"https:\/\/www.manaus.am.gov.br\/manauscult\/#\/schema\/person\/05d223aea2bf115f9883a6ff3683d81b\"},\"description\":\"O prefeito de Manaus, David Almeida, anunciou, na tarde desta segunda-feira, 28\/8, a lista completa dos patrocinadores privados e apoios que v\u00e3o investir, no total, R$ 22 milh\u00f5es para a realiza\u00e7\u00e3o do \u201c#SouManaus Passo a Pa\u00e7o 2023\u201d.\",\"breadcrumb\":{\"@id\":\"https:\/\/www.manaus.am.gov.br\/manauscult\/prefeito-anuncia-r-22-milhoes-em-patrocinios-privados-e-apoios-para-o-soumanaus-2023-e-enfatiza-importancia-de-pensar-manaus-como-referencia-mundial\/#breadcrumb\"},\"inLanguage\":\"pt-BR\",\"potentialAction\":[{\"@type\":\"ReadAction\",\"target\":[\"https:\/\/www.manaus.am.gov.br\/manauscult\/prefeito-anuncia-r-22-milhoes-em-patrocinios-privados-e-apoios-para-o-soumanaus-2023-e-enfatiza-importancia-de-pensar-manaus-como-referencia-mundial\/\"]}]},{\"@type\":\"ImageObject\",\"inLanguage\":\"pt-BR\",\"@id\":\"https:\/\/www.manaus.am.gov.br\/manauscult\/prefeito-anuncia-r-22-milhoes-em-patrocinios-privados-e-apoios-para-o-soumanaus-2023-e-enfatiza-importancia-de-pensar-manaus-como-referencia-mundial\/#primaryimage\",\"url\":\"https:\/\/www.manaus.am.gov.br\/manauscult\/wp-content\/uploads\/sites\/11\/2023\/08\/53149047089_de059d5805_k.jpg\",\"contentUrl\":\"https:\/\/www.manaus.am.gov.br\/manauscult\/wp-content\/uploads\/sites\/11\/2023\/08\/53149047089_de059d5805_k.jpg\",\"width\":2047,\"height\":1365},{\"@type\":\"BreadcrumbList\",\"@id\":\"https:\/\/www.manaus.am.gov.br\/manauscult\/prefeito-anuncia-r-22-milhoes-em-patrocinios-privados-e-apoios-para-o-soumanaus-2023-e-enfatiza-importancia-de-pensar-manaus-como-referencia-mundial\/#breadcrumb\",\"itemListElement\":[{\"@type\":\"ListItem\",\"position\":1,\"name\":\"Home\",\"item\":\"https:\/\/www.manaus.am.gov.br\/manauscult\/\"},{\"@type\":\"ListItem\",\"position\":2,\"name\":\"Prefeito anuncia R$ 22 milh\u00f5es em patroc\u00ednios privados e apoios para o \u2018#SouManaus 2023\u2019 e enfatiza import\u00e2ncia de pensar Manaus como refer\u00eancia mundial\"}]},{\"@type\":\"WebSite\",\"@id\":\"https:\/\/www.manaus.am.gov.br\/manauscult\/#website\",\"url\":\"https:\/\/www.manaus.am.gov.br\/manauscult\/\",\"name\":\"MANAUSCULT\",\"description\":\"Prefeitura de Manaus\",\"potentialAction\":[{\"@type\":\"SearchAction\",\"target\":{\"@type\":\"EntryPoint\",\"urlTemplate\":\"https:\/\/www.manaus.am.gov.br\/manauscult\/?s={search_term_string}\"},\"query-input\":\"required name=search_term_string\"}],\"inLanguage\":\"pt-BR\"},{\"@type\":\"Person\",\"@id\":\"https:\/\/www.manaus.am.gov.br\/manauscult\/#\/schema\/person\/05d223aea2bf115f9883a6ff3683d81b\",\"name\":\"Bruna Greco\",\"image\":{\"@type\":\"ImageObject\",\"inLanguage\":\"pt-BR\",\"@id\":\"https:\/\/www.manaus.am.gov.br\/manauscult\/#\/schema\/person\/image\/\",\"url\":\"https:\/\/secure.gravatar.com\/avatar\/9c877d1a6adc2a055330e5c09a8653ce?s=96&d=mm&r=g\",\"contentUrl\":\"https:\/\/secure.gravatar.com\/avatar\/9c877d1a6adc2a055330e5c09a8653ce?s=96&d=mm&r=g\",\"caption\":\"Bruna Greco\"}}]}<\/script>\n<!-- \/ Yoast SEO plugin. -->","yoast_head_json":{"title":"Prefeito anuncia R$ 22 milh\u00f5es em patroc\u00ednios privados e apoios para o \u2018#SouManaus 2023\u2019 e enfatiza import\u00e2ncia de pensar Manaus como refer\u00eancia mundial","description":"O prefeito de Manaus, David Almeida, anunciou, na tarde desta segunda-feira, 28\/8, a lista completa dos patrocinadores privados e apoios que v\u00e3o investir, no total, R$ 22 milh\u00f5es para a realiza\u00e7\u00e3o do \u201c#SouManaus Passo a Pa\u00e7o 2023\u201d.","robots":{"index":"noindex","follow":"follow"},"og_locale":"pt_BR","og_type":"article","og_title":"Prefeito anuncia R$ 22 milh\u00f5es em patroc\u00ednios privados e apoios para o \u2018#SouManaus 2023\u2019 e enfatiza import\u00e2ncia de pensar Manaus como refer\u00eancia mundial","og_description":"O prefeito de Manaus, David Almeida, anunciou, na tarde desta segunda-feira, 28\/8, a lista completa dos patrocinadores privados e apoios que v\u00e3o investir, no total, R$ 22 milh\u00f5es para a realiza\u00e7\u00e3o do \u201c#SouManaus Passo a Pa\u00e7o 2023\u201d.","og_url":"https:\/\/www.manaus.am.gov.br\/manauscult\/prefeito-anuncia-r-22-milhoes-em-patrocinios-privados-e-apoios-para-o-soumanaus-2023-e-enfatiza-importancia-de-pensar-manaus-como-referencia-mundial\/","og_site_name":"MANAUSCULT","article_published_time":"2023-08-29T00:36:07+00:00","article_modified_time":"2023-08-29T00:41:53+00:00","og_image":[{"width":2047,"height":1365,"url":"https:\/\/www.manaus.am.gov.br\/manauscult\/wp-content\/uploads\/sites\/11\/2023\/08\/53149047089_de059d5805_k.jpg","type":"image\/jpeg"}],"author":"Bruna Greco","twitter_card":"summary_large_image","twitter_misc":{"Written by":"Bruna Greco","Est. reading time":"4 minutos"},"schema":{"@context":"https:\/\/schema.org","@graph":[{"@type":"WebPage","@id":"https:\/\/www.manaus.am.gov.br\/manauscult\/prefeito-anuncia-r-22-milhoes-em-patrocinios-privados-e-apoios-para-o-soumanaus-2023-e-enfatiza-importancia-de-pensar-manaus-como-referencia-mundial\/","url":"https:\/\/www.manaus.am.gov.br\/manauscult\/prefeito-anuncia-r-22-milhoes-em-patrocinios-privados-e-apoios-para-o-soumanaus-2023-e-enfatiza-importancia-de-pensar-manaus-como-referencia-mundial\/","name":"Prefeito anuncia R$ 22 milh\u00f5es em patroc\u00ednios privados e apoios para o \u2018#SouManaus 2023\u2019 e enfatiza import\u00e2ncia de pensar Manaus como refer\u00eancia mundial","isPartOf":{"@id":"https:\/\/www.manaus.am.gov.br\/manauscult\/#website"},"primaryImageOfPage":{"@id":"https:\/\/www.manaus.am.gov.br\/manauscult\/prefeito-anuncia-r-22-milhoes-em-patrocinios-privados-e-apoios-para-o-soumanaus-2023-e-enfatiza-importancia-de-pensar-manaus-como-referencia-mundial\/#primaryimage"},"image":{"@id":"https:\/\/www.manaus.am.gov.br\/manauscult\/prefeito-anuncia-r-22-milhoes-em-patrocinios-privados-e-apoios-para-o-soumanaus-2023-e-enfatiza-importancia-de-pensar-manaus-como-referencia-mundial\/#primaryimage"},"thumbnailUrl":"https:\/\/www.manaus.am.gov.br\/manauscult\/wp-content\/uploads\/sites\/11\/2023\/08\/53149047089_de059d5805_k.jpg","datePublished":"2023-08-29T00:36:07+00:00","dateModified":"2023-08-29T00:41:53+00:00","author":{"@id":"https:\/\/www.manaus.am.gov.br\/manauscult\/#\/schema\/person\/05d223aea2bf115f9883a6ff3683d81b"},"description":"O prefeito de Manaus, David Almeida, anunciou, na tarde desta segunda-feira, 28\/8, a lista completa dos patrocinadores privados e apoios que v\u00e3o investir, no total, R$ 22 milh\u00f5es para a realiza\u00e7\u00e3o do \u201c#SouManaus Passo a Pa\u00e7o 2023\u201d.","breadcrumb":{"@id":"https:\/\/www.manaus.am.gov.br\/manauscult\/prefeito-anuncia-r-22-milhoes-em-patrocinios-privados-e-apoios-para-o-soumanaus-2023-e-enfatiza-importancia-de-pensar-manaus-como-referencia-mundial\/#breadcrumb"},"inLanguage":"pt-BR","potentialAction":[{"@type":"ReadAction","target":["https:\/\/www.manaus.am.gov.br\/manauscult\/prefeito-anuncia-r-22-milhoes-em-patrocinios-privados-e-apoios-para-o-soumanaus-2023-e-enfatiza-importancia-de-pensar-manaus-como-referencia-mundial\/"]}]},{"@type":"ImageObject","inLanguage":"pt-BR","@id":"https:\/\/www.manaus.am.gov.br\/manauscult\/prefeito-anuncia-r-22-milhoes-em-patrocinios-privados-e-apoios-para-o-soumanaus-2023-e-enfatiza-importancia-de-pensar-manaus-como-referencia-mundial\/#primaryimage","url":"https:\/\/www.manaus.am.gov.br\/manauscult\/wp-content\/uploads\/sites\/11\/2023\/08\/53149047089_de059d5805_k.jpg","contentUrl":"https:\/\/www.manaus.am.gov.br\/manauscult\/wp-content\/uploads\/sites\/11\/2023\/08\/53149047089_de059d5805_k.jpg","width":2047,"height":1365},{"@type":"BreadcrumbList","@id":"https:\/\/www.manaus.am.gov.br\/manauscult\/prefeito-anuncia-r-22-milhoes-em-patrocinios-privados-e-apoios-para-o-soumanaus-2023-e-enfatiza-importancia-de-pensar-manaus-como-referencia-mundial\/#breadcrumb","itemListElement":[{"@type":"ListItem","position":1,"name":"Home","item":"https:\/\/www.manaus.am.gov.br\/manauscult\/"},{"@type":"ListItem","position":2,"name":"Prefeito anuncia R$ 22 milh\u00f5es em patroc\u00ednios privados e apoios para o \u2018#SouManaus 2023\u2019 e enfatiza import\u00e2ncia de pensar Manaus como refer\u00eancia mundial"}]},{"@type":"WebSite","@id":"https:\/\/www.manaus.am.gov.br\/manauscult\/#website","url":"https:\/\/www.manaus.am.gov.br\/manauscult\/","name":"MANAUSCULT","description":"Prefeitura de Manaus","potentialAction":[{"@type":"SearchAction","target":{"@type":"EntryPoint","urlTemplate":"https:\/\/www.manaus.am.gov.br\/manauscult\/?s={search_term_string}"},"query-input":"required name=search_term_string"}],"inLanguage":"pt-BR"},{"@type":"Person","@id":"https:\/\/www.manaus.am.gov.br\/manauscult\/#\/schema\/person\/05d223aea2bf115f9883a6ff3683d81b","name":"Bruna Greco","image":{"@type":"ImageObject","inLanguage":"pt-BR","@id":"https:\/\/www.manaus.am.gov.br\/manauscult\/#\/schema\/person\/image\/","url":"https:\/\/secure.gravatar.com\/avatar\/9c877d1a6adc2a055330e5c09a8653ce?s=96&d=mm&r=g","contentUrl":"https:\/\/secure.gravatar.com\/avatar\/9c877d1a6adc2a055330e5c09a8653ce?s=96&d=mm&r=g","caption":"Bruna Greco"}}]}},"_links":{"self":[{"href":"https:\/\/www.manaus.am.gov.br\/manauscult\/wp-json\/wp\/v2\/posts\/1252"}],"collection":[{"href":"https:\/\/www.manaus.am.gov.br\/manauscult\/wp-json\/wp\/v2\/posts"}],"about":[{"href":"https:\/\/www.manaus.am.gov.br\/manauscult\/wp-json\/wp\/v2\/types\/post"}],"author":[{"embeddable":true,"href":"https:\/\/www.manaus.am.gov.br\/manauscult\/wp-json\/wp\/v2\/users\/39"}],"replies":[{"embeddable":true,"href":"https:\/\/www.manaus.am.gov.br\/manauscult\/wp-json\/wp\/v2\/comments?post=1252"}],"version-history":[{"count":1,"href":"https:\/\/www.manaus.am.gov.br\/manauscult\/wp-json\/wp\/v2\/posts\/1252\/revisions"}],"predecessor-version":[{"id":1254,"href":"https:\/\/www.manaus.am.gov.br\/manauscult\/wp-json\/wp\/v2\/posts\/1252\/revisions\/1254"}],"wp:featuredmedia":[{"embeddable":true,"href":"https:\/\/www.manaus.am.gov.br\/manauscult\/wp-json\/wp\/v2\/media\/1253"}],"wp:attachment":[{"href":"https:\/\/www.manaus.am.gov.br\/manauscult\/wp-json\/wp\/v2\/media?parent=1252"}],"wp:term":[{"taxonomy":"category","embeddable":true,"href":"https:\/\/www.manaus.am.gov.br\/manauscult\/wp-json\/wp\/v2\/categories?post=1252"},{"taxonomy":"post_tag","embeddable":true,"href":"https:\/\/www.manaus.am.gov.br\/manauscult\/wp-json\/wp\/v2\/tags?post=1252"}],"curies":[{"name":"wp","href":"https:\/\/api.w.org\/{rel}","templated":true}]}}