{"id":1248,"date":"2023-08-27T15:53:40","date_gmt":"2023-08-27T19:53:40","guid":{"rendered":"https:\/\/www.manaus.am.gov.br\/manauscult\/prefeitura-de-manaus-encerra-quarto-lote-de-pulseiras-para-o-sou-manaus-2023\/"},"modified":"2023-08-27T15:53:40","modified_gmt":"2023-08-27T19:53:40","slug":"prefeitura-de-manaus-encerra-quarto-lote-de-pulseiras-para-o-sou-manaus-2023","status":"publish","type":"post","link":"https:\/\/www.manaus.am.gov.br\/manauscult\/prefeitura-de-manaus-encerra-quarto-lote-de-pulseiras-para-o-sou-manaus-2023\/","title":{"rendered":"<strong>Prefeitura de Manaus encerra quarto lote de pulseiras para o #SouManaus 2023<\/strong>"},"content":{"rendered":"\n<p>Todos os quatro lotes de inscri\u00e7\u00e3o para os dois palcos, Guardi\u00e3o da Amaz\u00f4nia e Amazona, na \u00e1rea portu\u00e1ria de Manaus, para os dias 5 e 6 de setembro, foram esgotados neste domingo, 27\/8, conforme informou a Prefeitura de Manaus.<\/p>\n\n\n\n<p>No total, foram disponibilizadas 160 mil pulseiras, divididas em quatro lotes, em que as pessoas puderam se inscrever por dia e por palco, com a op\u00e7\u00e3o de realizarem a troca por um quilo de alimento n\u00e3o perec\u00edvel ou por garrafas PETs.<\/p>\n\n\n\n<p>Vale lembrar que a troca de pulseiras come\u00e7a nesta segunda-feira, 28\/8, para as pessoas que se inscreveram no primeiro lote. S\u00e3o cinco pontos de troca: Supermercados Nova Era &#8211; Torres, Silves, Torquato (Flores), Grande Circular, e na sede da Semulsp, na Compensa, para quem optou pelas garrafas PETs.<\/p>\n\n\n\n<p><\/p>\n","protected":false},"excerpt":{"rendered":"","protected":false},"author":52,"featured_media":861,"comment_status":"closed","ping_status":"closed","sticky":false,"template":"","format":"standard","meta":{"footnotes":""},"categories":[224],"tags":[168,9,11,323],"acf":[],"yoast_head":"<!-- This site is optimized with the Yoast SEO plugin v23.0 - https:\/\/yoast.com\/wordpress\/plugins\/seo\/ -->\n<title>Prefeitura de Manaus encerra quarto lote de pulseiras para o #SouManaus 2023<\/title>\n<meta name=\"description\" content=\"Todos os quatro lotes de inscri\u00e7\u00e3o para os dois palcos, Guardi\u00e3o da Amaz\u00f4nia e Amazona, na \u00e1rea portu\u00e1ria de Manaus.\" \/>\n<meta name=\"robots\" content=\"noindex, follow\" \/>\n<meta property=\"og:locale\" content=\"pt_BR\" \/>\n<meta property=\"og:type\" content=\"article\" \/>\n<meta property=\"og:title\" content=\"Prefeitura de Manaus encerra quarto lote de pulseiras para o #SouManaus 2023\" \/>\n<meta property=\"og:description\" content=\"Todos os quatro lotes de inscri\u00e7\u00e3o para os dois palcos, Guardi\u00e3o da Amaz\u00f4nia e Amazona, na \u00e1rea portu\u00e1ria de Manaus.\" \/>\n<meta property=\"og:url\" content=\"https:\/\/www.manaus.am.gov.br\/manauscult\/prefeitura-de-manaus-encerra-quarto-lote-de-pulseiras-para-o-sou-manaus-2023\/\" \/>\n<meta property=\"og:site_name\" content=\"MANAUSCULT\" \/>\n<meta property=\"article:published_time\" content=\"2023-08-27T19:53:40+00:00\" \/>\n<meta property=\"og:image\" content=\"https:\/\/www.manaus.am.gov.br\/manauscult\/wp-content\/uploads\/sites\/11\/2023\/06\/Nota-1.png\" \/>\n\t<meta property=\"og:image:width\" content=\"900\" \/>\n\t<meta property=\"og:image:height\" content=\"509\" \/>\n\t<meta property=\"og:image:type\" content=\"image\/png\" \/>\n<meta name=\"author\" content=\"csilveira\" \/>\n<meta name=\"twitter:card\" content=\"summary_large_image\" \/>\n<meta name=\"twitter:label1\" content=\"Written by\" \/>\n\t<meta name=\"twitter:data1\" content=\"csilveira\" \/>\n\t<meta name=\"twitter:label2\" content=\"Est. reading time\" \/>\n\t<meta name=\"twitter:data2\" content=\"1 minuto\" \/>\n<script type=\"application\/ld+json\" class=\"yoast-schema-graph\">{\"@context\":\"https:\/\/schema.org\",\"@graph\":[{\"@type\":\"WebPage\",\"@id\":\"https:\/\/www.manaus.am.gov.br\/manauscult\/prefeitura-de-manaus-encerra-quarto-lote-de-pulseiras-para-o-sou-manaus-2023\/\",\"url\":\"https:\/\/www.manaus.am.gov.br\/manauscult\/prefeitura-de-manaus-encerra-quarto-lote-de-pulseiras-para-o-sou-manaus-2023\/\",\"name\":\"Prefeitura de Manaus encerra quarto lote de pulseiras para o #SouManaus 2023\",\"isPartOf\":{\"@id\":\"https:\/\/www.manaus.am.gov.br\/manauscult\/#website\"},\"primaryImageOfPage\":{\"@id\":\"https:\/\/www.manaus.am.gov.br\/manauscult\/prefeitura-de-manaus-encerra-quarto-lote-de-pulseiras-para-o-sou-manaus-2023\/#primaryimage\"},\"image\":{\"@id\":\"https:\/\/www.manaus.am.gov.br\/manauscult\/prefeitura-de-manaus-encerra-quarto-lote-de-pulseiras-para-o-sou-manaus-2023\/#primaryimage\"},\"thumbnailUrl\":\"https:\/\/www.manaus.am.gov.br\/manauscult\/wp-content\/uploads\/sites\/11\/2023\/06\/Nota-1.png\",\"datePublished\":\"2023-08-27T19:53:40+00:00\",\"dateModified\":\"2023-08-27T19:53:40+00:00\",\"author\":{\"@id\":\"https:\/\/www.manaus.am.gov.br\/manauscult\/#\/schema\/person\/bfafc779be2e19b3d3ef4a59d418b606\"},\"description\":\"Todos os quatro lotes de inscri\u00e7\u00e3o para os dois palcos, Guardi\u00e3o da Amaz\u00f4nia e Amazona, na \u00e1rea portu\u00e1ria de Manaus.\",\"breadcrumb\":{\"@id\":\"https:\/\/www.manaus.am.gov.br\/manauscult\/prefeitura-de-manaus-encerra-quarto-lote-de-pulseiras-para-o-sou-manaus-2023\/#breadcrumb\"},\"inLanguage\":\"pt-BR\",\"potentialAction\":[{\"@type\":\"ReadAction\",\"target\":[\"https:\/\/www.manaus.am.gov.br\/manauscult\/prefeitura-de-manaus-encerra-quarto-lote-de-pulseiras-para-o-sou-manaus-2023\/\"]}]},{\"@type\":\"ImageObject\",\"inLanguage\":\"pt-BR\",\"@id\":\"https:\/\/www.manaus.am.gov.br\/manauscult\/prefeitura-de-manaus-encerra-quarto-lote-de-pulseiras-para-o-sou-manaus-2023\/#primaryimage\",\"url\":\"https:\/\/www.manaus.am.gov.br\/manauscult\/wp-content\/uploads\/sites\/11\/2023\/06\/Nota-1.png\",\"contentUrl\":\"https:\/\/www.manaus.am.gov.br\/manauscult\/wp-content\/uploads\/sites\/11\/2023\/06\/Nota-1.png\",\"width\":900,\"height\":509},{\"@type\":\"BreadcrumbList\",\"@id\":\"https:\/\/www.manaus.am.gov.br\/manauscult\/prefeitura-de-manaus-encerra-quarto-lote-de-pulseiras-para-o-sou-manaus-2023\/#breadcrumb\",\"itemListElement\":[{\"@type\":\"ListItem\",\"position\":1,\"name\":\"Home\",\"item\":\"https:\/\/www.manaus.am.gov.br\/manauscult\/\"},{\"@type\":\"ListItem\",\"position\":2,\"name\":\"Prefeitura de Manaus encerra quarto lote de pulseiras para o #SouManaus 2023\"}]},{\"@type\":\"WebSite\",\"@id\":\"https:\/\/www.manaus.am.gov.br\/manauscult\/#website\",\"url\":\"https:\/\/www.manaus.am.gov.br\/manauscult\/\",\"name\":\"MANAUSCULT\",\"description\":\"Prefeitura de Manaus\",\"potentialAction\":[{\"@type\":\"SearchAction\",\"target\":{\"@type\":\"EntryPoint\",\"urlTemplate\":\"https:\/\/www.manaus.am.gov.br\/manauscult\/?s={search_term_string}\"},\"query-input\":\"required name=search_term_string\"}],\"inLanguage\":\"pt-BR\"},{\"@type\":\"Person\",\"@id\":\"https:\/\/www.manaus.am.gov.br\/manauscult\/#\/schema\/person\/bfafc779be2e19b3d3ef4a59d418b606\",\"name\":\"csilveira\",\"image\":{\"@type\":\"ImageObject\",\"inLanguage\":\"pt-BR\",\"@id\":\"https:\/\/www.manaus.am.gov.br\/manauscult\/#\/schema\/person\/image\/\",\"url\":\"https:\/\/secure.gravatar.com\/avatar\/9c2e2f00138fcd35401c748bd030d3b5?s=96&d=mm&r=g\",\"contentUrl\":\"https:\/\/secure.gravatar.com\/avatar\/9c2e2f00138fcd35401c748bd030d3b5?s=96&d=mm&r=g\",\"caption\":\"csilveira\"}}]}<\/script>\n<!-- \/ Yoast SEO plugin. -->","yoast_head_json":{"title":"Prefeitura de Manaus encerra quarto lote de pulseiras para o #SouManaus 2023","description":"Todos os quatro lotes de inscri\u00e7\u00e3o para os dois palcos, Guardi\u00e3o da Amaz\u00f4nia e Amazona, na \u00e1rea portu\u00e1ria de Manaus.","robots":{"index":"noindex","follow":"follow"},"og_locale":"pt_BR","og_type":"article","og_title":"Prefeitura de Manaus encerra quarto lote de pulseiras para o #SouManaus 2023","og_description":"Todos os quatro lotes de inscri\u00e7\u00e3o para os dois palcos, Guardi\u00e3o da Amaz\u00f4nia e Amazona, na \u00e1rea portu\u00e1ria de Manaus.","og_url":"https:\/\/www.manaus.am.gov.br\/manauscult\/prefeitura-de-manaus-encerra-quarto-lote-de-pulseiras-para-o-sou-manaus-2023\/","og_site_name":"MANAUSCULT","article_published_time":"2023-08-27T19:53:40+00:00","og_image":[{"width":900,"height":509,"url":"https:\/\/www.manaus.am.gov.br\/manauscult\/wp-content\/uploads\/sites\/11\/2023\/06\/Nota-1.png","type":"image\/png"}],"author":"csilveira","twitter_card":"summary_large_image","twitter_misc":{"Written by":"csilveira","Est. reading time":"1 minuto"},"schema":{"@context":"https:\/\/schema.org","@graph":[{"@type":"WebPage","@id":"https:\/\/www.manaus.am.gov.br\/manauscult\/prefeitura-de-manaus-encerra-quarto-lote-de-pulseiras-para-o-sou-manaus-2023\/","url":"https:\/\/www.manaus.am.gov.br\/manauscult\/prefeitura-de-manaus-encerra-quarto-lote-de-pulseiras-para-o-sou-manaus-2023\/","name":"Prefeitura de Manaus encerra quarto lote de pulseiras para o #SouManaus 2023","isPartOf":{"@id":"https:\/\/www.manaus.am.gov.br\/manauscult\/#website"},"primaryImageOfPage":{"@id":"https:\/\/www.manaus.am.gov.br\/manauscult\/prefeitura-de-manaus-encerra-quarto-lote-de-pulseiras-para-o-sou-manaus-2023\/#primaryimage"},"image":{"@id":"https:\/\/www.manaus.am.gov.br\/manauscult\/prefeitura-de-manaus-encerra-quarto-lote-de-pulseiras-para-o-sou-manaus-2023\/#primaryimage"},"thumbnailUrl":"https:\/\/www.manaus.am.gov.br\/manauscult\/wp-content\/uploads\/sites\/11\/2023\/06\/Nota-1.png","datePublished":"2023-08-27T19:53:40+00:00","dateModified":"2023-08-27T19:53:40+00:00","author":{"@id":"https:\/\/www.manaus.am.gov.br\/manauscult\/#\/schema\/person\/bfafc779be2e19b3d3ef4a59d418b606"},"description":"Todos os quatro lotes de inscri\u00e7\u00e3o para os dois palcos, Guardi\u00e3o da Amaz\u00f4nia e Amazona, na \u00e1rea portu\u00e1ria de Manaus.","breadcrumb":{"@id":"https:\/\/www.manaus.am.gov.br\/manauscult\/prefeitura-de-manaus-encerra-quarto-lote-de-pulseiras-para-o-sou-manaus-2023\/#breadcrumb"},"inLanguage":"pt-BR","potentialAction":[{"@type":"ReadAction","target":["https:\/\/www.manaus.am.gov.br\/manauscult\/prefeitura-de-manaus-encerra-quarto-lote-de-pulseiras-para-o-sou-manaus-2023\/"]}]},{"@type":"ImageObject","inLanguage":"pt-BR","@id":"https:\/\/www.manaus.am.gov.br\/manauscult\/prefeitura-de-manaus-encerra-quarto-lote-de-pulseiras-para-o-sou-manaus-2023\/#primaryimage","url":"https:\/\/www.manaus.am.gov.br\/manauscult\/wp-content\/uploads\/sites\/11\/2023\/06\/Nota-1.png","contentUrl":"https:\/\/www.manaus.am.gov.br\/manauscult\/wp-content\/uploads\/sites\/11\/2023\/06\/Nota-1.png","width":900,"height":509},{"@type":"BreadcrumbList","@id":"https:\/\/www.manaus.am.gov.br\/manauscult\/prefeitura-de-manaus-encerra-quarto-lote-de-pulseiras-para-o-sou-manaus-2023\/#breadcrumb","itemListElement":[{"@type":"ListItem","position":1,"name":"Home","item":"https:\/\/www.manaus.am.gov.br\/manauscult\/"},{"@type":"ListItem","position":2,"name":"Prefeitura de Manaus encerra quarto lote de pulseiras para o #SouManaus 2023"}]},{"@type":"WebSite","@id":"https:\/\/www.manaus.am.gov.br\/manauscult\/#website","url":"https:\/\/www.manaus.am.gov.br\/manauscult\/","name":"MANAUSCULT","description":"Prefeitura de Manaus","potentialAction":[{"@type":"SearchAction","target":{"@type":"EntryPoint","urlTemplate":"https:\/\/www.manaus.am.gov.br\/manauscult\/?s={search_term_string}"},"query-input":"required name=search_term_string"}],"inLanguage":"pt-BR"},{"@type":"Person","@id":"https:\/\/www.manaus.am.gov.br\/manauscult\/#\/schema\/person\/bfafc779be2e19b3d3ef4a59d418b606","name":"csilveira","image":{"@type":"ImageObject","inLanguage":"pt-BR","@id":"https:\/\/www.manaus.am.gov.br\/manauscult\/#\/schema\/person\/image\/","url":"https:\/\/secure.gravatar.com\/avatar\/9c2e2f00138fcd35401c748bd030d3b5?s=96&d=mm&r=g","contentUrl":"https:\/\/secure.gravatar.com\/avatar\/9c2e2f00138fcd35401c748bd030d3b5?s=96&d=mm&r=g","caption":"csilveira"}}]}},"_links":{"self":[{"href":"https:\/\/www.manaus.am.gov.br\/manauscult\/wp-json\/wp\/v2\/posts\/1248"}],"collection":[{"href":"https:\/\/www.manaus.am.gov.br\/manauscult\/wp-json\/wp\/v2\/posts"}],"about":[{"href":"https:\/\/www.manaus.am.gov.br\/manauscult\/wp-json\/wp\/v2\/types\/post"}],"author":[{"embeddable":true,"href":"https:\/\/www.manaus.am.gov.br\/manauscult\/wp-json\/wp\/v2\/users\/52"}],"replies":[{"embeddable":true,"href":"https:\/\/www.manaus.am.gov.br\/manauscult\/wp-json\/wp\/v2\/comments?post=1248"}],"version-history":[{"count":0,"href":"https:\/\/www.manaus.am.gov.br\/manauscult\/wp-json\/wp\/v2\/posts\/1248\/revisions"}],"wp:featuredmedia":[{"embeddable":true,"href":"https:\/\/www.manaus.am.gov.br\/manauscult\/wp-json\/wp\/v2\/media\/861"}],"wp:attachment":[{"href":"https:\/\/www.manaus.am.gov.br\/manauscult\/wp-json\/wp\/v2\/media?parent=1248"}],"wp:term":[{"taxonomy":"category","embeddable":true,"href":"https:\/\/www.manaus.am.gov.br\/manauscult\/wp-json\/wp\/v2\/categories?post=1248"},{"taxonomy":"post_tag","embeddable":true,"href":"https:\/\/www.manaus.am.gov.br\/manauscult\/wp-json\/wp\/v2\/tags?post=1248"}],"curies":[{"name":"wp","href":"https:\/\/api.w.org\/{rel}","templated":true}]}}