{"id":1246,"date":"2023-08-27T15:31:39","date_gmt":"2023-08-27T19:31:39","guid":{"rendered":"https:\/\/www.manaus.am.gov.br\/manauscult\/prefeitura-de-manaus-inicia-a-retirada-do-primeiro-lote-de-pulseiras-do-sou-manaus-2023\/"},"modified":"2023-08-27T15:31:41","modified_gmt":"2023-08-27T19:31:41","slug":"prefeitura-de-manaus-inicia-a-retirada-do-primeiro-lote-de-pulseiras-do-sou-manaus-2023","status":"publish","type":"post","link":"https:\/\/www.manaus.am.gov.br\/manauscult\/prefeitura-de-manaus-inicia-a-retirada-do-primeiro-lote-de-pulseiras-do-sou-manaus-2023\/","title":{"rendered":"<strong>Prefeitura de Manaus inicia a retirada do primeiro lote de pulseiras do #SouManaus 2023<\/strong>"},"content":{"rendered":"\n<p>A Prefeitura de Manaus, por meio da Funda\u00e7\u00e3o Municipal de Cultura, Turismo e Eventos (Manauscult), inicia, nesta segunda-feira, 28\/8, a partir das 13h, a troca das pulseiras que garantem o acesso gratuito aos locais de programa\u00e7\u00e3o do \u201c#SouManaus &#8211; Passo a Pa\u00e7o 2023\u201d, que acontecer\u00e1 nos dias 5, 6 e 7 de setembro no centro hist\u00f3rico da capital amazonense.<\/p>\n\n\n\n<p>Para o diretor-presidente da Manauscult, Osvaldo Cardoso, essa retirada das pulseiras comprova o compromisso da atual gest\u00e3o municipal em realizar um festival organizado e seguro para a popula\u00e7\u00e3o.<\/p>\n\n\n\n<p>\u201cEssa etapa da retirada das pulseiras \u00e9 uma das mais importantes, pois faz parte desta organiza\u00e7\u00e3o implementada pela Prefeitura de Manaus. A expectativa \u00e9 que mais de 150 mil pessoas passem pelo #SouManaus a cada dia de festival. E para facilitar a troca das pulseiras, espalhamos os pontos de troca em todas as zonas da cidade\u201d, explicou Cardoso.<\/p>\n\n\n\n<p><strong>Pontos de troca<\/strong><\/p>\n\n\n\n<p>As trocas das pulseiras acontecer\u00e3o em cinco pontos espalhados pela cidade, como forma de facilitar o acesso da popula\u00e7\u00e3o. Os pontos de troca est\u00e3o localizados nos estacionamentos dos supermercados Nova Era (unidades da avenida das Torres, avenida Silves, avenida Torquato Tapaj\u00f3s e avenida Governador Amazonino Mendes &#8211; antiga Grande Circular), al\u00e9m da sede da Secretaria Municipal de Limpeza Urbana (Semulsp), no bairro da Compensa, que ser\u00e1 exclusivo para trocas com garrafas PETs.<\/p>\n\n\n\n<p>Os pontos de retirada das pulseiras funcionar\u00e3o das 13h \u00e0s 21h. Vale ressaltar que essa troca ser\u00e1 dividida de acordo com os lotes sorteados: as pulseiras do 1\u00ba lote ser\u00e3o trocadas nos dias 28 e 29\/8; as pulseiras do 2\u00ba lote, nos dias 30 e 31\/8; as pulseiras do 3\u00ba lote ser\u00e3o trocadas nos dias 1\u00ba e 2 de setembro, e o 4\u00ba e \u00faltimo lote de pulseiras poder\u00e3o ser trocadas nos dias 3 e 4\/9.<\/p>\n\n\n\n<p><strong>Comprovante de inscri\u00e7\u00e3o<\/strong><\/p>\n\n\n\n<p>A Manauscult informa que, para realizar a troca das pulseiras, os inscritos devem levar o comprovante impresso ou digital do cadastro no site do #SouManaus, um documento oficial com foto, as 30 garrafas PETs ou o quilo de alimento n\u00e3o perec\u00edvel com a validade vigente.<\/p>\n\n\n\n<p>\u201cOutro ponto importante que temos que refor\u00e7ar \u00e9 que no comprovante do cadastro aparece o ponto de troca escolhido pela pessoa onde a pulseira deve ser retirada. Esse local deve ser respeitado, uma vez que n\u00e3o ser\u00e3o realizadas trocas em outro ponto. As pulseiras ser\u00e3o individuais e v\u00e1lidas apenas para o dia escolhido no ato do cadastro\u201d, afirma o diretor-presidente da ManausCult, Osvaldo Cardoso.<\/p>\n\n\n\n<p>&#8212;-<\/p>\n\n\n\n<p><strong>Texto &#8211;<\/strong> Thiago Fernando\/Semcom e Divulga\u00e7\u00e3o ManausCult<\/p>\n\n\n\n<p><strong>Foto \u2013<\/strong> Cl\u00f3vis Miranda \/ Semcom<\/p>\n\n\n\n<p><strong>Dispon\u00edveis em &#8211; <\/strong><a href=\"https:\/\/flic.kr\/s\/aHBqjASs2t\">https:\/\/flic.kr\/s\/aHBqjASs2t<\/a><\/p>\n","protected":false},"excerpt":{"rendered":"","protected":false},"author":52,"featured_media":1247,"comment_status":"closed","ping_status":"closed","sticky":false,"template":"","format":"standard","meta":{"footnotes":""},"categories":[82],"tags":[168,11,323],"acf":[],"yoast_head":"<!-- This site is optimized with the Yoast SEO plugin v23.0 - https:\/\/yoast.com\/wordpress\/plugins\/seo\/ -->\n<title>Prefeitura de Manaus inicia a retirada do primeiro lote de pulseiras do #SouManaus 2023<\/title>\n<meta name=\"description\" content=\"A Prefeitura de Manaus, por meio da Funda\u00e7\u00e3o Municipal de Cultura, Turismo e Eventos (Manauscult), inicia, nesta segunda-feira.\" \/>\n<meta name=\"robots\" content=\"noindex, follow\" \/>\n<meta property=\"og:locale\" content=\"pt_BR\" \/>\n<meta property=\"og:type\" content=\"article\" \/>\n<meta property=\"og:title\" content=\"Prefeitura de Manaus inicia a retirada do primeiro lote de pulseiras do #SouManaus 2023\" \/>\n<meta property=\"og:description\" content=\"A Prefeitura de Manaus, por meio da Funda\u00e7\u00e3o Municipal de Cultura, Turismo e Eventos (Manauscult), inicia, nesta segunda-feira.\" \/>\n<meta property=\"og:url\" content=\"https:\/\/www.manaus.am.gov.br\/manauscult\/prefeitura-de-manaus-inicia-a-retirada-do-primeiro-lote-de-pulseiras-do-sou-manaus-2023\/\" \/>\n<meta property=\"og:site_name\" content=\"MANAUSCULT\" \/>\n<meta property=\"article:published_time\" content=\"2023-08-27T19:31:39+00:00\" \/>\n<meta property=\"article:modified_time\" content=\"2023-08-27T19:31:41+00:00\" \/>\n<meta property=\"og:image\" content=\"https:\/\/www.manaus.am.gov.br\/manauscult\/wp-content\/uploads\/sites\/11\/2023\/08\/Pontos-de-troca-pulseiras_SouManaus2023.jpg\" \/>\n\t<meta property=\"og:image:width\" content=\"2048\" \/>\n\t<meta property=\"og:image:height\" content=\"1365\" \/>\n\t<meta property=\"og:image:type\" content=\"image\/jpeg\" \/>\n<meta name=\"author\" content=\"csilveira\" \/>\n<meta name=\"twitter:card\" content=\"summary_large_image\" \/>\n<meta name=\"twitter:label1\" content=\"Written by\" \/>\n\t<meta name=\"twitter:data1\" content=\"csilveira\" \/>\n\t<meta name=\"twitter:label2\" content=\"Est. reading time\" \/>\n\t<meta name=\"twitter:data2\" content=\"3 minutos\" \/>\n<script type=\"application\/ld+json\" class=\"yoast-schema-graph\">{\"@context\":\"https:\/\/schema.org\",\"@graph\":[{\"@type\":\"WebPage\",\"@id\":\"https:\/\/www.manaus.am.gov.br\/manauscult\/prefeitura-de-manaus-inicia-a-retirada-do-primeiro-lote-de-pulseiras-do-sou-manaus-2023\/\",\"url\":\"https:\/\/www.manaus.am.gov.br\/manauscult\/prefeitura-de-manaus-inicia-a-retirada-do-primeiro-lote-de-pulseiras-do-sou-manaus-2023\/\",\"name\":\"Prefeitura de Manaus inicia a retirada do primeiro lote de pulseiras do #SouManaus 2023\",\"isPartOf\":{\"@id\":\"https:\/\/www.manaus.am.gov.br\/manauscult\/#website\"},\"primaryImageOfPage\":{\"@id\":\"https:\/\/www.manaus.am.gov.br\/manauscult\/prefeitura-de-manaus-inicia-a-retirada-do-primeiro-lote-de-pulseiras-do-sou-manaus-2023\/#primaryimage\"},\"image\":{\"@id\":\"https:\/\/www.manaus.am.gov.br\/manauscult\/prefeitura-de-manaus-inicia-a-retirada-do-primeiro-lote-de-pulseiras-do-sou-manaus-2023\/#primaryimage\"},\"thumbnailUrl\":\"https:\/\/www.manaus.am.gov.br\/manauscult\/wp-content\/uploads\/sites\/11\/2023\/08\/Pontos-de-troca-pulseiras_SouManaus2023.jpg\",\"datePublished\":\"2023-08-27T19:31:39+00:00\",\"dateModified\":\"2023-08-27T19:31:41+00:00\",\"author\":{\"@id\":\"https:\/\/www.manaus.am.gov.br\/manauscult\/#\/schema\/person\/bfafc779be2e19b3d3ef4a59d418b606\"},\"description\":\"A Prefeitura de Manaus, por meio da Funda\u00e7\u00e3o Municipal de Cultura, Turismo e Eventos (Manauscult), inicia, nesta segunda-feira.\",\"breadcrumb\":{\"@id\":\"https:\/\/www.manaus.am.gov.br\/manauscult\/prefeitura-de-manaus-inicia-a-retirada-do-primeiro-lote-de-pulseiras-do-sou-manaus-2023\/#breadcrumb\"},\"inLanguage\":\"pt-BR\",\"potentialAction\":[{\"@type\":\"ReadAction\",\"target\":[\"https:\/\/www.manaus.am.gov.br\/manauscult\/prefeitura-de-manaus-inicia-a-retirada-do-primeiro-lote-de-pulseiras-do-sou-manaus-2023\/\"]}]},{\"@type\":\"ImageObject\",\"inLanguage\":\"pt-BR\",\"@id\":\"https:\/\/www.manaus.am.gov.br\/manauscult\/prefeitura-de-manaus-inicia-a-retirada-do-primeiro-lote-de-pulseiras-do-sou-manaus-2023\/#primaryimage\",\"url\":\"https:\/\/www.manaus.am.gov.br\/manauscult\/wp-content\/uploads\/sites\/11\/2023\/08\/Pontos-de-troca-pulseiras_SouManaus2023.jpg\",\"contentUrl\":\"https:\/\/www.manaus.am.gov.br\/manauscult\/wp-content\/uploads\/sites\/11\/2023\/08\/Pontos-de-troca-pulseiras_SouManaus2023.jpg\",\"width\":2048,\"height\":1365},{\"@type\":\"BreadcrumbList\",\"@id\":\"https:\/\/www.manaus.am.gov.br\/manauscult\/prefeitura-de-manaus-inicia-a-retirada-do-primeiro-lote-de-pulseiras-do-sou-manaus-2023\/#breadcrumb\",\"itemListElement\":[{\"@type\":\"ListItem\",\"position\":1,\"name\":\"Home\",\"item\":\"https:\/\/www.manaus.am.gov.br\/manauscult\/\"},{\"@type\":\"ListItem\",\"position\":2,\"name\":\"Prefeitura de Manaus inicia a retirada do primeiro lote de pulseiras do #SouManaus 2023\"}]},{\"@type\":\"WebSite\",\"@id\":\"https:\/\/www.manaus.am.gov.br\/manauscult\/#website\",\"url\":\"https:\/\/www.manaus.am.gov.br\/manauscult\/\",\"name\":\"MANAUSCULT\",\"description\":\"Prefeitura de Manaus\",\"potentialAction\":[{\"@type\":\"SearchAction\",\"target\":{\"@type\":\"EntryPoint\",\"urlTemplate\":\"https:\/\/www.manaus.am.gov.br\/manauscult\/?s={search_term_string}\"},\"query-input\":\"required name=search_term_string\"}],\"inLanguage\":\"pt-BR\"},{\"@type\":\"Person\",\"@id\":\"https:\/\/www.manaus.am.gov.br\/manauscult\/#\/schema\/person\/bfafc779be2e19b3d3ef4a59d418b606\",\"name\":\"csilveira\",\"image\":{\"@type\":\"ImageObject\",\"inLanguage\":\"pt-BR\",\"@id\":\"https:\/\/www.manaus.am.gov.br\/manauscult\/#\/schema\/person\/image\/\",\"url\":\"https:\/\/secure.gravatar.com\/avatar\/9c2e2f00138fcd35401c748bd030d3b5?s=96&d=mm&r=g\",\"contentUrl\":\"https:\/\/secure.gravatar.com\/avatar\/9c2e2f00138fcd35401c748bd030d3b5?s=96&d=mm&r=g\",\"caption\":\"csilveira\"}}]}<\/script>\n<!-- \/ Yoast SEO plugin. -->","yoast_head_json":{"title":"Prefeitura de Manaus inicia a retirada do primeiro lote de pulseiras do #SouManaus 2023","description":"A Prefeitura de Manaus, por meio da Funda\u00e7\u00e3o Municipal de Cultura, Turismo e Eventos (Manauscult), inicia, nesta segunda-feira.","robots":{"index":"noindex","follow":"follow"},"og_locale":"pt_BR","og_type":"article","og_title":"Prefeitura de Manaus inicia a retirada do primeiro lote de pulseiras do #SouManaus 2023","og_description":"A Prefeitura de Manaus, por meio da Funda\u00e7\u00e3o Municipal de Cultura, Turismo e Eventos (Manauscult), inicia, nesta segunda-feira.","og_url":"https:\/\/www.manaus.am.gov.br\/manauscult\/prefeitura-de-manaus-inicia-a-retirada-do-primeiro-lote-de-pulseiras-do-sou-manaus-2023\/","og_site_name":"MANAUSCULT","article_published_time":"2023-08-27T19:31:39+00:00","article_modified_time":"2023-08-27T19:31:41+00:00","og_image":[{"width":2048,"height":1365,"url":"https:\/\/www.manaus.am.gov.br\/manauscult\/wp-content\/uploads\/sites\/11\/2023\/08\/Pontos-de-troca-pulseiras_SouManaus2023.jpg","type":"image\/jpeg"}],"author":"csilveira","twitter_card":"summary_large_image","twitter_misc":{"Written by":"csilveira","Est. reading time":"3 minutos"},"schema":{"@context":"https:\/\/schema.org","@graph":[{"@type":"WebPage","@id":"https:\/\/www.manaus.am.gov.br\/manauscult\/prefeitura-de-manaus-inicia-a-retirada-do-primeiro-lote-de-pulseiras-do-sou-manaus-2023\/","url":"https:\/\/www.manaus.am.gov.br\/manauscult\/prefeitura-de-manaus-inicia-a-retirada-do-primeiro-lote-de-pulseiras-do-sou-manaus-2023\/","name":"Prefeitura de Manaus inicia a retirada do primeiro lote de pulseiras do #SouManaus 2023","isPartOf":{"@id":"https:\/\/www.manaus.am.gov.br\/manauscult\/#website"},"primaryImageOfPage":{"@id":"https:\/\/www.manaus.am.gov.br\/manauscult\/prefeitura-de-manaus-inicia-a-retirada-do-primeiro-lote-de-pulseiras-do-sou-manaus-2023\/#primaryimage"},"image":{"@id":"https:\/\/www.manaus.am.gov.br\/manauscult\/prefeitura-de-manaus-inicia-a-retirada-do-primeiro-lote-de-pulseiras-do-sou-manaus-2023\/#primaryimage"},"thumbnailUrl":"https:\/\/www.manaus.am.gov.br\/manauscult\/wp-content\/uploads\/sites\/11\/2023\/08\/Pontos-de-troca-pulseiras_SouManaus2023.jpg","datePublished":"2023-08-27T19:31:39+00:00","dateModified":"2023-08-27T19:31:41+00:00","author":{"@id":"https:\/\/www.manaus.am.gov.br\/manauscult\/#\/schema\/person\/bfafc779be2e19b3d3ef4a59d418b606"},"description":"A Prefeitura de Manaus, por meio da Funda\u00e7\u00e3o Municipal de Cultura, Turismo e Eventos (Manauscult), inicia, nesta segunda-feira.","breadcrumb":{"@id":"https:\/\/www.manaus.am.gov.br\/manauscult\/prefeitura-de-manaus-inicia-a-retirada-do-primeiro-lote-de-pulseiras-do-sou-manaus-2023\/#breadcrumb"},"inLanguage":"pt-BR","potentialAction":[{"@type":"ReadAction","target":["https:\/\/www.manaus.am.gov.br\/manauscult\/prefeitura-de-manaus-inicia-a-retirada-do-primeiro-lote-de-pulseiras-do-sou-manaus-2023\/"]}]},{"@type":"ImageObject","inLanguage":"pt-BR","@id":"https:\/\/www.manaus.am.gov.br\/manauscult\/prefeitura-de-manaus-inicia-a-retirada-do-primeiro-lote-de-pulseiras-do-sou-manaus-2023\/#primaryimage","url":"https:\/\/www.manaus.am.gov.br\/manauscult\/wp-content\/uploads\/sites\/11\/2023\/08\/Pontos-de-troca-pulseiras_SouManaus2023.jpg","contentUrl":"https:\/\/www.manaus.am.gov.br\/manauscult\/wp-content\/uploads\/sites\/11\/2023\/08\/Pontos-de-troca-pulseiras_SouManaus2023.jpg","width":2048,"height":1365},{"@type":"BreadcrumbList","@id":"https:\/\/www.manaus.am.gov.br\/manauscult\/prefeitura-de-manaus-inicia-a-retirada-do-primeiro-lote-de-pulseiras-do-sou-manaus-2023\/#breadcrumb","itemListElement":[{"@type":"ListItem","position":1,"name":"Home","item":"https:\/\/www.manaus.am.gov.br\/manauscult\/"},{"@type":"ListItem","position":2,"name":"Prefeitura de Manaus inicia a retirada do primeiro lote de pulseiras do #SouManaus 2023"}]},{"@type":"WebSite","@id":"https:\/\/www.manaus.am.gov.br\/manauscult\/#website","url":"https:\/\/www.manaus.am.gov.br\/manauscult\/","name":"MANAUSCULT","description":"Prefeitura de Manaus","potentialAction":[{"@type":"SearchAction","target":{"@type":"EntryPoint","urlTemplate":"https:\/\/www.manaus.am.gov.br\/manauscult\/?s={search_term_string}"},"query-input":"required name=search_term_string"}],"inLanguage":"pt-BR"},{"@type":"Person","@id":"https:\/\/www.manaus.am.gov.br\/manauscult\/#\/schema\/person\/bfafc779be2e19b3d3ef4a59d418b606","name":"csilveira","image":{"@type":"ImageObject","inLanguage":"pt-BR","@id":"https:\/\/www.manaus.am.gov.br\/manauscult\/#\/schema\/person\/image\/","url":"https:\/\/secure.gravatar.com\/avatar\/9c2e2f00138fcd35401c748bd030d3b5?s=96&d=mm&r=g","contentUrl":"https:\/\/secure.gravatar.com\/avatar\/9c2e2f00138fcd35401c748bd030d3b5?s=96&d=mm&r=g","caption":"csilveira"}}]}},"_links":{"self":[{"href":"https:\/\/www.manaus.am.gov.br\/manauscult\/wp-json\/wp\/v2\/posts\/1246"}],"collection":[{"href":"https:\/\/www.manaus.am.gov.br\/manauscult\/wp-json\/wp\/v2\/posts"}],"about":[{"href":"https:\/\/www.manaus.am.gov.br\/manauscult\/wp-json\/wp\/v2\/types\/post"}],"author":[{"embeddable":true,"href":"https:\/\/www.manaus.am.gov.br\/manauscult\/wp-json\/wp\/v2\/users\/52"}],"replies":[{"embeddable":true,"href":"https:\/\/www.manaus.am.gov.br\/manauscult\/wp-json\/wp\/v2\/comments?post=1246"}],"version-history":[{"count":0,"href":"https:\/\/www.manaus.am.gov.br\/manauscult\/wp-json\/wp\/v2\/posts\/1246\/revisions"}],"wp:featuredmedia":[{"embeddable":true,"href":"https:\/\/www.manaus.am.gov.br\/manauscult\/wp-json\/wp\/v2\/media\/1247"}],"wp:attachment":[{"href":"https:\/\/www.manaus.am.gov.br\/manauscult\/wp-json\/wp\/v2\/media?parent=1246"}],"wp:term":[{"taxonomy":"category","embeddable":true,"href":"https:\/\/www.manaus.am.gov.br\/manauscult\/wp-json\/wp\/v2\/categories?post=1246"},{"taxonomy":"post_tag","embeddable":true,"href":"https:\/\/www.manaus.am.gov.br\/manauscult\/wp-json\/wp\/v2\/tags?post=1246"}],"curies":[{"name":"wp","href":"https:\/\/api.w.org\/{rel}","templated":true}]}}