{"id":1238,"date":"2023-08-27T11:18:04","date_gmt":"2023-08-27T15:18:04","guid":{"rendered":"https:\/\/www.manaus.am.gov.br\/manauscult\/sou-manauspasso-a-paco-2023-autossustentavel-financeiro-e-ambientalmente\/"},"modified":"2023-11-22T14:37:24","modified_gmt":"2023-11-22T18:37:24","slug":"sou-manauspasso-a-paco-2023-autossustentavel-financeiro-e-ambientalmente","status":"publish","type":"post","link":"https:\/\/www.manaus.am.gov.br\/manauscult\/sou-manauspasso-a-paco-2023-autossustentavel-financeiro-e-ambientalmente\/","title":{"rendered":"\u2018#SouManaus Passo a Pa\u00e7o 2023\u2019, autossustent\u00e1vel financeiro e ambientalmente"},"content":{"rendered":"\n<p>O \u201c#SouManaus Passo a Pa\u00e7o 2023\u201d, que acontece de 5 a 7 de setembro, j\u00e1 \u00e9 o maior festival de artes integradas da regi\u00e3o Norte, um dos maiores do Pa\u00eds, e neste ano conta com uma grande novidade: o evento ser\u00e1 autossustent\u00e1vel, financeiro e ambientalmente.<\/p>\n\n\n\n<p>Os patroc\u00ednios, de empresas locais, nacionais e de at\u00e9 multinacionais, custear\u00e3o os cach\u00eas dos artistas &#8211; uma atra\u00e7\u00e3o internacional, o DJ David Guetta, as atra\u00e7\u00f5es nacionais, locais e boa parte da infraestrutura do festival, que acontece ao longo de tr\u00eas dias.<\/p>\n\n\n\n<p>Por interm\u00e9dio de edital, a empresa vencedora pagou cota de R$ 2 milh\u00f5es para ter direito a comercializar 2,5 mil ingressos de frente para os dois palcos principais do evento (front stage) e dos 44 camarotes, de um total de 80 mil que os dois espa\u00e7os comportam, sendo todo o restante gratuito, que pode ser adquirido na troca por garrafas PETs ou por um quilo de alimento n\u00e3o perec\u00edvel.<\/p>\n\n\n\n<p>Somado a essa receita, os demais patroc\u00ednios, de empresas locais, bancos e corpora\u00e7\u00f5es multinacionais, contribuem para que o evento se pague, sobretudo, com rela\u00e7\u00e3o aos cach\u00eas dos artistas e em parte da estrutura do evento (palcos, ilumina\u00e7\u00e3o, sonoriza\u00e7\u00e3o).<\/p>\n\n\n\n<p><strong>Selo verde<\/strong><\/p>\n\n\n\n<p>Al\u00e9m disso, a preocupa\u00e7\u00e3o ambiental do prefeito David Almeida far\u00e1 com que o #SouManaus 2023 tamb\u00e9m garanta a compensa\u00e7\u00e3o ambiental aos impactos gerados por um evento desse porte.<\/p>\n\n\n\n<p>A iniciativa concede ao festival o Selo de Sustentabilidade BMV, empresa refer\u00eancia nessa \u00e1rea.<\/p>\n\n\n\n<p>A estimativa de impacto ambiental ser\u00e1 compensada com o apoio ao desenvolvimento sustent\u00e1vel de quatro \u00e1reas de preserva\u00e7\u00e3o na Amaz\u00f4nia, onde vivem agricultores familiares.<\/p>\n\n\n\n<p>Dessa forma, a compensa\u00e7\u00e3o feita pela prefeitura ajudar\u00e1 na manuten\u00e7\u00e3o de 27 servi\u00e7os ecossist\u00eamicos, dentre eles: 3.881.58 m\u00b2 de vegeta\u00e7\u00e3o nativa; 1.749\/unidades de hectares de esp\u00e9cies da fauna; 546\/unidades de hectares de flora; al\u00e9m de 101.72 metros c\u00fabicos (m\u00b3) de madeira.<\/p>\n\n\n\n<p>&#8212;&#8211;<\/p>\n\n\n\n<p><strong>Texto \u2013<\/strong> Divulga\u00e7\u00e3o \/ Semcom<br><strong>Foto \u2013 <\/strong>Divulga\u00e7\u00e3o \/ Semmas<\/p>\n","protected":false},"excerpt":{"rendered":"","protected":false},"author":52,"featured_media":1239,"comment_status":"closed","ping_status":"closed","sticky":false,"template":"","format":"standard","meta":{"footnotes":""},"categories":[489],"tags":[168,490,11,780],"acf":[],"yoast_head":"<!-- This site is optimized with the Yoast SEO plugin v23.0 - https:\/\/yoast.com\/wordpress\/plugins\/seo\/ -->\n<title>\u2018#SouManaus Passo a Pa\u00e7o 2023\u2019, autossustent\u00e1vel financeiro e ambientalmente<\/title>\n<meta name=\"description\" content=\"O \u201c#SouManaus Passo a Pa\u00e7o 2023\u201d, que acontece de 5 a 7 de setembro, j\u00e1 \u00e9 o maior festival de artes integradas da regi\u00e3o Norte.\" \/>\n<meta name=\"robots\" content=\"noindex, follow\" \/>\n<meta property=\"og:locale\" content=\"pt_BR\" \/>\n<meta property=\"og:type\" content=\"article\" \/>\n<meta property=\"og:title\" content=\"\u2018#SouManaus Passo a Pa\u00e7o 2023\u2019, autossustent\u00e1vel financeiro e ambientalmente\" \/>\n<meta property=\"og:description\" content=\"O \u201c#SouManaus Passo a Pa\u00e7o 2023\u201d, que acontece de 5 a 7 de setembro, j\u00e1 \u00e9 o maior festival de artes integradas da regi\u00e3o Norte.\" \/>\n<meta property=\"og:url\" content=\"https:\/\/www.manaus.am.gov.br\/manauscult\/sou-manauspasso-a-paco-2023-autossustentavel-financeiro-e-ambientalmente\/\" \/>\n<meta property=\"og:site_name\" content=\"MANAUSCULT\" \/>\n<meta property=\"article:published_time\" content=\"2023-08-27T15:18:04+00:00\" \/>\n<meta property=\"article:modified_time\" content=\"2023-11-22T18:37:24+00:00\" \/>\n<meta property=\"og:image\" content=\"https:\/\/www.manaus.am.gov.br\/manauscult\/wp-content\/uploads\/sites\/11\/2023\/08\/52340117695_4821f763a8_k.jpg\" \/>\n\t<meta property=\"og:image:width\" content=\"2048\" \/>\n\t<meta property=\"og:image:height\" content=\"1536\" \/>\n\t<meta property=\"og:image:type\" content=\"image\/jpeg\" \/>\n<meta name=\"author\" content=\"csilveira\" \/>\n<meta name=\"twitter:card\" content=\"summary_large_image\" \/>\n<meta name=\"twitter:label1\" content=\"Written by\" \/>\n\t<meta name=\"twitter:data1\" content=\"csilveira\" \/>\n\t<meta name=\"twitter:label2\" content=\"Est. reading time\" \/>\n\t<meta name=\"twitter:data2\" content=\"2 minutos\" \/>\n<script type=\"application\/ld+json\" class=\"yoast-schema-graph\">{\"@context\":\"https:\/\/schema.org\",\"@graph\":[{\"@type\":\"WebPage\",\"@id\":\"https:\/\/www.manaus.am.gov.br\/manauscult\/sou-manauspasso-a-paco-2023-autossustentavel-financeiro-e-ambientalmente\/\",\"url\":\"https:\/\/www.manaus.am.gov.br\/manauscult\/sou-manauspasso-a-paco-2023-autossustentavel-financeiro-e-ambientalmente\/\",\"name\":\"\u2018#SouManaus Passo a Pa\u00e7o 2023\u2019, autossustent\u00e1vel financeiro e ambientalmente\",\"isPartOf\":{\"@id\":\"https:\/\/www.manaus.am.gov.br\/manauscult\/#website\"},\"primaryImageOfPage\":{\"@id\":\"https:\/\/www.manaus.am.gov.br\/manauscult\/sou-manauspasso-a-paco-2023-autossustentavel-financeiro-e-ambientalmente\/#primaryimage\"},\"image\":{\"@id\":\"https:\/\/www.manaus.am.gov.br\/manauscult\/sou-manauspasso-a-paco-2023-autossustentavel-financeiro-e-ambientalmente\/#primaryimage\"},\"thumbnailUrl\":\"https:\/\/www.manaus.am.gov.br\/manauscult\/wp-content\/uploads\/sites\/11\/2023\/08\/52340117695_4821f763a8_k.jpg\",\"datePublished\":\"2023-08-27T15:18:04+00:00\",\"dateModified\":\"2023-11-22T18:37:24+00:00\",\"author\":{\"@id\":\"https:\/\/www.manaus.am.gov.br\/manauscult\/#\/schema\/person\/bfafc779be2e19b3d3ef4a59d418b606\"},\"description\":\"O \u201c#SouManaus Passo a Pa\u00e7o 2023\u201d, que acontece de 5 a 7 de setembro, j\u00e1 \u00e9 o maior festival de artes integradas da regi\u00e3o Norte.\",\"breadcrumb\":{\"@id\":\"https:\/\/www.manaus.am.gov.br\/manauscult\/sou-manauspasso-a-paco-2023-autossustentavel-financeiro-e-ambientalmente\/#breadcrumb\"},\"inLanguage\":\"pt-BR\",\"potentialAction\":[{\"@type\":\"ReadAction\",\"target\":[\"https:\/\/www.manaus.am.gov.br\/manauscult\/sou-manauspasso-a-paco-2023-autossustentavel-financeiro-e-ambientalmente\/\"]}]},{\"@type\":\"ImageObject\",\"inLanguage\":\"pt-BR\",\"@id\":\"https:\/\/www.manaus.am.gov.br\/manauscult\/sou-manauspasso-a-paco-2023-autossustentavel-financeiro-e-ambientalmente\/#primaryimage\",\"url\":\"https:\/\/www.manaus.am.gov.br\/manauscult\/wp-content\/uploads\/sites\/11\/2023\/08\/52340117695_4821f763a8_k.jpg\",\"contentUrl\":\"https:\/\/www.manaus.am.gov.br\/manauscult\/wp-content\/uploads\/sites\/11\/2023\/08\/52340117695_4821f763a8_k.jpg\",\"width\":2048,\"height\":1536},{\"@type\":\"BreadcrumbList\",\"@id\":\"https:\/\/www.manaus.am.gov.br\/manauscult\/sou-manauspasso-a-paco-2023-autossustentavel-financeiro-e-ambientalmente\/#breadcrumb\",\"itemListElement\":[{\"@type\":\"ListItem\",\"position\":1,\"name\":\"Home\",\"item\":\"https:\/\/www.manaus.am.gov.br\/manauscult\/\"},{\"@type\":\"ListItem\",\"position\":2,\"name\":\"\u2018#SouManaus Passo a Pa\u00e7o 2023\u2019, autossustent\u00e1vel financeiro e ambientalmente\"}]},{\"@type\":\"WebSite\",\"@id\":\"https:\/\/www.manaus.am.gov.br\/manauscult\/#website\",\"url\":\"https:\/\/www.manaus.am.gov.br\/manauscult\/\",\"name\":\"MANAUSCULT\",\"description\":\"Prefeitura de Manaus\",\"potentialAction\":[{\"@type\":\"SearchAction\",\"target\":{\"@type\":\"EntryPoint\",\"urlTemplate\":\"https:\/\/www.manaus.am.gov.br\/manauscult\/?s={search_term_string}\"},\"query-input\":\"required name=search_term_string\"}],\"inLanguage\":\"pt-BR\"},{\"@type\":\"Person\",\"@id\":\"https:\/\/www.manaus.am.gov.br\/manauscult\/#\/schema\/person\/bfafc779be2e19b3d3ef4a59d418b606\",\"name\":\"csilveira\",\"image\":{\"@type\":\"ImageObject\",\"inLanguage\":\"pt-BR\",\"@id\":\"https:\/\/www.manaus.am.gov.br\/manauscult\/#\/schema\/person\/image\/\",\"url\":\"https:\/\/secure.gravatar.com\/avatar\/9c2e2f00138fcd35401c748bd030d3b5?s=96&d=mm&r=g\",\"contentUrl\":\"https:\/\/secure.gravatar.com\/avatar\/9c2e2f00138fcd35401c748bd030d3b5?s=96&d=mm&r=g\",\"caption\":\"csilveira\"}}]}<\/script>\n<!-- \/ Yoast SEO plugin. -->","yoast_head_json":{"title":"\u2018#SouManaus Passo a Pa\u00e7o 2023\u2019, autossustent\u00e1vel financeiro e ambientalmente","description":"O \u201c#SouManaus Passo a Pa\u00e7o 2023\u201d, que acontece de 5 a 7 de setembro, j\u00e1 \u00e9 o maior festival de artes integradas da regi\u00e3o Norte.","robots":{"index":"noindex","follow":"follow"},"og_locale":"pt_BR","og_type":"article","og_title":"\u2018#SouManaus Passo a Pa\u00e7o 2023\u2019, autossustent\u00e1vel financeiro e ambientalmente","og_description":"O \u201c#SouManaus Passo a Pa\u00e7o 2023\u201d, que acontece de 5 a 7 de setembro, j\u00e1 \u00e9 o maior festival de artes integradas da regi\u00e3o Norte.","og_url":"https:\/\/www.manaus.am.gov.br\/manauscult\/sou-manauspasso-a-paco-2023-autossustentavel-financeiro-e-ambientalmente\/","og_site_name":"MANAUSCULT","article_published_time":"2023-08-27T15:18:04+00:00","article_modified_time":"2023-11-22T18:37:24+00:00","og_image":[{"width":2048,"height":1536,"url":"https:\/\/www.manaus.am.gov.br\/manauscult\/wp-content\/uploads\/sites\/11\/2023\/08\/52340117695_4821f763a8_k.jpg","type":"image\/jpeg"}],"author":"csilveira","twitter_card":"summary_large_image","twitter_misc":{"Written by":"csilveira","Est. reading time":"2 minutos"},"schema":{"@context":"https:\/\/schema.org","@graph":[{"@type":"WebPage","@id":"https:\/\/www.manaus.am.gov.br\/manauscult\/sou-manauspasso-a-paco-2023-autossustentavel-financeiro-e-ambientalmente\/","url":"https:\/\/www.manaus.am.gov.br\/manauscult\/sou-manauspasso-a-paco-2023-autossustentavel-financeiro-e-ambientalmente\/","name":"\u2018#SouManaus Passo a Pa\u00e7o 2023\u2019, autossustent\u00e1vel financeiro e ambientalmente","isPartOf":{"@id":"https:\/\/www.manaus.am.gov.br\/manauscult\/#website"},"primaryImageOfPage":{"@id":"https:\/\/www.manaus.am.gov.br\/manauscult\/sou-manauspasso-a-paco-2023-autossustentavel-financeiro-e-ambientalmente\/#primaryimage"},"image":{"@id":"https:\/\/www.manaus.am.gov.br\/manauscult\/sou-manauspasso-a-paco-2023-autossustentavel-financeiro-e-ambientalmente\/#primaryimage"},"thumbnailUrl":"https:\/\/www.manaus.am.gov.br\/manauscult\/wp-content\/uploads\/sites\/11\/2023\/08\/52340117695_4821f763a8_k.jpg","datePublished":"2023-08-27T15:18:04+00:00","dateModified":"2023-11-22T18:37:24+00:00","author":{"@id":"https:\/\/www.manaus.am.gov.br\/manauscult\/#\/schema\/person\/bfafc779be2e19b3d3ef4a59d418b606"},"description":"O \u201c#SouManaus Passo a Pa\u00e7o 2023\u201d, que acontece de 5 a 7 de setembro, j\u00e1 \u00e9 o maior festival de artes integradas da regi\u00e3o Norte.","breadcrumb":{"@id":"https:\/\/www.manaus.am.gov.br\/manauscult\/sou-manauspasso-a-paco-2023-autossustentavel-financeiro-e-ambientalmente\/#breadcrumb"},"inLanguage":"pt-BR","potentialAction":[{"@type":"ReadAction","target":["https:\/\/www.manaus.am.gov.br\/manauscult\/sou-manauspasso-a-paco-2023-autossustentavel-financeiro-e-ambientalmente\/"]}]},{"@type":"ImageObject","inLanguage":"pt-BR","@id":"https:\/\/www.manaus.am.gov.br\/manauscult\/sou-manauspasso-a-paco-2023-autossustentavel-financeiro-e-ambientalmente\/#primaryimage","url":"https:\/\/www.manaus.am.gov.br\/manauscult\/wp-content\/uploads\/sites\/11\/2023\/08\/52340117695_4821f763a8_k.jpg","contentUrl":"https:\/\/www.manaus.am.gov.br\/manauscult\/wp-content\/uploads\/sites\/11\/2023\/08\/52340117695_4821f763a8_k.jpg","width":2048,"height":1536},{"@type":"BreadcrumbList","@id":"https:\/\/www.manaus.am.gov.br\/manauscult\/sou-manauspasso-a-paco-2023-autossustentavel-financeiro-e-ambientalmente\/#breadcrumb","itemListElement":[{"@type":"ListItem","position":1,"name":"Home","item":"https:\/\/www.manaus.am.gov.br\/manauscult\/"},{"@type":"ListItem","position":2,"name":"\u2018#SouManaus Passo a Pa\u00e7o 2023\u2019, autossustent\u00e1vel financeiro e ambientalmente"}]},{"@type":"WebSite","@id":"https:\/\/www.manaus.am.gov.br\/manauscult\/#website","url":"https:\/\/www.manaus.am.gov.br\/manauscult\/","name":"MANAUSCULT","description":"Prefeitura de Manaus","potentialAction":[{"@type":"SearchAction","target":{"@type":"EntryPoint","urlTemplate":"https:\/\/www.manaus.am.gov.br\/manauscult\/?s={search_term_string}"},"query-input":"required name=search_term_string"}],"inLanguage":"pt-BR"},{"@type":"Person","@id":"https:\/\/www.manaus.am.gov.br\/manauscult\/#\/schema\/person\/bfafc779be2e19b3d3ef4a59d418b606","name":"csilveira","image":{"@type":"ImageObject","inLanguage":"pt-BR","@id":"https:\/\/www.manaus.am.gov.br\/manauscult\/#\/schema\/person\/image\/","url":"https:\/\/secure.gravatar.com\/avatar\/9c2e2f00138fcd35401c748bd030d3b5?s=96&d=mm&r=g","contentUrl":"https:\/\/secure.gravatar.com\/avatar\/9c2e2f00138fcd35401c748bd030d3b5?s=96&d=mm&r=g","caption":"csilveira"}}]}},"_links":{"self":[{"href":"https:\/\/www.manaus.am.gov.br\/manauscult\/wp-json\/wp\/v2\/posts\/1238"}],"collection":[{"href":"https:\/\/www.manaus.am.gov.br\/manauscult\/wp-json\/wp\/v2\/posts"}],"about":[{"href":"https:\/\/www.manaus.am.gov.br\/manauscult\/wp-json\/wp\/v2\/types\/post"}],"author":[{"embeddable":true,"href":"https:\/\/www.manaus.am.gov.br\/manauscult\/wp-json\/wp\/v2\/users\/52"}],"replies":[{"embeddable":true,"href":"https:\/\/www.manaus.am.gov.br\/manauscult\/wp-json\/wp\/v2\/comments?post=1238"}],"version-history":[{"count":1,"href":"https:\/\/www.manaus.am.gov.br\/manauscult\/wp-json\/wp\/v2\/posts\/1238\/revisions"}],"predecessor-version":[{"id":1693,"href":"https:\/\/www.manaus.am.gov.br\/manauscult\/wp-json\/wp\/v2\/posts\/1238\/revisions\/1693"}],"wp:featuredmedia":[{"embeddable":true,"href":"https:\/\/www.manaus.am.gov.br\/manauscult\/wp-json\/wp\/v2\/media\/1239"}],"wp:attachment":[{"href":"https:\/\/www.manaus.am.gov.br\/manauscult\/wp-json\/wp\/v2\/media?parent=1238"}],"wp:term":[{"taxonomy":"category","embeddable":true,"href":"https:\/\/www.manaus.am.gov.br\/manauscult\/wp-json\/wp\/v2\/categories?post=1238"},{"taxonomy":"post_tag","embeddable":true,"href":"https:\/\/www.manaus.am.gov.br\/manauscult\/wp-json\/wp\/v2\/tags?post=1238"}],"curies":[{"name":"wp","href":"https:\/\/api.w.org\/{rel}","templated":true}]}}