{"id":1234,"date":"2023-08-26T10:43:02","date_gmt":"2023-08-26T14:43:02","guid":{"rendered":"https:\/\/www.manaus.am.gov.br\/manauscult\/prefeitura-divulga-lista-de-objetos-nao-permitidos-no-soumanaus-passo-a-paco-2023\/"},"modified":"2023-08-26T10:43:03","modified_gmt":"2023-08-26T14:43:03","slug":"prefeitura-divulga-lista-de-objetos-nao-permitidos-no-soumanaus-passo-a-paco-2023","status":"publish","type":"post","link":"https:\/\/www.manaus.am.gov.br\/manauscult\/prefeitura-divulga-lista-de-objetos-nao-permitidos-no-soumanaus-passo-a-paco-2023\/","title":{"rendered":"<strong>Prefeitura divulga lista de objetos n\u00e3o permitidos no \u2018#SouManaus Passo a Pa\u00e7o 2023\u2019<\/strong>"},"content":{"rendered":"\n<p>A Prefeitura de Manaus, por meio da Funda\u00e7\u00e3o Municipal de Cultura, Turismo e Eventos (Manauscult), divulga a rela\u00e7\u00e3o de itens que n\u00e3o ser\u00e3o permitidos durante o festival de artes integradas \u201c#SouManaus Passo a Pa\u00e7o 2023\u201d, que acontece nos dias 5, 6 e 7 de setembro, no centro hist\u00f3rico da cidade.<\/p>\n\n\n\n<p>A estrutura do #SouManaus 2023 foi planejada para proporcionar uma experi\u00eancia \u00fanica aos participantes. O festival conta com sete palcos espalhados pelo local, cada um com uma programa\u00e7\u00e3o diferente. Al\u00e9m disso, h\u00e1 \u00e1reas de alimenta\u00e7\u00e3o, feira de artesanato sustent\u00e1vel, espa\u00e7o moda, teatro, banheiros e tr\u00eas centros de atendimentos aos turistas e \u00e0 popula\u00e7\u00e3o (CATP).<\/p>\n\n\n\n<p>O diretor-presidente da Manauscult, Osvaldo Cardoso, destaca que medidas de seguran\u00e7a foram refor\u00e7adas nesta edi\u00e7\u00e3o. \u201cO balan\u00e7o da \u00faltima edi\u00e7\u00e3o nos mostrou a necessidade de robustecer a seguran\u00e7a para o conforto de todos, incluindo o controle de acesso aos palcos localizados dentro do porto de Manaus, como determina o Plano Nacional de Seguran\u00e7a P\u00fablica Portu\u00e1ria (PSPP), que estabelece as diretrizes e processos que garantem a seguran\u00e7a das pessoas e das instala\u00e7\u00f5es em toda a \u00e1rea do porto\u201d, explica Cardoso.<\/p>\n\n\n\n<p>A seguran\u00e7a \u00e9 uma prioridade no #SouManaus 2023. A organiza\u00e7\u00e3o do evento conta com uma equipe de profissionais treinados, que atuam tanto na entrada quanto dentro do festival. Al\u00e9m disso, h\u00e1 postos de atendimento m\u00e9dico e ambul\u00e2ncias dispon\u00edveis para qualquer eventualidade.<\/p>\n\n\n\n<p>E, para garantir a tranquilidade dos participantes, \u00e9 proibida a entrada com objetos cortantes, armas, drogas ou qualquer item que possa colocar em risco a seguran\u00e7a dos presentes. Tamb\u00e9m \u00e9 realizado um rigoroso controle de acesso, com revistas e detectores de metais.<\/p>\n\n\n\n<p>\u00c9 importante destacar que o festival possui um espa\u00e7o reservado para pessoas com necessidades especiais, garantindo que todos possam aproveitar o evento de forma segura e confort\u00e1vel.<\/p>\n\n\n\n<p><strong>Lista de objetos n\u00e3o permitidos dentro do per\u00edmetro do festival #SouManaus<\/strong><\/p>\n\n\n\n<p>\u00b7&nbsp;embalagens r\u00edgidas e com tampa (exemplo: potes de pl\u00e1sticos do tipo&nbsp;<em>tupperware<\/em>);<\/p>\n\n\n\n<p>\u00b7&nbsp;latas;<\/p>\n\n\n\n<p>\u00b7&nbsp;capacetes;<\/p>\n\n\n\n<p>\u00b7&nbsp;armas de fogo ou armas brancas de qualquer tipo (facas, canivetes etc.);<\/p>\n\n\n\n<p>\u00b7&nbsp;cadeiras\/banquinhos;<\/p>\n\n\n\n<p>\u00b7&nbsp;guarda-chuvas;<\/p>\n\n\n\n<p>\u00b7&nbsp;objetos pontiagudos;<\/p>\n\n\n\n<p>\u00b7&nbsp;objetos perfurantes ou cortantes (tesoura, estiletes, pin\u00e7as, cortadores de unha);<\/p>\n\n\n\n<p>\u00b7&nbsp;fogos de artif\u00edcio, dispositivos explosivos, sinalizadores e aparatos incendi\u00e1rios de qualquer esp\u00e9cie;<\/p>\n\n\n\n<p>\u00b7&nbsp;objetos de vidro, pl\u00e1stico ou metal (perfumes, cosm\u00e9ticos, inclusive desodorantes de qualquer tipo, pasta ou escova de dente);<\/p>\n\n\n\n<p>\u00b7&nbsp;bebidas (em qualquer tipo de recipiente);<\/p>\n\n\n\n<p>\u00b7&nbsp;skate, bicicleta (haver\u00e1 um biciclet\u00e1rio instalado no estacionamento da igreja da Matriz) ou qualquer tipo de ve\u00edculo motorizado ou n\u00e3o;<\/p>\n\n\n\n<p>\u00b7&nbsp;isopor,&nbsp;<em>cooler<\/em>&nbsp;ou qualquer tipo de utens\u00edlio para armazenagem;<\/p>\n\n\n\n<p>\u00b7&nbsp;bast\u00e3o de&nbsp;<em>selfie<\/em>&nbsp;(extensor para tirar autorretrato);<\/p>\n\n\n\n<p>\u00b7&nbsp;itens que possam ser utilizados para&nbsp;<em>marketing<\/em>&nbsp;de emboscada;<\/p>\n\n\n\n<p>\u00b7&nbsp;subst\u00e2ncias venenosas e\/ou t\u00f3xicas, incluindo drogas ilegais;<\/p>\n\n\n\n<p>\u00b7&nbsp;bandeiras ou cartazes contendo mensagens ou s\u00edmbolos com divulga\u00e7\u00f5es comerciais;<\/p>\n\n\n\n<p>\u00b7&nbsp;<em>drones<\/em>&nbsp;de qualquer tipo;<\/p>\n\n\n\n<p>\u00b7&nbsp;n\u00e3o ser\u00e1 permitido o acesso com alimentos que representem intuito de comercializa\u00e7\u00e3o ou que possam representar riscos \u00e0 seguran\u00e7a;<\/p>\n\n\n\n<p>\u00b7&nbsp;o cidad\u00e3o que n\u00e3o se submeter \u00e0s inspe\u00e7\u00f5es, revistas e remo\u00e7\u00e3o dos objetos n\u00e3o autorizados na entrada do \u201c#SouManaus Passo a Pa\u00e7o 2023\u201d ficar\u00e1 de fora do festival.<\/p>\n\n\n\n<p><strong>INFORMA\u00c7\u00d5ES GERAIS<\/strong><\/p>\n\n\n\n<p>\u00b7&nbsp;N\u00e3o \u00e9 permitida a entrada ou perman\u00eancia no #SouManaus de qualquer pessoa que demonstre comportamento violento, agressivo ou contr\u00e1rio \u00e0 ordem p\u00fablica ou que se recuse a se desfazer de objetos n\u00e3o permitidos ou n\u00e3o autorizados.<\/p>\n\n\n\n<p>\u00b7&nbsp;N\u00e3o \u00e9 permitida a entrada de animais no #SouManaus, exceto c\u00e3es-guia devidamente identificados, que visem a atender portadores de defici\u00eancia visual.<\/p>\n\n\n\n<p>\u00b7&nbsp;A classifica\u00e7\u00e3o et\u00e1ria do evento \u00e9 de 16 anos. A entrada de menores de 16 anos ser\u00e1 permitida desde que estejam acompanhados dos pais ou respons\u00e1veis legais (ascendentes ou colaterais at\u00e9 o 4\u00ba grau) com devida comprova\u00e7\u00e3o legal.<\/p>\n\n\n\n<p>\u00b7&nbsp;Por orienta\u00e7\u00e3o do Conselho Tutelar, informamos aos pais e respons\u00e1veis que n\u00e3o \u00e9 permitido a perman\u00eancia no evento ap\u00f3s as 22h de crian\u00e7as menores de 5 anos, mesmo acompanhadas, ficando o descumprimento sujeito \u00e0 fiscaliza\u00e7\u00e3o e aplica\u00e7\u00e3o de medidas cab\u00edveis pelas autoridades competentes.<\/p>\n\n\n\n<p>\u00b7&nbsp;\u00c9 expressamente proibido vender, ofertar, fornecer, servir, ministrar, entregar e permitir, ainda que gratuitamente, o consumo de bebida alco\u00f3lica a menores de 18 anos de idade. O infrator responder\u00e1 por crime, pun\u00edvel com pena de deten\u00e7\u00e3o de 2 a 4 anos e multa (artigo 81 e 243, Lei 8.069\/90, com a reda\u00e7\u00e3o da Lei 13.106\/2015).<\/p>\n\n\n\n<p>\u00b7&nbsp;Todos os frequentadores do #SouManaus, inclusive menores de 18 anos incompletos, dever\u00e3o portar documento de identifica\u00e7\u00e3o com foto, que poder\u00e1 ser solicitado, a qualquer momento, por agentes da organiza\u00e7\u00e3o e\/ou pelas autoridades policiais presentes, para comprova\u00e7\u00e3o da idade e do respons\u00e1vel legal.<\/p>\n\n\n\n<p>&#8212; &#8212; &#8212;<\/p>\n\n\n\n<p><strong>Texto<\/strong>&nbsp;&#8211; Emanuelle Baires \/ Manauscult&nbsp;<\/p>\n\n\n\n<p><strong>Fotos<\/strong>&nbsp;\u2013 Arquivo\/Semcom<\/p>\n","protected":false},"excerpt":{"rendered":"","protected":false},"author":23,"featured_media":1235,"comment_status":"closed","ping_status":"closed","sticky":false,"template":"","format":"standard","meta":{"footnotes":""},"categories":[485],"tags":[183,486,9,11],"acf":[],"yoast_head":"<!-- This site is optimized with the Yoast SEO plugin v23.0 - https:\/\/yoast.com\/wordpress\/plugins\/seo\/ -->\n<title>Prefeitura divulga lista de objetos n\u00e3o permitidos no \u2018#SouManaus Passo a Pa\u00e7o 2023\u2019<\/title>\n<meta name=\"description\" content=\"A Prefeitura de Manaus, por meio da Funda\u00e7\u00e3o Municipal de Cultura, Turismo e Eventos (Manauscult), divulga a rela\u00e7\u00e3o de itens que n\u00e3o ser\u00e3o permitidos durante o festival de artes integradas \u201c#SouManaus Passo a Pa\u00e7o 2023\u201d, que acontece nos dias 5, 6 e 7 de setembro, no centro hist\u00f3rico da cidade.\" \/>\n<meta name=\"robots\" content=\"noindex, follow\" \/>\n<meta property=\"og:locale\" content=\"pt_BR\" \/>\n<meta property=\"og:type\" content=\"article\" \/>\n<meta property=\"og:title\" content=\"Prefeitura divulga lista de objetos n\u00e3o permitidos no \u2018#SouManaus Passo a Pa\u00e7o 2023\u2019\" \/>\n<meta property=\"og:description\" content=\"A Prefeitura de Manaus, por meio da Funda\u00e7\u00e3o Municipal de Cultura, Turismo e Eventos (Manauscult), divulga a rela\u00e7\u00e3o de itens que n\u00e3o ser\u00e3o permitidos durante o festival de artes integradas \u201c#SouManaus Passo a Pa\u00e7o 2023\u201d, que acontece nos dias 5, 6 e 7 de setembro, no centro hist\u00f3rico da cidade.\" \/>\n<meta property=\"og:url\" content=\"https:\/\/www.manaus.am.gov.br\/manauscult\/prefeitura-divulga-lista-de-objetos-nao-permitidos-no-soumanaus-passo-a-paco-2023\/\" \/>\n<meta property=\"og:site_name\" content=\"MANAUSCULT\" \/>\n<meta property=\"article:published_time\" content=\"2023-08-26T14:43:02+00:00\" \/>\n<meta property=\"article:modified_time\" content=\"2023-08-26T14:43:03+00:00\" \/>\n<meta property=\"og:image\" content=\"https:\/\/www.manaus.am.gov.br\/manauscult\/wp-content\/uploads\/sites\/11\/2023\/08\/WhatsApp-Image-2023-08-26-at-10.23.28.jpeg\" \/>\n\t<meta property=\"og:image:width\" content=\"1600\" \/>\n\t<meta property=\"og:image:height\" content=\"1066\" \/>\n\t<meta property=\"og:image:type\" content=\"image\/jpeg\" \/>\n<meta name=\"author\" content=\"Adriana Costa\" \/>\n<meta name=\"twitter:card\" content=\"summary_large_image\" \/>\n<meta name=\"twitter:label1\" content=\"Written by\" \/>\n\t<meta name=\"twitter:data1\" content=\"Adriana Costa\" \/>\n\t<meta name=\"twitter:label2\" content=\"Est. reading time\" \/>\n\t<meta name=\"twitter:data2\" content=\"5 minutos\" \/>\n<script type=\"application\/ld+json\" class=\"yoast-schema-graph\">{\"@context\":\"https:\/\/schema.org\",\"@graph\":[{\"@type\":\"WebPage\",\"@id\":\"https:\/\/www.manaus.am.gov.br\/manauscult\/prefeitura-divulga-lista-de-objetos-nao-permitidos-no-soumanaus-passo-a-paco-2023\/\",\"url\":\"https:\/\/www.manaus.am.gov.br\/manauscult\/prefeitura-divulga-lista-de-objetos-nao-permitidos-no-soumanaus-passo-a-paco-2023\/\",\"name\":\"Prefeitura divulga lista de objetos n\u00e3o permitidos no \u2018#SouManaus Passo a Pa\u00e7o 2023\u2019\",\"isPartOf\":{\"@id\":\"https:\/\/www.manaus.am.gov.br\/manauscult\/#website\"},\"primaryImageOfPage\":{\"@id\":\"https:\/\/www.manaus.am.gov.br\/manauscult\/prefeitura-divulga-lista-de-objetos-nao-permitidos-no-soumanaus-passo-a-paco-2023\/#primaryimage\"},\"image\":{\"@id\":\"https:\/\/www.manaus.am.gov.br\/manauscult\/prefeitura-divulga-lista-de-objetos-nao-permitidos-no-soumanaus-passo-a-paco-2023\/#primaryimage\"},\"thumbnailUrl\":\"https:\/\/www.manaus.am.gov.br\/manauscult\/wp-content\/uploads\/sites\/11\/2023\/08\/WhatsApp-Image-2023-08-26-at-10.23.28.jpeg\",\"datePublished\":\"2023-08-26T14:43:02+00:00\",\"dateModified\":\"2023-08-26T14:43:03+00:00\",\"author\":{\"@id\":\"https:\/\/www.manaus.am.gov.br\/manauscult\/#\/schema\/person\/4e49f4e267757a06ca072ec61b2b9968\"},\"description\":\"A Prefeitura de Manaus, por meio da Funda\u00e7\u00e3o Municipal de Cultura, Turismo e Eventos (Manauscult), divulga a rela\u00e7\u00e3o de itens que n\u00e3o ser\u00e3o permitidos durante o festival de artes integradas \u201c#SouManaus Passo a Pa\u00e7o 2023\u201d, que acontece nos dias 5, 6 e 7 de setembro, no centro hist\u00f3rico da cidade.\",\"breadcrumb\":{\"@id\":\"https:\/\/www.manaus.am.gov.br\/manauscult\/prefeitura-divulga-lista-de-objetos-nao-permitidos-no-soumanaus-passo-a-paco-2023\/#breadcrumb\"},\"inLanguage\":\"pt-BR\",\"potentialAction\":[{\"@type\":\"ReadAction\",\"target\":[\"https:\/\/www.manaus.am.gov.br\/manauscult\/prefeitura-divulga-lista-de-objetos-nao-permitidos-no-soumanaus-passo-a-paco-2023\/\"]}]},{\"@type\":\"ImageObject\",\"inLanguage\":\"pt-BR\",\"@id\":\"https:\/\/www.manaus.am.gov.br\/manauscult\/prefeitura-divulga-lista-de-objetos-nao-permitidos-no-soumanaus-passo-a-paco-2023\/#primaryimage\",\"url\":\"https:\/\/www.manaus.am.gov.br\/manauscult\/wp-content\/uploads\/sites\/11\/2023\/08\/WhatsApp-Image-2023-08-26-at-10.23.28.jpeg\",\"contentUrl\":\"https:\/\/www.manaus.am.gov.br\/manauscult\/wp-content\/uploads\/sites\/11\/2023\/08\/WhatsApp-Image-2023-08-26-at-10.23.28.jpeg\",\"width\":1600,\"height\":1066},{\"@type\":\"BreadcrumbList\",\"@id\":\"https:\/\/www.manaus.am.gov.br\/manauscult\/prefeitura-divulga-lista-de-objetos-nao-permitidos-no-soumanaus-passo-a-paco-2023\/#breadcrumb\",\"itemListElement\":[{\"@type\":\"ListItem\",\"position\":1,\"name\":\"Home\",\"item\":\"https:\/\/www.manaus.am.gov.br\/manauscult\/\"},{\"@type\":\"ListItem\",\"position\":2,\"name\":\"Prefeitura divulga lista de objetos n\u00e3o permitidos no \u2018#SouManaus Passo a Pa\u00e7o 2023\u2019\"}]},{\"@type\":\"WebSite\",\"@id\":\"https:\/\/www.manaus.am.gov.br\/manauscult\/#website\",\"url\":\"https:\/\/www.manaus.am.gov.br\/manauscult\/\",\"name\":\"MANAUSCULT\",\"description\":\"Prefeitura de Manaus\",\"potentialAction\":[{\"@type\":\"SearchAction\",\"target\":{\"@type\":\"EntryPoint\",\"urlTemplate\":\"https:\/\/www.manaus.am.gov.br\/manauscult\/?s={search_term_string}\"},\"query-input\":\"required name=search_term_string\"}],\"inLanguage\":\"pt-BR\"},{\"@type\":\"Person\",\"@id\":\"https:\/\/www.manaus.am.gov.br\/manauscult\/#\/schema\/person\/4e49f4e267757a06ca072ec61b2b9968\",\"name\":\"Adriana Costa\",\"image\":{\"@type\":\"ImageObject\",\"inLanguage\":\"pt-BR\",\"@id\":\"https:\/\/www.manaus.am.gov.br\/manauscult\/#\/schema\/person\/image\/\",\"url\":\"https:\/\/secure.gravatar.com\/avatar\/576258617ef7194f718179e766d57bd4?s=96&d=mm&r=g\",\"contentUrl\":\"https:\/\/secure.gravatar.com\/avatar\/576258617ef7194f718179e766d57bd4?s=96&d=mm&r=g\",\"caption\":\"Adriana Costa\"}}]}<\/script>\n<!-- \/ Yoast SEO plugin. -->","yoast_head_json":{"title":"Prefeitura divulga lista de objetos n\u00e3o permitidos no \u2018#SouManaus Passo a Pa\u00e7o 2023\u2019","description":"A Prefeitura de Manaus, por meio da Funda\u00e7\u00e3o Municipal de Cultura, Turismo e Eventos (Manauscult), divulga a rela\u00e7\u00e3o de itens que n\u00e3o ser\u00e3o permitidos durante o festival de artes integradas \u201c#SouManaus Passo a Pa\u00e7o 2023\u201d, que acontece nos dias 5, 6 e 7 de setembro, no centro hist\u00f3rico da cidade.","robots":{"index":"noindex","follow":"follow"},"og_locale":"pt_BR","og_type":"article","og_title":"Prefeitura divulga lista de objetos n\u00e3o permitidos no \u2018#SouManaus Passo a Pa\u00e7o 2023\u2019","og_description":"A Prefeitura de Manaus, por meio da Funda\u00e7\u00e3o Municipal de Cultura, Turismo e Eventos (Manauscult), divulga a rela\u00e7\u00e3o de itens que n\u00e3o ser\u00e3o permitidos durante o festival de artes integradas \u201c#SouManaus Passo a Pa\u00e7o 2023\u201d, que acontece nos dias 5, 6 e 7 de setembro, no centro hist\u00f3rico da cidade.","og_url":"https:\/\/www.manaus.am.gov.br\/manauscult\/prefeitura-divulga-lista-de-objetos-nao-permitidos-no-soumanaus-passo-a-paco-2023\/","og_site_name":"MANAUSCULT","article_published_time":"2023-08-26T14:43:02+00:00","article_modified_time":"2023-08-26T14:43:03+00:00","og_image":[{"width":1600,"height":1066,"url":"https:\/\/www.manaus.am.gov.br\/manauscult\/wp-content\/uploads\/sites\/11\/2023\/08\/WhatsApp-Image-2023-08-26-at-10.23.28.jpeg","type":"image\/jpeg"}],"author":"Adriana Costa","twitter_card":"summary_large_image","twitter_misc":{"Written by":"Adriana Costa","Est. reading time":"5 minutos"},"schema":{"@context":"https:\/\/schema.org","@graph":[{"@type":"WebPage","@id":"https:\/\/www.manaus.am.gov.br\/manauscult\/prefeitura-divulga-lista-de-objetos-nao-permitidos-no-soumanaus-passo-a-paco-2023\/","url":"https:\/\/www.manaus.am.gov.br\/manauscult\/prefeitura-divulga-lista-de-objetos-nao-permitidos-no-soumanaus-passo-a-paco-2023\/","name":"Prefeitura divulga lista de objetos n\u00e3o permitidos no \u2018#SouManaus Passo a Pa\u00e7o 2023\u2019","isPartOf":{"@id":"https:\/\/www.manaus.am.gov.br\/manauscult\/#website"},"primaryImageOfPage":{"@id":"https:\/\/www.manaus.am.gov.br\/manauscult\/prefeitura-divulga-lista-de-objetos-nao-permitidos-no-soumanaus-passo-a-paco-2023\/#primaryimage"},"image":{"@id":"https:\/\/www.manaus.am.gov.br\/manauscult\/prefeitura-divulga-lista-de-objetos-nao-permitidos-no-soumanaus-passo-a-paco-2023\/#primaryimage"},"thumbnailUrl":"https:\/\/www.manaus.am.gov.br\/manauscult\/wp-content\/uploads\/sites\/11\/2023\/08\/WhatsApp-Image-2023-08-26-at-10.23.28.jpeg","datePublished":"2023-08-26T14:43:02+00:00","dateModified":"2023-08-26T14:43:03+00:00","author":{"@id":"https:\/\/www.manaus.am.gov.br\/manauscult\/#\/schema\/person\/4e49f4e267757a06ca072ec61b2b9968"},"description":"A Prefeitura de Manaus, por meio da Funda\u00e7\u00e3o Municipal de Cultura, Turismo e Eventos (Manauscult), divulga a rela\u00e7\u00e3o de itens que n\u00e3o ser\u00e3o permitidos durante o festival de artes integradas \u201c#SouManaus Passo a Pa\u00e7o 2023\u201d, que acontece nos dias 5, 6 e 7 de setembro, no centro hist\u00f3rico da cidade.","breadcrumb":{"@id":"https:\/\/www.manaus.am.gov.br\/manauscult\/prefeitura-divulga-lista-de-objetos-nao-permitidos-no-soumanaus-passo-a-paco-2023\/#breadcrumb"},"inLanguage":"pt-BR","potentialAction":[{"@type":"ReadAction","target":["https:\/\/www.manaus.am.gov.br\/manauscult\/prefeitura-divulga-lista-de-objetos-nao-permitidos-no-soumanaus-passo-a-paco-2023\/"]}]},{"@type":"ImageObject","inLanguage":"pt-BR","@id":"https:\/\/www.manaus.am.gov.br\/manauscult\/prefeitura-divulga-lista-de-objetos-nao-permitidos-no-soumanaus-passo-a-paco-2023\/#primaryimage","url":"https:\/\/www.manaus.am.gov.br\/manauscult\/wp-content\/uploads\/sites\/11\/2023\/08\/WhatsApp-Image-2023-08-26-at-10.23.28.jpeg","contentUrl":"https:\/\/www.manaus.am.gov.br\/manauscult\/wp-content\/uploads\/sites\/11\/2023\/08\/WhatsApp-Image-2023-08-26-at-10.23.28.jpeg","width":1600,"height":1066},{"@type":"BreadcrumbList","@id":"https:\/\/www.manaus.am.gov.br\/manauscult\/prefeitura-divulga-lista-de-objetos-nao-permitidos-no-soumanaus-passo-a-paco-2023\/#breadcrumb","itemListElement":[{"@type":"ListItem","position":1,"name":"Home","item":"https:\/\/www.manaus.am.gov.br\/manauscult\/"},{"@type":"ListItem","position":2,"name":"Prefeitura divulga lista de objetos n\u00e3o permitidos no \u2018#SouManaus Passo a Pa\u00e7o 2023\u2019"}]},{"@type":"WebSite","@id":"https:\/\/www.manaus.am.gov.br\/manauscult\/#website","url":"https:\/\/www.manaus.am.gov.br\/manauscult\/","name":"MANAUSCULT","description":"Prefeitura de Manaus","potentialAction":[{"@type":"SearchAction","target":{"@type":"EntryPoint","urlTemplate":"https:\/\/www.manaus.am.gov.br\/manauscult\/?s={search_term_string}"},"query-input":"required name=search_term_string"}],"inLanguage":"pt-BR"},{"@type":"Person","@id":"https:\/\/www.manaus.am.gov.br\/manauscult\/#\/schema\/person\/4e49f4e267757a06ca072ec61b2b9968","name":"Adriana Costa","image":{"@type":"ImageObject","inLanguage":"pt-BR","@id":"https:\/\/www.manaus.am.gov.br\/manauscult\/#\/schema\/person\/image\/","url":"https:\/\/secure.gravatar.com\/avatar\/576258617ef7194f718179e766d57bd4?s=96&d=mm&r=g","contentUrl":"https:\/\/secure.gravatar.com\/avatar\/576258617ef7194f718179e766d57bd4?s=96&d=mm&r=g","caption":"Adriana Costa"}}]}},"_links":{"self":[{"href":"https:\/\/www.manaus.am.gov.br\/manauscult\/wp-json\/wp\/v2\/posts\/1234"}],"collection":[{"href":"https:\/\/www.manaus.am.gov.br\/manauscult\/wp-json\/wp\/v2\/posts"}],"about":[{"href":"https:\/\/www.manaus.am.gov.br\/manauscult\/wp-json\/wp\/v2\/types\/post"}],"author":[{"embeddable":true,"href":"https:\/\/www.manaus.am.gov.br\/manauscult\/wp-json\/wp\/v2\/users\/23"}],"replies":[{"embeddable":true,"href":"https:\/\/www.manaus.am.gov.br\/manauscult\/wp-json\/wp\/v2\/comments?post=1234"}],"version-history":[{"count":0,"href":"https:\/\/www.manaus.am.gov.br\/manauscult\/wp-json\/wp\/v2\/posts\/1234\/revisions"}],"wp:featuredmedia":[{"embeddable":true,"href":"https:\/\/www.manaus.am.gov.br\/manauscult\/wp-json\/wp\/v2\/media\/1235"}],"wp:attachment":[{"href":"https:\/\/www.manaus.am.gov.br\/manauscult\/wp-json\/wp\/v2\/media?parent=1234"}],"wp:term":[{"taxonomy":"category","embeddable":true,"href":"https:\/\/www.manaus.am.gov.br\/manauscult\/wp-json\/wp\/v2\/categories?post=1234"},{"taxonomy":"post_tag","embeddable":true,"href":"https:\/\/www.manaus.am.gov.br\/manauscult\/wp-json\/wp\/v2\/tags?post=1234"}],"curies":[{"name":"wp","href":"https:\/\/api.w.org\/{rel}","templated":true}]}}