{"id":1211,"date":"2023-08-25T17:43:10","date_gmt":"2023-08-25T21:43:10","guid":{"rendered":"https:\/\/www.manaus.am.gov.br\/manauscult\/prefeitura-e-cmm-realizam-vistoria-tecnica-na-estrutura-do-soumanaus-2023\/"},"modified":"2023-08-25T17:43:11","modified_gmt":"2023-08-25T21:43:11","slug":"prefeitura-e-cmm-realizam-vistoria-tecnica-na-estrutura-do-soumanaus-2023","status":"publish","type":"post","link":"https:\/\/www.manaus.am.gov.br\/manauscult\/prefeitura-e-cmm-realizam-vistoria-tecnica-na-estrutura-do-soumanaus-2023\/","title":{"rendered":"<strong>Prefeitura e CMM realizam vistoria t\u00e9cnica na estrutura do \u2018#SouManaus 2023\u2019<\/strong>"},"content":{"rendered":"\n<p>A Prefeitura de Manaus, por meio da Funda\u00e7\u00e3o Municipal de Cultura, Turismo e Eventos (Manauscult), realizou, nesta sexta-feira, 25 de agosto, uma visita t\u00e9cnica com os vereadores da C\u00e2mara Municipal de Manaus (CMM), na estrutura que est\u00e1 sendo montada para o maior festival de artes integradas do Norte do pa\u00eds, o \u201c#SouManaus Passo a Pa\u00e7o 2023\u201d, na \u00e1rea portu\u00e1ria da cidade, localizada no centro hist\u00f3rico.<\/p>\n\n\n\n<p>De acordo com o diretor-presidente da Manauscult, Osvaldo Cardoso, o encontro serviu para sanar as d\u00favidas dos parlamentares e para mostrar a eles como o trabalho tem sido desenvolvido.<\/p>\n\n\n\n<p>\u201cEssa \u00e9 uma comiss\u00e3o de vereadores, tinha muita d\u00favida sobre o evento e convidei esses vereadores a virem aqui no campo de trabalho onde est\u00e1 sendo montado o maior #SouManaus de todos os tempos. Para que eles entendam a magnitude do evento, o que est\u00e1 sendo preparado pela Prefeitura de Manaus. J\u00e1 recebemos eles no gabinete da secretaria, agora viemos aqui no espa\u00e7o onde ser\u00e1 o evento para mostrar a realidade do #SouManaus 2023\u201d, disse Cardoso.<\/p>\n\n\n\n<p>Osvaldo ressaltou, ainda, que o \u201c#SouManaus Passo a Pa\u00e7o 2023\u201d, \u00e9 um megaevento tur\u00edstico-cultural, que integra o calend\u00e1rio oficial da cidade, e vem para potencializar a carreira dos fazedores de cultura e posicionar a cidade entre os maiores destinos tur\u00edsticos da Am\u00e9rica Latina. Ele tamb\u00e9m garantiu que o cronograma est\u00e1 seguindo da forma que foi planejado.<\/p>\n\n\n\n<p>\u201cEst\u00e1 seguindo o cronograma. O evento j\u00e1 estava pronto h\u00e1 mais de trinta dias, e um cronograma montado nos permite ter tranquilidade que nos dias 5, 6 e 7 de setembro estar\u00e1 tudo pronto para receber todos os turistas que v\u00e3o estar aqui conosco e toda Manaus\u201d, concluiu.<\/p>\n\n\n\n<p>Este ano, o evento, que chega a sua 8\u00aa edi\u00e7\u00e3o, acontecer\u00e1 nos dias 5, 6 e 7 de setembro, no entorno do Pa\u00e7o Municipal, no centro hist\u00f3rico, com entrada gratuita. A expectativa para este ano \u00e9 de 500 mil pessoas presentes nos tr\u00eas dias de evento.<\/p>\n\n\n\n<p>&#8212; &#8212; &#8212;<\/p>\n\n\n\n<p><strong>Texto<\/strong> &#8211; Asafe Augusto \/ Semcom<\/p>\n\n\n\n<p><strong>Fotos<\/strong> &#8211; Jo\u00e3o Viana \/ Semcom<\/p>\n\n\n\n<p><strong>Dispon\u00edveis em &#8211; <\/strong><a href=\"https:\/\/flic.kr\/s\/aHBqjASmAE\">https:\/\/flic.kr\/s\/aHBqjASmAE<\/a><\/p>\n","protected":false},"excerpt":{"rendered":"","protected":false},"author":39,"featured_media":1212,"comment_status":"closed","ping_status":"closed","sticky":false,"template":"","format":"standard","meta":{"footnotes":""},"categories":[482],"tags":[264,483,443,9,11,484],"acf":[],"yoast_head":"<!-- This site is optimized with the Yoast SEO plugin v23.0 - https:\/\/yoast.com\/wordpress\/plugins\/seo\/ -->\n<title>Prefeitura e CMM realizam vistoria t\u00e9cnica na estrutura do \u2018#SouManaus 2023\u2019<\/title>\n<meta name=\"description\" content=\"A Prefeitura de Manaus, por meio da Funda\u00e7\u00e3o Municipal de Cultura, Turismo e Eventos (Manauscult), realizou, nesta sexta-feira, 25 de agosto, uma visita t\u00e9cnica com os vereadores da C\u00e2mara Municipal de Manaus (CMM), na estrutura que est\u00e1 sendo montada para o maior festival de artes integradas do Norte do pa\u00eds, o \u201c#SouManaus Passo a Pa\u00e7o 2023\u201d, na \u00e1rea portu\u00e1ria da cidade, localizada no centro hist\u00f3rico.\" \/>\n<meta name=\"robots\" content=\"noindex, follow\" \/>\n<meta property=\"og:locale\" content=\"pt_BR\" \/>\n<meta property=\"og:type\" content=\"article\" \/>\n<meta property=\"og:title\" content=\"Prefeitura e CMM realizam vistoria t\u00e9cnica na estrutura do \u2018#SouManaus 2023\u2019\" \/>\n<meta property=\"og:description\" content=\"A Prefeitura de Manaus, por meio da Funda\u00e7\u00e3o Municipal de Cultura, Turismo e Eventos (Manauscult), realizou, nesta sexta-feira, 25 de agosto, uma visita t\u00e9cnica com os vereadores da C\u00e2mara Municipal de Manaus (CMM), na estrutura que est\u00e1 sendo montada para o maior festival de artes integradas do Norte do pa\u00eds, o \u201c#SouManaus Passo a Pa\u00e7o 2023\u201d, na \u00e1rea portu\u00e1ria da cidade, localizada no centro hist\u00f3rico.\" \/>\n<meta property=\"og:url\" content=\"https:\/\/www.manaus.am.gov.br\/manauscult\/prefeitura-e-cmm-realizam-vistoria-tecnica-na-estrutura-do-soumanaus-2023\/\" \/>\n<meta property=\"og:site_name\" content=\"MANAUSCULT\" \/>\n<meta property=\"article:published_time\" content=\"2023-08-25T21:43:10+00:00\" \/>\n<meta property=\"article:modified_time\" content=\"2023-08-25T21:43:11+00:00\" \/>\n<meta property=\"og:image\" content=\"https:\/\/www.manaus.am.gov.br\/manauscult\/wp-content\/uploads\/sites\/11\/2023\/08\/53141631079_ec81189c69_k.jpg\" \/>\n\t<meta property=\"og:image:width\" content=\"2047\" \/>\n\t<meta property=\"og:image:height\" content=\"1365\" \/>\n\t<meta property=\"og:image:type\" content=\"image\/jpeg\" \/>\n<meta name=\"author\" content=\"Bruna Greco\" \/>\n<meta name=\"twitter:card\" content=\"summary_large_image\" \/>\n<meta name=\"twitter:label1\" content=\"Written by\" \/>\n\t<meta name=\"twitter:data1\" content=\"Bruna Greco\" \/>\n\t<meta name=\"twitter:label2\" content=\"Est. reading time\" \/>\n\t<meta name=\"twitter:data2\" content=\"2 minutos\" \/>\n<script type=\"application\/ld+json\" class=\"yoast-schema-graph\">{\"@context\":\"https:\/\/schema.org\",\"@graph\":[{\"@type\":\"WebPage\",\"@id\":\"https:\/\/www.manaus.am.gov.br\/manauscult\/prefeitura-e-cmm-realizam-vistoria-tecnica-na-estrutura-do-soumanaus-2023\/\",\"url\":\"https:\/\/www.manaus.am.gov.br\/manauscult\/prefeitura-e-cmm-realizam-vistoria-tecnica-na-estrutura-do-soumanaus-2023\/\",\"name\":\"Prefeitura e CMM realizam vistoria t\u00e9cnica na estrutura do \u2018#SouManaus 2023\u2019\",\"isPartOf\":{\"@id\":\"https:\/\/www.manaus.am.gov.br\/manauscult\/#website\"},\"primaryImageOfPage\":{\"@id\":\"https:\/\/www.manaus.am.gov.br\/manauscult\/prefeitura-e-cmm-realizam-vistoria-tecnica-na-estrutura-do-soumanaus-2023\/#primaryimage\"},\"image\":{\"@id\":\"https:\/\/www.manaus.am.gov.br\/manauscult\/prefeitura-e-cmm-realizam-vistoria-tecnica-na-estrutura-do-soumanaus-2023\/#primaryimage\"},\"thumbnailUrl\":\"https:\/\/www.manaus.am.gov.br\/manauscult\/wp-content\/uploads\/sites\/11\/2023\/08\/53141631079_ec81189c69_k.jpg\",\"datePublished\":\"2023-08-25T21:43:10+00:00\",\"dateModified\":\"2023-08-25T21:43:11+00:00\",\"author\":{\"@id\":\"https:\/\/www.manaus.am.gov.br\/manauscult\/#\/schema\/person\/05d223aea2bf115f9883a6ff3683d81b\"},\"description\":\"A Prefeitura de Manaus, por meio da Funda\u00e7\u00e3o Municipal de Cultura, Turismo e Eventos (Manauscult), realizou, nesta sexta-feira, 25 de agosto, uma visita t\u00e9cnica com os vereadores da C\u00e2mara Municipal de Manaus (CMM), na estrutura que est\u00e1 sendo montada para o maior festival de artes integradas do Norte do pa\u00eds, o \u201c#SouManaus Passo a Pa\u00e7o 2023\u201d, na \u00e1rea portu\u00e1ria da cidade, localizada no centro hist\u00f3rico.\",\"breadcrumb\":{\"@id\":\"https:\/\/www.manaus.am.gov.br\/manauscult\/prefeitura-e-cmm-realizam-vistoria-tecnica-na-estrutura-do-soumanaus-2023\/#breadcrumb\"},\"inLanguage\":\"pt-BR\",\"potentialAction\":[{\"@type\":\"ReadAction\",\"target\":[\"https:\/\/www.manaus.am.gov.br\/manauscult\/prefeitura-e-cmm-realizam-vistoria-tecnica-na-estrutura-do-soumanaus-2023\/\"]}]},{\"@type\":\"ImageObject\",\"inLanguage\":\"pt-BR\",\"@id\":\"https:\/\/www.manaus.am.gov.br\/manauscult\/prefeitura-e-cmm-realizam-vistoria-tecnica-na-estrutura-do-soumanaus-2023\/#primaryimage\",\"url\":\"https:\/\/www.manaus.am.gov.br\/manauscult\/wp-content\/uploads\/sites\/11\/2023\/08\/53141631079_ec81189c69_k.jpg\",\"contentUrl\":\"https:\/\/www.manaus.am.gov.br\/manauscult\/wp-content\/uploads\/sites\/11\/2023\/08\/53141631079_ec81189c69_k.jpg\",\"width\":2047,\"height\":1365},{\"@type\":\"BreadcrumbList\",\"@id\":\"https:\/\/www.manaus.am.gov.br\/manauscult\/prefeitura-e-cmm-realizam-vistoria-tecnica-na-estrutura-do-soumanaus-2023\/#breadcrumb\",\"itemListElement\":[{\"@type\":\"ListItem\",\"position\":1,\"name\":\"Home\",\"item\":\"https:\/\/www.manaus.am.gov.br\/manauscult\/\"},{\"@type\":\"ListItem\",\"position\":2,\"name\":\"Prefeitura e CMM realizam vistoria t\u00e9cnica na estrutura do \u2018#SouManaus 2023\u2019\"}]},{\"@type\":\"WebSite\",\"@id\":\"https:\/\/www.manaus.am.gov.br\/manauscult\/#website\",\"url\":\"https:\/\/www.manaus.am.gov.br\/manauscult\/\",\"name\":\"MANAUSCULT\",\"description\":\"Prefeitura de Manaus\",\"potentialAction\":[{\"@type\":\"SearchAction\",\"target\":{\"@type\":\"EntryPoint\",\"urlTemplate\":\"https:\/\/www.manaus.am.gov.br\/manauscult\/?s={search_term_string}\"},\"query-input\":\"required name=search_term_string\"}],\"inLanguage\":\"pt-BR\"},{\"@type\":\"Person\",\"@id\":\"https:\/\/www.manaus.am.gov.br\/manauscult\/#\/schema\/person\/05d223aea2bf115f9883a6ff3683d81b\",\"name\":\"Bruna Greco\",\"image\":{\"@type\":\"ImageObject\",\"inLanguage\":\"pt-BR\",\"@id\":\"https:\/\/www.manaus.am.gov.br\/manauscult\/#\/schema\/person\/image\/\",\"url\":\"https:\/\/secure.gravatar.com\/avatar\/9c877d1a6adc2a055330e5c09a8653ce?s=96&d=mm&r=g\",\"contentUrl\":\"https:\/\/secure.gravatar.com\/avatar\/9c877d1a6adc2a055330e5c09a8653ce?s=96&d=mm&r=g\",\"caption\":\"Bruna Greco\"}}]}<\/script>\n<!-- \/ Yoast SEO plugin. -->","yoast_head_json":{"title":"Prefeitura e CMM realizam vistoria t\u00e9cnica na estrutura do \u2018#SouManaus 2023\u2019","description":"A Prefeitura de Manaus, por meio da Funda\u00e7\u00e3o Municipal de Cultura, Turismo e Eventos (Manauscult), realizou, nesta sexta-feira, 25 de agosto, uma visita t\u00e9cnica com os vereadores da C\u00e2mara Municipal de Manaus (CMM), na estrutura que est\u00e1 sendo montada para o maior festival de artes integradas do Norte do pa\u00eds, o \u201c#SouManaus Passo a Pa\u00e7o 2023\u201d, na \u00e1rea portu\u00e1ria da cidade, localizada no centro hist\u00f3rico.","robots":{"index":"noindex","follow":"follow"},"og_locale":"pt_BR","og_type":"article","og_title":"Prefeitura e CMM realizam vistoria t\u00e9cnica na estrutura do \u2018#SouManaus 2023\u2019","og_description":"A Prefeitura de Manaus, por meio da Funda\u00e7\u00e3o Municipal de Cultura, Turismo e Eventos (Manauscult), realizou, nesta sexta-feira, 25 de agosto, uma visita t\u00e9cnica com os vereadores da C\u00e2mara Municipal de Manaus (CMM), na estrutura que est\u00e1 sendo montada para o maior festival de artes integradas do Norte do pa\u00eds, o \u201c#SouManaus Passo a Pa\u00e7o 2023\u201d, na \u00e1rea portu\u00e1ria da cidade, localizada no centro hist\u00f3rico.","og_url":"https:\/\/www.manaus.am.gov.br\/manauscult\/prefeitura-e-cmm-realizam-vistoria-tecnica-na-estrutura-do-soumanaus-2023\/","og_site_name":"MANAUSCULT","article_published_time":"2023-08-25T21:43:10+00:00","article_modified_time":"2023-08-25T21:43:11+00:00","og_image":[{"width":2047,"height":1365,"url":"https:\/\/www.manaus.am.gov.br\/manauscult\/wp-content\/uploads\/sites\/11\/2023\/08\/53141631079_ec81189c69_k.jpg","type":"image\/jpeg"}],"author":"Bruna Greco","twitter_card":"summary_large_image","twitter_misc":{"Written by":"Bruna Greco","Est. reading time":"2 minutos"},"schema":{"@context":"https:\/\/schema.org","@graph":[{"@type":"WebPage","@id":"https:\/\/www.manaus.am.gov.br\/manauscult\/prefeitura-e-cmm-realizam-vistoria-tecnica-na-estrutura-do-soumanaus-2023\/","url":"https:\/\/www.manaus.am.gov.br\/manauscult\/prefeitura-e-cmm-realizam-vistoria-tecnica-na-estrutura-do-soumanaus-2023\/","name":"Prefeitura e CMM realizam vistoria t\u00e9cnica na estrutura do \u2018#SouManaus 2023\u2019","isPartOf":{"@id":"https:\/\/www.manaus.am.gov.br\/manauscult\/#website"},"primaryImageOfPage":{"@id":"https:\/\/www.manaus.am.gov.br\/manauscult\/prefeitura-e-cmm-realizam-vistoria-tecnica-na-estrutura-do-soumanaus-2023\/#primaryimage"},"image":{"@id":"https:\/\/www.manaus.am.gov.br\/manauscult\/prefeitura-e-cmm-realizam-vistoria-tecnica-na-estrutura-do-soumanaus-2023\/#primaryimage"},"thumbnailUrl":"https:\/\/www.manaus.am.gov.br\/manauscult\/wp-content\/uploads\/sites\/11\/2023\/08\/53141631079_ec81189c69_k.jpg","datePublished":"2023-08-25T21:43:10+00:00","dateModified":"2023-08-25T21:43:11+00:00","author":{"@id":"https:\/\/www.manaus.am.gov.br\/manauscult\/#\/schema\/person\/05d223aea2bf115f9883a6ff3683d81b"},"description":"A Prefeitura de Manaus, por meio da Funda\u00e7\u00e3o Municipal de Cultura, Turismo e Eventos (Manauscult), realizou, nesta sexta-feira, 25 de agosto, uma visita t\u00e9cnica com os vereadores da C\u00e2mara Municipal de Manaus (CMM), na estrutura que est\u00e1 sendo montada para o maior festival de artes integradas do Norte do pa\u00eds, o \u201c#SouManaus Passo a Pa\u00e7o 2023\u201d, na \u00e1rea portu\u00e1ria da cidade, localizada no centro hist\u00f3rico.","breadcrumb":{"@id":"https:\/\/www.manaus.am.gov.br\/manauscult\/prefeitura-e-cmm-realizam-vistoria-tecnica-na-estrutura-do-soumanaus-2023\/#breadcrumb"},"inLanguage":"pt-BR","potentialAction":[{"@type":"ReadAction","target":["https:\/\/www.manaus.am.gov.br\/manauscult\/prefeitura-e-cmm-realizam-vistoria-tecnica-na-estrutura-do-soumanaus-2023\/"]}]},{"@type":"ImageObject","inLanguage":"pt-BR","@id":"https:\/\/www.manaus.am.gov.br\/manauscult\/prefeitura-e-cmm-realizam-vistoria-tecnica-na-estrutura-do-soumanaus-2023\/#primaryimage","url":"https:\/\/www.manaus.am.gov.br\/manauscult\/wp-content\/uploads\/sites\/11\/2023\/08\/53141631079_ec81189c69_k.jpg","contentUrl":"https:\/\/www.manaus.am.gov.br\/manauscult\/wp-content\/uploads\/sites\/11\/2023\/08\/53141631079_ec81189c69_k.jpg","width":2047,"height":1365},{"@type":"BreadcrumbList","@id":"https:\/\/www.manaus.am.gov.br\/manauscult\/prefeitura-e-cmm-realizam-vistoria-tecnica-na-estrutura-do-soumanaus-2023\/#breadcrumb","itemListElement":[{"@type":"ListItem","position":1,"name":"Home","item":"https:\/\/www.manaus.am.gov.br\/manauscult\/"},{"@type":"ListItem","position":2,"name":"Prefeitura e CMM realizam vistoria t\u00e9cnica na estrutura do \u2018#SouManaus 2023\u2019"}]},{"@type":"WebSite","@id":"https:\/\/www.manaus.am.gov.br\/manauscult\/#website","url":"https:\/\/www.manaus.am.gov.br\/manauscult\/","name":"MANAUSCULT","description":"Prefeitura de Manaus","potentialAction":[{"@type":"SearchAction","target":{"@type":"EntryPoint","urlTemplate":"https:\/\/www.manaus.am.gov.br\/manauscult\/?s={search_term_string}"},"query-input":"required name=search_term_string"}],"inLanguage":"pt-BR"},{"@type":"Person","@id":"https:\/\/www.manaus.am.gov.br\/manauscult\/#\/schema\/person\/05d223aea2bf115f9883a6ff3683d81b","name":"Bruna Greco","image":{"@type":"ImageObject","inLanguage":"pt-BR","@id":"https:\/\/www.manaus.am.gov.br\/manauscult\/#\/schema\/person\/image\/","url":"https:\/\/secure.gravatar.com\/avatar\/9c877d1a6adc2a055330e5c09a8653ce?s=96&d=mm&r=g","contentUrl":"https:\/\/secure.gravatar.com\/avatar\/9c877d1a6adc2a055330e5c09a8653ce?s=96&d=mm&r=g","caption":"Bruna Greco"}}]}},"_links":{"self":[{"href":"https:\/\/www.manaus.am.gov.br\/manauscult\/wp-json\/wp\/v2\/posts\/1211"}],"collection":[{"href":"https:\/\/www.manaus.am.gov.br\/manauscult\/wp-json\/wp\/v2\/posts"}],"about":[{"href":"https:\/\/www.manaus.am.gov.br\/manauscult\/wp-json\/wp\/v2\/types\/post"}],"author":[{"embeddable":true,"href":"https:\/\/www.manaus.am.gov.br\/manauscult\/wp-json\/wp\/v2\/users\/39"}],"replies":[{"embeddable":true,"href":"https:\/\/www.manaus.am.gov.br\/manauscult\/wp-json\/wp\/v2\/comments?post=1211"}],"version-history":[{"count":0,"href":"https:\/\/www.manaus.am.gov.br\/manauscult\/wp-json\/wp\/v2\/posts\/1211\/revisions"}],"wp:featuredmedia":[{"embeddable":true,"href":"https:\/\/www.manaus.am.gov.br\/manauscult\/wp-json\/wp\/v2\/media\/1212"}],"wp:attachment":[{"href":"https:\/\/www.manaus.am.gov.br\/manauscult\/wp-json\/wp\/v2\/media?parent=1211"}],"wp:term":[{"taxonomy":"category","embeddable":true,"href":"https:\/\/www.manaus.am.gov.br\/manauscult\/wp-json\/wp\/v2\/categories?post=1211"},{"taxonomy":"post_tag","embeddable":true,"href":"https:\/\/www.manaus.am.gov.br\/manauscult\/wp-json\/wp\/v2\/tags?post=1211"}],"curies":[{"name":"wp","href":"https:\/\/api.w.org\/{rel}","templated":true}]}}