{"id":1209,"date":"2023-08-25T16:37:09","date_gmt":"2023-08-25T20:37:09","guid":{"rendered":"https:\/\/www.manaus.am.gov.br\/manauscult\/prefeitura-de-manaus-abre-ultimo-lote-de-inscricao-para-os-palcos-guardiao-da-amazonia-e-amazona-do-soumanaus-2023\/"},"modified":"2023-08-25T16:37:11","modified_gmt":"2023-08-25T20:37:11","slug":"prefeitura-de-manaus-abre-ultimo-lote-de-inscricao-para-os-palcos-guardiao-da-amazonia-e-amazona-do-soumanaus-2023","status":"publish","type":"post","link":"https:\/\/www.manaus.am.gov.br\/manauscult\/prefeitura-de-manaus-abre-ultimo-lote-de-inscricao-para-os-palcos-guardiao-da-amazonia-e-amazona-do-soumanaus-2023\/","title":{"rendered":"<strong>Prefeitura de Manaus abre \u00faltimo lote de inscri\u00e7\u00e3o para os palcos Guardi\u00e3o da Amaz\u00f4nia e Amazona do \u2018#SouManaus 2023\u2019<\/strong>"},"content":{"rendered":"\n<p>O \u00faltimo lote com 50 mil pulseiras para os dias 5 e 6 de setembro, nos palcos Guardi\u00e3o da Amaz\u00f4nia e Amazona, do festival \u201c#SouManaus Passo a Pa\u00e7o 2023\u201d, vai ser aberto nesta sexta-feira, 25\/8, a partir das 19h, conforme divulga a Prefeitura de Manaus, por meio da Funda\u00e7\u00e3o Municipal de Cultura Turismo e Eventos (Manauscult). A inscri\u00e7\u00e3o pode ser realizada pelos sites <a href=\"https:\/\/soumanauspassoapaco.com.br\/\">soumanauspassoapaco.com.br<\/a> ou no <a href=\"https:\/\/eventos.manaus.br\/\">eventos.manaus.br<\/a>.<\/p>\n\n\n\n<p>No total, 140 mil pulseiras foram distribu\u00eddas em cinco lotes. O diretor-presidente da Manauscult, Osvaldo Cardoso, destaca o sucesso do evento pelos acessos ao site oficial, e lembra que a inscri\u00e7\u00e3o \u00e9 apenas para dois dos sete palcos do festival.<\/p>\n\n\n\n<p>\u201cEstamos acompanhando de perto os acessos no site, que vem ultrapassando mais de 200 mil cliques por minuto, demonstrando o engajamento da popula\u00e7\u00e3o para o evento. Estamos felizes em ver que o p\u00fablico tem interesse em fazer parte da a\u00e7\u00e3o sustent\u00e1vel que foi proposta. Lembrando que esses s\u00e3o ingressos para as pessoas que desejam assistir aos shows dos dois palcos na \u00e1rea portu\u00e1ria, o Guardi\u00e3o da Amaz\u00f4nia (plataforma Malcher) e Amazona (ao lado da Alf\u00e2ndega)\u201d, disse Cardoso.<\/p>\n\n\n\n<p>Os shows do megaevento acontecer\u00e3o durante tr\u00eas dias de setembro, dos quais, nos dois primeiros dias s\u00e3o necess\u00e1rias pulseiras para acessar os palcos localizados dentro da \u00e1rea portu\u00e1ria e que conta com os headliners: David Guetta (5\/9), L\u00e9o Magalh\u00e3es (5\/9), Z\u00e9 Felipe e Virg\u00ednia (5\/9), Humberto Gessinger (5\/9), Murilo Huff (5\/9), Zeca Pagodinho (6\/9), Marina Sena (6\/9), MC Kevin O Chris (6\/9), Lob\u00e3o (6\/9), Biquini (6\/9).<\/p>\n\n\n\n<p>O dia 7 de setembro ser\u00e1 focado no religioso e infantil. A programa\u00e7\u00e3o conta com os artistas Padre F\u00e1bio de Melo, Padre Duda, C\u00e9lio Costa e o musical Show da Zelda, no palco Amazona; e, no palco Guardi\u00e3o da Amaz\u00f4nia, as atra\u00e7\u00f5es Isadora Pompeu, Israel Salazar e banda Am\u00e9m.<\/p>\n\n\n\n<p><strong>Programa\u00e7\u00e3o para todos os p\u00fablicos<\/strong><\/p>\n\n\n\n<p>Buscando refor\u00e7ar o legado de valoriza\u00e7\u00e3o da cultura local e o respeito \u00e0s diversidades, o maior Festival de Artes Integradas do Norte do pa\u00eds, o \u201c#SouManaus Passo a Pa\u00e7o 2023\u201d, conta com uma line-up regional diversificada. A 8\u00aa edi\u00e7\u00e3o do evento, realizada nos dias 5, 6 e 7 de setembro, contar\u00e1 com 18 atra\u00e7\u00f5es nacionais de ritmos variados, al\u00e9m de incluir mais de 600 trabalhadores da cultura local dos segmentos art\u00edsticos de m\u00fasica, artes visuais, audiovisual, circo, dan\u00e7a, hip-hop, literatura, tradi\u00e7\u00f5es culturais e teatro, somados aos profissionais da gastronomia e artes\u00e3os envolvidos durante a realiza\u00e7\u00e3o do festival multicultural.<\/p>\n\n\n\n<p>O evento ser\u00e1 distribu\u00eddo em 10 \u00e1reas de ocupa\u00e7\u00e3o no centro hist\u00f3rico, com oito horas de programa\u00e7\u00e3o em todos os tr\u00eas dias de evento, somando um total de 240 horas de imers\u00e3o e experi\u00eancia art\u00edstico-cultural, tendo dois palcos principais localizados dentro do porto de Manaus, com vista para as margens do rio Negro, totalizando mais de 43 mil metros quadrados de interven\u00e7\u00e3o.<\/p>\n\n\n\n<p>&#8212; &#8212; &#8212;<\/p>\n\n\n\n<p><strong>Texto \u2013<\/strong> Beathriz Torres \/ Semcom e Divulga\u00e7\u00e3o \/ Manauscult<\/p>\n\n\n\n<p><strong>Foto \u2013 <\/strong>Arquivo \/ Semcom<\/p>\n","protected":false},"excerpt":{"rendered":"","protected":false},"author":39,"featured_media":1210,"comment_status":"closed","ping_status":"closed","sticky":false,"template":"","format":"standard","meta":{"footnotes":""},"categories":[82],"tags":[449,480,9,469,11,481],"acf":[],"yoast_head":"<!-- This site is optimized with the Yoast SEO plugin v23.0 - https:\/\/yoast.com\/wordpress\/plugins\/seo\/ -->\n<title>Prefeitura de Manaus abre \u00faltimo lote de inscri\u00e7\u00e3o para os palcos Guardi\u00e3o da Amaz\u00f4nia e Amazona do \u2018#SouManaus 2023\u2019<\/title>\n<meta name=\"description\" content=\"O \u00faltimo lote com 50 mil pulseiras para os dias 5 e 6 de setembro, nos palcos Guardi\u00e3o da Amaz\u00f4nia e Amazona, do festival \u201c#SouManaus Passo a Pa\u00e7o 2023\u201d, vai ser aberto nesta sexta-feira, 25\/8, a partir das 19h, conforme divulga a Prefeitura de Manaus, por meio da Funda\u00e7\u00e3o Municipal de Cultura Turismo e Eventos (Manauscult).\" \/>\n<meta name=\"robots\" content=\"noindex, follow\" \/>\n<meta property=\"og:locale\" content=\"pt_BR\" \/>\n<meta property=\"og:type\" content=\"article\" \/>\n<meta property=\"og:title\" content=\"Prefeitura de Manaus abre \u00faltimo lote de inscri\u00e7\u00e3o para os palcos Guardi\u00e3o da Amaz\u00f4nia e Amazona do \u2018#SouManaus 2023\u2019\" \/>\n<meta property=\"og:description\" content=\"O \u00faltimo lote com 50 mil pulseiras para os dias 5 e 6 de setembro, nos palcos Guardi\u00e3o da Amaz\u00f4nia e Amazona, do festival \u201c#SouManaus Passo a Pa\u00e7o 2023\u201d, vai ser aberto nesta sexta-feira, 25\/8, a partir das 19h, conforme divulga a Prefeitura de Manaus, por meio da Funda\u00e7\u00e3o Municipal de Cultura Turismo e Eventos (Manauscult).\" \/>\n<meta property=\"og:url\" content=\"https:\/\/www.manaus.am.gov.br\/manauscult\/prefeitura-de-manaus-abre-ultimo-lote-de-inscricao-para-os-palcos-guardiao-da-amazonia-e-amazona-do-soumanaus-2023\/\" \/>\n<meta property=\"og:site_name\" content=\"MANAUSCULT\" \/>\n<meta property=\"article:published_time\" content=\"2023-08-25T20:37:09+00:00\" \/>\n<meta property=\"article:modified_time\" content=\"2023-08-25T20:37:11+00:00\" \/>\n<meta property=\"og:image\" content=\"https:\/\/www.manaus.am.gov.br\/manauscult\/wp-content\/uploads\/sites\/11\/2023\/08\/SouManaus-1-1024x685.jpg\" \/>\n\t<meta property=\"og:image:width\" content=\"1024\" \/>\n\t<meta property=\"og:image:height\" content=\"685\" \/>\n\t<meta property=\"og:image:type\" content=\"image\/jpeg\" \/>\n<meta name=\"author\" content=\"Bruna Greco\" \/>\n<meta name=\"twitter:card\" content=\"summary_large_image\" \/>\n<meta name=\"twitter:label1\" content=\"Written by\" \/>\n\t<meta name=\"twitter:data1\" content=\"Bruna Greco\" \/>\n\t<meta name=\"twitter:label2\" content=\"Est. reading time\" \/>\n\t<meta name=\"twitter:data2\" content=\"3 minutos\" \/>\n<script type=\"application\/ld+json\" class=\"yoast-schema-graph\">{\"@context\":\"https:\/\/schema.org\",\"@graph\":[{\"@type\":\"WebPage\",\"@id\":\"https:\/\/www.manaus.am.gov.br\/manauscult\/prefeitura-de-manaus-abre-ultimo-lote-de-inscricao-para-os-palcos-guardiao-da-amazonia-e-amazona-do-soumanaus-2023\/\",\"url\":\"https:\/\/www.manaus.am.gov.br\/manauscult\/prefeitura-de-manaus-abre-ultimo-lote-de-inscricao-para-os-palcos-guardiao-da-amazonia-e-amazona-do-soumanaus-2023\/\",\"name\":\"Prefeitura de Manaus abre \u00faltimo lote de inscri\u00e7\u00e3o para os palcos Guardi\u00e3o da Amaz\u00f4nia e Amazona do \u2018#SouManaus 2023\u2019\",\"isPartOf\":{\"@id\":\"https:\/\/www.manaus.am.gov.br\/manauscult\/#website\"},\"primaryImageOfPage\":{\"@id\":\"https:\/\/www.manaus.am.gov.br\/manauscult\/prefeitura-de-manaus-abre-ultimo-lote-de-inscricao-para-os-palcos-guardiao-da-amazonia-e-amazona-do-soumanaus-2023\/#primaryimage\"},\"image\":{\"@id\":\"https:\/\/www.manaus.am.gov.br\/manauscult\/prefeitura-de-manaus-abre-ultimo-lote-de-inscricao-para-os-palcos-guardiao-da-amazonia-e-amazona-do-soumanaus-2023\/#primaryimage\"},\"thumbnailUrl\":\"https:\/\/www.manaus.am.gov.br\/manauscult\/wp-content\/uploads\/sites\/11\/2023\/08\/SouManaus-1.jpg\",\"datePublished\":\"2023-08-25T20:37:09+00:00\",\"dateModified\":\"2023-08-25T20:37:11+00:00\",\"author\":{\"@id\":\"https:\/\/www.manaus.am.gov.br\/manauscult\/#\/schema\/person\/05d223aea2bf115f9883a6ff3683d81b\"},\"description\":\"O \u00faltimo lote com 50 mil pulseiras para os dias 5 e 6 de setembro, nos palcos Guardi\u00e3o da Amaz\u00f4nia e Amazona, do festival \u201c#SouManaus Passo a Pa\u00e7o 2023\u201d, vai ser aberto nesta sexta-feira, 25\/8, a partir das 19h, conforme divulga a Prefeitura de Manaus, por meio da Funda\u00e7\u00e3o Municipal de Cultura Turismo e Eventos (Manauscult).\",\"breadcrumb\":{\"@id\":\"https:\/\/www.manaus.am.gov.br\/manauscult\/prefeitura-de-manaus-abre-ultimo-lote-de-inscricao-para-os-palcos-guardiao-da-amazonia-e-amazona-do-soumanaus-2023\/#breadcrumb\"},\"inLanguage\":\"pt-BR\",\"potentialAction\":[{\"@type\":\"ReadAction\",\"target\":[\"https:\/\/www.manaus.am.gov.br\/manauscult\/prefeitura-de-manaus-abre-ultimo-lote-de-inscricao-para-os-palcos-guardiao-da-amazonia-e-amazona-do-soumanaus-2023\/\"]}]},{\"@type\":\"ImageObject\",\"inLanguage\":\"pt-BR\",\"@id\":\"https:\/\/www.manaus.am.gov.br\/manauscult\/prefeitura-de-manaus-abre-ultimo-lote-de-inscricao-para-os-palcos-guardiao-da-amazonia-e-amazona-do-soumanaus-2023\/#primaryimage\",\"url\":\"https:\/\/www.manaus.am.gov.br\/manauscult\/wp-content\/uploads\/sites\/11\/2023\/08\/SouManaus-1.jpg\",\"contentUrl\":\"https:\/\/www.manaus.am.gov.br\/manauscult\/wp-content\/uploads\/sites\/11\/2023\/08\/SouManaus-1.jpg\",\"width\":2944,\"height\":1968},{\"@type\":\"BreadcrumbList\",\"@id\":\"https:\/\/www.manaus.am.gov.br\/manauscult\/prefeitura-de-manaus-abre-ultimo-lote-de-inscricao-para-os-palcos-guardiao-da-amazonia-e-amazona-do-soumanaus-2023\/#breadcrumb\",\"itemListElement\":[{\"@type\":\"ListItem\",\"position\":1,\"name\":\"Home\",\"item\":\"https:\/\/www.manaus.am.gov.br\/manauscult\/\"},{\"@type\":\"ListItem\",\"position\":2,\"name\":\"Prefeitura de Manaus abre \u00faltimo lote de inscri\u00e7\u00e3o para os palcos Guardi\u00e3o da Amaz\u00f4nia e Amazona do \u2018#SouManaus 2023\u2019\"}]},{\"@type\":\"WebSite\",\"@id\":\"https:\/\/www.manaus.am.gov.br\/manauscult\/#website\",\"url\":\"https:\/\/www.manaus.am.gov.br\/manauscult\/\",\"name\":\"MANAUSCULT\",\"description\":\"Prefeitura de Manaus\",\"potentialAction\":[{\"@type\":\"SearchAction\",\"target\":{\"@type\":\"EntryPoint\",\"urlTemplate\":\"https:\/\/www.manaus.am.gov.br\/manauscult\/?s={search_term_string}\"},\"query-input\":\"required name=search_term_string\"}],\"inLanguage\":\"pt-BR\"},{\"@type\":\"Person\",\"@id\":\"https:\/\/www.manaus.am.gov.br\/manauscult\/#\/schema\/person\/05d223aea2bf115f9883a6ff3683d81b\",\"name\":\"Bruna Greco\",\"image\":{\"@type\":\"ImageObject\",\"inLanguage\":\"pt-BR\",\"@id\":\"https:\/\/www.manaus.am.gov.br\/manauscult\/#\/schema\/person\/image\/\",\"url\":\"https:\/\/secure.gravatar.com\/avatar\/9c877d1a6adc2a055330e5c09a8653ce?s=96&d=mm&r=g\",\"contentUrl\":\"https:\/\/secure.gravatar.com\/avatar\/9c877d1a6adc2a055330e5c09a8653ce?s=96&d=mm&r=g\",\"caption\":\"Bruna Greco\"}}]}<\/script>\n<!-- \/ Yoast SEO plugin. -->","yoast_head_json":{"title":"Prefeitura de Manaus abre \u00faltimo lote de inscri\u00e7\u00e3o para os palcos Guardi\u00e3o da Amaz\u00f4nia e Amazona do \u2018#SouManaus 2023\u2019","description":"O \u00faltimo lote com 50 mil pulseiras para os dias 5 e 6 de setembro, nos palcos Guardi\u00e3o da Amaz\u00f4nia e Amazona, do festival \u201c#SouManaus Passo a Pa\u00e7o 2023\u201d, vai ser aberto nesta sexta-feira, 25\/8, a partir das 19h, conforme divulga a Prefeitura de Manaus, por meio da Funda\u00e7\u00e3o Municipal de Cultura Turismo e Eventos (Manauscult).","robots":{"index":"noindex","follow":"follow"},"og_locale":"pt_BR","og_type":"article","og_title":"Prefeitura de Manaus abre \u00faltimo lote de inscri\u00e7\u00e3o para os palcos Guardi\u00e3o da Amaz\u00f4nia e Amazona do \u2018#SouManaus 2023\u2019","og_description":"O \u00faltimo lote com 50 mil pulseiras para os dias 5 e 6 de setembro, nos palcos Guardi\u00e3o da Amaz\u00f4nia e Amazona, do festival \u201c#SouManaus Passo a Pa\u00e7o 2023\u201d, vai ser aberto nesta sexta-feira, 25\/8, a partir das 19h, conforme divulga a Prefeitura de Manaus, por meio da Funda\u00e7\u00e3o Municipal de Cultura Turismo e Eventos (Manauscult).","og_url":"https:\/\/www.manaus.am.gov.br\/manauscult\/prefeitura-de-manaus-abre-ultimo-lote-de-inscricao-para-os-palcos-guardiao-da-amazonia-e-amazona-do-soumanaus-2023\/","og_site_name":"MANAUSCULT","article_published_time":"2023-08-25T20:37:09+00:00","article_modified_time":"2023-08-25T20:37:11+00:00","og_image":[{"width":1024,"height":685,"url":"https:\/\/www.manaus.am.gov.br\/manauscult\/wp-content\/uploads\/sites\/11\/2023\/08\/SouManaus-1-1024x685.jpg","type":"image\/jpeg"}],"author":"Bruna Greco","twitter_card":"summary_large_image","twitter_misc":{"Written by":"Bruna Greco","Est. reading time":"3 minutos"},"schema":{"@context":"https:\/\/schema.org","@graph":[{"@type":"WebPage","@id":"https:\/\/www.manaus.am.gov.br\/manauscult\/prefeitura-de-manaus-abre-ultimo-lote-de-inscricao-para-os-palcos-guardiao-da-amazonia-e-amazona-do-soumanaus-2023\/","url":"https:\/\/www.manaus.am.gov.br\/manauscult\/prefeitura-de-manaus-abre-ultimo-lote-de-inscricao-para-os-palcos-guardiao-da-amazonia-e-amazona-do-soumanaus-2023\/","name":"Prefeitura de Manaus abre \u00faltimo lote de inscri\u00e7\u00e3o para os palcos Guardi\u00e3o da Amaz\u00f4nia e Amazona do \u2018#SouManaus 2023\u2019","isPartOf":{"@id":"https:\/\/www.manaus.am.gov.br\/manauscult\/#website"},"primaryImageOfPage":{"@id":"https:\/\/www.manaus.am.gov.br\/manauscult\/prefeitura-de-manaus-abre-ultimo-lote-de-inscricao-para-os-palcos-guardiao-da-amazonia-e-amazona-do-soumanaus-2023\/#primaryimage"},"image":{"@id":"https:\/\/www.manaus.am.gov.br\/manauscult\/prefeitura-de-manaus-abre-ultimo-lote-de-inscricao-para-os-palcos-guardiao-da-amazonia-e-amazona-do-soumanaus-2023\/#primaryimage"},"thumbnailUrl":"https:\/\/www.manaus.am.gov.br\/manauscult\/wp-content\/uploads\/sites\/11\/2023\/08\/SouManaus-1.jpg","datePublished":"2023-08-25T20:37:09+00:00","dateModified":"2023-08-25T20:37:11+00:00","author":{"@id":"https:\/\/www.manaus.am.gov.br\/manauscult\/#\/schema\/person\/05d223aea2bf115f9883a6ff3683d81b"},"description":"O \u00faltimo lote com 50 mil pulseiras para os dias 5 e 6 de setembro, nos palcos Guardi\u00e3o da Amaz\u00f4nia e Amazona, do festival \u201c#SouManaus Passo a Pa\u00e7o 2023\u201d, vai ser aberto nesta sexta-feira, 25\/8, a partir das 19h, conforme divulga a Prefeitura de Manaus, por meio da Funda\u00e7\u00e3o Municipal de Cultura Turismo e Eventos (Manauscult).","breadcrumb":{"@id":"https:\/\/www.manaus.am.gov.br\/manauscult\/prefeitura-de-manaus-abre-ultimo-lote-de-inscricao-para-os-palcos-guardiao-da-amazonia-e-amazona-do-soumanaus-2023\/#breadcrumb"},"inLanguage":"pt-BR","potentialAction":[{"@type":"ReadAction","target":["https:\/\/www.manaus.am.gov.br\/manauscult\/prefeitura-de-manaus-abre-ultimo-lote-de-inscricao-para-os-palcos-guardiao-da-amazonia-e-amazona-do-soumanaus-2023\/"]}]},{"@type":"ImageObject","inLanguage":"pt-BR","@id":"https:\/\/www.manaus.am.gov.br\/manauscult\/prefeitura-de-manaus-abre-ultimo-lote-de-inscricao-para-os-palcos-guardiao-da-amazonia-e-amazona-do-soumanaus-2023\/#primaryimage","url":"https:\/\/www.manaus.am.gov.br\/manauscult\/wp-content\/uploads\/sites\/11\/2023\/08\/SouManaus-1.jpg","contentUrl":"https:\/\/www.manaus.am.gov.br\/manauscult\/wp-content\/uploads\/sites\/11\/2023\/08\/SouManaus-1.jpg","width":2944,"height":1968},{"@type":"BreadcrumbList","@id":"https:\/\/www.manaus.am.gov.br\/manauscult\/prefeitura-de-manaus-abre-ultimo-lote-de-inscricao-para-os-palcos-guardiao-da-amazonia-e-amazona-do-soumanaus-2023\/#breadcrumb","itemListElement":[{"@type":"ListItem","position":1,"name":"Home","item":"https:\/\/www.manaus.am.gov.br\/manauscult\/"},{"@type":"ListItem","position":2,"name":"Prefeitura de Manaus abre \u00faltimo lote de inscri\u00e7\u00e3o para os palcos Guardi\u00e3o da Amaz\u00f4nia e Amazona do \u2018#SouManaus 2023\u2019"}]},{"@type":"WebSite","@id":"https:\/\/www.manaus.am.gov.br\/manauscult\/#website","url":"https:\/\/www.manaus.am.gov.br\/manauscult\/","name":"MANAUSCULT","description":"Prefeitura de Manaus","potentialAction":[{"@type":"SearchAction","target":{"@type":"EntryPoint","urlTemplate":"https:\/\/www.manaus.am.gov.br\/manauscult\/?s={search_term_string}"},"query-input":"required name=search_term_string"}],"inLanguage":"pt-BR"},{"@type":"Person","@id":"https:\/\/www.manaus.am.gov.br\/manauscult\/#\/schema\/person\/05d223aea2bf115f9883a6ff3683d81b","name":"Bruna Greco","image":{"@type":"ImageObject","inLanguage":"pt-BR","@id":"https:\/\/www.manaus.am.gov.br\/manauscult\/#\/schema\/person\/image\/","url":"https:\/\/secure.gravatar.com\/avatar\/9c877d1a6adc2a055330e5c09a8653ce?s=96&d=mm&r=g","contentUrl":"https:\/\/secure.gravatar.com\/avatar\/9c877d1a6adc2a055330e5c09a8653ce?s=96&d=mm&r=g","caption":"Bruna Greco"}}]}},"_links":{"self":[{"href":"https:\/\/www.manaus.am.gov.br\/manauscult\/wp-json\/wp\/v2\/posts\/1209"}],"collection":[{"href":"https:\/\/www.manaus.am.gov.br\/manauscult\/wp-json\/wp\/v2\/posts"}],"about":[{"href":"https:\/\/www.manaus.am.gov.br\/manauscult\/wp-json\/wp\/v2\/types\/post"}],"author":[{"embeddable":true,"href":"https:\/\/www.manaus.am.gov.br\/manauscult\/wp-json\/wp\/v2\/users\/39"}],"replies":[{"embeddable":true,"href":"https:\/\/www.manaus.am.gov.br\/manauscult\/wp-json\/wp\/v2\/comments?post=1209"}],"version-history":[{"count":0,"href":"https:\/\/www.manaus.am.gov.br\/manauscult\/wp-json\/wp\/v2\/posts\/1209\/revisions"}],"wp:featuredmedia":[{"embeddable":true,"href":"https:\/\/www.manaus.am.gov.br\/manauscult\/wp-json\/wp\/v2\/media\/1210"}],"wp:attachment":[{"href":"https:\/\/www.manaus.am.gov.br\/manauscult\/wp-json\/wp\/v2\/media?parent=1209"}],"wp:term":[{"taxonomy":"category","embeddable":true,"href":"https:\/\/www.manaus.am.gov.br\/manauscult\/wp-json\/wp\/v2\/categories?post=1209"},{"taxonomy":"post_tag","embeddable":true,"href":"https:\/\/www.manaus.am.gov.br\/manauscult\/wp-json\/wp\/v2\/tags?post=1209"}],"curies":[{"name":"wp","href":"https:\/\/api.w.org\/{rel}","templated":true}]}}