{"id":1207,"date":"2023-08-25T15:57:21","date_gmt":"2023-08-25T19:57:21","guid":{"rendered":"https:\/\/www.manaus.am.gov.br\/manauscult\/prefeito-david-almeida-destaca-grandiosidade-do-sou-manaus-passo-a-paco-2023-com-80-mil-ingressos-gratuitos-por-noite\/"},"modified":"2023-08-25T15:57:23","modified_gmt":"2023-08-25T19:57:23","slug":"prefeito-david-almeida-destaca-grandiosidade-do-sou-manaus-passo-a-paco-2023-com-80-mil-ingressos-gratuitos-por-noite","status":"publish","type":"post","link":"https:\/\/www.manaus.am.gov.br\/manauscult\/prefeito-david-almeida-destaca-grandiosidade-do-sou-manaus-passo-a-paco-2023-com-80-mil-ingressos-gratuitos-por-noite\/","title":{"rendered":"<strong>Prefeito David Almeida destaca grandiosidade do \u2018#Sou Manaus Passo a Pa\u00e7o 2023\u2019 com 80 mil ingressos gratuitos por noite<\/strong>"},"content":{"rendered":"\n<p>O \u201c#Sou Manaus Passo a Pa\u00e7o 2023\u201d est\u00e1 maior e, nesta edi\u00e7\u00e3o, gera receita da iniciativa privada para se pagar mesmo com praticamente todos ingressos permanecendo gratuitos \u00e0 popula\u00e7\u00e3o: 80 mil acessos que podem ser trocados por um quilo de alimento n\u00e3o perec\u00edvel e ou por garrafas PET, sendo que a expectativa \u00e9 que o Festival atraia cerca de 150 mil pessoas por dia (5, 6 e 7 de setembro, no centro de Manaus).<\/p>\n\n\n\n<p>Esse modelo moderno de gest\u00e3o, adotado pelos grandes eventos p\u00fablicos no pa\u00eds, refor\u00e7am Manaus como destino tur\u00edstico na Amaz\u00f4nia.<\/p>\n\n\n\n<p>Foi o que destacou o prefeito de Manaus, David Almeida, em entrevista a uma r\u00e1dio local nesta sexta-feira, 25\/8. \u201cManaus \u00e9 a s\u00e9tima maior cidade do pa\u00eds, n\u00e3o podemos pensar pequeno. Elevamos o n\u00edvel do festival e tudo que estamos fazendo \u00e9 melhorar a organiza\u00e7\u00e3o, a seguran\u00e7a, garantir grandes atra\u00e7\u00f5es e incluir fontes de receitas (privadas), que ajudem a custear o pr\u00f3prio evento\u201d.<\/p>\n\n\n\n<p>Al\u00e9m dos patrocinadores, at\u00e9 esta sexta-feira, j\u00e1 eram mais de 20, a Funda\u00e7\u00e3o Municipal de Cultura, Turismo e Eventos (Manauscult) lan\u00e7ou edital para a escolha de patrocinador, com direito de venda de um n\u00famero limitado de ingressos de pista e dos camarotes em troca do pagamento de uma cota de R$ 2 milh\u00f5es.<\/p>\n\n\n\n<p>Dos 80 mil ingressos dispon\u00edveis nos dois principais palcos do evento, no interior do Porto de Manaus, 2,5 mil s\u00e3o comercializados na frente dos dois palcos, mais os ingressos dos 44 camarotes. Al\u00e9m desses dois espa\u00e7os, o Sou Manaus conta com mais cinco palcos, com acesso livre. A expectativa da Manauscult \u00e9 que aproximadamente 150 mil pessoas por dia prestigiem as atra\u00e7\u00f5es do festival, nos espa\u00e7os culturais dentro e no entorno do porto.<\/p>\n\n\n\n<p>\u201cA empresa que ganhou o edital para a venda de ingressos depositou R$ 2 milh\u00f5es para poder comercializar os 2,5 mil ingressos e mais os camarotes. Com isso, mais a cota dos demais patrocinadores, conseguimos pagar todos os cach\u00eas dos artistas. N\u00e3o sair\u00e1 um centavo de recurso do munic\u00edpio (para os cach\u00eas dos artistas e parte da infraestrutura). E isso traz uma grande economia para o poder p\u00fablico\u201d, declarou o prefeito de Manaus.<\/p>\n\n\n\n<p>David Almeida lembrou que grandes eventos nacionais, como o Festival de Parintins e os carnavais do Rio de Janeiro e de Salvador s\u00e3o p\u00fablicos, recebem investimento p\u00fablico e comercializam uma parcela dos acessos, em locais determinados, para gerar receitas, que se revertem \u00e0 realiza\u00e7\u00e3o dos pr\u00f3prios eventos.<\/p>\n\n\n\n<p><strong>Patrocinadores<\/strong><\/p>\n\n\n\n<p>Na pr\u00f3xima semana, o prefeito afirmou que realizar\u00e1 entrevista coletiva para apresentar o balan\u00e7o dos patrocinadores do #SouManaus 2023. Na ocasi\u00e3o, afirmou que anunciar\u00e1 as empresas que est\u00e3o apoiando a realiza\u00e7\u00e3o do festival.<\/p>\n\n\n\n<p>\u201cSe n\u00e3o fossem os patrocinadores, muito provavelmente a despesa seria dobrada. Ent\u00e3o, estamos economizando\u201d, acrescentou o prefeito, referindo-se aos recursos aprovados para o #SouManaus deste ano, na Lei Or\u00e7ament\u00e1ria Anual (LOA).<\/p>\n\n\n\n<p>&#8212;&#8211;<\/p>\n\n\n\n<p><strong>Texto \u2013 <\/strong>Divulga\u00e7\u00e3o\/Semcom<\/p>\n\n\n\n<p><strong>Foto &#8211;<\/strong> Ruan Souza \/ Semcom<\/p>\n","protected":false},"excerpt":{"rendered":"","protected":false},"author":52,"featured_media":1208,"comment_status":"closed","ping_status":"closed","sticky":false,"template":"","format":"standard","meta":{"footnotes":""},"categories":[3],"tags":[478,9,479],"acf":[],"yoast_head":"<!-- This site is optimized with the Yoast SEO plugin v23.0 - https:\/\/yoast.com\/wordpress\/plugins\/seo\/ -->\n<title>Prefeito David Almeida destaca grandiosidade do \u2018#Sou Manaus Passo a Pa\u00e7o 2023\u2019 com 80 mil ingressos gratuitos por noite<\/title>\n<meta name=\"description\" content=\"O \u201c#Sou Manaus Passo a Pa\u00e7o 2023\u201d est\u00e1 maior e, nesta edi\u00e7\u00e3o, gera receita da iniciativa privada para se pagar mesmo.\" \/>\n<meta name=\"robots\" content=\"noindex, follow\" \/>\n<meta property=\"og:locale\" content=\"pt_BR\" \/>\n<meta property=\"og:type\" content=\"article\" \/>\n<meta property=\"og:title\" content=\"Prefeito David Almeida destaca grandiosidade do \u2018#Sou Manaus Passo a Pa\u00e7o 2023\u2019 com 80 mil ingressos gratuitos por noite\" \/>\n<meta property=\"og:description\" content=\"O \u201c#Sou Manaus Passo a Pa\u00e7o 2023\u201d est\u00e1 maior e, nesta edi\u00e7\u00e3o, gera receita da iniciativa privada para se pagar mesmo.\" \/>\n<meta property=\"og:url\" content=\"https:\/\/www.manaus.am.gov.br\/manauscult\/prefeito-david-almeida-destaca-grandiosidade-do-sou-manaus-passo-a-paco-2023-com-80-mil-ingressos-gratuitos-por-noite\/\" \/>\n<meta property=\"og:site_name\" content=\"MANAUSCULT\" \/>\n<meta property=\"article:published_time\" content=\"2023-08-25T19:57:21+00:00\" \/>\n<meta property=\"article:modified_time\" content=\"2023-08-25T19:57:23+00:00\" \/>\n<meta property=\"og:image\" content=\"https:\/\/www.manaus.am.gov.br\/manauscult\/wp-content\/uploads\/sites\/11\/2023\/08\/53044309539_e5396cda3c_k.jpg\" \/>\n\t<meta property=\"og:image:width\" content=\"1920\" \/>\n\t<meta property=\"og:image:height\" content=\"1280\" \/>\n\t<meta property=\"og:image:type\" content=\"image\/jpeg\" \/>\n<meta name=\"author\" content=\"csilveira\" \/>\n<meta name=\"twitter:card\" content=\"summary_large_image\" \/>\n<meta name=\"twitter:label1\" content=\"Written by\" \/>\n\t<meta name=\"twitter:data1\" content=\"csilveira\" \/>\n\t<meta name=\"twitter:label2\" content=\"Est. reading time\" \/>\n\t<meta name=\"twitter:data2\" content=\"3 minutos\" \/>\n<script type=\"application\/ld+json\" class=\"yoast-schema-graph\">{\"@context\":\"https:\/\/schema.org\",\"@graph\":[{\"@type\":\"WebPage\",\"@id\":\"https:\/\/www.manaus.am.gov.br\/manauscult\/prefeito-david-almeida-destaca-grandiosidade-do-sou-manaus-passo-a-paco-2023-com-80-mil-ingressos-gratuitos-por-noite\/\",\"url\":\"https:\/\/www.manaus.am.gov.br\/manauscult\/prefeito-david-almeida-destaca-grandiosidade-do-sou-manaus-passo-a-paco-2023-com-80-mil-ingressos-gratuitos-por-noite\/\",\"name\":\"Prefeito David Almeida destaca grandiosidade do \u2018#Sou Manaus Passo a Pa\u00e7o 2023\u2019 com 80 mil ingressos gratuitos por noite\",\"isPartOf\":{\"@id\":\"https:\/\/www.manaus.am.gov.br\/manauscult\/#website\"},\"primaryImageOfPage\":{\"@id\":\"https:\/\/www.manaus.am.gov.br\/manauscult\/prefeito-david-almeida-destaca-grandiosidade-do-sou-manaus-passo-a-paco-2023-com-80-mil-ingressos-gratuitos-por-noite\/#primaryimage\"},\"image\":{\"@id\":\"https:\/\/www.manaus.am.gov.br\/manauscult\/prefeito-david-almeida-destaca-grandiosidade-do-sou-manaus-passo-a-paco-2023-com-80-mil-ingressos-gratuitos-por-noite\/#primaryimage\"},\"thumbnailUrl\":\"https:\/\/www.manaus.am.gov.br\/manauscult\/wp-content\/uploads\/sites\/11\/2023\/08\/53044309539_e5396cda3c_k.jpg\",\"datePublished\":\"2023-08-25T19:57:21+00:00\",\"dateModified\":\"2023-08-25T19:57:23+00:00\",\"author\":{\"@id\":\"https:\/\/www.manaus.am.gov.br\/manauscult\/#\/schema\/person\/bfafc779be2e19b3d3ef4a59d418b606\"},\"description\":\"O \u201c#Sou Manaus Passo a Pa\u00e7o 2023\u201d est\u00e1 maior e, nesta edi\u00e7\u00e3o, gera receita da iniciativa privada para se pagar mesmo.\",\"breadcrumb\":{\"@id\":\"https:\/\/www.manaus.am.gov.br\/manauscult\/prefeito-david-almeida-destaca-grandiosidade-do-sou-manaus-passo-a-paco-2023-com-80-mil-ingressos-gratuitos-por-noite\/#breadcrumb\"},\"inLanguage\":\"pt-BR\",\"potentialAction\":[{\"@type\":\"ReadAction\",\"target\":[\"https:\/\/www.manaus.am.gov.br\/manauscult\/prefeito-david-almeida-destaca-grandiosidade-do-sou-manaus-passo-a-paco-2023-com-80-mil-ingressos-gratuitos-por-noite\/\"]}]},{\"@type\":\"ImageObject\",\"inLanguage\":\"pt-BR\",\"@id\":\"https:\/\/www.manaus.am.gov.br\/manauscult\/prefeito-david-almeida-destaca-grandiosidade-do-sou-manaus-passo-a-paco-2023-com-80-mil-ingressos-gratuitos-por-noite\/#primaryimage\",\"url\":\"https:\/\/www.manaus.am.gov.br\/manauscult\/wp-content\/uploads\/sites\/11\/2023\/08\/53044309539_e5396cda3c_k.jpg\",\"contentUrl\":\"https:\/\/www.manaus.am.gov.br\/manauscult\/wp-content\/uploads\/sites\/11\/2023\/08\/53044309539_e5396cda3c_k.jpg\",\"width\":1920,\"height\":1280},{\"@type\":\"BreadcrumbList\",\"@id\":\"https:\/\/www.manaus.am.gov.br\/manauscult\/prefeito-david-almeida-destaca-grandiosidade-do-sou-manaus-passo-a-paco-2023-com-80-mil-ingressos-gratuitos-por-noite\/#breadcrumb\",\"itemListElement\":[{\"@type\":\"ListItem\",\"position\":1,\"name\":\"Home\",\"item\":\"https:\/\/www.manaus.am.gov.br\/manauscult\/\"},{\"@type\":\"ListItem\",\"position\":2,\"name\":\"Prefeito David Almeida destaca grandiosidade do \u2018#Sou Manaus Passo a Pa\u00e7o 2023\u2019 com 80 mil ingressos gratuitos por noite\"}]},{\"@type\":\"WebSite\",\"@id\":\"https:\/\/www.manaus.am.gov.br\/manauscult\/#website\",\"url\":\"https:\/\/www.manaus.am.gov.br\/manauscult\/\",\"name\":\"MANAUSCULT\",\"description\":\"Prefeitura de Manaus\",\"potentialAction\":[{\"@type\":\"SearchAction\",\"target\":{\"@type\":\"EntryPoint\",\"urlTemplate\":\"https:\/\/www.manaus.am.gov.br\/manauscult\/?s={search_term_string}\"},\"query-input\":\"required name=search_term_string\"}],\"inLanguage\":\"pt-BR\"},{\"@type\":\"Person\",\"@id\":\"https:\/\/www.manaus.am.gov.br\/manauscult\/#\/schema\/person\/bfafc779be2e19b3d3ef4a59d418b606\",\"name\":\"csilveira\",\"image\":{\"@type\":\"ImageObject\",\"inLanguage\":\"pt-BR\",\"@id\":\"https:\/\/www.manaus.am.gov.br\/manauscult\/#\/schema\/person\/image\/\",\"url\":\"https:\/\/secure.gravatar.com\/avatar\/9c2e2f00138fcd35401c748bd030d3b5?s=96&d=mm&r=g\",\"contentUrl\":\"https:\/\/secure.gravatar.com\/avatar\/9c2e2f00138fcd35401c748bd030d3b5?s=96&d=mm&r=g\",\"caption\":\"csilveira\"}}]}<\/script>\n<!-- \/ Yoast SEO plugin. -->","yoast_head_json":{"title":"Prefeito David Almeida destaca grandiosidade do \u2018#Sou Manaus Passo a Pa\u00e7o 2023\u2019 com 80 mil ingressos gratuitos por noite","description":"O \u201c#Sou Manaus Passo a Pa\u00e7o 2023\u201d est\u00e1 maior e, nesta edi\u00e7\u00e3o, gera receita da iniciativa privada para se pagar mesmo.","robots":{"index":"noindex","follow":"follow"},"og_locale":"pt_BR","og_type":"article","og_title":"Prefeito David Almeida destaca grandiosidade do \u2018#Sou Manaus Passo a Pa\u00e7o 2023\u2019 com 80 mil ingressos gratuitos por noite","og_description":"O \u201c#Sou Manaus Passo a Pa\u00e7o 2023\u201d est\u00e1 maior e, nesta edi\u00e7\u00e3o, gera receita da iniciativa privada para se pagar mesmo.","og_url":"https:\/\/www.manaus.am.gov.br\/manauscult\/prefeito-david-almeida-destaca-grandiosidade-do-sou-manaus-passo-a-paco-2023-com-80-mil-ingressos-gratuitos-por-noite\/","og_site_name":"MANAUSCULT","article_published_time":"2023-08-25T19:57:21+00:00","article_modified_time":"2023-08-25T19:57:23+00:00","og_image":[{"width":1920,"height":1280,"url":"https:\/\/www.manaus.am.gov.br\/manauscult\/wp-content\/uploads\/sites\/11\/2023\/08\/53044309539_e5396cda3c_k.jpg","type":"image\/jpeg"}],"author":"csilveira","twitter_card":"summary_large_image","twitter_misc":{"Written by":"csilveira","Est. reading time":"3 minutos"},"schema":{"@context":"https:\/\/schema.org","@graph":[{"@type":"WebPage","@id":"https:\/\/www.manaus.am.gov.br\/manauscult\/prefeito-david-almeida-destaca-grandiosidade-do-sou-manaus-passo-a-paco-2023-com-80-mil-ingressos-gratuitos-por-noite\/","url":"https:\/\/www.manaus.am.gov.br\/manauscult\/prefeito-david-almeida-destaca-grandiosidade-do-sou-manaus-passo-a-paco-2023-com-80-mil-ingressos-gratuitos-por-noite\/","name":"Prefeito David Almeida destaca grandiosidade do \u2018#Sou Manaus Passo a Pa\u00e7o 2023\u2019 com 80 mil ingressos gratuitos por noite","isPartOf":{"@id":"https:\/\/www.manaus.am.gov.br\/manauscult\/#website"},"primaryImageOfPage":{"@id":"https:\/\/www.manaus.am.gov.br\/manauscult\/prefeito-david-almeida-destaca-grandiosidade-do-sou-manaus-passo-a-paco-2023-com-80-mil-ingressos-gratuitos-por-noite\/#primaryimage"},"image":{"@id":"https:\/\/www.manaus.am.gov.br\/manauscult\/prefeito-david-almeida-destaca-grandiosidade-do-sou-manaus-passo-a-paco-2023-com-80-mil-ingressos-gratuitos-por-noite\/#primaryimage"},"thumbnailUrl":"https:\/\/www.manaus.am.gov.br\/manauscult\/wp-content\/uploads\/sites\/11\/2023\/08\/53044309539_e5396cda3c_k.jpg","datePublished":"2023-08-25T19:57:21+00:00","dateModified":"2023-08-25T19:57:23+00:00","author":{"@id":"https:\/\/www.manaus.am.gov.br\/manauscult\/#\/schema\/person\/bfafc779be2e19b3d3ef4a59d418b606"},"description":"O \u201c#Sou Manaus Passo a Pa\u00e7o 2023\u201d est\u00e1 maior e, nesta edi\u00e7\u00e3o, gera receita da iniciativa privada para se pagar mesmo.","breadcrumb":{"@id":"https:\/\/www.manaus.am.gov.br\/manauscult\/prefeito-david-almeida-destaca-grandiosidade-do-sou-manaus-passo-a-paco-2023-com-80-mil-ingressos-gratuitos-por-noite\/#breadcrumb"},"inLanguage":"pt-BR","potentialAction":[{"@type":"ReadAction","target":["https:\/\/www.manaus.am.gov.br\/manauscult\/prefeito-david-almeida-destaca-grandiosidade-do-sou-manaus-passo-a-paco-2023-com-80-mil-ingressos-gratuitos-por-noite\/"]}]},{"@type":"ImageObject","inLanguage":"pt-BR","@id":"https:\/\/www.manaus.am.gov.br\/manauscult\/prefeito-david-almeida-destaca-grandiosidade-do-sou-manaus-passo-a-paco-2023-com-80-mil-ingressos-gratuitos-por-noite\/#primaryimage","url":"https:\/\/www.manaus.am.gov.br\/manauscult\/wp-content\/uploads\/sites\/11\/2023\/08\/53044309539_e5396cda3c_k.jpg","contentUrl":"https:\/\/www.manaus.am.gov.br\/manauscult\/wp-content\/uploads\/sites\/11\/2023\/08\/53044309539_e5396cda3c_k.jpg","width":1920,"height":1280},{"@type":"BreadcrumbList","@id":"https:\/\/www.manaus.am.gov.br\/manauscult\/prefeito-david-almeida-destaca-grandiosidade-do-sou-manaus-passo-a-paco-2023-com-80-mil-ingressos-gratuitos-por-noite\/#breadcrumb","itemListElement":[{"@type":"ListItem","position":1,"name":"Home","item":"https:\/\/www.manaus.am.gov.br\/manauscult\/"},{"@type":"ListItem","position":2,"name":"Prefeito David Almeida destaca grandiosidade do \u2018#Sou Manaus Passo a Pa\u00e7o 2023\u2019 com 80 mil ingressos gratuitos por noite"}]},{"@type":"WebSite","@id":"https:\/\/www.manaus.am.gov.br\/manauscult\/#website","url":"https:\/\/www.manaus.am.gov.br\/manauscult\/","name":"MANAUSCULT","description":"Prefeitura de Manaus","potentialAction":[{"@type":"SearchAction","target":{"@type":"EntryPoint","urlTemplate":"https:\/\/www.manaus.am.gov.br\/manauscult\/?s={search_term_string}"},"query-input":"required name=search_term_string"}],"inLanguage":"pt-BR"},{"@type":"Person","@id":"https:\/\/www.manaus.am.gov.br\/manauscult\/#\/schema\/person\/bfafc779be2e19b3d3ef4a59d418b606","name":"csilveira","image":{"@type":"ImageObject","inLanguage":"pt-BR","@id":"https:\/\/www.manaus.am.gov.br\/manauscult\/#\/schema\/person\/image\/","url":"https:\/\/secure.gravatar.com\/avatar\/9c2e2f00138fcd35401c748bd030d3b5?s=96&d=mm&r=g","contentUrl":"https:\/\/secure.gravatar.com\/avatar\/9c2e2f00138fcd35401c748bd030d3b5?s=96&d=mm&r=g","caption":"csilveira"}}]}},"_links":{"self":[{"href":"https:\/\/www.manaus.am.gov.br\/manauscult\/wp-json\/wp\/v2\/posts\/1207"}],"collection":[{"href":"https:\/\/www.manaus.am.gov.br\/manauscult\/wp-json\/wp\/v2\/posts"}],"about":[{"href":"https:\/\/www.manaus.am.gov.br\/manauscult\/wp-json\/wp\/v2\/types\/post"}],"author":[{"embeddable":true,"href":"https:\/\/www.manaus.am.gov.br\/manauscult\/wp-json\/wp\/v2\/users\/52"}],"replies":[{"embeddable":true,"href":"https:\/\/www.manaus.am.gov.br\/manauscult\/wp-json\/wp\/v2\/comments?post=1207"}],"version-history":[{"count":0,"href":"https:\/\/www.manaus.am.gov.br\/manauscult\/wp-json\/wp\/v2\/posts\/1207\/revisions"}],"wp:featuredmedia":[{"embeddable":true,"href":"https:\/\/www.manaus.am.gov.br\/manauscult\/wp-json\/wp\/v2\/media\/1208"}],"wp:attachment":[{"href":"https:\/\/www.manaus.am.gov.br\/manauscult\/wp-json\/wp\/v2\/media?parent=1207"}],"wp:term":[{"taxonomy":"category","embeddable":true,"href":"https:\/\/www.manaus.am.gov.br\/manauscult\/wp-json\/wp\/v2\/categories?post=1207"},{"taxonomy":"post_tag","embeddable":true,"href":"https:\/\/www.manaus.am.gov.br\/manauscult\/wp-json\/wp\/v2\/tags?post=1207"}],"curies":[{"name":"wp","href":"https:\/\/api.w.org\/{rel}","templated":true}]}}