{"id":1204,"date":"2023-08-25T15:28:42","date_gmt":"2023-08-25T19:28:42","guid":{"rendered":"https:\/\/www.manaus.am.gov.br\/manauscult\/prefeitura-disponibiliza-faq-para-orientar-e-esclarecer-sobre-o-soumanaus-passo-a-paco-2023\/"},"modified":"2023-08-25T15:30:24","modified_gmt":"2023-08-25T19:30:24","slug":"prefeitura-disponibiliza-faq-para-orientar-e-esclarecer-sobre-o-soumanaus-passo-a-paco-2023","status":"publish","type":"post","link":"https:\/\/www.manaus.am.gov.br\/manauscult\/prefeitura-disponibiliza-faq-para-orientar-e-esclarecer-sobre-o-soumanaus-passo-a-paco-2023\/","title":{"rendered":"<strong>Prefeitura disponibiliza \u2018FAQ\u2019 para orientar e esclarecer sobre o \u2018#SouManaus Passo a Pa\u00e7o 2023\u2019<\/strong>"},"content":{"rendered":"\n<p>A Prefeitura de Manaus, por meio da Funda\u00e7\u00e3o Municipal de Cultura, Turismo e Eventos (Manauscult), elaborou um FAQ (Frequently Asked Questions) que, em portugu\u00eas, significa \u201cPerguntas Respondidas Frequentemente\u201c, com as respostas das perguntas feitas pelo p\u00fablico sobre o \u201c#SouManaus Passo a Pa\u00e7o 2023\u201d. O objetivo \u00e9 orientar e esclarecer as principais d\u00favidas referentes \u00e0 realiza\u00e7\u00e3o do maior festival de artes integradas da regi\u00e3o Norte do pa\u00eds.<\/p>\n\n\n\n<p>A lista com as perguntas e respostas mais frequentes pode ser conferida no site oficial do #SouManaus 2023, por meio do link <a href=\"https:\/\/soumanauspassoapaco.com.br\/faq\/\">https:\/soumanauspassoapaco.com.br\/faq\/<\/a>.<\/p>\n\n\n\n<p>O megaevento tur\u00edstico-cultural realizado pela Prefeitura de Manaus integra o calend\u00e1rio oficial da cidade e vem para potencializar a carreira dos fazedores de cultura e posicionar a cidade entre os maiores destinos tur\u00edsticos da Am\u00e9rica Latina.<\/p>\n\n\n\n<p>Este ano, o festival acontecer\u00e1 nos dias 5, 6 e 7 de setembro, no entorno do Pa\u00e7o Municipal, no centro hist\u00f3rico, com entrada gratuita. Em tr\u00eas dias de evento, a expectativa \u00e9 de meio milh\u00e3o de pessoas presentes.<\/p>\n\n\n\n<p>&#8212; &#8212; &#8212;<\/p>\n\n\n\n<p><strong>Texto &#8211;<\/strong> &nbsp;Hellen Miranda \/ Semcom<\/p>\n\n\n\n<p><strong>Foto \u2013 <\/strong>Arquivo \/ Semcom<\/p>\n","protected":false},"excerpt":{"rendered":"","protected":false},"author":39,"featured_media":1205,"comment_status":"closed","ping_status":"closed","sticky":false,"template":"","format":"standard","meta":{"footnotes":""},"categories":[82],"tags":[168,475,476,477,11],"acf":[],"yoast_head":"<!-- This site is optimized with the Yoast SEO plugin v23.0 - https:\/\/yoast.com\/wordpress\/plugins\/seo\/ -->\n<title>Prefeitura disponibiliza \u2018FAQ\u2019 para orientar e esclarecer sobre o \u2018#SouManaus Passo a Pa\u00e7o 2023\u2019<\/title>\n<meta name=\"description\" content=\"A Prefeitura de Manaus, por meio da Funda\u00e7\u00e3o Municipal de Cultura, Turismo e Eventos (Manauscult), elaborou um FAQ (Frequently Asked Questions) que, em portugu\u00eas, significa \u201cPerguntas Respondidas Frequentemente\u201c, com as respostas das perguntas feitas pelo p\u00fablico sobre o \u201c#SouManaus Passo a Pa\u00e7o 2023\u201d.\" \/>\n<meta name=\"robots\" content=\"noindex, follow\" \/>\n<meta property=\"og:locale\" content=\"pt_BR\" \/>\n<meta property=\"og:type\" content=\"article\" \/>\n<meta property=\"og:title\" content=\"Prefeitura disponibiliza \u2018FAQ\u2019 para orientar e esclarecer sobre o \u2018#SouManaus Passo a Pa\u00e7o 2023\u2019\" \/>\n<meta property=\"og:description\" content=\"A Prefeitura de Manaus, por meio da Funda\u00e7\u00e3o Municipal de Cultura, Turismo e Eventos (Manauscult), elaborou um FAQ (Frequently Asked Questions) que, em portugu\u00eas, significa \u201cPerguntas Respondidas Frequentemente\u201c, com as respostas das perguntas feitas pelo p\u00fablico sobre o \u201c#SouManaus Passo a Pa\u00e7o 2023\u201d.\" \/>\n<meta property=\"og:url\" content=\"https:\/\/www.manaus.am.gov.br\/manauscult\/prefeitura-disponibiliza-faq-para-orientar-e-esclarecer-sobre-o-soumanaus-passo-a-paco-2023\/\" \/>\n<meta property=\"og:site_name\" content=\"MANAUSCULT\" \/>\n<meta property=\"article:published_time\" content=\"2023-08-25T19:28:42+00:00\" \/>\n<meta property=\"article:modified_time\" content=\"2023-08-25T19:30:24+00:00\" \/>\n<meta property=\"og:image\" content=\"https:\/\/www.manaus.am.gov.br\/manauscult\/wp-content\/uploads\/sites\/11\/2023\/08\/SouManaus.jpg\" \/>\n\t<meta property=\"og:image:width\" content=\"1620\" \/>\n\t<meta property=\"og:image:height\" content=\"1080\" \/>\n\t<meta property=\"og:image:type\" content=\"image\/jpeg\" \/>\n<meta name=\"author\" content=\"Bruna Greco\" \/>\n<meta name=\"twitter:card\" content=\"summary_large_image\" \/>\n<meta name=\"twitter:label1\" content=\"Written by\" \/>\n\t<meta name=\"twitter:data1\" content=\"Bruna Greco\" \/>\n\t<meta name=\"twitter:label2\" content=\"Est. reading time\" \/>\n\t<meta name=\"twitter:data2\" content=\"1 minuto\" \/>\n<script type=\"application\/ld+json\" class=\"yoast-schema-graph\">{\"@context\":\"https:\/\/schema.org\",\"@graph\":[{\"@type\":\"WebPage\",\"@id\":\"https:\/\/www.manaus.am.gov.br\/manauscult\/prefeitura-disponibiliza-faq-para-orientar-e-esclarecer-sobre-o-soumanaus-passo-a-paco-2023\/\",\"url\":\"https:\/\/www.manaus.am.gov.br\/manauscult\/prefeitura-disponibiliza-faq-para-orientar-e-esclarecer-sobre-o-soumanaus-passo-a-paco-2023\/\",\"name\":\"Prefeitura disponibiliza \u2018FAQ\u2019 para orientar e esclarecer sobre o \u2018#SouManaus Passo a Pa\u00e7o 2023\u2019\",\"isPartOf\":{\"@id\":\"https:\/\/www.manaus.am.gov.br\/manauscult\/#website\"},\"primaryImageOfPage\":{\"@id\":\"https:\/\/www.manaus.am.gov.br\/manauscult\/prefeitura-disponibiliza-faq-para-orientar-e-esclarecer-sobre-o-soumanaus-passo-a-paco-2023\/#primaryimage\"},\"image\":{\"@id\":\"https:\/\/www.manaus.am.gov.br\/manauscult\/prefeitura-disponibiliza-faq-para-orientar-e-esclarecer-sobre-o-soumanaus-passo-a-paco-2023\/#primaryimage\"},\"thumbnailUrl\":\"https:\/\/www.manaus.am.gov.br\/manauscult\/wp-content\/uploads\/sites\/11\/2023\/08\/SouManaus.jpg\",\"datePublished\":\"2023-08-25T19:28:42+00:00\",\"dateModified\":\"2023-08-25T19:30:24+00:00\",\"author\":{\"@id\":\"https:\/\/www.manaus.am.gov.br\/manauscult\/#\/schema\/person\/05d223aea2bf115f9883a6ff3683d81b\"},\"description\":\"A Prefeitura de Manaus, por meio da Funda\u00e7\u00e3o Municipal de Cultura, Turismo e Eventos (Manauscult), elaborou um FAQ (Frequently Asked Questions) que, em portugu\u00eas, significa \u201cPerguntas Respondidas Frequentemente\u201c, com as respostas das perguntas feitas pelo p\u00fablico sobre o \u201c#SouManaus Passo a Pa\u00e7o 2023\u201d.\",\"breadcrumb\":{\"@id\":\"https:\/\/www.manaus.am.gov.br\/manauscult\/prefeitura-disponibiliza-faq-para-orientar-e-esclarecer-sobre-o-soumanaus-passo-a-paco-2023\/#breadcrumb\"},\"inLanguage\":\"pt-BR\",\"potentialAction\":[{\"@type\":\"ReadAction\",\"target\":[\"https:\/\/www.manaus.am.gov.br\/manauscult\/prefeitura-disponibiliza-faq-para-orientar-e-esclarecer-sobre-o-soumanaus-passo-a-paco-2023\/\"]}]},{\"@type\":\"ImageObject\",\"inLanguage\":\"pt-BR\",\"@id\":\"https:\/\/www.manaus.am.gov.br\/manauscult\/prefeitura-disponibiliza-faq-para-orientar-e-esclarecer-sobre-o-soumanaus-passo-a-paco-2023\/#primaryimage\",\"url\":\"https:\/\/www.manaus.am.gov.br\/manauscult\/wp-content\/uploads\/sites\/11\/2023\/08\/SouManaus.jpg\",\"contentUrl\":\"https:\/\/www.manaus.am.gov.br\/manauscult\/wp-content\/uploads\/sites\/11\/2023\/08\/SouManaus.jpg\",\"width\":1620,\"height\":1080},{\"@type\":\"BreadcrumbList\",\"@id\":\"https:\/\/www.manaus.am.gov.br\/manauscult\/prefeitura-disponibiliza-faq-para-orientar-e-esclarecer-sobre-o-soumanaus-passo-a-paco-2023\/#breadcrumb\",\"itemListElement\":[{\"@type\":\"ListItem\",\"position\":1,\"name\":\"Home\",\"item\":\"https:\/\/www.manaus.am.gov.br\/manauscult\/\"},{\"@type\":\"ListItem\",\"position\":2,\"name\":\"Prefeitura disponibiliza \u2018FAQ\u2019 para orientar e esclarecer sobre o \u2018#SouManaus Passo a Pa\u00e7o 2023\u2019\"}]},{\"@type\":\"WebSite\",\"@id\":\"https:\/\/www.manaus.am.gov.br\/manauscult\/#website\",\"url\":\"https:\/\/www.manaus.am.gov.br\/manauscult\/\",\"name\":\"MANAUSCULT\",\"description\":\"Prefeitura de Manaus\",\"potentialAction\":[{\"@type\":\"SearchAction\",\"target\":{\"@type\":\"EntryPoint\",\"urlTemplate\":\"https:\/\/www.manaus.am.gov.br\/manauscult\/?s={search_term_string}\"},\"query-input\":\"required name=search_term_string\"}],\"inLanguage\":\"pt-BR\"},{\"@type\":\"Person\",\"@id\":\"https:\/\/www.manaus.am.gov.br\/manauscult\/#\/schema\/person\/05d223aea2bf115f9883a6ff3683d81b\",\"name\":\"Bruna Greco\",\"image\":{\"@type\":\"ImageObject\",\"inLanguage\":\"pt-BR\",\"@id\":\"https:\/\/www.manaus.am.gov.br\/manauscult\/#\/schema\/person\/image\/\",\"url\":\"https:\/\/secure.gravatar.com\/avatar\/9c877d1a6adc2a055330e5c09a8653ce?s=96&d=mm&r=g\",\"contentUrl\":\"https:\/\/secure.gravatar.com\/avatar\/9c877d1a6adc2a055330e5c09a8653ce?s=96&d=mm&r=g\",\"caption\":\"Bruna Greco\"}}]}<\/script>\n<!-- \/ Yoast SEO plugin. -->","yoast_head_json":{"title":"Prefeitura disponibiliza \u2018FAQ\u2019 para orientar e esclarecer sobre o \u2018#SouManaus Passo a Pa\u00e7o 2023\u2019","description":"A Prefeitura de Manaus, por meio da Funda\u00e7\u00e3o Municipal de Cultura, Turismo e Eventos (Manauscult), elaborou um FAQ (Frequently Asked Questions) que, em portugu\u00eas, significa \u201cPerguntas Respondidas Frequentemente\u201c, com as respostas das perguntas feitas pelo p\u00fablico sobre o \u201c#SouManaus Passo a Pa\u00e7o 2023\u201d.","robots":{"index":"noindex","follow":"follow"},"og_locale":"pt_BR","og_type":"article","og_title":"Prefeitura disponibiliza \u2018FAQ\u2019 para orientar e esclarecer sobre o \u2018#SouManaus Passo a Pa\u00e7o 2023\u2019","og_description":"A Prefeitura de Manaus, por meio da Funda\u00e7\u00e3o Municipal de Cultura, Turismo e Eventos (Manauscult), elaborou um FAQ (Frequently Asked Questions) que, em portugu\u00eas, significa \u201cPerguntas Respondidas Frequentemente\u201c, com as respostas das perguntas feitas pelo p\u00fablico sobre o \u201c#SouManaus Passo a Pa\u00e7o 2023\u201d.","og_url":"https:\/\/www.manaus.am.gov.br\/manauscult\/prefeitura-disponibiliza-faq-para-orientar-e-esclarecer-sobre-o-soumanaus-passo-a-paco-2023\/","og_site_name":"MANAUSCULT","article_published_time":"2023-08-25T19:28:42+00:00","article_modified_time":"2023-08-25T19:30:24+00:00","og_image":[{"width":1620,"height":1080,"url":"https:\/\/www.manaus.am.gov.br\/manauscult\/wp-content\/uploads\/sites\/11\/2023\/08\/SouManaus.jpg","type":"image\/jpeg"}],"author":"Bruna Greco","twitter_card":"summary_large_image","twitter_misc":{"Written by":"Bruna Greco","Est. reading time":"1 minuto"},"schema":{"@context":"https:\/\/schema.org","@graph":[{"@type":"WebPage","@id":"https:\/\/www.manaus.am.gov.br\/manauscult\/prefeitura-disponibiliza-faq-para-orientar-e-esclarecer-sobre-o-soumanaus-passo-a-paco-2023\/","url":"https:\/\/www.manaus.am.gov.br\/manauscult\/prefeitura-disponibiliza-faq-para-orientar-e-esclarecer-sobre-o-soumanaus-passo-a-paco-2023\/","name":"Prefeitura disponibiliza \u2018FAQ\u2019 para orientar e esclarecer sobre o \u2018#SouManaus Passo a Pa\u00e7o 2023\u2019","isPartOf":{"@id":"https:\/\/www.manaus.am.gov.br\/manauscult\/#website"},"primaryImageOfPage":{"@id":"https:\/\/www.manaus.am.gov.br\/manauscult\/prefeitura-disponibiliza-faq-para-orientar-e-esclarecer-sobre-o-soumanaus-passo-a-paco-2023\/#primaryimage"},"image":{"@id":"https:\/\/www.manaus.am.gov.br\/manauscult\/prefeitura-disponibiliza-faq-para-orientar-e-esclarecer-sobre-o-soumanaus-passo-a-paco-2023\/#primaryimage"},"thumbnailUrl":"https:\/\/www.manaus.am.gov.br\/manauscult\/wp-content\/uploads\/sites\/11\/2023\/08\/SouManaus.jpg","datePublished":"2023-08-25T19:28:42+00:00","dateModified":"2023-08-25T19:30:24+00:00","author":{"@id":"https:\/\/www.manaus.am.gov.br\/manauscult\/#\/schema\/person\/05d223aea2bf115f9883a6ff3683d81b"},"description":"A Prefeitura de Manaus, por meio da Funda\u00e7\u00e3o Municipal de Cultura, Turismo e Eventos (Manauscult), elaborou um FAQ (Frequently Asked Questions) que, em portugu\u00eas, significa \u201cPerguntas Respondidas Frequentemente\u201c, com as respostas das perguntas feitas pelo p\u00fablico sobre o \u201c#SouManaus Passo a Pa\u00e7o 2023\u201d.","breadcrumb":{"@id":"https:\/\/www.manaus.am.gov.br\/manauscult\/prefeitura-disponibiliza-faq-para-orientar-e-esclarecer-sobre-o-soumanaus-passo-a-paco-2023\/#breadcrumb"},"inLanguage":"pt-BR","potentialAction":[{"@type":"ReadAction","target":["https:\/\/www.manaus.am.gov.br\/manauscult\/prefeitura-disponibiliza-faq-para-orientar-e-esclarecer-sobre-o-soumanaus-passo-a-paco-2023\/"]}]},{"@type":"ImageObject","inLanguage":"pt-BR","@id":"https:\/\/www.manaus.am.gov.br\/manauscult\/prefeitura-disponibiliza-faq-para-orientar-e-esclarecer-sobre-o-soumanaus-passo-a-paco-2023\/#primaryimage","url":"https:\/\/www.manaus.am.gov.br\/manauscult\/wp-content\/uploads\/sites\/11\/2023\/08\/SouManaus.jpg","contentUrl":"https:\/\/www.manaus.am.gov.br\/manauscult\/wp-content\/uploads\/sites\/11\/2023\/08\/SouManaus.jpg","width":1620,"height":1080},{"@type":"BreadcrumbList","@id":"https:\/\/www.manaus.am.gov.br\/manauscult\/prefeitura-disponibiliza-faq-para-orientar-e-esclarecer-sobre-o-soumanaus-passo-a-paco-2023\/#breadcrumb","itemListElement":[{"@type":"ListItem","position":1,"name":"Home","item":"https:\/\/www.manaus.am.gov.br\/manauscult\/"},{"@type":"ListItem","position":2,"name":"Prefeitura disponibiliza \u2018FAQ\u2019 para orientar e esclarecer sobre o \u2018#SouManaus Passo a Pa\u00e7o 2023\u2019"}]},{"@type":"WebSite","@id":"https:\/\/www.manaus.am.gov.br\/manauscult\/#website","url":"https:\/\/www.manaus.am.gov.br\/manauscult\/","name":"MANAUSCULT","description":"Prefeitura de Manaus","potentialAction":[{"@type":"SearchAction","target":{"@type":"EntryPoint","urlTemplate":"https:\/\/www.manaus.am.gov.br\/manauscult\/?s={search_term_string}"},"query-input":"required name=search_term_string"}],"inLanguage":"pt-BR"},{"@type":"Person","@id":"https:\/\/www.manaus.am.gov.br\/manauscult\/#\/schema\/person\/05d223aea2bf115f9883a6ff3683d81b","name":"Bruna Greco","image":{"@type":"ImageObject","inLanguage":"pt-BR","@id":"https:\/\/www.manaus.am.gov.br\/manauscult\/#\/schema\/person\/image\/","url":"https:\/\/secure.gravatar.com\/avatar\/9c877d1a6adc2a055330e5c09a8653ce?s=96&d=mm&r=g","contentUrl":"https:\/\/secure.gravatar.com\/avatar\/9c877d1a6adc2a055330e5c09a8653ce?s=96&d=mm&r=g","caption":"Bruna Greco"}}]}},"_links":{"self":[{"href":"https:\/\/www.manaus.am.gov.br\/manauscult\/wp-json\/wp\/v2\/posts\/1204"}],"collection":[{"href":"https:\/\/www.manaus.am.gov.br\/manauscult\/wp-json\/wp\/v2\/posts"}],"about":[{"href":"https:\/\/www.manaus.am.gov.br\/manauscult\/wp-json\/wp\/v2\/types\/post"}],"author":[{"embeddable":true,"href":"https:\/\/www.manaus.am.gov.br\/manauscult\/wp-json\/wp\/v2\/users\/39"}],"replies":[{"embeddable":true,"href":"https:\/\/www.manaus.am.gov.br\/manauscult\/wp-json\/wp\/v2\/comments?post=1204"}],"version-history":[{"count":1,"href":"https:\/\/www.manaus.am.gov.br\/manauscult\/wp-json\/wp\/v2\/posts\/1204\/revisions"}],"predecessor-version":[{"id":1206,"href":"https:\/\/www.manaus.am.gov.br\/manauscult\/wp-json\/wp\/v2\/posts\/1204\/revisions\/1206"}],"wp:featuredmedia":[{"embeddable":true,"href":"https:\/\/www.manaus.am.gov.br\/manauscult\/wp-json\/wp\/v2\/media\/1205"}],"wp:attachment":[{"href":"https:\/\/www.manaus.am.gov.br\/manauscult\/wp-json\/wp\/v2\/media?parent=1204"}],"wp:term":[{"taxonomy":"category","embeddable":true,"href":"https:\/\/www.manaus.am.gov.br\/manauscult\/wp-json\/wp\/v2\/categories?post=1204"},{"taxonomy":"post_tag","embeddable":true,"href":"https:\/\/www.manaus.am.gov.br\/manauscult\/wp-json\/wp\/v2\/tags?post=1204"}],"curies":[{"name":"wp","href":"https:\/\/api.w.org\/{rel}","templated":true}]}}