{"id":1202,"date":"2023-08-24T15:01:29","date_gmt":"2023-08-24T19:01:29","guid":{"rendered":"https:\/\/www.manaus.am.gov.br\/manauscult\/cota-master-sou-manaus-2023\/"},"modified":"2023-08-24T15:01:30","modified_gmt":"2023-08-24T19:01:30","slug":"cota-master-sou-manaus-2023","status":"publish","type":"post","link":"https:\/\/www.manaus.am.gov.br\/manauscult\/cota-master-sou-manaus-2023\/","title":{"rendered":"<strong>Prefeitura divulga patrocinador na Cota M\u00e1ster, vencedora do Edital P\u00fablico de Patroc\u00ednio para o #SouManaus 2023<\/strong>"},"content":{"rendered":"\n<p>A Prefeitura de Manaus, por interm\u00e9dio da Funda\u00e7\u00e3o Municipal de Cultura, Turismo e Eventos (Manauscult), divulga o patrocinador na Cota M\u00e1ster do Edital de Chamamento P\u00fablico n\u00ba 007\/2023, publicado no Di\u00e1rio Oficial do Munic\u00edpio (DOM), na edi\u00e7\u00e3o 5.649, do \u00faltimo dia 14.<\/p>\n\n\n\n<p>A empresa vencedora paga ao poder p\u00fablico para ter direito \u00e0 comercializa\u00e7\u00e3o dos ingressos de camarote e a um n\u00famero limitado de ingressos (2.500) de frente para o palco (front stage). Em cada noite, 80 mil pessoas poder\u00e3o assistir aos shows de artistas locais e nacionais. E no dia 5, a atra\u00e7\u00e3o internacional, o DJ franc\u00eas David Guetta.<\/p>\n\n\n\n<p>A Manauscult recebeu duas propostas para a Cota M\u00e1ster, no entanto uma delas foi desclassificada, devido a impedimentos e \u00e0 aus\u00eancia de documenta\u00e7\u00e3o, exigida no item 11, subitem 8.1 do edital. Dessa forma, a empresa Nosso Show Gest\u00e3o de Eventos Ltda. foi habilitada para a cota patroc\u00ednio &#8211; Cota M\u00e1ster.<\/p>\n\n\n\n<p>Vale ressaltar que, segundo o edital, a empresa ganhadora na cota m\u00e1ster repassa R$ 2 milh\u00f5es ao poder p\u00fablico, tendo direito assim a explorar a comercializa\u00e7\u00e3o de 44 camarote\/dia, com capacidade para 25 pessoas, 2.500 ingressos\/dia no Front Stage e operacionaliza\u00e7\u00e3o do Bar. Todas as despesas com confec\u00e7\u00e3o de ingressos\/pulseiras e controle de acesso do p\u00fablico ser\u00e3o de responsabilidade do proponente (patrocinador).<\/p>\n\n\n\n<p>De acordo com o diretor-presidente da Manauscult, a Prefeitura de Manaus cumpre a legisla\u00e7\u00e3o vigente quanto \u00e0 cota de patroc\u00ednio e na cota m\u00e1ster foram apresentadas apenas duas propostas, saindo uma vencedora.<\/p>\n\n\n\n<p>\u201cConforme toda legisla\u00e7\u00e3o seguida fielmente pela Prefeitura de Manaus, tivemos uma proposta habilitada para a Cota M\u00e1ster, que d\u00e1 direito \u00e0 comercializa\u00e7\u00e3o de camarotes e frontstage no evento. Importante lembrar que a comercializa\u00e7\u00e3o desses ingressos ajuda a prefeitura de Manaus a n\u00e3o entrar com recursos do Tesouro para pagamento de cach\u00eas de artistas e que o valor economizado poder\u00e1 ser investido em outras \u00e1reas como sa\u00fade e educa\u00e7\u00e3o\u201d, pontuou Cardoso.<\/p>\n\n\n\n<p>O diretor-presidente refor\u00e7ou ainda que a venda dos ingressos para camarote e frontstage \u00e9 um porcentagem de 3% e que 97% do evento \u00e9 gratuito ao p\u00fablico, o qual deve fazer a inscri\u00e7\u00e3o apenas para os dois palcos no porto, por seguran\u00e7a, devido a capacidade de p\u00fablico dos locais. Para assistir aos shows gratuitamente, basta trocar a pulseira de acesso por garrafas PET ou 1 quilo de alimento n\u00e3o perec\u00edvel.<\/p>\n\n\n\n<p><strong>Etapas<\/strong><\/p>\n\n\n\n<p>O Edital 007\/2023 foi lan\u00e7ado em 23 de junho de 2023, tendo um Termo Aditivo em 3 de agosto de 2023, onde indicou que os interessados na Cota M\u00e1ster, deveriam protocolizar a inscri\u00e7\u00e3o at\u00e9 o dia 10\/08\/2023 (item 7.1.1), bem como, a an\u00e1lise t\u00e9cnica das propostas de patroc\u00ednio pela Administra\u00e7\u00e3o P\u00fablica seria no dia 11\/08\/2023 (7.2.1) e a divulga\u00e7\u00e3o do resultado definitivo da an\u00e1lise das propostas de patroc\u00ednio seria no dia 14\/08\/2023, conforme o item 7.3.1. do edital.<\/p>\n\n\n\n<p><strong>Vendas de ingressos<\/strong><\/p>\n\n\n\n<p>No dia 23 de agosto de 2023, a empresa patrocinadora da Cota M\u00e1ster iniciou as vendas dos camarotes e frontstage. De acordo com a empresa, os camarotes ser\u00e3o vendidos para grupos de 30 pessoas e ter\u00e3o validade para os 3 dias. N\u00e3o ser\u00e1 vendido ingresso individual para camarote.<\/p>\n\n\n\n<p>&#8212; &#8212; &#8212;<\/p>\n\n\n\n<p><strong>Texto<\/strong> &#8211; Moara Cabral \/ ManausCult<\/p>\n\n\n\n<p><strong>Fotos<\/strong> \u2013 Jo\u00e3o Viana \/ Semcom<\/p>\n\n\n\n<p><strong>Dispon\u00edveis em<\/strong> &#8211; <a href=\"https:\/\/flic.kr\/s\/aHBqjAShH1\">https:\/\/flic.kr\/s\/aHBqjAShH1<\/a><\/p>\n","protected":false},"excerpt":{"rendered":"","protected":false},"author":25,"featured_media":1203,"comment_status":"closed","ping_status":"closed","sticky":false,"template":"","format":"standard","meta":{"footnotes":""},"categories":[472],"tags":[473,474,279],"acf":[],"yoast_head":"<!-- This site is optimized with the Yoast SEO plugin v23.0 - https:\/\/yoast.com\/wordpress\/plugins\/seo\/ -->\n<title>Prefeitura divulga patrocinador na Cota M\u00e1ster, vencedora do Edital P\u00fablico de Patroc\u00ednio para o #SouManaus 2023<\/title>\n<meta name=\"description\" content=\"A Prefeitura de Manaus, por interm\u00e9dio da Funda\u00e7\u00e3o Municipal de Cultura, Turismo e Eventos (Manauscult), divulga o patrocinador na Cota M\u00e1ster do Edital de Chamamento P\u00fablico n\u00ba 007\/2023, publicado no Di\u00e1rio Oficial do Munic\u00edpio (DOM), na edi\u00e7\u00e3o 5.649, do \u00faltimo dia 14.\" \/>\n<meta name=\"robots\" content=\"noindex, follow\" \/>\n<meta property=\"og:locale\" content=\"pt_BR\" \/>\n<meta property=\"og:type\" content=\"article\" \/>\n<meta property=\"og:title\" content=\"Prefeitura divulga patrocinador na Cota M\u00e1ster, vencedora do Edital P\u00fablico de Patroc\u00ednio para o #SouManaus 2023\" \/>\n<meta property=\"og:description\" content=\"A Prefeitura de Manaus, por interm\u00e9dio da Funda\u00e7\u00e3o Municipal de Cultura, Turismo e Eventos (Manauscult), divulga o patrocinador na Cota M\u00e1ster do Edital de Chamamento P\u00fablico n\u00ba 007\/2023, publicado no Di\u00e1rio Oficial do Munic\u00edpio (DOM), na edi\u00e7\u00e3o 5.649, do \u00faltimo dia 14.\" \/>\n<meta property=\"og:url\" content=\"https:\/\/www.manaus.am.gov.br\/manauscult\/cota-master-sou-manaus-2023\/\" \/>\n<meta property=\"og:site_name\" content=\"MANAUSCULT\" \/>\n<meta property=\"article:published_time\" content=\"2023-08-24T19:01:29+00:00\" \/>\n<meta property=\"article:modified_time\" content=\"2023-08-24T19:01:30+00:00\" \/>\n<meta property=\"og:image\" content=\"https:\/\/www.manaus.am.gov.br\/manauscult\/wp-content\/uploads\/sites\/11\/2023\/08\/53139552298_82af286724_c.jpg\" \/>\n\t<meta property=\"og:image:width\" content=\"799\" \/>\n\t<meta property=\"og:image:height\" content=\"533\" \/>\n\t<meta property=\"og:image:type\" content=\"image\/jpeg\" \/>\n<meta name=\"author\" content=\"Maur\u00edcio Freire\" \/>\n<meta name=\"twitter:card\" content=\"summary_large_image\" \/>\n<meta name=\"twitter:label1\" content=\"Written by\" \/>\n\t<meta name=\"twitter:data1\" content=\"Maur\u00edcio Freire\" \/>\n\t<meta name=\"twitter:label2\" content=\"Est. reading time\" \/>\n\t<meta name=\"twitter:data2\" content=\"3 minutos\" \/>\n<script type=\"application\/ld+json\" class=\"yoast-schema-graph\">{\"@context\":\"https:\/\/schema.org\",\"@graph\":[{\"@type\":\"WebPage\",\"@id\":\"https:\/\/www.manaus.am.gov.br\/manauscult\/cota-master-sou-manaus-2023\/\",\"url\":\"https:\/\/www.manaus.am.gov.br\/manauscult\/cota-master-sou-manaus-2023\/\",\"name\":\"Prefeitura divulga patrocinador na Cota M\u00e1ster, vencedora do Edital P\u00fablico de Patroc\u00ednio para o #SouManaus 2023\",\"isPartOf\":{\"@id\":\"https:\/\/www.manaus.am.gov.br\/manauscult\/#website\"},\"primaryImageOfPage\":{\"@id\":\"https:\/\/www.manaus.am.gov.br\/manauscult\/cota-master-sou-manaus-2023\/#primaryimage\"},\"image\":{\"@id\":\"https:\/\/www.manaus.am.gov.br\/manauscult\/cota-master-sou-manaus-2023\/#primaryimage\"},\"thumbnailUrl\":\"https:\/\/www.manaus.am.gov.br\/manauscult\/wp-content\/uploads\/sites\/11\/2023\/08\/53139552298_82af286724_c.jpg\",\"datePublished\":\"2023-08-24T19:01:29+00:00\",\"dateModified\":\"2023-08-24T19:01:30+00:00\",\"author\":{\"@id\":\"https:\/\/www.manaus.am.gov.br\/manauscult\/#\/schema\/person\/587989a23a463cde5618e6a028977a9a\"},\"description\":\"A Prefeitura de Manaus, por interm\u00e9dio da Funda\u00e7\u00e3o Municipal de Cultura, Turismo e Eventos (Manauscult), divulga o patrocinador na Cota M\u00e1ster do Edital de Chamamento P\u00fablico n\u00ba 007\/2023, publicado no Di\u00e1rio Oficial do Munic\u00edpio (DOM), na edi\u00e7\u00e3o 5.649, do \u00faltimo dia 14.\",\"breadcrumb\":{\"@id\":\"https:\/\/www.manaus.am.gov.br\/manauscult\/cota-master-sou-manaus-2023\/#breadcrumb\"},\"inLanguage\":\"pt-BR\",\"potentialAction\":[{\"@type\":\"ReadAction\",\"target\":[\"https:\/\/www.manaus.am.gov.br\/manauscult\/cota-master-sou-manaus-2023\/\"]}]},{\"@type\":\"ImageObject\",\"inLanguage\":\"pt-BR\",\"@id\":\"https:\/\/www.manaus.am.gov.br\/manauscult\/cota-master-sou-manaus-2023\/#primaryimage\",\"url\":\"https:\/\/www.manaus.am.gov.br\/manauscult\/wp-content\/uploads\/sites\/11\/2023\/08\/53139552298_82af286724_c.jpg\",\"contentUrl\":\"https:\/\/www.manaus.am.gov.br\/manauscult\/wp-content\/uploads\/sites\/11\/2023\/08\/53139552298_82af286724_c.jpg\",\"width\":799,\"height\":533},{\"@type\":\"BreadcrumbList\",\"@id\":\"https:\/\/www.manaus.am.gov.br\/manauscult\/cota-master-sou-manaus-2023\/#breadcrumb\",\"itemListElement\":[{\"@type\":\"ListItem\",\"position\":1,\"name\":\"Home\",\"item\":\"https:\/\/www.manaus.am.gov.br\/manauscult\/\"},{\"@type\":\"ListItem\",\"position\":2,\"name\":\"Prefeitura divulga patrocinador na Cota M\u00e1ster, vencedora do Edital P\u00fablico de Patroc\u00ednio para o #SouManaus 2023\"}]},{\"@type\":\"WebSite\",\"@id\":\"https:\/\/www.manaus.am.gov.br\/manauscult\/#website\",\"url\":\"https:\/\/www.manaus.am.gov.br\/manauscult\/\",\"name\":\"MANAUSCULT\",\"description\":\"Prefeitura de Manaus\",\"potentialAction\":[{\"@type\":\"SearchAction\",\"target\":{\"@type\":\"EntryPoint\",\"urlTemplate\":\"https:\/\/www.manaus.am.gov.br\/manauscult\/?s={search_term_string}\"},\"query-input\":\"required name=search_term_string\"}],\"inLanguage\":\"pt-BR\"},{\"@type\":\"Person\",\"@id\":\"https:\/\/www.manaus.am.gov.br\/manauscult\/#\/schema\/person\/587989a23a463cde5618e6a028977a9a\",\"name\":\"Maur\u00edcio Freire\",\"image\":{\"@type\":\"ImageObject\",\"inLanguage\":\"pt-BR\",\"@id\":\"https:\/\/www.manaus.am.gov.br\/manauscult\/#\/schema\/person\/image\/\",\"url\":\"https:\/\/secure.gravatar.com\/avatar\/dc1481799a1f75c733ac3b2634cd6749?s=96&d=mm&r=g\",\"contentUrl\":\"https:\/\/secure.gravatar.com\/avatar\/dc1481799a1f75c733ac3b2634cd6749?s=96&d=mm&r=g\",\"caption\":\"Maur\u00edcio Freire\"}}]}<\/script>\n<!-- \/ Yoast SEO plugin. -->","yoast_head_json":{"title":"Prefeitura divulga patrocinador na Cota M\u00e1ster, vencedora do Edital P\u00fablico de Patroc\u00ednio para o #SouManaus 2023","description":"A Prefeitura de Manaus, por interm\u00e9dio da Funda\u00e7\u00e3o Municipal de Cultura, Turismo e Eventos (Manauscult), divulga o patrocinador na Cota M\u00e1ster do Edital de Chamamento P\u00fablico n\u00ba 007\/2023, publicado no Di\u00e1rio Oficial do Munic\u00edpio (DOM), na edi\u00e7\u00e3o 5.649, do \u00faltimo dia 14.","robots":{"index":"noindex","follow":"follow"},"og_locale":"pt_BR","og_type":"article","og_title":"Prefeitura divulga patrocinador na Cota M\u00e1ster, vencedora do Edital P\u00fablico de Patroc\u00ednio para o #SouManaus 2023","og_description":"A Prefeitura de Manaus, por interm\u00e9dio da Funda\u00e7\u00e3o Municipal de Cultura, Turismo e Eventos (Manauscult), divulga o patrocinador na Cota M\u00e1ster do Edital de Chamamento P\u00fablico n\u00ba 007\/2023, publicado no Di\u00e1rio Oficial do Munic\u00edpio (DOM), na edi\u00e7\u00e3o 5.649, do \u00faltimo dia 14.","og_url":"https:\/\/www.manaus.am.gov.br\/manauscult\/cota-master-sou-manaus-2023\/","og_site_name":"MANAUSCULT","article_published_time":"2023-08-24T19:01:29+00:00","article_modified_time":"2023-08-24T19:01:30+00:00","og_image":[{"width":799,"height":533,"url":"https:\/\/www.manaus.am.gov.br\/manauscult\/wp-content\/uploads\/sites\/11\/2023\/08\/53139552298_82af286724_c.jpg","type":"image\/jpeg"}],"author":"Maur\u00edcio Freire","twitter_card":"summary_large_image","twitter_misc":{"Written by":"Maur\u00edcio Freire","Est. reading time":"3 minutos"},"schema":{"@context":"https:\/\/schema.org","@graph":[{"@type":"WebPage","@id":"https:\/\/www.manaus.am.gov.br\/manauscult\/cota-master-sou-manaus-2023\/","url":"https:\/\/www.manaus.am.gov.br\/manauscult\/cota-master-sou-manaus-2023\/","name":"Prefeitura divulga patrocinador na Cota M\u00e1ster, vencedora do Edital P\u00fablico de Patroc\u00ednio para o #SouManaus 2023","isPartOf":{"@id":"https:\/\/www.manaus.am.gov.br\/manauscult\/#website"},"primaryImageOfPage":{"@id":"https:\/\/www.manaus.am.gov.br\/manauscult\/cota-master-sou-manaus-2023\/#primaryimage"},"image":{"@id":"https:\/\/www.manaus.am.gov.br\/manauscult\/cota-master-sou-manaus-2023\/#primaryimage"},"thumbnailUrl":"https:\/\/www.manaus.am.gov.br\/manauscult\/wp-content\/uploads\/sites\/11\/2023\/08\/53139552298_82af286724_c.jpg","datePublished":"2023-08-24T19:01:29+00:00","dateModified":"2023-08-24T19:01:30+00:00","author":{"@id":"https:\/\/www.manaus.am.gov.br\/manauscult\/#\/schema\/person\/587989a23a463cde5618e6a028977a9a"},"description":"A Prefeitura de Manaus, por interm\u00e9dio da Funda\u00e7\u00e3o Municipal de Cultura, Turismo e Eventos (Manauscult), divulga o patrocinador na Cota M\u00e1ster do Edital de Chamamento P\u00fablico n\u00ba 007\/2023, publicado no Di\u00e1rio Oficial do Munic\u00edpio (DOM), na edi\u00e7\u00e3o 5.649, do \u00faltimo dia 14.","breadcrumb":{"@id":"https:\/\/www.manaus.am.gov.br\/manauscult\/cota-master-sou-manaus-2023\/#breadcrumb"},"inLanguage":"pt-BR","potentialAction":[{"@type":"ReadAction","target":["https:\/\/www.manaus.am.gov.br\/manauscult\/cota-master-sou-manaus-2023\/"]}]},{"@type":"ImageObject","inLanguage":"pt-BR","@id":"https:\/\/www.manaus.am.gov.br\/manauscult\/cota-master-sou-manaus-2023\/#primaryimage","url":"https:\/\/www.manaus.am.gov.br\/manauscult\/wp-content\/uploads\/sites\/11\/2023\/08\/53139552298_82af286724_c.jpg","contentUrl":"https:\/\/www.manaus.am.gov.br\/manauscult\/wp-content\/uploads\/sites\/11\/2023\/08\/53139552298_82af286724_c.jpg","width":799,"height":533},{"@type":"BreadcrumbList","@id":"https:\/\/www.manaus.am.gov.br\/manauscult\/cota-master-sou-manaus-2023\/#breadcrumb","itemListElement":[{"@type":"ListItem","position":1,"name":"Home","item":"https:\/\/www.manaus.am.gov.br\/manauscult\/"},{"@type":"ListItem","position":2,"name":"Prefeitura divulga patrocinador na Cota M\u00e1ster, vencedora do Edital P\u00fablico de Patroc\u00ednio para o #SouManaus 2023"}]},{"@type":"WebSite","@id":"https:\/\/www.manaus.am.gov.br\/manauscult\/#website","url":"https:\/\/www.manaus.am.gov.br\/manauscult\/","name":"MANAUSCULT","description":"Prefeitura de Manaus","potentialAction":[{"@type":"SearchAction","target":{"@type":"EntryPoint","urlTemplate":"https:\/\/www.manaus.am.gov.br\/manauscult\/?s={search_term_string}"},"query-input":"required name=search_term_string"}],"inLanguage":"pt-BR"},{"@type":"Person","@id":"https:\/\/www.manaus.am.gov.br\/manauscult\/#\/schema\/person\/587989a23a463cde5618e6a028977a9a","name":"Maur\u00edcio Freire","image":{"@type":"ImageObject","inLanguage":"pt-BR","@id":"https:\/\/www.manaus.am.gov.br\/manauscult\/#\/schema\/person\/image\/","url":"https:\/\/secure.gravatar.com\/avatar\/dc1481799a1f75c733ac3b2634cd6749?s=96&d=mm&r=g","contentUrl":"https:\/\/secure.gravatar.com\/avatar\/dc1481799a1f75c733ac3b2634cd6749?s=96&d=mm&r=g","caption":"Maur\u00edcio Freire"}}]}},"_links":{"self":[{"href":"https:\/\/www.manaus.am.gov.br\/manauscult\/wp-json\/wp\/v2\/posts\/1202"}],"collection":[{"href":"https:\/\/www.manaus.am.gov.br\/manauscult\/wp-json\/wp\/v2\/posts"}],"about":[{"href":"https:\/\/www.manaus.am.gov.br\/manauscult\/wp-json\/wp\/v2\/types\/post"}],"author":[{"embeddable":true,"href":"https:\/\/www.manaus.am.gov.br\/manauscult\/wp-json\/wp\/v2\/users\/25"}],"replies":[{"embeddable":true,"href":"https:\/\/www.manaus.am.gov.br\/manauscult\/wp-json\/wp\/v2\/comments?post=1202"}],"version-history":[{"count":0,"href":"https:\/\/www.manaus.am.gov.br\/manauscult\/wp-json\/wp\/v2\/posts\/1202\/revisions"}],"wp:featuredmedia":[{"embeddable":true,"href":"https:\/\/www.manaus.am.gov.br\/manauscult\/wp-json\/wp\/v2\/media\/1203"}],"wp:attachment":[{"href":"https:\/\/www.manaus.am.gov.br\/manauscult\/wp-json\/wp\/v2\/media?parent=1202"}],"wp:term":[{"taxonomy":"category","embeddable":true,"href":"https:\/\/www.manaus.am.gov.br\/manauscult\/wp-json\/wp\/v2\/categories?post=1202"},{"taxonomy":"post_tag","embeddable":true,"href":"https:\/\/www.manaus.am.gov.br\/manauscult\/wp-json\/wp\/v2\/tags?post=1202"}],"curies":[{"name":"wp","href":"https:\/\/api.w.org\/{rel}","templated":true}]}}