{"id":1200,"date":"2023-08-23T15:00:42","date_gmt":"2023-08-23T19:00:42","guid":{"rendered":"https:\/\/www.manaus.am.gov.br\/manauscult\/prefeitura-realiza-assinatura-de-contratos-com-os-artistas-contemplados-no-edital-manaus-faz-cultura-2023\/"},"modified":"2023-08-23T15:00:43","modified_gmt":"2023-08-23T19:00:43","slug":"prefeitura-realiza-assinatura-de-contratos-com-os-artistas-contemplados-no-edital-manaus-faz-cultura-2023","status":"publish","type":"post","link":"https:\/\/www.manaus.am.gov.br\/manauscult\/prefeitura-realiza-assinatura-de-contratos-com-os-artistas-contemplados-no-edital-manaus-faz-cultura-2023\/","title":{"rendered":"<strong>Prefeitura realiza assinatura de contratos com os artistas contemplados no edital \u2018Manaus Faz Cultura 2023\u2019<\/strong>"},"content":{"rendered":"\n<p>A Prefeitura de Manaus, por meio da Funda\u00e7\u00e3o Municipal de Cultura, Turismo e Eventos (Manauscult) e do Conselho Municipal de Cultura (Concultura), realiza a assinatura dos termos de compromisso financeiro para posterior pagamento dos cem projetos contemplados pelo edital \u201cManaus Faz Cultura (MFC) 2023\u201d, para realiza\u00e7\u00e3o de oficinas culturais na capital e entorno. As assinaturas iniciaram dia 14 e encerram na sexta-feira, 25\/8.<\/p>\n\n\n\n<p>Neste ano, o edital \u201cManaus Faz Cultura\u201d ampliou para cem o n\u00famero de projetos contemplados, com patroc\u00ednio de R$ 20 mil cada, totalizando R$ 2 milh\u00f5es. O formato dos projetos \u00e9 de car\u00e1ter formativo de oficinas, cursos e semin\u00e1rios, que abordem os fazeres art\u00edsticos e culturais, com in\u00edcio j\u00e1 a partir do m\u00eas de outubro.<\/p>\n\n\n\n<p>Conforme o diretor-presidente da Manauscult, Osvaldo Cardoso, o \u201cManaus Faz Cultura\u201d, al\u00e9m da valoriza\u00e7\u00e3o e da capta\u00e7\u00e3o de novos talentos da cultura, fomenta a economia da cidade. \u201cO objetivo da gest\u00e3o do prefeito David Almeida \u00e9 dar oportunidades, valorizar e posicionar Manaus como uma das capitais do turismo e da cultura, e n\u00f3s temos grandes talentos da terra, que, com o edital, podem apresentar seus trabalhos \u00e0 popula\u00e7\u00e3o, bem como ter o reconhecimento pelos mesmos\u201d, pontuou.<\/p>\n\n\n\n<p>O presidente do Concultura, Ten\u00f3rio Telles, informou que o programa \u201cManaus Faz Cultura\u201d \u00e9 uma das a\u00e7\u00f5es culturais mais importantes da gest\u00e3o do prefeito David Almeida, por possibilitar oportunidades de trabalho e renda para os artistas de Manaus. Segundo ele, &#8220;o MFC democratizou o acesso da classe, \u00e0s pol\u00edticas p\u00fablicas de cultura em nossa cidade. E o mais importante, contemplou muitos artistas da periferia, contribuindo para que a arte chegasse \u00e0s diversas zonas de Manaus, permitindo o acesso e despertando novos talentos&#8221;.<\/p>\n\n\n\n<p>Confira a lista dos projetos contemplados no link:&nbsp;<a href=\"http:\/\/concultura.manaus.am.gov.br\/programa-manaus-faz-cultura\" target=\"_blank\" rel=\"noreferrer noopener\">concultura.manaus.am.gov.br\/programa-manaus-faz-cultura<\/a>.<\/p>\n\n\n\n<p><strong>Oficinas<\/strong><\/p>\n\n\n\n<p>Uma das oficinas voltada para o p\u00fablico idoso \u00e9 de autoria do ator decano Gomes de Lima, 84 anos, com quase 70 anos de carreira e mais de 40 pe\u00e7as teatrais, filmes longas-metragens, com destaque para \u201cA Selva\u201d, onde fez o seringueiro \u201cfuj\u00e3o\u201d e protagonizado por Chico Dias. &#8220;O p\u00fablico-alvo de nossa oficina s\u00e3o os internos da Funda\u00e7\u00e3o Dr. Thomas, que ser\u00e3o os coautores de duas pe\u00e7as que vou roteirizar em cima de suas hist\u00f3rias de vida&#8221;, disse Gomes.<\/p>\n\n\n\n<p>Outra oficina, desta vez voltada para zona rural de Manaus, ser\u00e1 realizada pela atriz Nayme\u00ea Sahdo. Ela vive, profissionalmente, de palha\u00e7aria, realizando eventos particulares, infantis, adultos e corporativos, conhecida como palha\u00e7a Yakisoba Pereira da Silva, que formatou a oficina para o p\u00fablico formado por crian\u00e7as e adolescentes, em duas turmas com 15 participantes cada, com carga hor\u00e1ria de uma semana, 120 minutos por dia, totalizando dez horas.&nbsp;<\/p>\n\n\n\n<p>O curso ser\u00e1 ministrado em uma escola da comunidade Nossa Senhora de F\u00e1tima, no igarap\u00e9 Tarum\u00e3 Mirim, \u00e1rea rural ribeirinha. &#8220;O projeto \u201cA Palha\u00e7aria\u201d, como instrumento de resgate de brincadeiras tradicionais de Manaus, objetiva promover a arte circense, em especial a palha\u00e7aria, visando valorizar a cultura popular, a mem\u00f3ria, a hist\u00f3ria e identidade cultural, por meio de brincadeiras tradicionais&#8221;, explica Sahdo.&nbsp;<\/p>\n\n\n\n<p>O m\u00fasico Walter Saldanha ganhou o edital com a proposta de um curso sobre o profissional de montagem de espet\u00e1culos conhecido como &#8220;roadie&#8221;, fundamental na ind\u00fastria da m\u00fasica, teatro, dan\u00e7a e artes da cena em geral.<\/p>\n\n\n\n<p>&#8220;O roadie&nbsp;sempre est\u00e1 envolvido com a montagem, desmontagem e transporte de equipamentos de som. Eles tamb\u00e9m s\u00e3o respons\u00e1veis por configurar e testar equipamentos musicais, dando suporte ao m\u00fasico&#8221;, explicou Saldanha.<\/p>\n\n\n\n<p>A proposta \u00e9 oferecer duas turmas com 25 alunos, cada. A oficina acontecer\u00e1 em tr\u00eas s\u00e1bados, ao longo do m\u00eas de novembro, direcionada ao p\u00fablico jovem e adulto, aberto a profissionais e pessoas que queiram conhecer essa profiss\u00e3o, ou quem sabe fazer dessa oportunidade uma nova profiss\u00e3o.&nbsp;<\/p>\n\n\n\n<p>O projeto contar\u00e1 com uma equipe t\u00e9cnica envolvendo designer, produtores e mediadores, totalizando dez profissionais que dar\u00e3o sua contribui\u00e7\u00e3o como artistas da cena e m\u00fasicos.&nbsp;&nbsp;<\/p>\n\n\n\n<p>O mercado profissional para um &#8220;roadie&#8221; \u00e9 f\u00e9rtil, pois Manaus \u00e9 uma cidade conhecida por seu cen\u00e1rio musical vibrante e eventos como shows, festivais de teatro, dan\u00e7a e apresenta\u00e7\u00f5es ao vivo.<\/p>\n\n\n\n<p>&#8220;H\u00e1 oportunidades para roadies trabalharem em empresas de produ\u00e7\u00e3o de eventos, casas de shows, teatros, est\u00fadios de grava\u00e7\u00e3o e at\u00e9 mesmo em turn\u00eas de artistas locais e nacionais que passam pela cidade&#8221;, mencionou.&nbsp;&nbsp;<\/p>\n\n\n\n<p><strong>Investimento&nbsp;<\/strong><\/p>\n\n\n\n<p>O edital na edi\u00e7\u00e3o de 2023 contempla os projetos de oficinas de conte\u00fado art\u00edstico-culturais com valor de R$ 20 mil cada, nos segmentos: literatura (11), dan\u00e7a (12), teatro e circo (13), artes visuais (12), audiovisual (12), cultura \u00e9tnica (11), m\u00fasica (12), cultura popular (11), hip-hop e outros (6), a serem realizadas em todas as zonas da cidade e \u00e1reas ribeirinhas do entorno da capital, totalizando&nbsp; cem projetos.<\/p>\n\n\n\n<p>Nos anos anteriores, foram contemplados 40 projetos em 2021, e em 2022 foram contempladas 60 oficinas no mesmo valor, que descentralizaram o incentivo \u00e0 cultura em Manaus.<\/p>\n\n\n\n<p>Foram inscritos, neste ano, nos nove segmentos, 84 projetos de audiovisual, 53 de cultura \u00e9tnica, 77 de cultura popular, 86 de dan\u00e7a, 47 de literatura, 101 de m\u00fasica, 105 de teatro e circo, e 60 de outros segmentos.&nbsp;<\/p>\n\n\n\n<p>\u2014 \u2014 \u2014<\/p>\n\n\n\n<p><strong>Texto<\/strong>&nbsp;\u2013 Crist\u00f3v\u00e3o Nonato \/ Manauscult<\/p>\n\n\n\n<p><strong>Fotos<\/strong>&nbsp;\u2013 Divulga\u00e7\u00e3o<\/p>\n","protected":false},"excerpt":{"rendered":"","protected":false},"author":23,"featured_media":1201,"comment_status":"closed","ping_status":"closed","sticky":false,"template":"","format":"standard","meta":{"footnotes":""},"categories":[263],"tags":[470,45,471,9,11,269],"acf":[],"yoast_head":"<!-- This site is optimized with the Yoast SEO plugin v23.0 - https:\/\/yoast.com\/wordpress\/plugins\/seo\/ -->\n<title>Prefeitura realiza assinatura de contratos com os artistas contemplados no edital \u2018Manaus Faz Cultura 2023\u2019<\/title>\n<meta name=\"description\" content=\"A Prefeitura de Manaus, por meio da Funda\u00e7\u00e3o Municipal de Cultura, Turismo e Eventos (Manauscult) e do Conselho Municipal de Cultura (Concultura), realiza a assinatura dos termos de compromisso financeiro para posterior pagamento dos cem projetos contemplados pelo edital \u201cManaus Faz Cultura (MFC) 2023\u201d, para realiza\u00e7\u00e3o de oficinas culturais na capital e entorno. As assinaturas iniciaram dia 14 e encerram na sexta-feira, 25\/8.\" \/>\n<meta name=\"robots\" content=\"noindex, follow\" \/>\n<meta property=\"og:locale\" content=\"pt_BR\" \/>\n<meta property=\"og:type\" content=\"article\" \/>\n<meta property=\"og:title\" content=\"Prefeitura realiza assinatura de contratos com os artistas contemplados no edital \u2018Manaus Faz Cultura 2023\u2019\" \/>\n<meta property=\"og:description\" content=\"A Prefeitura de Manaus, por meio da Funda\u00e7\u00e3o Municipal de Cultura, Turismo e Eventos (Manauscult) e do Conselho Municipal de Cultura (Concultura), realiza a assinatura dos termos de compromisso financeiro para posterior pagamento dos cem projetos contemplados pelo edital \u201cManaus Faz Cultura (MFC) 2023\u201d, para realiza\u00e7\u00e3o de oficinas culturais na capital e entorno. As assinaturas iniciaram dia 14 e encerram na sexta-feira, 25\/8.\" \/>\n<meta property=\"og:url\" content=\"https:\/\/www.manaus.am.gov.br\/manauscult\/prefeitura-realiza-assinatura-de-contratos-com-os-artistas-contemplados-no-edital-manaus-faz-cultura-2023\/\" \/>\n<meta property=\"og:site_name\" content=\"MANAUSCULT\" \/>\n<meta property=\"article:published_time\" content=\"2023-08-23T19:00:42+00:00\" \/>\n<meta property=\"article:modified_time\" content=\"2023-08-23T19:00:43+00:00\" \/>\n<meta property=\"og:image\" content=\"https:\/\/www.manaus.am.gov.br\/manauscult\/wp-content\/uploads\/sites\/11\/2023\/08\/20230822_120312-1024x577.jpg\" \/>\n\t<meta property=\"og:image:width\" content=\"1024\" \/>\n\t<meta property=\"og:image:height\" content=\"577\" \/>\n\t<meta property=\"og:image:type\" content=\"image\/jpeg\" \/>\n<meta name=\"author\" content=\"Adriana Costa\" \/>\n<meta name=\"twitter:card\" content=\"summary_large_image\" \/>\n<meta name=\"twitter:label1\" content=\"Written by\" \/>\n\t<meta name=\"twitter:data1\" content=\"Adriana Costa\" \/>\n\t<meta name=\"twitter:label2\" content=\"Est. reading time\" \/>\n\t<meta name=\"twitter:data2\" content=\"5 minutos\" \/>\n<script type=\"application\/ld+json\" class=\"yoast-schema-graph\">{\"@context\":\"https:\/\/schema.org\",\"@graph\":[{\"@type\":\"WebPage\",\"@id\":\"https:\/\/www.manaus.am.gov.br\/manauscult\/prefeitura-realiza-assinatura-de-contratos-com-os-artistas-contemplados-no-edital-manaus-faz-cultura-2023\/\",\"url\":\"https:\/\/www.manaus.am.gov.br\/manauscult\/prefeitura-realiza-assinatura-de-contratos-com-os-artistas-contemplados-no-edital-manaus-faz-cultura-2023\/\",\"name\":\"Prefeitura realiza assinatura de contratos com os artistas contemplados no edital \u2018Manaus Faz Cultura 2023\u2019\",\"isPartOf\":{\"@id\":\"https:\/\/www.manaus.am.gov.br\/manauscult\/#website\"},\"primaryImageOfPage\":{\"@id\":\"https:\/\/www.manaus.am.gov.br\/manauscult\/prefeitura-realiza-assinatura-de-contratos-com-os-artistas-contemplados-no-edital-manaus-faz-cultura-2023\/#primaryimage\"},\"image\":{\"@id\":\"https:\/\/www.manaus.am.gov.br\/manauscult\/prefeitura-realiza-assinatura-de-contratos-com-os-artistas-contemplados-no-edital-manaus-faz-cultura-2023\/#primaryimage\"},\"thumbnailUrl\":\"https:\/\/www.manaus.am.gov.br\/manauscult\/wp-content\/uploads\/sites\/11\/2023\/08\/20230822_120312.jpg\",\"datePublished\":\"2023-08-23T19:00:42+00:00\",\"dateModified\":\"2023-08-23T19:00:43+00:00\",\"author\":{\"@id\":\"https:\/\/www.manaus.am.gov.br\/manauscult\/#\/schema\/person\/4e49f4e267757a06ca072ec61b2b9968\"},\"description\":\"A Prefeitura de Manaus, por meio da Funda\u00e7\u00e3o Municipal de Cultura, Turismo e Eventos (Manauscult) e do Conselho Municipal de Cultura (Concultura), realiza a assinatura dos termos de compromisso financeiro para posterior pagamento dos cem projetos contemplados pelo edital \u201cManaus Faz Cultura (MFC) 2023\u201d, para realiza\u00e7\u00e3o de oficinas culturais na capital e entorno. As assinaturas iniciaram dia 14 e encerram na sexta-feira, 25\/8.\",\"breadcrumb\":{\"@id\":\"https:\/\/www.manaus.am.gov.br\/manauscult\/prefeitura-realiza-assinatura-de-contratos-com-os-artistas-contemplados-no-edital-manaus-faz-cultura-2023\/#breadcrumb\"},\"inLanguage\":\"pt-BR\",\"potentialAction\":[{\"@type\":\"ReadAction\",\"target\":[\"https:\/\/www.manaus.am.gov.br\/manauscult\/prefeitura-realiza-assinatura-de-contratos-com-os-artistas-contemplados-no-edital-manaus-faz-cultura-2023\/\"]}]},{\"@type\":\"ImageObject\",\"inLanguage\":\"pt-BR\",\"@id\":\"https:\/\/www.manaus.am.gov.br\/manauscult\/prefeitura-realiza-assinatura-de-contratos-com-os-artistas-contemplados-no-edital-manaus-faz-cultura-2023\/#primaryimage\",\"url\":\"https:\/\/www.manaus.am.gov.br\/manauscult\/wp-content\/uploads\/sites\/11\/2023\/08\/20230822_120312.jpg\",\"contentUrl\":\"https:\/\/www.manaus.am.gov.br\/manauscult\/wp-content\/uploads\/sites\/11\/2023\/08\/20230822_120312.jpg\",\"width\":4000,\"height\":2252},{\"@type\":\"BreadcrumbList\",\"@id\":\"https:\/\/www.manaus.am.gov.br\/manauscult\/prefeitura-realiza-assinatura-de-contratos-com-os-artistas-contemplados-no-edital-manaus-faz-cultura-2023\/#breadcrumb\",\"itemListElement\":[{\"@type\":\"ListItem\",\"position\":1,\"name\":\"Home\",\"item\":\"https:\/\/www.manaus.am.gov.br\/manauscult\/\"},{\"@type\":\"ListItem\",\"position\":2,\"name\":\"Prefeitura realiza assinatura de contratos com os artistas contemplados no edital \u2018Manaus Faz Cultura 2023\u2019\"}]},{\"@type\":\"WebSite\",\"@id\":\"https:\/\/www.manaus.am.gov.br\/manauscult\/#website\",\"url\":\"https:\/\/www.manaus.am.gov.br\/manauscult\/\",\"name\":\"MANAUSCULT\",\"description\":\"Prefeitura de Manaus\",\"potentialAction\":[{\"@type\":\"SearchAction\",\"target\":{\"@type\":\"EntryPoint\",\"urlTemplate\":\"https:\/\/www.manaus.am.gov.br\/manauscult\/?s={search_term_string}\"},\"query-input\":\"required name=search_term_string\"}],\"inLanguage\":\"pt-BR\"},{\"@type\":\"Person\",\"@id\":\"https:\/\/www.manaus.am.gov.br\/manauscult\/#\/schema\/person\/4e49f4e267757a06ca072ec61b2b9968\",\"name\":\"Adriana Costa\",\"image\":{\"@type\":\"ImageObject\",\"inLanguage\":\"pt-BR\",\"@id\":\"https:\/\/www.manaus.am.gov.br\/manauscult\/#\/schema\/person\/image\/\",\"url\":\"https:\/\/secure.gravatar.com\/avatar\/576258617ef7194f718179e766d57bd4?s=96&d=mm&r=g\",\"contentUrl\":\"https:\/\/secure.gravatar.com\/avatar\/576258617ef7194f718179e766d57bd4?s=96&d=mm&r=g\",\"caption\":\"Adriana Costa\"}}]}<\/script>\n<!-- \/ Yoast SEO plugin. -->","yoast_head_json":{"title":"Prefeitura realiza assinatura de contratos com os artistas contemplados no edital \u2018Manaus Faz Cultura 2023\u2019","description":"A Prefeitura de Manaus, por meio da Funda\u00e7\u00e3o Municipal de Cultura, Turismo e Eventos (Manauscult) e do Conselho Municipal de Cultura (Concultura), realiza a assinatura dos termos de compromisso financeiro para posterior pagamento dos cem projetos contemplados pelo edital \u201cManaus Faz Cultura (MFC) 2023\u201d, para realiza\u00e7\u00e3o de oficinas culturais na capital e entorno. As assinaturas iniciaram dia 14 e encerram na sexta-feira, 25\/8.","robots":{"index":"noindex","follow":"follow"},"og_locale":"pt_BR","og_type":"article","og_title":"Prefeitura realiza assinatura de contratos com os artistas contemplados no edital \u2018Manaus Faz Cultura 2023\u2019","og_description":"A Prefeitura de Manaus, por meio da Funda\u00e7\u00e3o Municipal de Cultura, Turismo e Eventos (Manauscult) e do Conselho Municipal de Cultura (Concultura), realiza a assinatura dos termos de compromisso financeiro para posterior pagamento dos cem projetos contemplados pelo edital \u201cManaus Faz Cultura (MFC) 2023\u201d, para realiza\u00e7\u00e3o de oficinas culturais na capital e entorno. As assinaturas iniciaram dia 14 e encerram na sexta-feira, 25\/8.","og_url":"https:\/\/www.manaus.am.gov.br\/manauscult\/prefeitura-realiza-assinatura-de-contratos-com-os-artistas-contemplados-no-edital-manaus-faz-cultura-2023\/","og_site_name":"MANAUSCULT","article_published_time":"2023-08-23T19:00:42+00:00","article_modified_time":"2023-08-23T19:00:43+00:00","og_image":[{"width":1024,"height":577,"url":"https:\/\/www.manaus.am.gov.br\/manauscult\/wp-content\/uploads\/sites\/11\/2023\/08\/20230822_120312-1024x577.jpg","type":"image\/jpeg"}],"author":"Adriana Costa","twitter_card":"summary_large_image","twitter_misc":{"Written by":"Adriana Costa","Est. reading time":"5 minutos"},"schema":{"@context":"https:\/\/schema.org","@graph":[{"@type":"WebPage","@id":"https:\/\/www.manaus.am.gov.br\/manauscult\/prefeitura-realiza-assinatura-de-contratos-com-os-artistas-contemplados-no-edital-manaus-faz-cultura-2023\/","url":"https:\/\/www.manaus.am.gov.br\/manauscult\/prefeitura-realiza-assinatura-de-contratos-com-os-artistas-contemplados-no-edital-manaus-faz-cultura-2023\/","name":"Prefeitura realiza assinatura de contratos com os artistas contemplados no edital \u2018Manaus Faz Cultura 2023\u2019","isPartOf":{"@id":"https:\/\/www.manaus.am.gov.br\/manauscult\/#website"},"primaryImageOfPage":{"@id":"https:\/\/www.manaus.am.gov.br\/manauscult\/prefeitura-realiza-assinatura-de-contratos-com-os-artistas-contemplados-no-edital-manaus-faz-cultura-2023\/#primaryimage"},"image":{"@id":"https:\/\/www.manaus.am.gov.br\/manauscult\/prefeitura-realiza-assinatura-de-contratos-com-os-artistas-contemplados-no-edital-manaus-faz-cultura-2023\/#primaryimage"},"thumbnailUrl":"https:\/\/www.manaus.am.gov.br\/manauscult\/wp-content\/uploads\/sites\/11\/2023\/08\/20230822_120312.jpg","datePublished":"2023-08-23T19:00:42+00:00","dateModified":"2023-08-23T19:00:43+00:00","author":{"@id":"https:\/\/www.manaus.am.gov.br\/manauscult\/#\/schema\/person\/4e49f4e267757a06ca072ec61b2b9968"},"description":"A Prefeitura de Manaus, por meio da Funda\u00e7\u00e3o Municipal de Cultura, Turismo e Eventos (Manauscult) e do Conselho Municipal de Cultura (Concultura), realiza a assinatura dos termos de compromisso financeiro para posterior pagamento dos cem projetos contemplados pelo edital \u201cManaus Faz Cultura (MFC) 2023\u201d, para realiza\u00e7\u00e3o de oficinas culturais na capital e entorno. As assinaturas iniciaram dia 14 e encerram na sexta-feira, 25\/8.","breadcrumb":{"@id":"https:\/\/www.manaus.am.gov.br\/manauscult\/prefeitura-realiza-assinatura-de-contratos-com-os-artistas-contemplados-no-edital-manaus-faz-cultura-2023\/#breadcrumb"},"inLanguage":"pt-BR","potentialAction":[{"@type":"ReadAction","target":["https:\/\/www.manaus.am.gov.br\/manauscult\/prefeitura-realiza-assinatura-de-contratos-com-os-artistas-contemplados-no-edital-manaus-faz-cultura-2023\/"]}]},{"@type":"ImageObject","inLanguage":"pt-BR","@id":"https:\/\/www.manaus.am.gov.br\/manauscult\/prefeitura-realiza-assinatura-de-contratos-com-os-artistas-contemplados-no-edital-manaus-faz-cultura-2023\/#primaryimage","url":"https:\/\/www.manaus.am.gov.br\/manauscult\/wp-content\/uploads\/sites\/11\/2023\/08\/20230822_120312.jpg","contentUrl":"https:\/\/www.manaus.am.gov.br\/manauscult\/wp-content\/uploads\/sites\/11\/2023\/08\/20230822_120312.jpg","width":4000,"height":2252},{"@type":"BreadcrumbList","@id":"https:\/\/www.manaus.am.gov.br\/manauscult\/prefeitura-realiza-assinatura-de-contratos-com-os-artistas-contemplados-no-edital-manaus-faz-cultura-2023\/#breadcrumb","itemListElement":[{"@type":"ListItem","position":1,"name":"Home","item":"https:\/\/www.manaus.am.gov.br\/manauscult\/"},{"@type":"ListItem","position":2,"name":"Prefeitura realiza assinatura de contratos com os artistas contemplados no edital \u2018Manaus Faz Cultura 2023\u2019"}]},{"@type":"WebSite","@id":"https:\/\/www.manaus.am.gov.br\/manauscult\/#website","url":"https:\/\/www.manaus.am.gov.br\/manauscult\/","name":"MANAUSCULT","description":"Prefeitura de Manaus","potentialAction":[{"@type":"SearchAction","target":{"@type":"EntryPoint","urlTemplate":"https:\/\/www.manaus.am.gov.br\/manauscult\/?s={search_term_string}"},"query-input":"required name=search_term_string"}],"inLanguage":"pt-BR"},{"@type":"Person","@id":"https:\/\/www.manaus.am.gov.br\/manauscult\/#\/schema\/person\/4e49f4e267757a06ca072ec61b2b9968","name":"Adriana Costa","image":{"@type":"ImageObject","inLanguage":"pt-BR","@id":"https:\/\/www.manaus.am.gov.br\/manauscult\/#\/schema\/person\/image\/","url":"https:\/\/secure.gravatar.com\/avatar\/576258617ef7194f718179e766d57bd4?s=96&d=mm&r=g","contentUrl":"https:\/\/secure.gravatar.com\/avatar\/576258617ef7194f718179e766d57bd4?s=96&d=mm&r=g","caption":"Adriana Costa"}}]}},"_links":{"self":[{"href":"https:\/\/www.manaus.am.gov.br\/manauscult\/wp-json\/wp\/v2\/posts\/1200"}],"collection":[{"href":"https:\/\/www.manaus.am.gov.br\/manauscult\/wp-json\/wp\/v2\/posts"}],"about":[{"href":"https:\/\/www.manaus.am.gov.br\/manauscult\/wp-json\/wp\/v2\/types\/post"}],"author":[{"embeddable":true,"href":"https:\/\/www.manaus.am.gov.br\/manauscult\/wp-json\/wp\/v2\/users\/23"}],"replies":[{"embeddable":true,"href":"https:\/\/www.manaus.am.gov.br\/manauscult\/wp-json\/wp\/v2\/comments?post=1200"}],"version-history":[{"count":0,"href":"https:\/\/www.manaus.am.gov.br\/manauscult\/wp-json\/wp\/v2\/posts\/1200\/revisions"}],"wp:featuredmedia":[{"embeddable":true,"href":"https:\/\/www.manaus.am.gov.br\/manauscult\/wp-json\/wp\/v2\/media\/1201"}],"wp:attachment":[{"href":"https:\/\/www.manaus.am.gov.br\/manauscult\/wp-json\/wp\/v2\/media?parent=1200"}],"wp:term":[{"taxonomy":"category","embeddable":true,"href":"https:\/\/www.manaus.am.gov.br\/manauscult\/wp-json\/wp\/v2\/categories?post=1200"},{"taxonomy":"post_tag","embeddable":true,"href":"https:\/\/www.manaus.am.gov.br\/manauscult\/wp-json\/wp\/v2\/tags?post=1200"}],"curies":[{"name":"wp","href":"https:\/\/api.w.org\/{rel}","templated":true}]}}