{"id":1198,"date":"2023-08-22T18:40:15","date_gmt":"2023-08-22T22:40:15","guid":{"rendered":"https:\/\/www.manaus.am.gov.br\/manauscult\/prefeitura-de-manaus-abre-2o-lote-de-inscricao-para-os-palcos-guardiao-da-amazonia-e-amazona\/"},"modified":"2023-08-22T18:40:17","modified_gmt":"2023-08-22T22:40:17","slug":"prefeitura-de-manaus-abre-2o-lote-de-inscricao-para-os-palcos-guardiao-da-amazonia-e-amazona","status":"publish","type":"post","link":"https:\/\/www.manaus.am.gov.br\/manauscult\/prefeitura-de-manaus-abre-2o-lote-de-inscricao-para-os-palcos-guardiao-da-amazonia-e-amazona\/","title":{"rendered":"<strong>Prefeitura de Manaus abre 2\u00ba lote de inscri\u00e7\u00e3o para os palcos Guardi\u00e3o da Amaz\u00f4nia e Amazona<\/strong>"},"content":{"rendered":"\n<p>O segundo lote com 30 mil pulseiras para os dias 5 e 6 de setembro, nos palcos Guardi\u00e3o da Amaz\u00f4nia e Amazona, do festival \u201c#Sou Manaus Passo a Pa\u00e7o 2023\u201d, vai ser aberto nesta quarta-feira, 23\/8, a partir das 19h, conforme divulga a Prefeitura de Manaus, por meio da Funda\u00e7\u00e3o Municipal de Cultura Turismo e Eventos (Manauscult).<\/p>\n\n\n\n<p>O an\u00fancio foi feito pelo diretor-presidente da Manauscult, Osvaldo Cardoso, na tarde desta ter\u00e7a-feira, 22\/8, ao refor\u00e7ar para a popula\u00e7\u00e3o que a inscri\u00e7\u00e3o \u00e9 apenas para dois dos sete palcos do festival.<\/p>\n\n\n\n<p>\u201cAmanh\u00e3, a partir das 19 horas, estaremos abrindo o segundo lote, com 30 mil ingressos para as pessoas que desejam assistir aos shows dos dois palcos na \u00e1rea portu\u00e1ria, o Guardi\u00e3o da Amaz\u00f4nia (plataforma Malcher) e Amazona (ao lado da Alf\u00e2ndega). Vale ressaltar que as pessoas podem escolher entre um quilo de alimento n\u00e3o perec\u00edvel e as garrafas PETs\u201d, destacou.<\/p>\n\n\n\n<p>A popula\u00e7\u00e3o tem acesso a dois links para a inscri\u00e7\u00e3o, no <a href=\"https:\/\/soumanauspassoapaco.com.br\/\">soumanauspassoapaco.com.br<\/a> ou no <a href=\"https:\/\/www.eventos.manaus.br\/\">eventos.manaus.br<\/a>. Outro ponto de destaque \u00e9 quanto \u00e0 impress\u00e3o do documento. \u201c\u00c9 importante que as pessoas imprimam o documento ou apresentem o QRCode para a troca\u201d, completou Cardoso.<\/p>\n\n\n\n<p><strong>Trocas de pulseiras<\/strong><\/p>\n\n\n\n<p>A troca de pulseiras do 1\u00ba lote para o primeiro dia do festival \u201c#SouManaus Passo a Pa\u00e7o 2023\u201d, palcos Guardi\u00e3o da Amaz\u00f4nia, na plataforma Malcher, e Palco Amazona, ao lado da Alf\u00e2ndega, ser\u00e1 nos dias 28 e 29\/8, segunda e ter\u00e7a-feira, em cinco pontos da cidade: supermercados Nova Era nas avenidas Torquato Tapaj\u00f3s, Torres, Grande Circular e Silves, e para as garrafas PETs, na Secretaria Municipal de Limpeza P\u00fablica (Semulsp).<\/p>\n\n\n\n<p>De acordo com Osvaldo Cardoso, a troca por garrafas PETs \u00e9 uma maneira de chamar a aten\u00e7\u00e3o da popula\u00e7\u00e3o para o cuidado, a preserva\u00e7\u00e3o e o pertencimento quanto a sustentabilidade e o meio ambiente.<\/p>\n\n\n\n<p>\u201cNosso festival este ano trabalha tr\u00eas vertentes: Ancestralidade, Sustentabilidade e Inova\u00e7\u00e3o Tecnol\u00f3gica, e dentro desta tem\u00e1tica, temos a quantidade de lixo retirada dos igarap\u00e9s de Manaus, de nossas nascentes, e a maioria s\u00e3o garrafas PETs, por isso, a ideia da troca das pulseiras por pet, para evitarmos que mais garrafas parem em nossos igarap\u00e9s. Queremos chamar a aten\u00e7\u00e3o da popula\u00e7\u00e3o para esse tema, t\u00e3o importante para a vida humana, que \u00e9 o nosso meio ambiente preservado e cuidado\u201d, pontuou.<\/p>\n\n\n\n<p>J\u00e1 a troca por alimentos tem o objetivo de beneficiar fam\u00edlias em situa\u00e7\u00e3o de vulnerabilidade social. A Prefeitura de Manaus far\u00e1 ampla divulga\u00e7\u00e3o da entrega dos alimentos.<\/p>\n\n\n\n<p>&#8212; &#8212; &#8212;<\/p>\n\n\n\n<p><strong>Texto &#8211;<\/strong> Divulga\u00e7\u00e3o \/ Manauscult<\/p>\n\n\n\n<p><strong>Foto &#8211;<\/strong> Arquivo \/ Semcom<\/p>\n","protected":false},"excerpt":{"rendered":"","protected":false},"author":39,"featured_media":1199,"comment_status":"closed","ping_status":"closed","sticky":false,"template":"","format":"standard","meta":{"footnotes":""},"categories":[112],"tags":[168,467,468,9,469,11],"acf":[],"yoast_head":"<!-- This site is optimized with the Yoast SEO plugin v23.0 - https:\/\/yoast.com\/wordpress\/plugins\/seo\/ -->\n<title>Prefeitura de Manaus abre 2\u00ba lote de inscri\u00e7\u00e3o para os palcos Guardi\u00e3o da Amaz\u00f4nia e Amazona<\/title>\n<meta name=\"description\" content=\"O segundo lote com 30 mil pulseiras para os dias 5 e 6 de setembro, nos palcos Guardi\u00e3o da Amaz\u00f4nia e Amazona, do festival \u201c#Sou Manaus Passo a Pa\u00e7o 2023\u201d, vai ser aberto nesta quarta-feira, 23\/8, a partir das 19h, conforme divulga a Prefeitura de Manaus, por meio da Funda\u00e7\u00e3o Municipal de Cultura Turismo e Eventos (Manauscult).\" \/>\n<meta name=\"robots\" content=\"noindex, follow\" \/>\n<meta property=\"og:locale\" content=\"pt_BR\" \/>\n<meta property=\"og:type\" content=\"article\" \/>\n<meta property=\"og:title\" content=\"Prefeitura de Manaus abre 2\u00ba lote de inscri\u00e7\u00e3o para os palcos Guardi\u00e3o da Amaz\u00f4nia e Amazona\" \/>\n<meta property=\"og:description\" content=\"O segundo lote com 30 mil pulseiras para os dias 5 e 6 de setembro, nos palcos Guardi\u00e3o da Amaz\u00f4nia e Amazona, do festival \u201c#Sou Manaus Passo a Pa\u00e7o 2023\u201d, vai ser aberto nesta quarta-feira, 23\/8, a partir das 19h, conforme divulga a Prefeitura de Manaus, por meio da Funda\u00e7\u00e3o Municipal de Cultura Turismo e Eventos (Manauscult).\" \/>\n<meta property=\"og:url\" content=\"https:\/\/www.manaus.am.gov.br\/manauscult\/prefeitura-de-manaus-abre-2o-lote-de-inscricao-para-os-palcos-guardiao-da-amazonia-e-amazona\/\" \/>\n<meta property=\"og:site_name\" content=\"MANAUSCULT\" \/>\n<meta property=\"article:published_time\" content=\"2023-08-22T22:40:15+00:00\" \/>\n<meta property=\"article:modified_time\" content=\"2023-08-22T22:40:17+00:00\" \/>\n<meta property=\"og:image\" content=\"https:\/\/www.manaus.am.gov.br\/manauscult\/wp-content\/uploads\/sites\/11\/2023\/08\/SouManaus.jpeg\" \/>\n\t<meta property=\"og:image:width\" content=\"1600\" \/>\n\t<meta property=\"og:image:height\" content=\"1066\" \/>\n\t<meta property=\"og:image:type\" content=\"image\/jpeg\" \/>\n<meta name=\"author\" content=\"Bruna Greco\" \/>\n<meta name=\"twitter:card\" content=\"summary_large_image\" \/>\n<meta name=\"twitter:label1\" content=\"Written by\" \/>\n\t<meta name=\"twitter:data1\" content=\"Bruna Greco\" \/>\n\t<meta name=\"twitter:label2\" content=\"Est. reading time\" \/>\n\t<meta name=\"twitter:data2\" content=\"3 minutos\" \/>\n<script type=\"application\/ld+json\" class=\"yoast-schema-graph\">{\"@context\":\"https:\/\/schema.org\",\"@graph\":[{\"@type\":\"WebPage\",\"@id\":\"https:\/\/www.manaus.am.gov.br\/manauscult\/prefeitura-de-manaus-abre-2o-lote-de-inscricao-para-os-palcos-guardiao-da-amazonia-e-amazona\/\",\"url\":\"https:\/\/www.manaus.am.gov.br\/manauscult\/prefeitura-de-manaus-abre-2o-lote-de-inscricao-para-os-palcos-guardiao-da-amazonia-e-amazona\/\",\"name\":\"Prefeitura de Manaus abre 2\u00ba lote de inscri\u00e7\u00e3o para os palcos Guardi\u00e3o da Amaz\u00f4nia e Amazona\",\"isPartOf\":{\"@id\":\"https:\/\/www.manaus.am.gov.br\/manauscult\/#website\"},\"primaryImageOfPage\":{\"@id\":\"https:\/\/www.manaus.am.gov.br\/manauscult\/prefeitura-de-manaus-abre-2o-lote-de-inscricao-para-os-palcos-guardiao-da-amazonia-e-amazona\/#primaryimage\"},\"image\":{\"@id\":\"https:\/\/www.manaus.am.gov.br\/manauscult\/prefeitura-de-manaus-abre-2o-lote-de-inscricao-para-os-palcos-guardiao-da-amazonia-e-amazona\/#primaryimage\"},\"thumbnailUrl\":\"https:\/\/www.manaus.am.gov.br\/manauscult\/wp-content\/uploads\/sites\/11\/2023\/08\/SouManaus.jpeg\",\"datePublished\":\"2023-08-22T22:40:15+00:00\",\"dateModified\":\"2023-08-22T22:40:17+00:00\",\"author\":{\"@id\":\"https:\/\/www.manaus.am.gov.br\/manauscult\/#\/schema\/person\/05d223aea2bf115f9883a6ff3683d81b\"},\"description\":\"O segundo lote com 30 mil pulseiras para os dias 5 e 6 de setembro, nos palcos Guardi\u00e3o da Amaz\u00f4nia e Amazona, do festival \u201c#Sou Manaus Passo a Pa\u00e7o 2023\u201d, vai ser aberto nesta quarta-feira, 23\/8, a partir das 19h, conforme divulga a Prefeitura de Manaus, por meio da Funda\u00e7\u00e3o Municipal de Cultura Turismo e Eventos (Manauscult).\",\"breadcrumb\":{\"@id\":\"https:\/\/www.manaus.am.gov.br\/manauscult\/prefeitura-de-manaus-abre-2o-lote-de-inscricao-para-os-palcos-guardiao-da-amazonia-e-amazona\/#breadcrumb\"},\"inLanguage\":\"pt-BR\",\"potentialAction\":[{\"@type\":\"ReadAction\",\"target\":[\"https:\/\/www.manaus.am.gov.br\/manauscult\/prefeitura-de-manaus-abre-2o-lote-de-inscricao-para-os-palcos-guardiao-da-amazonia-e-amazona\/\"]}]},{\"@type\":\"ImageObject\",\"inLanguage\":\"pt-BR\",\"@id\":\"https:\/\/www.manaus.am.gov.br\/manauscult\/prefeitura-de-manaus-abre-2o-lote-de-inscricao-para-os-palcos-guardiao-da-amazonia-e-amazona\/#primaryimage\",\"url\":\"https:\/\/www.manaus.am.gov.br\/manauscult\/wp-content\/uploads\/sites\/11\/2023\/08\/SouManaus.jpeg\",\"contentUrl\":\"https:\/\/www.manaus.am.gov.br\/manauscult\/wp-content\/uploads\/sites\/11\/2023\/08\/SouManaus.jpeg\",\"width\":1600,\"height\":1066},{\"@type\":\"BreadcrumbList\",\"@id\":\"https:\/\/www.manaus.am.gov.br\/manauscult\/prefeitura-de-manaus-abre-2o-lote-de-inscricao-para-os-palcos-guardiao-da-amazonia-e-amazona\/#breadcrumb\",\"itemListElement\":[{\"@type\":\"ListItem\",\"position\":1,\"name\":\"Home\",\"item\":\"https:\/\/www.manaus.am.gov.br\/manauscult\/\"},{\"@type\":\"ListItem\",\"position\":2,\"name\":\"Prefeitura de Manaus abre 2\u00ba lote de inscri\u00e7\u00e3o para os palcos Guardi\u00e3o da Amaz\u00f4nia e Amazona\"}]},{\"@type\":\"WebSite\",\"@id\":\"https:\/\/www.manaus.am.gov.br\/manauscult\/#website\",\"url\":\"https:\/\/www.manaus.am.gov.br\/manauscult\/\",\"name\":\"MANAUSCULT\",\"description\":\"Prefeitura de Manaus\",\"potentialAction\":[{\"@type\":\"SearchAction\",\"target\":{\"@type\":\"EntryPoint\",\"urlTemplate\":\"https:\/\/www.manaus.am.gov.br\/manauscult\/?s={search_term_string}\"},\"query-input\":\"required name=search_term_string\"}],\"inLanguage\":\"pt-BR\"},{\"@type\":\"Person\",\"@id\":\"https:\/\/www.manaus.am.gov.br\/manauscult\/#\/schema\/person\/05d223aea2bf115f9883a6ff3683d81b\",\"name\":\"Bruna Greco\",\"image\":{\"@type\":\"ImageObject\",\"inLanguage\":\"pt-BR\",\"@id\":\"https:\/\/www.manaus.am.gov.br\/manauscult\/#\/schema\/person\/image\/\",\"url\":\"https:\/\/secure.gravatar.com\/avatar\/9c877d1a6adc2a055330e5c09a8653ce?s=96&d=mm&r=g\",\"contentUrl\":\"https:\/\/secure.gravatar.com\/avatar\/9c877d1a6adc2a055330e5c09a8653ce?s=96&d=mm&r=g\",\"caption\":\"Bruna Greco\"}}]}<\/script>\n<!-- \/ Yoast SEO plugin. -->","yoast_head_json":{"title":"Prefeitura de Manaus abre 2\u00ba lote de inscri\u00e7\u00e3o para os palcos Guardi\u00e3o da Amaz\u00f4nia e Amazona","description":"O segundo lote com 30 mil pulseiras para os dias 5 e 6 de setembro, nos palcos Guardi\u00e3o da Amaz\u00f4nia e Amazona, do festival \u201c#Sou Manaus Passo a Pa\u00e7o 2023\u201d, vai ser aberto nesta quarta-feira, 23\/8, a partir das 19h, conforme divulga a Prefeitura de Manaus, por meio da Funda\u00e7\u00e3o Municipal de Cultura Turismo e Eventos (Manauscult).","robots":{"index":"noindex","follow":"follow"},"og_locale":"pt_BR","og_type":"article","og_title":"Prefeitura de Manaus abre 2\u00ba lote de inscri\u00e7\u00e3o para os palcos Guardi\u00e3o da Amaz\u00f4nia e Amazona","og_description":"O segundo lote com 30 mil pulseiras para os dias 5 e 6 de setembro, nos palcos Guardi\u00e3o da Amaz\u00f4nia e Amazona, do festival \u201c#Sou Manaus Passo a Pa\u00e7o 2023\u201d, vai ser aberto nesta quarta-feira, 23\/8, a partir das 19h, conforme divulga a Prefeitura de Manaus, por meio da Funda\u00e7\u00e3o Municipal de Cultura Turismo e Eventos (Manauscult).","og_url":"https:\/\/www.manaus.am.gov.br\/manauscult\/prefeitura-de-manaus-abre-2o-lote-de-inscricao-para-os-palcos-guardiao-da-amazonia-e-amazona\/","og_site_name":"MANAUSCULT","article_published_time":"2023-08-22T22:40:15+00:00","article_modified_time":"2023-08-22T22:40:17+00:00","og_image":[{"width":1600,"height":1066,"url":"https:\/\/www.manaus.am.gov.br\/manauscult\/wp-content\/uploads\/sites\/11\/2023\/08\/SouManaus.jpeg","type":"image\/jpeg"}],"author":"Bruna Greco","twitter_card":"summary_large_image","twitter_misc":{"Written by":"Bruna Greco","Est. reading time":"3 minutos"},"schema":{"@context":"https:\/\/schema.org","@graph":[{"@type":"WebPage","@id":"https:\/\/www.manaus.am.gov.br\/manauscult\/prefeitura-de-manaus-abre-2o-lote-de-inscricao-para-os-palcos-guardiao-da-amazonia-e-amazona\/","url":"https:\/\/www.manaus.am.gov.br\/manauscult\/prefeitura-de-manaus-abre-2o-lote-de-inscricao-para-os-palcos-guardiao-da-amazonia-e-amazona\/","name":"Prefeitura de Manaus abre 2\u00ba lote de inscri\u00e7\u00e3o para os palcos Guardi\u00e3o da Amaz\u00f4nia e Amazona","isPartOf":{"@id":"https:\/\/www.manaus.am.gov.br\/manauscult\/#website"},"primaryImageOfPage":{"@id":"https:\/\/www.manaus.am.gov.br\/manauscult\/prefeitura-de-manaus-abre-2o-lote-de-inscricao-para-os-palcos-guardiao-da-amazonia-e-amazona\/#primaryimage"},"image":{"@id":"https:\/\/www.manaus.am.gov.br\/manauscult\/prefeitura-de-manaus-abre-2o-lote-de-inscricao-para-os-palcos-guardiao-da-amazonia-e-amazona\/#primaryimage"},"thumbnailUrl":"https:\/\/www.manaus.am.gov.br\/manauscult\/wp-content\/uploads\/sites\/11\/2023\/08\/SouManaus.jpeg","datePublished":"2023-08-22T22:40:15+00:00","dateModified":"2023-08-22T22:40:17+00:00","author":{"@id":"https:\/\/www.manaus.am.gov.br\/manauscult\/#\/schema\/person\/05d223aea2bf115f9883a6ff3683d81b"},"description":"O segundo lote com 30 mil pulseiras para os dias 5 e 6 de setembro, nos palcos Guardi\u00e3o da Amaz\u00f4nia e Amazona, do festival \u201c#Sou Manaus Passo a Pa\u00e7o 2023\u201d, vai ser aberto nesta quarta-feira, 23\/8, a partir das 19h, conforme divulga a Prefeitura de Manaus, por meio da Funda\u00e7\u00e3o Municipal de Cultura Turismo e Eventos (Manauscult).","breadcrumb":{"@id":"https:\/\/www.manaus.am.gov.br\/manauscult\/prefeitura-de-manaus-abre-2o-lote-de-inscricao-para-os-palcos-guardiao-da-amazonia-e-amazona\/#breadcrumb"},"inLanguage":"pt-BR","potentialAction":[{"@type":"ReadAction","target":["https:\/\/www.manaus.am.gov.br\/manauscult\/prefeitura-de-manaus-abre-2o-lote-de-inscricao-para-os-palcos-guardiao-da-amazonia-e-amazona\/"]}]},{"@type":"ImageObject","inLanguage":"pt-BR","@id":"https:\/\/www.manaus.am.gov.br\/manauscult\/prefeitura-de-manaus-abre-2o-lote-de-inscricao-para-os-palcos-guardiao-da-amazonia-e-amazona\/#primaryimage","url":"https:\/\/www.manaus.am.gov.br\/manauscult\/wp-content\/uploads\/sites\/11\/2023\/08\/SouManaus.jpeg","contentUrl":"https:\/\/www.manaus.am.gov.br\/manauscult\/wp-content\/uploads\/sites\/11\/2023\/08\/SouManaus.jpeg","width":1600,"height":1066},{"@type":"BreadcrumbList","@id":"https:\/\/www.manaus.am.gov.br\/manauscult\/prefeitura-de-manaus-abre-2o-lote-de-inscricao-para-os-palcos-guardiao-da-amazonia-e-amazona\/#breadcrumb","itemListElement":[{"@type":"ListItem","position":1,"name":"Home","item":"https:\/\/www.manaus.am.gov.br\/manauscult\/"},{"@type":"ListItem","position":2,"name":"Prefeitura de Manaus abre 2\u00ba lote de inscri\u00e7\u00e3o para os palcos Guardi\u00e3o da Amaz\u00f4nia e Amazona"}]},{"@type":"WebSite","@id":"https:\/\/www.manaus.am.gov.br\/manauscult\/#website","url":"https:\/\/www.manaus.am.gov.br\/manauscult\/","name":"MANAUSCULT","description":"Prefeitura de Manaus","potentialAction":[{"@type":"SearchAction","target":{"@type":"EntryPoint","urlTemplate":"https:\/\/www.manaus.am.gov.br\/manauscult\/?s={search_term_string}"},"query-input":"required name=search_term_string"}],"inLanguage":"pt-BR"},{"@type":"Person","@id":"https:\/\/www.manaus.am.gov.br\/manauscult\/#\/schema\/person\/05d223aea2bf115f9883a6ff3683d81b","name":"Bruna Greco","image":{"@type":"ImageObject","inLanguage":"pt-BR","@id":"https:\/\/www.manaus.am.gov.br\/manauscult\/#\/schema\/person\/image\/","url":"https:\/\/secure.gravatar.com\/avatar\/9c877d1a6adc2a055330e5c09a8653ce?s=96&d=mm&r=g","contentUrl":"https:\/\/secure.gravatar.com\/avatar\/9c877d1a6adc2a055330e5c09a8653ce?s=96&d=mm&r=g","caption":"Bruna Greco"}}]}},"_links":{"self":[{"href":"https:\/\/www.manaus.am.gov.br\/manauscult\/wp-json\/wp\/v2\/posts\/1198"}],"collection":[{"href":"https:\/\/www.manaus.am.gov.br\/manauscult\/wp-json\/wp\/v2\/posts"}],"about":[{"href":"https:\/\/www.manaus.am.gov.br\/manauscult\/wp-json\/wp\/v2\/types\/post"}],"author":[{"embeddable":true,"href":"https:\/\/www.manaus.am.gov.br\/manauscult\/wp-json\/wp\/v2\/users\/39"}],"replies":[{"embeddable":true,"href":"https:\/\/www.manaus.am.gov.br\/manauscult\/wp-json\/wp\/v2\/comments?post=1198"}],"version-history":[{"count":0,"href":"https:\/\/www.manaus.am.gov.br\/manauscult\/wp-json\/wp\/v2\/posts\/1198\/revisions"}],"wp:featuredmedia":[{"embeddable":true,"href":"https:\/\/www.manaus.am.gov.br\/manauscult\/wp-json\/wp\/v2\/media\/1199"}],"wp:attachment":[{"href":"https:\/\/www.manaus.am.gov.br\/manauscult\/wp-json\/wp\/v2\/media?parent=1198"}],"wp:term":[{"taxonomy":"category","embeddable":true,"href":"https:\/\/www.manaus.am.gov.br\/manauscult\/wp-json\/wp\/v2\/categories?post=1198"},{"taxonomy":"post_tag","embeddable":true,"href":"https:\/\/www.manaus.am.gov.br\/manauscult\/wp-json\/wp\/v2\/tags?post=1198"}],"curies":[{"name":"wp","href":"https:\/\/api.w.org\/{rel}","templated":true}]}}