{"id":1196,"date":"2023-08-22T10:20:04","date_gmt":"2023-08-22T14:20:04","guid":{"rendered":"https:\/\/www.manaus.am.gov.br\/manauscult\/primeiro-lote-de-30-mil-ingressos-para-o-festival-soumanaus-esgota-em-poucas-horas\/"},"modified":"2023-08-22T10:20:05","modified_gmt":"2023-08-22T14:20:05","slug":"primeiro-lote-de-30-mil-ingressos-para-o-festival-soumanaus-esgota-em-poucas-horas","status":"publish","type":"post","link":"https:\/\/www.manaus.am.gov.br\/manauscult\/primeiro-lote-de-30-mil-ingressos-para-o-festival-soumanaus-esgota-em-poucas-horas\/","title":{"rendered":"<strong>Primeiro lote de 30 mil ingressos para o festival #SouManaus esgota em poucas horas<\/strong>"},"content":{"rendered":"\n<p>O primeiro lote de 30 mil ingressos para o #SouManaus Passo a Pa\u00e7o 2023, liberado pela Prefeitura de Manaus, por meio da Funda\u00e7\u00e3o Municipal de Cultura, Turismo e Eventos (Manauscult), nesta segunda-feira (21), se esgotaram pouco depois de ser disponibilizada a troca por garrafas PETs e alimentos n\u00e3o perec\u00edveis, no site oficial do evento. Nesse primeiro momento, foram liberados 30 mil ingressos, sendo 10 mil, opcionalmente, para a troca por garrafas de polietileno tereftalato (PET), de qualquer tamanho.<\/p>\n\n\n\n<p>Os shows do megaevento acontecer\u00e3o durante tr\u00eas dias de setembro, dos quais, nos dois primeiros dias s\u00e3o necess\u00e1rias pulseiras para acessar os palcos localizados dentro da \u00e1rea portu\u00e1ria e que conta com os headliners: David Guetta (5\/9), L\u00e9o Magalh\u00e3es (5\/9), Z\u00e9 Felipe e Virg\u00ednia (5\/9), Humberto Gessinger (5\/9), Murilo Huff (5\/9), Zeca Pagodinho (6\/9), Marina Sena (6\/9), MC Kevin O Chris (6\/9), Lob\u00e3o (6\/9), Biquini (6\/9).<\/p>\n\n\n\n<p>O diretor-presidente da Manauscult, Osvaldo Cardoso, comenta o sucesso do evento mensurado pelos acessos ao site oficial. \u201cEst\u00e1vamos acompanhando em tempo real os acessos que, nos primeiros minutos do site no ar, ultrapassaram mais de 200 mil cliques por minuto, isso \u00e9 incr\u00edvel. Demonstra que a popula\u00e7\u00e3o est\u00e1 engajada com o evento e o mais importante, topou fazer parte da a\u00e7\u00e3o sustent\u00e1vel proposta pelo nosso prefeito David Almeida: os primeiros 10 mil ingressos liberados mediante a troca por garrafas PETs para o palco onde o David Guetta se apresentar\u00e1, esgotou em pouco mais de quatro horas de acesso\u201d, disse Cardoso.<\/p>\n\n\n\n<p>O dia 7 de setembro ser\u00e1 focado no religioso e infantil. A programa\u00e7\u00e3o conta com os artistas Padre F\u00e1bio de Melo, Padre Duda, C\u00e9lio Costa e o musical Show da Zelda, no palco Amazona; e, no palco Guardi\u00e3o da Amaz\u00f4nia, as atra\u00e7\u00f5es Isadora Pompeu, Israel Salazar e banda Am\u00e9m.<\/p>\n\n\n\n<p>Quem n\u00e3o garantiu as pulseiras no primeiro lote, ainda poder\u00e1 tentar nos pr\u00f3ximos lotes que ser\u00e3o liberados na quarta-feira (23\/8), quinta-feira (24\/8) e sexta-feira (25\/8), at\u00e9 esgotar o total geral de 140 mil pulseiras para os dois palcos principais do festival&nbsp; #SouManaus Passo a Pa\u00e7o 2023, que acontecer\u00e1 nos dias 5, 6 e 7 de setembro, no centro hist\u00f3rico da cidade.<\/p>\n\n\n\n<p>O site do #SouManaus, que passou por instabilidade devido ao volume intenso de acessos simult\u00e2neos e tentativas de ataque cibern\u00e9tico, est\u00e1 em manuten\u00e7\u00e3o. Os cadastros podem ser realizados, tamb\u00e9m, pelo site eventos.manaus.br.<\/p>\n\n\n\n<p>&#8212; &#8212; &#8212;<\/p>\n\n\n\n<p><strong>Texto<\/strong> &#8211; Emanuelle Baires \/ Manauscult<\/p>\n\n\n\n<p><strong>Fotos<\/strong> \u2013 Divulga\u00e7\u00e3o\/Manauscult<\/p>\n","protected":false},"excerpt":{"rendered":"","protected":false},"author":23,"featured_media":1197,"comment_status":"closed","ping_status":"closed","sticky":false,"template":"","format":"standard","meta":{"footnotes":""},"categories":[3],"tags":[462,98,463,464,465,11,466],"acf":[],"yoast_head":"<!-- This site is optimized with the Yoast SEO plugin v23.0 - https:\/\/yoast.com\/wordpress\/plugins\/seo\/ -->\n<title>Primeiro lote de 30 mil ingressos para o festival #SouManaus esgota em poucas horas<\/title>\n<meta name=\"description\" content=\"O primeiro lote de 30 mil ingressos para o #SouManaus Passo a Pa\u00e7o 2023, liberado pela Prefeitura de Manaus, por meio da Funda\u00e7\u00e3o Municipal de Cultura, Turismo e Eventos (Manauscult), nesta segunda-feira (21), se esgotaram pouco depois de ser disponibilizada a troca por garrafas PETs e alimentos n\u00e3o perec\u00edveis, no site oficial do evento. Nesse primeiro momento, foram liberados 30 mil ingressos, sendo 10 mil, opcionalmente, para a troca por garrafas de polietileno tereftalato (PET), de qualquer tamanho.\" \/>\n<meta name=\"robots\" content=\"noindex, follow\" \/>\n<meta property=\"og:locale\" content=\"pt_BR\" \/>\n<meta property=\"og:type\" content=\"article\" \/>\n<meta property=\"og:title\" content=\"Primeiro lote de 30 mil ingressos para o festival #SouManaus esgota em poucas horas\" \/>\n<meta property=\"og:description\" content=\"O primeiro lote de 30 mil ingressos para o #SouManaus Passo a Pa\u00e7o 2023, liberado pela Prefeitura de Manaus, por meio da Funda\u00e7\u00e3o Municipal de Cultura, Turismo e Eventos (Manauscult), nesta segunda-feira (21), se esgotaram pouco depois de ser disponibilizada a troca por garrafas PETs e alimentos n\u00e3o perec\u00edveis, no site oficial do evento. Nesse primeiro momento, foram liberados 30 mil ingressos, sendo 10 mil, opcionalmente, para a troca por garrafas de polietileno tereftalato (PET), de qualquer tamanho.\" \/>\n<meta property=\"og:url\" content=\"https:\/\/www.manaus.am.gov.br\/manauscult\/primeiro-lote-de-30-mil-ingressos-para-o-festival-soumanaus-esgota-em-poucas-horas\/\" \/>\n<meta property=\"og:site_name\" content=\"MANAUSCULT\" \/>\n<meta property=\"article:published_time\" content=\"2023-08-22T14:20:04+00:00\" \/>\n<meta property=\"article:modified_time\" content=\"2023-08-22T14:20:05+00:00\" \/>\n<meta property=\"og:image\" content=\"https:\/\/www.manaus.am.gov.br\/manauscult\/wp-content\/uploads\/sites\/11\/2023\/08\/WhatsApp-Image-2023-08-22-at-09.33.28.jpeg\" \/>\n\t<meta property=\"og:image:width\" content=\"1600\" \/>\n\t<meta property=\"og:image:height\" content=\"901\" \/>\n\t<meta property=\"og:image:type\" content=\"image\/jpeg\" \/>\n<meta name=\"author\" content=\"Adriana Costa\" \/>\n<meta name=\"twitter:card\" content=\"summary_large_image\" \/>\n<meta name=\"twitter:label1\" content=\"Written by\" \/>\n\t<meta name=\"twitter:data1\" content=\"Adriana Costa\" \/>\n\t<meta name=\"twitter:label2\" content=\"Est. reading time\" \/>\n\t<meta name=\"twitter:data2\" content=\"3 minutos\" \/>\n<script type=\"application\/ld+json\" class=\"yoast-schema-graph\">{\"@context\":\"https:\/\/schema.org\",\"@graph\":[{\"@type\":\"WebPage\",\"@id\":\"https:\/\/www.manaus.am.gov.br\/manauscult\/primeiro-lote-de-30-mil-ingressos-para-o-festival-soumanaus-esgota-em-poucas-horas\/\",\"url\":\"https:\/\/www.manaus.am.gov.br\/manauscult\/primeiro-lote-de-30-mil-ingressos-para-o-festival-soumanaus-esgota-em-poucas-horas\/\",\"name\":\"Primeiro lote de 30 mil ingressos para o festival #SouManaus esgota em poucas horas\",\"isPartOf\":{\"@id\":\"https:\/\/www.manaus.am.gov.br\/manauscult\/#website\"},\"primaryImageOfPage\":{\"@id\":\"https:\/\/www.manaus.am.gov.br\/manauscult\/primeiro-lote-de-30-mil-ingressos-para-o-festival-soumanaus-esgota-em-poucas-horas\/#primaryimage\"},\"image\":{\"@id\":\"https:\/\/www.manaus.am.gov.br\/manauscult\/primeiro-lote-de-30-mil-ingressos-para-o-festival-soumanaus-esgota-em-poucas-horas\/#primaryimage\"},\"thumbnailUrl\":\"https:\/\/www.manaus.am.gov.br\/manauscult\/wp-content\/uploads\/sites\/11\/2023\/08\/WhatsApp-Image-2023-08-22-at-09.33.28.jpeg\",\"datePublished\":\"2023-08-22T14:20:04+00:00\",\"dateModified\":\"2023-08-22T14:20:05+00:00\",\"author\":{\"@id\":\"https:\/\/www.manaus.am.gov.br\/manauscult\/#\/schema\/person\/4e49f4e267757a06ca072ec61b2b9968\"},\"description\":\"O primeiro lote de 30 mil ingressos para o #SouManaus Passo a Pa\u00e7o 2023, liberado pela Prefeitura de Manaus, por meio da Funda\u00e7\u00e3o Municipal de Cultura, Turismo e Eventos (Manauscult), nesta segunda-feira (21), se esgotaram pouco depois de ser disponibilizada a troca por garrafas PETs e alimentos n\u00e3o perec\u00edveis, no site oficial do evento. Nesse primeiro momento, foram liberados 30 mil ingressos, sendo 10 mil, opcionalmente, para a troca por garrafas de polietileno tereftalato (PET), de qualquer tamanho.\",\"breadcrumb\":{\"@id\":\"https:\/\/www.manaus.am.gov.br\/manauscult\/primeiro-lote-de-30-mil-ingressos-para-o-festival-soumanaus-esgota-em-poucas-horas\/#breadcrumb\"},\"inLanguage\":\"pt-BR\",\"potentialAction\":[{\"@type\":\"ReadAction\",\"target\":[\"https:\/\/www.manaus.am.gov.br\/manauscult\/primeiro-lote-de-30-mil-ingressos-para-o-festival-soumanaus-esgota-em-poucas-horas\/\"]}]},{\"@type\":\"ImageObject\",\"inLanguage\":\"pt-BR\",\"@id\":\"https:\/\/www.manaus.am.gov.br\/manauscult\/primeiro-lote-de-30-mil-ingressos-para-o-festival-soumanaus-esgota-em-poucas-horas\/#primaryimage\",\"url\":\"https:\/\/www.manaus.am.gov.br\/manauscult\/wp-content\/uploads\/sites\/11\/2023\/08\/WhatsApp-Image-2023-08-22-at-09.33.28.jpeg\",\"contentUrl\":\"https:\/\/www.manaus.am.gov.br\/manauscult\/wp-content\/uploads\/sites\/11\/2023\/08\/WhatsApp-Image-2023-08-22-at-09.33.28.jpeg\",\"width\":1600,\"height\":901},{\"@type\":\"BreadcrumbList\",\"@id\":\"https:\/\/www.manaus.am.gov.br\/manauscult\/primeiro-lote-de-30-mil-ingressos-para-o-festival-soumanaus-esgota-em-poucas-horas\/#breadcrumb\",\"itemListElement\":[{\"@type\":\"ListItem\",\"position\":1,\"name\":\"Home\",\"item\":\"https:\/\/www.manaus.am.gov.br\/manauscult\/\"},{\"@type\":\"ListItem\",\"position\":2,\"name\":\"Primeiro lote de 30 mil ingressos para o festival #SouManaus esgota em poucas horas\"}]},{\"@type\":\"WebSite\",\"@id\":\"https:\/\/www.manaus.am.gov.br\/manauscult\/#website\",\"url\":\"https:\/\/www.manaus.am.gov.br\/manauscult\/\",\"name\":\"MANAUSCULT\",\"description\":\"Prefeitura de Manaus\",\"potentialAction\":[{\"@type\":\"SearchAction\",\"target\":{\"@type\":\"EntryPoint\",\"urlTemplate\":\"https:\/\/www.manaus.am.gov.br\/manauscult\/?s={search_term_string}\"},\"query-input\":\"required name=search_term_string\"}],\"inLanguage\":\"pt-BR\"},{\"@type\":\"Person\",\"@id\":\"https:\/\/www.manaus.am.gov.br\/manauscult\/#\/schema\/person\/4e49f4e267757a06ca072ec61b2b9968\",\"name\":\"Adriana Costa\",\"image\":{\"@type\":\"ImageObject\",\"inLanguage\":\"pt-BR\",\"@id\":\"https:\/\/www.manaus.am.gov.br\/manauscult\/#\/schema\/person\/image\/\",\"url\":\"https:\/\/secure.gravatar.com\/avatar\/576258617ef7194f718179e766d57bd4?s=96&d=mm&r=g\",\"contentUrl\":\"https:\/\/secure.gravatar.com\/avatar\/576258617ef7194f718179e766d57bd4?s=96&d=mm&r=g\",\"caption\":\"Adriana Costa\"}}]}<\/script>\n<!-- \/ Yoast SEO plugin. -->","yoast_head_json":{"title":"Primeiro lote de 30 mil ingressos para o festival #SouManaus esgota em poucas horas","description":"O primeiro lote de 30 mil ingressos para o #SouManaus Passo a Pa\u00e7o 2023, liberado pela Prefeitura de Manaus, por meio da Funda\u00e7\u00e3o Municipal de Cultura, Turismo e Eventos (Manauscult), nesta segunda-feira (21), se esgotaram pouco depois de ser disponibilizada a troca por garrafas PETs e alimentos n\u00e3o perec\u00edveis, no site oficial do evento. Nesse primeiro momento, foram liberados 30 mil ingressos, sendo 10 mil, opcionalmente, para a troca por garrafas de polietileno tereftalato (PET), de qualquer tamanho.","robots":{"index":"noindex","follow":"follow"},"og_locale":"pt_BR","og_type":"article","og_title":"Primeiro lote de 30 mil ingressos para o festival #SouManaus esgota em poucas horas","og_description":"O primeiro lote de 30 mil ingressos para o #SouManaus Passo a Pa\u00e7o 2023, liberado pela Prefeitura de Manaus, por meio da Funda\u00e7\u00e3o Municipal de Cultura, Turismo e Eventos (Manauscult), nesta segunda-feira (21), se esgotaram pouco depois de ser disponibilizada a troca por garrafas PETs e alimentos n\u00e3o perec\u00edveis, no site oficial do evento. Nesse primeiro momento, foram liberados 30 mil ingressos, sendo 10 mil, opcionalmente, para a troca por garrafas de polietileno tereftalato (PET), de qualquer tamanho.","og_url":"https:\/\/www.manaus.am.gov.br\/manauscult\/primeiro-lote-de-30-mil-ingressos-para-o-festival-soumanaus-esgota-em-poucas-horas\/","og_site_name":"MANAUSCULT","article_published_time":"2023-08-22T14:20:04+00:00","article_modified_time":"2023-08-22T14:20:05+00:00","og_image":[{"width":1600,"height":901,"url":"https:\/\/www.manaus.am.gov.br\/manauscult\/wp-content\/uploads\/sites\/11\/2023\/08\/WhatsApp-Image-2023-08-22-at-09.33.28.jpeg","type":"image\/jpeg"}],"author":"Adriana Costa","twitter_card":"summary_large_image","twitter_misc":{"Written by":"Adriana Costa","Est. reading time":"3 minutos"},"schema":{"@context":"https:\/\/schema.org","@graph":[{"@type":"WebPage","@id":"https:\/\/www.manaus.am.gov.br\/manauscult\/primeiro-lote-de-30-mil-ingressos-para-o-festival-soumanaus-esgota-em-poucas-horas\/","url":"https:\/\/www.manaus.am.gov.br\/manauscult\/primeiro-lote-de-30-mil-ingressos-para-o-festival-soumanaus-esgota-em-poucas-horas\/","name":"Primeiro lote de 30 mil ingressos para o festival #SouManaus esgota em poucas horas","isPartOf":{"@id":"https:\/\/www.manaus.am.gov.br\/manauscult\/#website"},"primaryImageOfPage":{"@id":"https:\/\/www.manaus.am.gov.br\/manauscult\/primeiro-lote-de-30-mil-ingressos-para-o-festival-soumanaus-esgota-em-poucas-horas\/#primaryimage"},"image":{"@id":"https:\/\/www.manaus.am.gov.br\/manauscult\/primeiro-lote-de-30-mil-ingressos-para-o-festival-soumanaus-esgota-em-poucas-horas\/#primaryimage"},"thumbnailUrl":"https:\/\/www.manaus.am.gov.br\/manauscult\/wp-content\/uploads\/sites\/11\/2023\/08\/WhatsApp-Image-2023-08-22-at-09.33.28.jpeg","datePublished":"2023-08-22T14:20:04+00:00","dateModified":"2023-08-22T14:20:05+00:00","author":{"@id":"https:\/\/www.manaus.am.gov.br\/manauscult\/#\/schema\/person\/4e49f4e267757a06ca072ec61b2b9968"},"description":"O primeiro lote de 30 mil ingressos para o #SouManaus Passo a Pa\u00e7o 2023, liberado pela Prefeitura de Manaus, por meio da Funda\u00e7\u00e3o Municipal de Cultura, Turismo e Eventos (Manauscult), nesta segunda-feira (21), se esgotaram pouco depois de ser disponibilizada a troca por garrafas PETs e alimentos n\u00e3o perec\u00edveis, no site oficial do evento. Nesse primeiro momento, foram liberados 30 mil ingressos, sendo 10 mil, opcionalmente, para a troca por garrafas de polietileno tereftalato (PET), de qualquer tamanho.","breadcrumb":{"@id":"https:\/\/www.manaus.am.gov.br\/manauscult\/primeiro-lote-de-30-mil-ingressos-para-o-festival-soumanaus-esgota-em-poucas-horas\/#breadcrumb"},"inLanguage":"pt-BR","potentialAction":[{"@type":"ReadAction","target":["https:\/\/www.manaus.am.gov.br\/manauscult\/primeiro-lote-de-30-mil-ingressos-para-o-festival-soumanaus-esgota-em-poucas-horas\/"]}]},{"@type":"ImageObject","inLanguage":"pt-BR","@id":"https:\/\/www.manaus.am.gov.br\/manauscult\/primeiro-lote-de-30-mil-ingressos-para-o-festival-soumanaus-esgota-em-poucas-horas\/#primaryimage","url":"https:\/\/www.manaus.am.gov.br\/manauscult\/wp-content\/uploads\/sites\/11\/2023\/08\/WhatsApp-Image-2023-08-22-at-09.33.28.jpeg","contentUrl":"https:\/\/www.manaus.am.gov.br\/manauscult\/wp-content\/uploads\/sites\/11\/2023\/08\/WhatsApp-Image-2023-08-22-at-09.33.28.jpeg","width":1600,"height":901},{"@type":"BreadcrumbList","@id":"https:\/\/www.manaus.am.gov.br\/manauscult\/primeiro-lote-de-30-mil-ingressos-para-o-festival-soumanaus-esgota-em-poucas-horas\/#breadcrumb","itemListElement":[{"@type":"ListItem","position":1,"name":"Home","item":"https:\/\/www.manaus.am.gov.br\/manauscult\/"},{"@type":"ListItem","position":2,"name":"Primeiro lote de 30 mil ingressos para o festival #SouManaus esgota em poucas horas"}]},{"@type":"WebSite","@id":"https:\/\/www.manaus.am.gov.br\/manauscult\/#website","url":"https:\/\/www.manaus.am.gov.br\/manauscult\/","name":"MANAUSCULT","description":"Prefeitura de Manaus","potentialAction":[{"@type":"SearchAction","target":{"@type":"EntryPoint","urlTemplate":"https:\/\/www.manaus.am.gov.br\/manauscult\/?s={search_term_string}"},"query-input":"required name=search_term_string"}],"inLanguage":"pt-BR"},{"@type":"Person","@id":"https:\/\/www.manaus.am.gov.br\/manauscult\/#\/schema\/person\/4e49f4e267757a06ca072ec61b2b9968","name":"Adriana Costa","image":{"@type":"ImageObject","inLanguage":"pt-BR","@id":"https:\/\/www.manaus.am.gov.br\/manauscult\/#\/schema\/person\/image\/","url":"https:\/\/secure.gravatar.com\/avatar\/576258617ef7194f718179e766d57bd4?s=96&d=mm&r=g","contentUrl":"https:\/\/secure.gravatar.com\/avatar\/576258617ef7194f718179e766d57bd4?s=96&d=mm&r=g","caption":"Adriana Costa"}}]}},"_links":{"self":[{"href":"https:\/\/www.manaus.am.gov.br\/manauscult\/wp-json\/wp\/v2\/posts\/1196"}],"collection":[{"href":"https:\/\/www.manaus.am.gov.br\/manauscult\/wp-json\/wp\/v2\/posts"}],"about":[{"href":"https:\/\/www.manaus.am.gov.br\/manauscult\/wp-json\/wp\/v2\/types\/post"}],"author":[{"embeddable":true,"href":"https:\/\/www.manaus.am.gov.br\/manauscult\/wp-json\/wp\/v2\/users\/23"}],"replies":[{"embeddable":true,"href":"https:\/\/www.manaus.am.gov.br\/manauscult\/wp-json\/wp\/v2\/comments?post=1196"}],"version-history":[{"count":0,"href":"https:\/\/www.manaus.am.gov.br\/manauscult\/wp-json\/wp\/v2\/posts\/1196\/revisions"}],"wp:featuredmedia":[{"embeddable":true,"href":"https:\/\/www.manaus.am.gov.br\/manauscult\/wp-json\/wp\/v2\/media\/1197"}],"wp:attachment":[{"href":"https:\/\/www.manaus.am.gov.br\/manauscult\/wp-json\/wp\/v2\/media?parent=1196"}],"wp:term":[{"taxonomy":"category","embeddable":true,"href":"https:\/\/www.manaus.am.gov.br\/manauscult\/wp-json\/wp\/v2\/categories?post=1196"},{"taxonomy":"post_tag","embeddable":true,"href":"https:\/\/www.manaus.am.gov.br\/manauscult\/wp-json\/wp\/v2\/tags?post=1196"}],"curies":[{"name":"wp","href":"https:\/\/api.w.org\/{rel}","templated":true}]}}