{"id":1192,"date":"2023-08-21T18:05:37","date_gmt":"2023-08-21T22:05:37","guid":{"rendered":"https:\/\/www.manaus.am.gov.br\/manauscult\/resultado-final-dos-editais-de-gastronomia-do-soumanaus-passo-a-paco-2023-e-divulgado-pela-prefeitura\/"},"modified":"2023-08-21T18:05:39","modified_gmt":"2023-08-21T22:05:39","slug":"resultado-final-dos-editais-de-gastronomia-do-soumanaus-passo-a-paco-2023-e-divulgado-pela-prefeitura","status":"publish","type":"post","link":"https:\/\/www.manaus.am.gov.br\/manauscult\/resultado-final-dos-editais-de-gastronomia-do-soumanaus-passo-a-paco-2023-e-divulgado-pela-prefeitura\/","title":{"rendered":"<strong>Resultado final dos editais de gastronomia do \u2018#SouManaus Passo a Pa\u00e7o 2023\u2019 \u00e9 divulgado pela prefeitura<\/strong>"},"content":{"rendered":"\n<p>O resultado com os ganhadores dos editais n\u00ba 008\/2023 e n\u00ba 009\/2023 de gastronomia do \u201c#SouManaus Passo a Pa\u00e7o 2023\u201d \u00e9 divulgado pela Prefeitura de Manaus, por meio da Funda\u00e7\u00e3o de Turismo, Cultura e Eventos (Manauscult). A publica\u00e7\u00e3o consta no Di\u00e1rio Oficial do Munic\u00edpio (DOM), da \u00faltima sexta-feira, 18\/8, edi\u00e7\u00e3o 5.653, p\u00e1ginas 42 e 43.<\/p>\n\n\n\n<p>Para o diretor-presidente da Manauscult, Osvaldo Cardoso, os editais de gastronomia fazem parte do show de artes integradas e contribuem com a economia local.<\/p>\n\n\n\n<p>\u201cCom os editais de gastronomia possibilitamos a venda de comidas no #SouManaus, apoiando o empreendedorismo e assim, aquecemos a economia local, al\u00e9m de divulgarmos nossas comidas t\u00edpicas ao p\u00fablico e principalmente aos visitantes, valorizando, dessa forma, nossa cultura. Isso tudo faz parte do maior festival de artes integradas do Norte\u201d, comentou Cardoso.<\/p>\n\n\n\n<p>O edital de n\u00b0008\/2023, \u201cFestival Gastron\u00f4mico de Manaus \u2013 No Passo do Sabor\u201d, opera\u00e7\u00e3o de vendas de alimentos, ser\u00e1 nos segmentos: Barraca do Chef, Food Truck, Novos Chefes e Futuros Talentos, no entorno da Pra\u00e7a Dom Pedro II e do Pa\u00e7o da Liberdade.<\/p>\n\n\n\n<p>A categoria Futuros Talentos ser\u00e1 destinada \u00e0s universidades e institui\u00e7\u00f5es, que oferecem o curso de gradua\u00e7\u00e3o em gastronomia, visando o est\u00edmulo \u00e0 forma\u00e7\u00e3o acad\u00eamica, o incentivo \u00e0 pesquisa e a profissionaliza\u00e7\u00e3o do mercado de trabalho. Cada institui\u00e7\u00e3o ser\u00e1 convidada pela Manauscult para operar uma barraca objetivando a venda de alimentos elaborados pelos alunos.<\/p>\n\n\n\n<p>J\u00e1 o edital de n\u00b0009\/2023, \u201cPra\u00e7a de Alimenta\u00e7\u00e3o da Gastronomia Criativa\u201d, vai ser para a opera\u00e7\u00e3o de vendas de Food Bike e Carrinhos Ambulantes.<\/p>\n\n\n\n<p>Todos os pratos de comida, salgados e doces comercializados na feira gastron\u00f4mica dever\u00e3o ser no valor m\u00ednimo de R$ 5 e no m\u00e1ximo de R$ 28. \u00c9 obrigat\u00f3rio a elabora\u00e7\u00e3o de um card\u00e1pio especial, de pelo menos um prato, para o p\u00fablico infantojuvenil.<\/p>\n\n\n\n<p>&#8212; &#8212; &#8212;<\/p>\n\n\n\n<p><strong>Texto \u2013 <\/strong>Divulga\u00e7\u00e3o \/ Manauscult<\/p>\n\n\n\n<p><strong>Foto \u2013 <\/strong>Arquivo \/ Semcom<\/p>\n","protected":false},"excerpt":{"rendered":"","protected":false},"author":39,"featured_media":1193,"comment_status":"closed","ping_status":"closed","sticky":false,"template":"","format":"standard","meta":{"footnotes":""},"categories":[82],"tags":[398,399,168,456,457,458,9,459,11],"acf":[],"yoast_head":"<!-- This site is optimized with the Yoast SEO plugin v23.0 - https:\/\/yoast.com\/wordpress\/plugins\/seo\/ -->\n<title>Resultado final dos editais de gastronomia do \u2018#SouManaus Passo a Pa\u00e7o 2023\u2019 \u00e9 divulgado pela prefeitura<\/title>\n<meta name=\"description\" content=\"O resultado com os ganhadores dos editais n\u00ba 008\/2023 e n\u00ba 009\/2023 de gastronomia do \u201c#SouManaus Passo a Pa\u00e7o 2023\u201d \u00e9 divulgado pela Prefeitura de Manaus, por meio da Funda\u00e7\u00e3o de Turismo, Cultura e Eventos (Manauscult). A publica\u00e7\u00e3o consta no Di\u00e1rio Oficial do Munic\u00edpio (DOM), da \u00faltima sexta-feira, 18\/8, edi\u00e7\u00e3o 5.653, p\u00e1ginas 42 e 43.\" \/>\n<meta name=\"robots\" content=\"noindex, follow\" \/>\n<meta property=\"og:locale\" content=\"pt_BR\" \/>\n<meta property=\"og:type\" content=\"article\" \/>\n<meta property=\"og:title\" content=\"Resultado final dos editais de gastronomia do \u2018#SouManaus Passo a Pa\u00e7o 2023\u2019 \u00e9 divulgado pela prefeitura\" \/>\n<meta property=\"og:description\" content=\"O resultado com os ganhadores dos editais n\u00ba 008\/2023 e n\u00ba 009\/2023 de gastronomia do \u201c#SouManaus Passo a Pa\u00e7o 2023\u201d \u00e9 divulgado pela Prefeitura de Manaus, por meio da Funda\u00e7\u00e3o de Turismo, Cultura e Eventos (Manauscult). A publica\u00e7\u00e3o consta no Di\u00e1rio Oficial do Munic\u00edpio (DOM), da \u00faltima sexta-feira, 18\/8, edi\u00e7\u00e3o 5.653, p\u00e1ginas 42 e 43.\" \/>\n<meta property=\"og:url\" content=\"https:\/\/www.manaus.am.gov.br\/manauscult\/resultado-final-dos-editais-de-gastronomia-do-soumanaus-passo-a-paco-2023-e-divulgado-pela-prefeitura\/\" \/>\n<meta property=\"og:site_name\" content=\"MANAUSCULT\" \/>\n<meta property=\"article:published_time\" content=\"2023-08-21T22:05:37+00:00\" \/>\n<meta property=\"article:modified_time\" content=\"2023-08-21T22:05:39+00:00\" \/>\n<meta property=\"og:image\" content=\"https:\/\/www.manaus.am.gov.br\/manauscult\/wp-content\/uploads\/sites\/11\/2023\/08\/Feira-gastronomica-no-SouManaus.jpg\" \/>\n\t<meta property=\"og:image:width\" content=\"2048\" \/>\n\t<meta property=\"og:image:height\" content=\"1365\" \/>\n\t<meta property=\"og:image:type\" content=\"image\/jpeg\" \/>\n<meta name=\"author\" content=\"Bruna Greco\" \/>\n<meta name=\"twitter:card\" content=\"summary_large_image\" \/>\n<meta name=\"twitter:label1\" content=\"Written by\" \/>\n\t<meta name=\"twitter:data1\" content=\"Bruna Greco\" \/>\n\t<meta name=\"twitter:label2\" content=\"Est. reading time\" \/>\n\t<meta name=\"twitter:data2\" content=\"2 minutos\" \/>\n<script type=\"application\/ld+json\" class=\"yoast-schema-graph\">{\"@context\":\"https:\/\/schema.org\",\"@graph\":[{\"@type\":\"WebPage\",\"@id\":\"https:\/\/www.manaus.am.gov.br\/manauscult\/resultado-final-dos-editais-de-gastronomia-do-soumanaus-passo-a-paco-2023-e-divulgado-pela-prefeitura\/\",\"url\":\"https:\/\/www.manaus.am.gov.br\/manauscult\/resultado-final-dos-editais-de-gastronomia-do-soumanaus-passo-a-paco-2023-e-divulgado-pela-prefeitura\/\",\"name\":\"Resultado final dos editais de gastronomia do \u2018#SouManaus Passo a Pa\u00e7o 2023\u2019 \u00e9 divulgado pela prefeitura\",\"isPartOf\":{\"@id\":\"https:\/\/www.manaus.am.gov.br\/manauscult\/#website\"},\"primaryImageOfPage\":{\"@id\":\"https:\/\/www.manaus.am.gov.br\/manauscult\/resultado-final-dos-editais-de-gastronomia-do-soumanaus-passo-a-paco-2023-e-divulgado-pela-prefeitura\/#primaryimage\"},\"image\":{\"@id\":\"https:\/\/www.manaus.am.gov.br\/manauscult\/resultado-final-dos-editais-de-gastronomia-do-soumanaus-passo-a-paco-2023-e-divulgado-pela-prefeitura\/#primaryimage\"},\"thumbnailUrl\":\"https:\/\/www.manaus.am.gov.br\/manauscult\/wp-content\/uploads\/sites\/11\/2023\/08\/Feira-gastronomica-no-SouManaus.jpg\",\"datePublished\":\"2023-08-21T22:05:37+00:00\",\"dateModified\":\"2023-08-21T22:05:39+00:00\",\"author\":{\"@id\":\"https:\/\/www.manaus.am.gov.br\/manauscult\/#\/schema\/person\/05d223aea2bf115f9883a6ff3683d81b\"},\"description\":\"O resultado com os ganhadores dos editais n\u00ba 008\/2023 e n\u00ba 009\/2023 de gastronomia do \u201c#SouManaus Passo a Pa\u00e7o 2023\u201d \u00e9 divulgado pela Prefeitura de Manaus, por meio da Funda\u00e7\u00e3o de Turismo, Cultura e Eventos (Manauscult). A publica\u00e7\u00e3o consta no Di\u00e1rio Oficial do Munic\u00edpio (DOM), da \u00faltima sexta-feira, 18\/8, edi\u00e7\u00e3o 5.653, p\u00e1ginas 42 e 43.\",\"breadcrumb\":{\"@id\":\"https:\/\/www.manaus.am.gov.br\/manauscult\/resultado-final-dos-editais-de-gastronomia-do-soumanaus-passo-a-paco-2023-e-divulgado-pela-prefeitura\/#breadcrumb\"},\"inLanguage\":\"pt-BR\",\"potentialAction\":[{\"@type\":\"ReadAction\",\"target\":[\"https:\/\/www.manaus.am.gov.br\/manauscult\/resultado-final-dos-editais-de-gastronomia-do-soumanaus-passo-a-paco-2023-e-divulgado-pela-prefeitura\/\"]}]},{\"@type\":\"ImageObject\",\"inLanguage\":\"pt-BR\",\"@id\":\"https:\/\/www.manaus.am.gov.br\/manauscult\/resultado-final-dos-editais-de-gastronomia-do-soumanaus-passo-a-paco-2023-e-divulgado-pela-prefeitura\/#primaryimage\",\"url\":\"https:\/\/www.manaus.am.gov.br\/manauscult\/wp-content\/uploads\/sites\/11\/2023\/08\/Feira-gastronomica-no-SouManaus.jpg\",\"contentUrl\":\"https:\/\/www.manaus.am.gov.br\/manauscult\/wp-content\/uploads\/sites\/11\/2023\/08\/Feira-gastronomica-no-SouManaus.jpg\",\"width\":2048,\"height\":1365},{\"@type\":\"BreadcrumbList\",\"@id\":\"https:\/\/www.manaus.am.gov.br\/manauscult\/resultado-final-dos-editais-de-gastronomia-do-soumanaus-passo-a-paco-2023-e-divulgado-pela-prefeitura\/#breadcrumb\",\"itemListElement\":[{\"@type\":\"ListItem\",\"position\":1,\"name\":\"Home\",\"item\":\"https:\/\/www.manaus.am.gov.br\/manauscult\/\"},{\"@type\":\"ListItem\",\"position\":2,\"name\":\"Resultado final dos editais de gastronomia do \u2018#SouManaus Passo a Pa\u00e7o 2023\u2019 \u00e9 divulgado pela prefeitura\"}]},{\"@type\":\"WebSite\",\"@id\":\"https:\/\/www.manaus.am.gov.br\/manauscult\/#website\",\"url\":\"https:\/\/www.manaus.am.gov.br\/manauscult\/\",\"name\":\"MANAUSCULT\",\"description\":\"Prefeitura de Manaus\",\"potentialAction\":[{\"@type\":\"SearchAction\",\"target\":{\"@type\":\"EntryPoint\",\"urlTemplate\":\"https:\/\/www.manaus.am.gov.br\/manauscult\/?s={search_term_string}\"},\"query-input\":\"required name=search_term_string\"}],\"inLanguage\":\"pt-BR\"},{\"@type\":\"Person\",\"@id\":\"https:\/\/www.manaus.am.gov.br\/manauscult\/#\/schema\/person\/05d223aea2bf115f9883a6ff3683d81b\",\"name\":\"Bruna Greco\",\"image\":{\"@type\":\"ImageObject\",\"inLanguage\":\"pt-BR\",\"@id\":\"https:\/\/www.manaus.am.gov.br\/manauscult\/#\/schema\/person\/image\/\",\"url\":\"https:\/\/secure.gravatar.com\/avatar\/9c877d1a6adc2a055330e5c09a8653ce?s=96&d=mm&r=g\",\"contentUrl\":\"https:\/\/secure.gravatar.com\/avatar\/9c877d1a6adc2a055330e5c09a8653ce?s=96&d=mm&r=g\",\"caption\":\"Bruna Greco\"}}]}<\/script>\n<!-- \/ Yoast SEO plugin. -->","yoast_head_json":{"title":"Resultado final dos editais de gastronomia do \u2018#SouManaus Passo a Pa\u00e7o 2023\u2019 \u00e9 divulgado pela prefeitura","description":"O resultado com os ganhadores dos editais n\u00ba 008\/2023 e n\u00ba 009\/2023 de gastronomia do \u201c#SouManaus Passo a Pa\u00e7o 2023\u201d \u00e9 divulgado pela Prefeitura de Manaus, por meio da Funda\u00e7\u00e3o de Turismo, Cultura e Eventos (Manauscult). A publica\u00e7\u00e3o consta no Di\u00e1rio Oficial do Munic\u00edpio (DOM), da \u00faltima sexta-feira, 18\/8, edi\u00e7\u00e3o 5.653, p\u00e1ginas 42 e 43.","robots":{"index":"noindex","follow":"follow"},"og_locale":"pt_BR","og_type":"article","og_title":"Resultado final dos editais de gastronomia do \u2018#SouManaus Passo a Pa\u00e7o 2023\u2019 \u00e9 divulgado pela prefeitura","og_description":"O resultado com os ganhadores dos editais n\u00ba 008\/2023 e n\u00ba 009\/2023 de gastronomia do \u201c#SouManaus Passo a Pa\u00e7o 2023\u201d \u00e9 divulgado pela Prefeitura de Manaus, por meio da Funda\u00e7\u00e3o de Turismo, Cultura e Eventos (Manauscult). A publica\u00e7\u00e3o consta no Di\u00e1rio Oficial do Munic\u00edpio (DOM), da \u00faltima sexta-feira, 18\/8, edi\u00e7\u00e3o 5.653, p\u00e1ginas 42 e 43.","og_url":"https:\/\/www.manaus.am.gov.br\/manauscult\/resultado-final-dos-editais-de-gastronomia-do-soumanaus-passo-a-paco-2023-e-divulgado-pela-prefeitura\/","og_site_name":"MANAUSCULT","article_published_time":"2023-08-21T22:05:37+00:00","article_modified_time":"2023-08-21T22:05:39+00:00","og_image":[{"width":2048,"height":1365,"url":"https:\/\/www.manaus.am.gov.br\/manauscult\/wp-content\/uploads\/sites\/11\/2023\/08\/Feira-gastronomica-no-SouManaus.jpg","type":"image\/jpeg"}],"author":"Bruna Greco","twitter_card":"summary_large_image","twitter_misc":{"Written by":"Bruna Greco","Est. reading time":"2 minutos"},"schema":{"@context":"https:\/\/schema.org","@graph":[{"@type":"WebPage","@id":"https:\/\/www.manaus.am.gov.br\/manauscult\/resultado-final-dos-editais-de-gastronomia-do-soumanaus-passo-a-paco-2023-e-divulgado-pela-prefeitura\/","url":"https:\/\/www.manaus.am.gov.br\/manauscult\/resultado-final-dos-editais-de-gastronomia-do-soumanaus-passo-a-paco-2023-e-divulgado-pela-prefeitura\/","name":"Resultado final dos editais de gastronomia do \u2018#SouManaus Passo a Pa\u00e7o 2023\u2019 \u00e9 divulgado pela prefeitura","isPartOf":{"@id":"https:\/\/www.manaus.am.gov.br\/manauscult\/#website"},"primaryImageOfPage":{"@id":"https:\/\/www.manaus.am.gov.br\/manauscult\/resultado-final-dos-editais-de-gastronomia-do-soumanaus-passo-a-paco-2023-e-divulgado-pela-prefeitura\/#primaryimage"},"image":{"@id":"https:\/\/www.manaus.am.gov.br\/manauscult\/resultado-final-dos-editais-de-gastronomia-do-soumanaus-passo-a-paco-2023-e-divulgado-pela-prefeitura\/#primaryimage"},"thumbnailUrl":"https:\/\/www.manaus.am.gov.br\/manauscult\/wp-content\/uploads\/sites\/11\/2023\/08\/Feira-gastronomica-no-SouManaus.jpg","datePublished":"2023-08-21T22:05:37+00:00","dateModified":"2023-08-21T22:05:39+00:00","author":{"@id":"https:\/\/www.manaus.am.gov.br\/manauscult\/#\/schema\/person\/05d223aea2bf115f9883a6ff3683d81b"},"description":"O resultado com os ganhadores dos editais n\u00ba 008\/2023 e n\u00ba 009\/2023 de gastronomia do \u201c#SouManaus Passo a Pa\u00e7o 2023\u201d \u00e9 divulgado pela Prefeitura de Manaus, por meio da Funda\u00e7\u00e3o de Turismo, Cultura e Eventos (Manauscult). A publica\u00e7\u00e3o consta no Di\u00e1rio Oficial do Munic\u00edpio (DOM), da \u00faltima sexta-feira, 18\/8, edi\u00e7\u00e3o 5.653, p\u00e1ginas 42 e 43.","breadcrumb":{"@id":"https:\/\/www.manaus.am.gov.br\/manauscult\/resultado-final-dos-editais-de-gastronomia-do-soumanaus-passo-a-paco-2023-e-divulgado-pela-prefeitura\/#breadcrumb"},"inLanguage":"pt-BR","potentialAction":[{"@type":"ReadAction","target":["https:\/\/www.manaus.am.gov.br\/manauscult\/resultado-final-dos-editais-de-gastronomia-do-soumanaus-passo-a-paco-2023-e-divulgado-pela-prefeitura\/"]}]},{"@type":"ImageObject","inLanguage":"pt-BR","@id":"https:\/\/www.manaus.am.gov.br\/manauscult\/resultado-final-dos-editais-de-gastronomia-do-soumanaus-passo-a-paco-2023-e-divulgado-pela-prefeitura\/#primaryimage","url":"https:\/\/www.manaus.am.gov.br\/manauscult\/wp-content\/uploads\/sites\/11\/2023\/08\/Feira-gastronomica-no-SouManaus.jpg","contentUrl":"https:\/\/www.manaus.am.gov.br\/manauscult\/wp-content\/uploads\/sites\/11\/2023\/08\/Feira-gastronomica-no-SouManaus.jpg","width":2048,"height":1365},{"@type":"BreadcrumbList","@id":"https:\/\/www.manaus.am.gov.br\/manauscult\/resultado-final-dos-editais-de-gastronomia-do-soumanaus-passo-a-paco-2023-e-divulgado-pela-prefeitura\/#breadcrumb","itemListElement":[{"@type":"ListItem","position":1,"name":"Home","item":"https:\/\/www.manaus.am.gov.br\/manauscult\/"},{"@type":"ListItem","position":2,"name":"Resultado final dos editais de gastronomia do \u2018#SouManaus Passo a Pa\u00e7o 2023\u2019 \u00e9 divulgado pela prefeitura"}]},{"@type":"WebSite","@id":"https:\/\/www.manaus.am.gov.br\/manauscult\/#website","url":"https:\/\/www.manaus.am.gov.br\/manauscult\/","name":"MANAUSCULT","description":"Prefeitura de Manaus","potentialAction":[{"@type":"SearchAction","target":{"@type":"EntryPoint","urlTemplate":"https:\/\/www.manaus.am.gov.br\/manauscult\/?s={search_term_string}"},"query-input":"required name=search_term_string"}],"inLanguage":"pt-BR"},{"@type":"Person","@id":"https:\/\/www.manaus.am.gov.br\/manauscult\/#\/schema\/person\/05d223aea2bf115f9883a6ff3683d81b","name":"Bruna Greco","image":{"@type":"ImageObject","inLanguage":"pt-BR","@id":"https:\/\/www.manaus.am.gov.br\/manauscult\/#\/schema\/person\/image\/","url":"https:\/\/secure.gravatar.com\/avatar\/9c877d1a6adc2a055330e5c09a8653ce?s=96&d=mm&r=g","contentUrl":"https:\/\/secure.gravatar.com\/avatar\/9c877d1a6adc2a055330e5c09a8653ce?s=96&d=mm&r=g","caption":"Bruna Greco"}}]}},"_links":{"self":[{"href":"https:\/\/www.manaus.am.gov.br\/manauscult\/wp-json\/wp\/v2\/posts\/1192"}],"collection":[{"href":"https:\/\/www.manaus.am.gov.br\/manauscult\/wp-json\/wp\/v2\/posts"}],"about":[{"href":"https:\/\/www.manaus.am.gov.br\/manauscult\/wp-json\/wp\/v2\/types\/post"}],"author":[{"embeddable":true,"href":"https:\/\/www.manaus.am.gov.br\/manauscult\/wp-json\/wp\/v2\/users\/39"}],"replies":[{"embeddable":true,"href":"https:\/\/www.manaus.am.gov.br\/manauscult\/wp-json\/wp\/v2\/comments?post=1192"}],"version-history":[{"count":0,"href":"https:\/\/www.manaus.am.gov.br\/manauscult\/wp-json\/wp\/v2\/posts\/1192\/revisions"}],"wp:featuredmedia":[{"embeddable":true,"href":"https:\/\/www.manaus.am.gov.br\/manauscult\/wp-json\/wp\/v2\/media\/1193"}],"wp:attachment":[{"href":"https:\/\/www.manaus.am.gov.br\/manauscult\/wp-json\/wp\/v2\/media?parent=1192"}],"wp:term":[{"taxonomy":"category","embeddable":true,"href":"https:\/\/www.manaus.am.gov.br\/manauscult\/wp-json\/wp\/v2\/categories?post=1192"},{"taxonomy":"post_tag","embeddable":true,"href":"https:\/\/www.manaus.am.gov.br\/manauscult\/wp-json\/wp\/v2\/tags?post=1192"}],"curies":[{"name":"wp","href":"https:\/\/api.w.org\/{rel}","templated":true}]}}