{"id":1184,"date":"2023-08-21T08:23:39","date_gmt":"2023-08-21T12:23:39","guid":{"rendered":"https:\/\/www.manaus.am.gov.br\/manauscult\/soumanaus-2023-um-festival-de-artes-integradas-com-programacao-para-todos-os-publicos\/"},"modified":"2023-08-21T08:24:35","modified_gmt":"2023-08-21T12:24:35","slug":"soumanaus-2023-um-festival-de-artes-integradas-com-programacao-para-todos-os-publicos","status":"publish","type":"post","link":"https:\/\/www.manaus.am.gov.br\/manauscult\/soumanaus-2023-um-festival-de-artes-integradas-com-programacao-para-todos-os-publicos\/","title":{"rendered":"<strong>#SouManaus 2023: um festival de artes integradas com programa\u00e7\u00e3o para todos os p\u00fablicos<\/strong>"},"content":{"rendered":"\n<p>O #SouManaus Passo a Pa\u00e7o 2023, realizado pela Prefeitura de Manaus, por meio da Funda\u00e7\u00e3o Municipal de Cultura, Turismo e Eventos (Manauscult), \u00e9 um megaevento tur\u00edstico-cultural, que integra o calend\u00e1rio oficial da cidade de Manaus e que, de acordo com a Lei 2.526, de 23 de outubro de 2019, deve ser realizado, anualmente, na primeira quinzena do m\u00eas de setembro. Este ano, o evento, que chega \u00e0 sua oitava edi\u00e7\u00e3o, acontecer\u00e1 nos dias 5, 6 e 7 de setembro, no entorno do Pa\u00e7o Municipal, no centro hist\u00f3rico.<\/p>\n\n\n\n<p>O festival #SouManaus Passo a Pa\u00e7o 2023 \u00e9 uma das a\u00e7\u00f5es que integram o planejamento estrat\u00e9gico da Prefeitura de Manaus que, juntamente com outros grandes eventos como o Carnaval de Rua, Festival Folcl\u00f3rico, Boi Manaus, Manaus Adventure, Natal das \u00c1guas e R\u00e9veillon, visam o desenvolvimento de a\u00e7\u00f5es promocionais do destino Manaus, baseadas no trin\u00f4mio \u201ctarifas a\u00e9reas diferenciadas + lazer e divers\u00e3o + pacotes tur\u00edsticos\u201d. Os megaeventos s\u00e3o apresentados pela Manauscult em feiras de turismo tanto no Brasil quanto no exterior.<\/p>\n\n\n\n<p>Para o diretor-presidente da Manauscult, Osvaldo Cardoso, o #SouManaus Passo a Pa\u00e7o 2023 e os demais eventos do Calend\u00e1rio Oficial da Cidade s\u00e3o uma inje\u00e7\u00e3o na economia local, que estimula o giro econ\u00f4mico com gera\u00e7\u00e3o de postos de trabalho e movimenta\u00e7\u00e3o em toda a cadeia produtiva da cidade e de servi\u00e7os, al\u00e9m de, tamb\u00e9m, impulsionar o&nbsp;<em>trade<\/em>&nbsp;tur\u00edstico, especificamente os segmentos bares e restaurantes, transporte de passageiros, hotelaria e hospedagem, que juntos, responderam por mais de 80% de toda a receita gerada no mesmo per\u00edodo do ano passado.<\/p>\n\n\n\n<p>\u201cQueremos fortalecer o destino Manaus em toda a Am\u00e9rica Latina e elevar a qualidade das experi\u00eancias buscadas pelos turistas que v\u00eam \u00e0 cidade, como determina o prefeito David Almeida. Para isso, intensificamos as a\u00e7\u00f5es de divulga\u00e7\u00e3o dos nossos atrativos tur\u00edsticos e nosso calend\u00e1rio de eventos em feiras do segmento e, ainda, realizamos v\u00e1rias oficinas de qualifica\u00e7\u00e3o da m\u00e3o de obra tur\u00edstica. Outro ponto que merece destaque \u00e9 a inje\u00e7\u00e3o na economia, que significa aumento no volume financeiro da arrecada\u00e7\u00e3o de tributos como, por exemplo, o recolhimento do Imposto Sobre Servi\u00e7os de Qualquer Natureza (ISS)\u201d, pontua Cardoso.<\/p>\n\n\n\n<p>Em 2022, o evento reuniu mais de 380 mil pessoas, que circularam no entorno da pra\u00e7a Dom Pedro II, do Casar\u00e3o da Inova\u00e7\u00e3o Cassina, do Museu de Manaus e do porto de Manaus, locais que integram o s\u00edtio hist\u00f3rico da cidade, de acordo com o artigo 235, par\u00e1grafo 2\u00ba, da Lei Org\u00e2nica do Munic\u00edpio de Manaus. De acordo com Osvaldo Cardoso, o fluxo intenso de pessoas no local trouxe um alerta importante para o planejamento desta edi\u00e7\u00e3o, que conta com o apoio de secretarias municipais e estaduais que integram a matriz de responsabilidade do festival.<\/p>\n\n\n\n<p>\u201cPor conta da pandemia de Covid-19, a realiza\u00e7\u00e3o do evento ficou suspensa por dois anos. Com o arrefecimento da pandemia do coronav\u00edrus, o prefeito David Almeida autorizou a retomada dos megaeventos no ano passado, e com eles, a gest\u00e3o municipal intensificou as estrat\u00e9gias de promo\u00e7\u00e3o da cidade como destino tur\u00edstico e o resultado foi o excesso de sucesso: a popula\u00e7\u00e3o compareceu em peso a ponto de superlotar algumas \u00e1reas, da\u00ed a decis\u00e3o do controle de acesso aos dois palcos localizados dentro do porto de Manaus\u201d, explica o diretor-presidente da Manauscult, Osvaldo Cardoso.<\/p>\n\n\n\n<p>O festival conta com sete palcos, pra\u00e7a de alimenta\u00e7\u00e3o, feira de artesanato, espa\u00e7o infantil \u201cPassinho\u201d, espa\u00e7o moda, espa\u00e7o&nbsp;<em>gamer<\/em>, espa\u00e7o radical equipado com pista de skate, tirolesa, roda-gigante, al\u00e9m dos equipamentos culturais do entorno que estar\u00e3o abertos para visita\u00e7\u00e3o.&nbsp;Os portais de acesso ao evento&nbsp;ser\u00e3o liberados a partir das 16h, mas os shows come\u00e7am \u00e0s 17h e tem previs\u00e3o de encerramento \u00e0 1h da manh\u00e3 em todos os tr\u00eas dias de evento.<\/p>\n\n\n\n<p>Com mais de cem horas de programa\u00e7\u00e3o distribu\u00eddas em dez \u00e1reas de ocupa\u00e7\u00e3o, o #SouManaus2023 contar\u00e1 com&nbsp;<em>headliners<\/em>, como L\u00e9o Magalh\u00e3es, Z\u00e9 Felipe e Virg\u00ednia, Humberto Gessinger, Murilo Huff, Zeca Pagodinho, Marina Sena, MC Kevin O Chris, Lob\u00e3o, Biqu\u00edni, o DJ Internacional, David Guetta, e o musical infantil \u201cShow da Zelda\u201d.<\/p>\n\n\n\n<p>O festival ter\u00e1 como \u00e2ncora o palco \u201cGuardi\u00e3o da Amaz\u00f4nia\u201d, localizado na Plataforma Malcher, do porto de Manaus. O local, com vista para as margens do rio Negro tem capacidade com seguran\u00e7a para um p\u00fablico fixo de at\u00e9 60 mil pessoas. O segundo maior palco, localizado ao lado da Alf\u00e2ndega, tamb\u00e9m dentro do porto, comporta a concentra\u00e7\u00e3o fixa de at\u00e9 20 mil pessoas.<\/p>\n\n\n\n<p><strong>A\u00e7\u00e3o preventiva<\/strong><\/p>\n\n\n\n<p>Para evitar superlota\u00e7\u00e3o e garantir a seguran\u00e7a de todos, o colegiado do Centro de Coopera\u00e7\u00e3o da Cidade (CCC), composto por um representante de cada \u00f3rg\u00e3o de controle, seguran\u00e7a e servi\u00e7os, decidiu que a circula\u00e7\u00e3o de pessoas nesses dois pontos ser\u00e3o controladas mediante apresenta\u00e7\u00e3o de pulseiras, que dever\u00e3o ser solicitadas, previamente, no portal oficial do evento:&nbsp;<a href=\"http:\/\/soumanauspassoapaco.com.br\/\" target=\"_blank\" rel=\"noreferrer noopener\">soumanauspassoapaco.com.br<\/a>.<\/p>\n\n\n\n<p>O in\u00edcio do pr\u00e9-cadastro virtual ser\u00e1 liberado nesta segunda-feira, &nbsp;21\/8, a partir das 19h, inicialmente, limitado a um lote de 30 mil pulseiras destinadas ao acesso aos dois palcos localizados dentro da \u00e1rea portu\u00e1ria de Manaus. As pulseiras t\u00eam c\u00f3digos bin\u00e1rios de resposta r\u00e1pida, que armazenar\u00e3o os dados informados na hora do cadastro.<\/p>\n\n\n\n<p><strong>Crit\u00e9rios<\/strong><\/p>\n\n\n\n<p>As pulseiras, que possuem sistema antifraude, ser\u00e3o checadas por agentes de seguran\u00e7a, nas baias de revista e acesso ao evento, com leitor de \u201cQR Code\u201d e reconhecimento facial.<\/p>\n\n\n\n<p>Destinadas apenas para acesso a dois, de um total de sete palcos, as pulseiras s\u00e3o limitadas a uma por cadastro de pessoa f\u00edsica (CPF), e ser\u00e3o trocadas, opcionalmente, por 1 quilo de alimento n\u00e3o perec\u00edvel e\/ou 30 garrafas de Polietileno Tereftalato (PET) de qualquer tamanho.<\/p>\n\n\n\n<p><strong>Sustentabilidade<\/strong><\/p>\n\n\n\n<p>Esta edi\u00e7\u00e3o do #SouManaus est\u00e1 com abordagem sustent\u00e1vel de preserva\u00e7\u00e3o do meio ambiente. No m\u00eas de setembro, \u00e1pice do ver\u00e3o amaz\u00f4nico, tamb\u00e9m \u00e9 o per\u00edodo que mais revela o ac\u00famulo de lixos nos igarap\u00e9s que cortam a cidade, por conta da vazante dos rios, iniciada no m\u00eas de julho.<\/p>\n\n\n\n<p>A disponibiliza\u00e7\u00e3o de 10 mil ingressos para a troca de uma pulseira por 30 garrafas PETs, por exemplo, surgiu da necessidade de chamar a aten\u00e7\u00e3o da popula\u00e7\u00e3o para um problema grave e de s\u00e9rios impactos ambientais, que \u00e9 o descarte de lixo e garrafas pl\u00e1sticas no meio fio, drenagens e igarap\u00e9s da cidade.<\/p>\n\n\n\n<p>Diariamente, aproximadamente 27 toneladas de lixo s\u00e3o retirados dos afluentes pela Prefeitura de Manaus. Como o descarte inconsciente continua sendo o principal agravante, o festival #SouManaus, em parceria com empresas de reciclagem, e com o apoio da popula\u00e7\u00e3o que aderir \u00e0 campanha de conscientiza\u00e7\u00e3o, vai dar um destino correto \u00e0s, pelo menos, 300 mil garrafas PETs arrecadadas, segundo estimativas.<\/p>\n\n\n\n<p>A a\u00e7\u00e3o sustent\u00e1vel tamb\u00e9m vai contribuir para que Manaus receba o \u201cSelo Cidade Criativa da Unesco\u201d, que ser\u00e1 concedido pela Organiza\u00e7\u00e3o das Na\u00e7\u00f5es Unidas para a Educa\u00e7\u00e3o, a Ci\u00eancia e a Cultura. A candidatura ser\u00e1 realizada em 2024, mas os agentes envolvidos no tema, em parceria com a Prefeitura de Manaus, j\u00e1 deram o pontap\u00e9 inicial.<\/p>\n\n\n\n<p><strong>Atra\u00e7\u00f5es principais<\/strong><\/p>\n\n\n\n<p>O maior Festival de Artes Integradas do Norte do pa\u00eds, o #SouManaus Passo a Pa\u00e7o 2023, conta com dois palcos principais, que trar\u00e3o na&nbsp;<em>line-up<\/em>&nbsp;a for\u00e7a da musicalidade brasileira, com artistas nacionais e regionais e, em um deles, uma alegoria cenogr\u00e1fica gigante denominada \u201cGuardi\u00e3o da Amaz\u00f4nia\u201d, que traz a tem\u00e1tica da ancestralidade ind\u00edgena.<\/p>\n\n\n\n<p>No dia 5, o palco localizado na Plataforma Malcher receber\u00e1 os artistas nacionais: L\u00e9o Magalh\u00e3es, Z\u00e9 Felipe e Virg\u00ednia, e o DJ internacional David Guetta, que ter\u00e1 o show retransmitido, simultaneamente, em todas as \u00e1reas de ocupa\u00e7\u00e3o do festival. No palco localizado ao lado da Alf\u00e2ndega, dentro da \u00e1rea portu\u00e1ria, as atra\u00e7\u00f5es nacionais s\u00e3o: o cantor de rock, Humberto Gessinger, e o cantor sertanejo Murilo Huff.<\/p>\n\n\n\n<p>J\u00e1 no dia 6 de setembro, a programa\u00e7\u00e3o musical do palco localizado na Plataforma Malcher, com a participa\u00e7\u00e3o de artistas nacionais, ser\u00e1 iniciada pelo cantor de samba Zeca Pagodinho, seguido pelo MC Kevin O Chris, e Marina Sena, que traz no som uma mistura bem pr\u00f3pria de ritmos, que v\u00e3o do samba e reggae ao ax\u00e9, MPB e&nbsp;<em>dancehall<\/em>. No palco instalado ao lado da Alf\u00e2ndega, a&nbsp;<em>headliner<\/em>&nbsp;traz o cantor Lob\u00e3o e a banda de rock brasileira, Biqu\u00edni.<\/p>\n\n\n\n<p>E finalizando a&nbsp;<em>line<\/em>, no dia 7 de setembro, a programa\u00e7\u00e3o nacional fica por conta dos artistas: padre F\u00e1bio de Melo, Israel Salazar, Isadora Pompeu, banda Am\u00e9m e o musical infantil \u201cShow da Zelda\u201d.<\/p>\n\n\n\n<p>A programa\u00e7\u00e3o completa e informa\u00e7\u00f5es adicionais podem ser encontradas no site oficial do festival:&nbsp;<a href=\"http:\/\/www.soumanauspassoapaco.com.br\/\" target=\"_blank\" rel=\"noreferrer noopener\">www.soumanauspassoapaco.com.br<\/a>.<\/p>\n\n\n\n<p>&#8212; &#8212; &#8212;<\/p>\n\n\n\n<p><strong>Texto<\/strong> &#8211; Emanuelle Baires \/ Manauscult<\/p>\n\n\n\n<p><strong>Fotos \u2013 <\/strong>Arquivo\/Semcom<\/p>\n","protected":false},"excerpt":{"rendered":"","protected":false},"author":23,"featured_media":1185,"comment_status":"closed","ping_status":"closed","sticky":false,"template":"","format":"standard","meta":{"footnotes":""},"categories":[3],"tags":[449,431,450,9,11,451],"acf":[],"yoast_head":"<!-- This site is optimized with the Yoast SEO plugin v23.0 - https:\/\/yoast.com\/wordpress\/plugins\/seo\/ -->\n<title>#SouManaus 2023: um festival de artes integradas com programa\u00e7\u00e3o para todos os p\u00fablicos<\/title>\n<meta name=\"description\" content=\"O #SouManaus Passo a Pa\u00e7o 2023, realizado pela Prefeitura de Manaus, por meio da Funda\u00e7\u00e3o Municipal de Cultura, Turismo e Eventos (Manauscult), \u00e9 um megaevento tur\u00edstico-cultural, que integra o calend\u00e1rio oficial da cidade de Manaus e que, de acordo com a Lei 2.526, de 23 de outubro de 2019, deve ser realizado, anualmente, na primeira quinzena do m\u00eas de setembro. Este ano, o evento, que chega \u00e0 sua oitava edi\u00e7\u00e3o, acontecer\u00e1 nos dias 5, 6 e 7 de setembro, no entorno do Pa\u00e7o Municipal, no centro hist\u00f3rico.\" \/>\n<meta name=\"robots\" content=\"noindex, follow\" \/>\n<meta property=\"og:locale\" content=\"pt_BR\" \/>\n<meta property=\"og:type\" content=\"article\" \/>\n<meta property=\"og:title\" content=\"#SouManaus 2023: um festival de artes integradas com programa\u00e7\u00e3o para todos os p\u00fablicos\" \/>\n<meta property=\"og:description\" content=\"O #SouManaus Passo a Pa\u00e7o 2023, realizado pela Prefeitura de Manaus, por meio da Funda\u00e7\u00e3o Municipal de Cultura, Turismo e Eventos (Manauscult), \u00e9 um megaevento tur\u00edstico-cultural, que integra o calend\u00e1rio oficial da cidade de Manaus e que, de acordo com a Lei 2.526, de 23 de outubro de 2019, deve ser realizado, anualmente, na primeira quinzena do m\u00eas de setembro. Este ano, o evento, que chega \u00e0 sua oitava edi\u00e7\u00e3o, acontecer\u00e1 nos dias 5, 6 e 7 de setembro, no entorno do Pa\u00e7o Municipal, no centro hist\u00f3rico.\" \/>\n<meta property=\"og:url\" content=\"https:\/\/www.manaus.am.gov.br\/manauscult\/soumanaus-2023-um-festival-de-artes-integradas-com-programacao-para-todos-os-publicos\/\" \/>\n<meta property=\"og:site_name\" content=\"MANAUSCULT\" \/>\n<meta property=\"article:published_time\" content=\"2023-08-21T12:23:39+00:00\" \/>\n<meta property=\"article:modified_time\" content=\"2023-08-21T12:24:35+00:00\" \/>\n<meta property=\"og:image\" content=\"https:\/\/www.manaus.am.gov.br\/manauscult\/wp-content\/uploads\/sites\/11\/2023\/08\/IMG_9008.jpg\" \/>\n\t<meta property=\"og:image:width\" content=\"3840\" \/>\n\t<meta property=\"og:image:height\" content=\"2160\" \/>\n\t<meta property=\"og:image:type\" content=\"image\/jpeg\" \/>\n<meta name=\"author\" content=\"Adriana Costa\" \/>\n<meta name=\"twitter:card\" content=\"summary_large_image\" \/>\n<meta name=\"twitter:label1\" content=\"Written by\" \/>\n\t<meta name=\"twitter:data1\" content=\"Adriana Costa\" \/>\n\t<meta name=\"twitter:label2\" content=\"Est. reading time\" \/>\n\t<meta name=\"twitter:data2\" content=\"8 minutos\" \/>\n<script type=\"application\/ld+json\" class=\"yoast-schema-graph\">{\"@context\":\"https:\/\/schema.org\",\"@graph\":[{\"@type\":\"WebPage\",\"@id\":\"https:\/\/www.manaus.am.gov.br\/manauscult\/soumanaus-2023-um-festival-de-artes-integradas-com-programacao-para-todos-os-publicos\/\",\"url\":\"https:\/\/www.manaus.am.gov.br\/manauscult\/soumanaus-2023-um-festival-de-artes-integradas-com-programacao-para-todos-os-publicos\/\",\"name\":\"#SouManaus 2023: um festival de artes integradas com programa\u00e7\u00e3o para todos os p\u00fablicos\",\"isPartOf\":{\"@id\":\"https:\/\/www.manaus.am.gov.br\/manauscult\/#website\"},\"primaryImageOfPage\":{\"@id\":\"https:\/\/www.manaus.am.gov.br\/manauscult\/soumanaus-2023-um-festival-de-artes-integradas-com-programacao-para-todos-os-publicos\/#primaryimage\"},\"image\":{\"@id\":\"https:\/\/www.manaus.am.gov.br\/manauscult\/soumanaus-2023-um-festival-de-artes-integradas-com-programacao-para-todos-os-publicos\/#primaryimage\"},\"thumbnailUrl\":\"https:\/\/www.manaus.am.gov.br\/manauscult\/wp-content\/uploads\/sites\/11\/2023\/08\/IMG_9008.jpg\",\"datePublished\":\"2023-08-21T12:23:39+00:00\",\"dateModified\":\"2023-08-21T12:24:35+00:00\",\"author\":{\"@id\":\"https:\/\/www.manaus.am.gov.br\/manauscult\/#\/schema\/person\/4e49f4e267757a06ca072ec61b2b9968\"},\"description\":\"O #SouManaus Passo a Pa\u00e7o 2023, realizado pela Prefeitura de Manaus, por meio da Funda\u00e7\u00e3o Municipal de Cultura, Turismo e Eventos (Manauscult), \u00e9 um megaevento tur\u00edstico-cultural, que integra o calend\u00e1rio oficial da cidade de Manaus e que, de acordo com a Lei 2.526, de 23 de outubro de 2019, deve ser realizado, anualmente, na primeira quinzena do m\u00eas de setembro. Este ano, o evento, que chega \u00e0 sua oitava edi\u00e7\u00e3o, acontecer\u00e1 nos dias 5, 6 e 7 de setembro, no entorno do Pa\u00e7o Municipal, no centro hist\u00f3rico.\",\"breadcrumb\":{\"@id\":\"https:\/\/www.manaus.am.gov.br\/manauscult\/soumanaus-2023-um-festival-de-artes-integradas-com-programacao-para-todos-os-publicos\/#breadcrumb\"},\"inLanguage\":\"pt-BR\",\"potentialAction\":[{\"@type\":\"ReadAction\",\"target\":[\"https:\/\/www.manaus.am.gov.br\/manauscult\/soumanaus-2023-um-festival-de-artes-integradas-com-programacao-para-todos-os-publicos\/\"]}]},{\"@type\":\"ImageObject\",\"inLanguage\":\"pt-BR\",\"@id\":\"https:\/\/www.manaus.am.gov.br\/manauscult\/soumanaus-2023-um-festival-de-artes-integradas-com-programacao-para-todos-os-publicos\/#primaryimage\",\"url\":\"https:\/\/www.manaus.am.gov.br\/manauscult\/wp-content\/uploads\/sites\/11\/2023\/08\/IMG_9008.jpg\",\"contentUrl\":\"https:\/\/www.manaus.am.gov.br\/manauscult\/wp-content\/uploads\/sites\/11\/2023\/08\/IMG_9008.jpg\",\"width\":3840,\"height\":2160},{\"@type\":\"BreadcrumbList\",\"@id\":\"https:\/\/www.manaus.am.gov.br\/manauscult\/soumanaus-2023-um-festival-de-artes-integradas-com-programacao-para-todos-os-publicos\/#breadcrumb\",\"itemListElement\":[{\"@type\":\"ListItem\",\"position\":1,\"name\":\"Home\",\"item\":\"https:\/\/www.manaus.am.gov.br\/manauscult\/\"},{\"@type\":\"ListItem\",\"position\":2,\"name\":\"#SouManaus 2023: um festival de artes integradas com programa\u00e7\u00e3o para todos os p\u00fablicos\"}]},{\"@type\":\"WebSite\",\"@id\":\"https:\/\/www.manaus.am.gov.br\/manauscult\/#website\",\"url\":\"https:\/\/www.manaus.am.gov.br\/manauscult\/\",\"name\":\"MANAUSCULT\",\"description\":\"Prefeitura de Manaus\",\"potentialAction\":[{\"@type\":\"SearchAction\",\"target\":{\"@type\":\"EntryPoint\",\"urlTemplate\":\"https:\/\/www.manaus.am.gov.br\/manauscult\/?s={search_term_string}\"},\"query-input\":\"required name=search_term_string\"}],\"inLanguage\":\"pt-BR\"},{\"@type\":\"Person\",\"@id\":\"https:\/\/www.manaus.am.gov.br\/manauscult\/#\/schema\/person\/4e49f4e267757a06ca072ec61b2b9968\",\"name\":\"Adriana Costa\",\"image\":{\"@type\":\"ImageObject\",\"inLanguage\":\"pt-BR\",\"@id\":\"https:\/\/www.manaus.am.gov.br\/manauscult\/#\/schema\/person\/image\/\",\"url\":\"https:\/\/secure.gravatar.com\/avatar\/576258617ef7194f718179e766d57bd4?s=96&d=mm&r=g\",\"contentUrl\":\"https:\/\/secure.gravatar.com\/avatar\/576258617ef7194f718179e766d57bd4?s=96&d=mm&r=g\",\"caption\":\"Adriana Costa\"}}]}<\/script>\n<!-- \/ Yoast SEO plugin. -->","yoast_head_json":{"title":"#SouManaus 2023: um festival de artes integradas com programa\u00e7\u00e3o para todos os p\u00fablicos","description":"O #SouManaus Passo a Pa\u00e7o 2023, realizado pela Prefeitura de Manaus, por meio da Funda\u00e7\u00e3o Municipal de Cultura, Turismo e Eventos (Manauscult), \u00e9 um megaevento tur\u00edstico-cultural, que integra o calend\u00e1rio oficial da cidade de Manaus e que, de acordo com a Lei 2.526, de 23 de outubro de 2019, deve ser realizado, anualmente, na primeira quinzena do m\u00eas de setembro. Este ano, o evento, que chega \u00e0 sua oitava edi\u00e7\u00e3o, acontecer\u00e1 nos dias 5, 6 e 7 de setembro, no entorno do Pa\u00e7o Municipal, no centro hist\u00f3rico.","robots":{"index":"noindex","follow":"follow"},"og_locale":"pt_BR","og_type":"article","og_title":"#SouManaus 2023: um festival de artes integradas com programa\u00e7\u00e3o para todos os p\u00fablicos","og_description":"O #SouManaus Passo a Pa\u00e7o 2023, realizado pela Prefeitura de Manaus, por meio da Funda\u00e7\u00e3o Municipal de Cultura, Turismo e Eventos (Manauscult), \u00e9 um megaevento tur\u00edstico-cultural, que integra o calend\u00e1rio oficial da cidade de Manaus e que, de acordo com a Lei 2.526, de 23 de outubro de 2019, deve ser realizado, anualmente, na primeira quinzena do m\u00eas de setembro. Este ano, o evento, que chega \u00e0 sua oitava edi\u00e7\u00e3o, acontecer\u00e1 nos dias 5, 6 e 7 de setembro, no entorno do Pa\u00e7o Municipal, no centro hist\u00f3rico.","og_url":"https:\/\/www.manaus.am.gov.br\/manauscult\/soumanaus-2023-um-festival-de-artes-integradas-com-programacao-para-todos-os-publicos\/","og_site_name":"MANAUSCULT","article_published_time":"2023-08-21T12:23:39+00:00","article_modified_time":"2023-08-21T12:24:35+00:00","og_image":[{"width":3840,"height":2160,"url":"https:\/\/www.manaus.am.gov.br\/manauscult\/wp-content\/uploads\/sites\/11\/2023\/08\/IMG_9008.jpg","type":"image\/jpeg"}],"author":"Adriana Costa","twitter_card":"summary_large_image","twitter_misc":{"Written by":"Adriana Costa","Est. reading time":"8 minutos"},"schema":{"@context":"https:\/\/schema.org","@graph":[{"@type":"WebPage","@id":"https:\/\/www.manaus.am.gov.br\/manauscult\/soumanaus-2023-um-festival-de-artes-integradas-com-programacao-para-todos-os-publicos\/","url":"https:\/\/www.manaus.am.gov.br\/manauscult\/soumanaus-2023-um-festival-de-artes-integradas-com-programacao-para-todos-os-publicos\/","name":"#SouManaus 2023: um festival de artes integradas com programa\u00e7\u00e3o para todos os p\u00fablicos","isPartOf":{"@id":"https:\/\/www.manaus.am.gov.br\/manauscult\/#website"},"primaryImageOfPage":{"@id":"https:\/\/www.manaus.am.gov.br\/manauscult\/soumanaus-2023-um-festival-de-artes-integradas-com-programacao-para-todos-os-publicos\/#primaryimage"},"image":{"@id":"https:\/\/www.manaus.am.gov.br\/manauscult\/soumanaus-2023-um-festival-de-artes-integradas-com-programacao-para-todos-os-publicos\/#primaryimage"},"thumbnailUrl":"https:\/\/www.manaus.am.gov.br\/manauscult\/wp-content\/uploads\/sites\/11\/2023\/08\/IMG_9008.jpg","datePublished":"2023-08-21T12:23:39+00:00","dateModified":"2023-08-21T12:24:35+00:00","author":{"@id":"https:\/\/www.manaus.am.gov.br\/manauscult\/#\/schema\/person\/4e49f4e267757a06ca072ec61b2b9968"},"description":"O #SouManaus Passo a Pa\u00e7o 2023, realizado pela Prefeitura de Manaus, por meio da Funda\u00e7\u00e3o Municipal de Cultura, Turismo e Eventos (Manauscult), \u00e9 um megaevento tur\u00edstico-cultural, que integra o calend\u00e1rio oficial da cidade de Manaus e que, de acordo com a Lei 2.526, de 23 de outubro de 2019, deve ser realizado, anualmente, na primeira quinzena do m\u00eas de setembro. Este ano, o evento, que chega \u00e0 sua oitava edi\u00e7\u00e3o, acontecer\u00e1 nos dias 5, 6 e 7 de setembro, no entorno do Pa\u00e7o Municipal, no centro hist\u00f3rico.","breadcrumb":{"@id":"https:\/\/www.manaus.am.gov.br\/manauscult\/soumanaus-2023-um-festival-de-artes-integradas-com-programacao-para-todos-os-publicos\/#breadcrumb"},"inLanguage":"pt-BR","potentialAction":[{"@type":"ReadAction","target":["https:\/\/www.manaus.am.gov.br\/manauscult\/soumanaus-2023-um-festival-de-artes-integradas-com-programacao-para-todos-os-publicos\/"]}]},{"@type":"ImageObject","inLanguage":"pt-BR","@id":"https:\/\/www.manaus.am.gov.br\/manauscult\/soumanaus-2023-um-festival-de-artes-integradas-com-programacao-para-todos-os-publicos\/#primaryimage","url":"https:\/\/www.manaus.am.gov.br\/manauscult\/wp-content\/uploads\/sites\/11\/2023\/08\/IMG_9008.jpg","contentUrl":"https:\/\/www.manaus.am.gov.br\/manauscult\/wp-content\/uploads\/sites\/11\/2023\/08\/IMG_9008.jpg","width":3840,"height":2160},{"@type":"BreadcrumbList","@id":"https:\/\/www.manaus.am.gov.br\/manauscult\/soumanaus-2023-um-festival-de-artes-integradas-com-programacao-para-todos-os-publicos\/#breadcrumb","itemListElement":[{"@type":"ListItem","position":1,"name":"Home","item":"https:\/\/www.manaus.am.gov.br\/manauscult\/"},{"@type":"ListItem","position":2,"name":"#SouManaus 2023: um festival de artes integradas com programa\u00e7\u00e3o para todos os p\u00fablicos"}]},{"@type":"WebSite","@id":"https:\/\/www.manaus.am.gov.br\/manauscult\/#website","url":"https:\/\/www.manaus.am.gov.br\/manauscult\/","name":"MANAUSCULT","description":"Prefeitura de Manaus","potentialAction":[{"@type":"SearchAction","target":{"@type":"EntryPoint","urlTemplate":"https:\/\/www.manaus.am.gov.br\/manauscult\/?s={search_term_string}"},"query-input":"required name=search_term_string"}],"inLanguage":"pt-BR"},{"@type":"Person","@id":"https:\/\/www.manaus.am.gov.br\/manauscult\/#\/schema\/person\/4e49f4e267757a06ca072ec61b2b9968","name":"Adriana Costa","image":{"@type":"ImageObject","inLanguage":"pt-BR","@id":"https:\/\/www.manaus.am.gov.br\/manauscult\/#\/schema\/person\/image\/","url":"https:\/\/secure.gravatar.com\/avatar\/576258617ef7194f718179e766d57bd4?s=96&d=mm&r=g","contentUrl":"https:\/\/secure.gravatar.com\/avatar\/576258617ef7194f718179e766d57bd4?s=96&d=mm&r=g","caption":"Adriana Costa"}}]}},"_links":{"self":[{"href":"https:\/\/www.manaus.am.gov.br\/manauscult\/wp-json\/wp\/v2\/posts\/1184"}],"collection":[{"href":"https:\/\/www.manaus.am.gov.br\/manauscult\/wp-json\/wp\/v2\/posts"}],"about":[{"href":"https:\/\/www.manaus.am.gov.br\/manauscult\/wp-json\/wp\/v2\/types\/post"}],"author":[{"embeddable":true,"href":"https:\/\/www.manaus.am.gov.br\/manauscult\/wp-json\/wp\/v2\/users\/23"}],"replies":[{"embeddable":true,"href":"https:\/\/www.manaus.am.gov.br\/manauscult\/wp-json\/wp\/v2\/comments?post=1184"}],"version-history":[{"count":1,"href":"https:\/\/www.manaus.am.gov.br\/manauscult\/wp-json\/wp\/v2\/posts\/1184\/revisions"}],"predecessor-version":[{"id":1186,"href":"https:\/\/www.manaus.am.gov.br\/manauscult\/wp-json\/wp\/v2\/posts\/1184\/revisions\/1186"}],"wp:featuredmedia":[{"embeddable":true,"href":"https:\/\/www.manaus.am.gov.br\/manauscult\/wp-json\/wp\/v2\/media\/1185"}],"wp:attachment":[{"href":"https:\/\/www.manaus.am.gov.br\/manauscult\/wp-json\/wp\/v2\/media?parent=1184"}],"wp:term":[{"taxonomy":"category","embeddable":true,"href":"https:\/\/www.manaus.am.gov.br\/manauscult\/wp-json\/wp\/v2\/categories?post=1184"},{"taxonomy":"post_tag","embeddable":true,"href":"https:\/\/www.manaus.am.gov.br\/manauscult\/wp-json\/wp\/v2\/tags?post=1184"}],"curies":[{"name":"wp","href":"https:\/\/api.w.org\/{rel}","templated":true}]}}