{"id":1181,"date":"2023-08-20T15:34:16","date_gmt":"2023-08-20T19:34:16","guid":{"rendered":"https:\/\/www.manaus.am.gov.br\/manauscult\/aclea-50-anos-carlos-zamith\/"},"modified":"2023-08-20T15:34:44","modified_gmt":"2023-08-20T19:34:44","slug":"aclea-50-anos-carlos-zamith","status":"publish","type":"post","link":"https:\/\/www.manaus.am.gov.br\/manauscult\/aclea-50-anos-carlos-zamith\/","title":{"rendered":"<strong>Prefeitura lan\u00e7a o livro \u2018Aclea: 50 anos\u2019, do jornalista Carlos Zamith<\/strong>"},"content":{"rendered":"\n<p>A Prefeitura de Manaus, por meio da Funda\u00e7\u00e3o Municipal de Cultura, Turismo e Eventos (Manauscult) e do Conselho Municipal de Cultura (Concultura), em parceria com a Associa\u00e7\u00e3o dos Cronistas e Locutores Esportivos do Amazonas (Aclea), lan\u00e7ou a obra \u201cAclea: 50 anos\u201d, do jornalista Carlos Zamith, sobre a hist\u00f3ria da cr\u00f4nica esportiva do Amazonas, no domingo, 20\/8,&nbsp;na Arena da Amaz\u00f4nia.<\/p>\n\n\n\n<p>A imprensa esportiva marcou presen\u00e7a no lan\u00e7amento, que contou ainda com todos os fundadores, al\u00e9m de parentes e amigos que acompanham a hist\u00f3ria da Aclea e do futebol amazonense.<\/p>\n\n\n\n<p>Para o diretor-presidente da Manauscult, Osvaldo Cardoso, a obra \u00e9 mais que uma homenagem, pois eterniza o nome de um grande expoente da cr\u00f4nica esportiva amazonense. \u201cN\u00e3o estamos falando apenas de uma homenagem, mas a Prefeitura de Manaus est\u00e1 eternizando em uma obra liter\u00e1ria a mem\u00f3ria de quem fez grande diferen\u00e7a no futebol amazonense, como o jornalista Carlos Zamith e quem continua fazendo, como a associa\u00e7\u00e3o que em mais de 50 anos atua para engrandecer o futebol em nosso Estado\u201d.<\/p>\n\n\n\n<p>&nbsp;O vice-presidente do Concultura, Neilo Batista, destaca a relev\u00e2ncia da Aclea, que foi fundada no ano de 1956. &#8220;A Prefeitura de Manaus possibilitou que essa publica\u00e7\u00e3o se tornasse realidade, e faz chegar ao p\u00fablico um livro que, ao contar a hist\u00f3ria dos 50 anos da Aclea, conta tamb\u00e9m uma parte significativa da hist\u00f3ria do futebol amazonense&#8221;.<\/p>\n\n\n\n<p>Batista ressalta que a pol\u00edtica cultural da gest\u00e3o David Almeida tem dado uma import\u00e2ncia in\u00e9dita para a literatura com as inova\u00e7\u00f5es nos Pr\u00eamios Liter\u00e1rios Cidade de Manaus. \u201cSomente nesta semana tivemos os lan\u00e7amentos de 13 obras, dos ganhadores dos pr\u00eamios Liter\u00e1rios e mais duas do projeto Mem\u00f3ria Reencontrada\u201d.<\/p>\n\n\n\n<p>O presidente da Aclea, Paulo Roberto Pereira, conta a import\u00e2ncia da associa\u00e7\u00e3o que construiu uma hist\u00f3ria de \u00eaxito atestada por jornais e emissoras de r\u00e1dio e testemunhada por milhares de aficionados pelo futebol do Amazonas. &#8220;Nesse intervalo de tempo, foi e continua sendo presidida, e tamb\u00e9m integrada por profissionais da comunica\u00e7\u00e3o que t\u00eam em comum, entre outras particularidades, a paix\u00e3o pelo futebol e pela emo\u00e7\u00e3o da palavra&#8221;.<\/p>\n\n\n\n<p>O filho do autor homenageado, Carlyle Zamith, contou como este lan\u00e7amento \u00e9 importante para manter viva a mem\u00f3ria do grande cronista esportivo, que ainda \u00e9 lembrado e valorizado pela sua contribui\u00e7\u00e3o para a literatura e hist\u00f3ria do futebol amazonense.<\/p>\n\n\n\n<p>&#8220;Carlos Zamith foi um autor incr\u00edvel e suas obras est\u00e3o mais vivas do que nunca. \u00c9 maravilhoso ver que a prefeitura est\u00e1 reconhecendo seu talento, mais uma vez, e dedicando um evento especial para o lan\u00e7amento de seu livro. Tenho certeza de que seria uma honra para ele saber que seu trabalho est\u00e1 sendo celebrado, mesmo ap\u00f3s tanto tempo&#8221;, pontuou.&nbsp;<\/p>\n\n\n\n<p>&#8212; &#8212; &#8212;<\/p>\n\n\n\n<p><strong>Texto <\/strong>&#8211; Crist\u00f3v\u00e3o Nonato&nbsp;\/ Manauscult<\/p>\n\n\n\n<p><strong>Fotos<\/strong> \u2013 Phil Limma \/ Semcom\u00a0<\/p>\n\n\n\n<p><strong>Dispon\u00edveis em<\/strong> &#8211; <a href=\"https:\/\/flic.kr\/s\/aHBqjARJvy\">https:\/\/flic.kr\/s\/aHBqjARJvy<\/a><\/p>\n","protected":false},"excerpt":{"rendered":"","protected":false},"author":25,"featured_media":1182,"comment_status":"closed","ping_status":"closed","sticky":false,"template":"","format":"standard","meta":{"footnotes":""},"categories":[12],"tags":[446,447,448,45],"acf":[],"yoast_head":"<!-- This site is optimized with the Yoast SEO plugin v23.0 - https:\/\/yoast.com\/wordpress\/plugins\/seo\/ -->\n<title>Prefeitura lan\u00e7a o livro \u2018Aclea: 50 anos\u2019, do jornalista Carlos Zamith<\/title>\n<meta name=\"description\" content=\"A Prefeitura de Manaus lan\u00e7ou a obra \u201cAclea: 50 anos\u201d, do jornalista Carlos Zamith, sobre a hist\u00f3ria da cr\u00f4nica esportiva do Amazonas\" \/>\n<meta name=\"robots\" content=\"noindex, follow\" \/>\n<meta property=\"og:locale\" content=\"pt_BR\" \/>\n<meta property=\"og:type\" content=\"article\" \/>\n<meta property=\"og:title\" content=\"Prefeitura lan\u00e7a o livro \u2018Aclea: 50 anos\u2019, do jornalista Carlos Zamith\" \/>\n<meta property=\"og:description\" content=\"A Prefeitura de Manaus lan\u00e7ou a obra \u201cAclea: 50 anos\u201d, do jornalista Carlos Zamith, sobre a hist\u00f3ria da cr\u00f4nica esportiva do Amazonas\" \/>\n<meta property=\"og:url\" content=\"https:\/\/www.manaus.am.gov.br\/manauscult\/aclea-50-anos-carlos-zamith\/\" \/>\n<meta property=\"og:site_name\" content=\"MANAUSCULT\" \/>\n<meta property=\"article:published_time\" content=\"2023-08-20T19:34:16+00:00\" \/>\n<meta property=\"article:modified_time\" content=\"2023-08-20T19:34:44+00:00\" \/>\n<meta property=\"og:image\" content=\"https:\/\/www.manaus.am.gov.br\/manauscult\/wp-content\/uploads\/sites\/11\/2023\/08\/53130511388_e765a86243_c.jpg\" \/>\n\t<meta property=\"og:image:width\" content=\"799\" \/>\n\t<meta property=\"og:image:height\" content=\"533\" \/>\n\t<meta property=\"og:image:type\" content=\"image\/jpeg\" \/>\n<meta name=\"author\" content=\"Maur\u00edcio Freire\" \/>\n<meta name=\"twitter:card\" content=\"summary_large_image\" \/>\n<meta name=\"twitter:label1\" content=\"Written by\" \/>\n\t<meta name=\"twitter:data1\" content=\"Maur\u00edcio Freire\" \/>\n\t<meta name=\"twitter:label2\" content=\"Est. reading time\" \/>\n\t<meta name=\"twitter:data2\" content=\"3 minutos\" \/>\n<script type=\"application\/ld+json\" class=\"yoast-schema-graph\">{\"@context\":\"https:\/\/schema.org\",\"@graph\":[{\"@type\":\"WebPage\",\"@id\":\"https:\/\/www.manaus.am.gov.br\/manauscult\/aclea-50-anos-carlos-zamith\/\",\"url\":\"https:\/\/www.manaus.am.gov.br\/manauscult\/aclea-50-anos-carlos-zamith\/\",\"name\":\"Prefeitura lan\u00e7a o livro \u2018Aclea: 50 anos\u2019, do jornalista Carlos Zamith\",\"isPartOf\":{\"@id\":\"https:\/\/www.manaus.am.gov.br\/manauscult\/#website\"},\"primaryImageOfPage\":{\"@id\":\"https:\/\/www.manaus.am.gov.br\/manauscult\/aclea-50-anos-carlos-zamith\/#primaryimage\"},\"image\":{\"@id\":\"https:\/\/www.manaus.am.gov.br\/manauscult\/aclea-50-anos-carlos-zamith\/#primaryimage\"},\"thumbnailUrl\":\"https:\/\/www.manaus.am.gov.br\/manauscult\/wp-content\/uploads\/sites\/11\/2023\/08\/53130511388_e765a86243_c.jpg\",\"datePublished\":\"2023-08-20T19:34:16+00:00\",\"dateModified\":\"2023-08-20T19:34:44+00:00\",\"author\":{\"@id\":\"https:\/\/www.manaus.am.gov.br\/manauscult\/#\/schema\/person\/587989a23a463cde5618e6a028977a9a\"},\"description\":\"A Prefeitura de Manaus lan\u00e7ou a obra \u201cAclea: 50 anos\u201d, do jornalista Carlos Zamith, sobre a hist\u00f3ria da cr\u00f4nica esportiva do Amazonas\",\"breadcrumb\":{\"@id\":\"https:\/\/www.manaus.am.gov.br\/manauscult\/aclea-50-anos-carlos-zamith\/#breadcrumb\"},\"inLanguage\":\"pt-BR\",\"potentialAction\":[{\"@type\":\"ReadAction\",\"target\":[\"https:\/\/www.manaus.am.gov.br\/manauscult\/aclea-50-anos-carlos-zamith\/\"]}]},{\"@type\":\"ImageObject\",\"inLanguage\":\"pt-BR\",\"@id\":\"https:\/\/www.manaus.am.gov.br\/manauscult\/aclea-50-anos-carlos-zamith\/#primaryimage\",\"url\":\"https:\/\/www.manaus.am.gov.br\/manauscult\/wp-content\/uploads\/sites\/11\/2023\/08\/53130511388_e765a86243_c.jpg\",\"contentUrl\":\"https:\/\/www.manaus.am.gov.br\/manauscult\/wp-content\/uploads\/sites\/11\/2023\/08\/53130511388_e765a86243_c.jpg\",\"width\":799,\"height\":533},{\"@type\":\"BreadcrumbList\",\"@id\":\"https:\/\/www.manaus.am.gov.br\/manauscult\/aclea-50-anos-carlos-zamith\/#breadcrumb\",\"itemListElement\":[{\"@type\":\"ListItem\",\"position\":1,\"name\":\"Home\",\"item\":\"https:\/\/www.manaus.am.gov.br\/manauscult\/\"},{\"@type\":\"ListItem\",\"position\":2,\"name\":\"Prefeitura lan\u00e7a o livro \u2018Aclea: 50 anos\u2019, do jornalista Carlos Zamith\"}]},{\"@type\":\"WebSite\",\"@id\":\"https:\/\/www.manaus.am.gov.br\/manauscult\/#website\",\"url\":\"https:\/\/www.manaus.am.gov.br\/manauscult\/\",\"name\":\"MANAUSCULT\",\"description\":\"Prefeitura de Manaus\",\"potentialAction\":[{\"@type\":\"SearchAction\",\"target\":{\"@type\":\"EntryPoint\",\"urlTemplate\":\"https:\/\/www.manaus.am.gov.br\/manauscult\/?s={search_term_string}\"},\"query-input\":\"required name=search_term_string\"}],\"inLanguage\":\"pt-BR\"},{\"@type\":\"Person\",\"@id\":\"https:\/\/www.manaus.am.gov.br\/manauscult\/#\/schema\/person\/587989a23a463cde5618e6a028977a9a\",\"name\":\"Maur\u00edcio Freire\",\"image\":{\"@type\":\"ImageObject\",\"inLanguage\":\"pt-BR\",\"@id\":\"https:\/\/www.manaus.am.gov.br\/manauscult\/#\/schema\/person\/image\/\",\"url\":\"https:\/\/secure.gravatar.com\/avatar\/dc1481799a1f75c733ac3b2634cd6749?s=96&d=mm&r=g\",\"contentUrl\":\"https:\/\/secure.gravatar.com\/avatar\/dc1481799a1f75c733ac3b2634cd6749?s=96&d=mm&r=g\",\"caption\":\"Maur\u00edcio Freire\"}}]}<\/script>\n<!-- \/ Yoast SEO plugin. -->","yoast_head_json":{"title":"Prefeitura lan\u00e7a o livro \u2018Aclea: 50 anos\u2019, do jornalista Carlos Zamith","description":"A Prefeitura de Manaus lan\u00e7ou a obra \u201cAclea: 50 anos\u201d, do jornalista Carlos Zamith, sobre a hist\u00f3ria da cr\u00f4nica esportiva do Amazonas","robots":{"index":"noindex","follow":"follow"},"og_locale":"pt_BR","og_type":"article","og_title":"Prefeitura lan\u00e7a o livro \u2018Aclea: 50 anos\u2019, do jornalista Carlos Zamith","og_description":"A Prefeitura de Manaus lan\u00e7ou a obra \u201cAclea: 50 anos\u201d, do jornalista Carlos Zamith, sobre a hist\u00f3ria da cr\u00f4nica esportiva do Amazonas","og_url":"https:\/\/www.manaus.am.gov.br\/manauscult\/aclea-50-anos-carlos-zamith\/","og_site_name":"MANAUSCULT","article_published_time":"2023-08-20T19:34:16+00:00","article_modified_time":"2023-08-20T19:34:44+00:00","og_image":[{"width":799,"height":533,"url":"https:\/\/www.manaus.am.gov.br\/manauscult\/wp-content\/uploads\/sites\/11\/2023\/08\/53130511388_e765a86243_c.jpg","type":"image\/jpeg"}],"author":"Maur\u00edcio Freire","twitter_card":"summary_large_image","twitter_misc":{"Written by":"Maur\u00edcio Freire","Est. reading time":"3 minutos"},"schema":{"@context":"https:\/\/schema.org","@graph":[{"@type":"WebPage","@id":"https:\/\/www.manaus.am.gov.br\/manauscult\/aclea-50-anos-carlos-zamith\/","url":"https:\/\/www.manaus.am.gov.br\/manauscult\/aclea-50-anos-carlos-zamith\/","name":"Prefeitura lan\u00e7a o livro \u2018Aclea: 50 anos\u2019, do jornalista Carlos Zamith","isPartOf":{"@id":"https:\/\/www.manaus.am.gov.br\/manauscult\/#website"},"primaryImageOfPage":{"@id":"https:\/\/www.manaus.am.gov.br\/manauscult\/aclea-50-anos-carlos-zamith\/#primaryimage"},"image":{"@id":"https:\/\/www.manaus.am.gov.br\/manauscult\/aclea-50-anos-carlos-zamith\/#primaryimage"},"thumbnailUrl":"https:\/\/www.manaus.am.gov.br\/manauscult\/wp-content\/uploads\/sites\/11\/2023\/08\/53130511388_e765a86243_c.jpg","datePublished":"2023-08-20T19:34:16+00:00","dateModified":"2023-08-20T19:34:44+00:00","author":{"@id":"https:\/\/www.manaus.am.gov.br\/manauscult\/#\/schema\/person\/587989a23a463cde5618e6a028977a9a"},"description":"A Prefeitura de Manaus lan\u00e7ou a obra \u201cAclea: 50 anos\u201d, do jornalista Carlos Zamith, sobre a hist\u00f3ria da cr\u00f4nica esportiva do Amazonas","breadcrumb":{"@id":"https:\/\/www.manaus.am.gov.br\/manauscult\/aclea-50-anos-carlos-zamith\/#breadcrumb"},"inLanguage":"pt-BR","potentialAction":[{"@type":"ReadAction","target":["https:\/\/www.manaus.am.gov.br\/manauscult\/aclea-50-anos-carlos-zamith\/"]}]},{"@type":"ImageObject","inLanguage":"pt-BR","@id":"https:\/\/www.manaus.am.gov.br\/manauscult\/aclea-50-anos-carlos-zamith\/#primaryimage","url":"https:\/\/www.manaus.am.gov.br\/manauscult\/wp-content\/uploads\/sites\/11\/2023\/08\/53130511388_e765a86243_c.jpg","contentUrl":"https:\/\/www.manaus.am.gov.br\/manauscult\/wp-content\/uploads\/sites\/11\/2023\/08\/53130511388_e765a86243_c.jpg","width":799,"height":533},{"@type":"BreadcrumbList","@id":"https:\/\/www.manaus.am.gov.br\/manauscult\/aclea-50-anos-carlos-zamith\/#breadcrumb","itemListElement":[{"@type":"ListItem","position":1,"name":"Home","item":"https:\/\/www.manaus.am.gov.br\/manauscult\/"},{"@type":"ListItem","position":2,"name":"Prefeitura lan\u00e7a o livro \u2018Aclea: 50 anos\u2019, do jornalista Carlos Zamith"}]},{"@type":"WebSite","@id":"https:\/\/www.manaus.am.gov.br\/manauscult\/#website","url":"https:\/\/www.manaus.am.gov.br\/manauscult\/","name":"MANAUSCULT","description":"Prefeitura de Manaus","potentialAction":[{"@type":"SearchAction","target":{"@type":"EntryPoint","urlTemplate":"https:\/\/www.manaus.am.gov.br\/manauscult\/?s={search_term_string}"},"query-input":"required name=search_term_string"}],"inLanguage":"pt-BR"},{"@type":"Person","@id":"https:\/\/www.manaus.am.gov.br\/manauscult\/#\/schema\/person\/587989a23a463cde5618e6a028977a9a","name":"Maur\u00edcio Freire","image":{"@type":"ImageObject","inLanguage":"pt-BR","@id":"https:\/\/www.manaus.am.gov.br\/manauscult\/#\/schema\/person\/image\/","url":"https:\/\/secure.gravatar.com\/avatar\/dc1481799a1f75c733ac3b2634cd6749?s=96&d=mm&r=g","contentUrl":"https:\/\/secure.gravatar.com\/avatar\/dc1481799a1f75c733ac3b2634cd6749?s=96&d=mm&r=g","caption":"Maur\u00edcio Freire"}}]}},"_links":{"self":[{"href":"https:\/\/www.manaus.am.gov.br\/manauscult\/wp-json\/wp\/v2\/posts\/1181"}],"collection":[{"href":"https:\/\/www.manaus.am.gov.br\/manauscult\/wp-json\/wp\/v2\/posts"}],"about":[{"href":"https:\/\/www.manaus.am.gov.br\/manauscult\/wp-json\/wp\/v2\/types\/post"}],"author":[{"embeddable":true,"href":"https:\/\/www.manaus.am.gov.br\/manauscult\/wp-json\/wp\/v2\/users\/25"}],"replies":[{"embeddable":true,"href":"https:\/\/www.manaus.am.gov.br\/manauscult\/wp-json\/wp\/v2\/comments?post=1181"}],"version-history":[{"count":1,"href":"https:\/\/www.manaus.am.gov.br\/manauscult\/wp-json\/wp\/v2\/posts\/1181\/revisions"}],"predecessor-version":[{"id":1183,"href":"https:\/\/www.manaus.am.gov.br\/manauscult\/wp-json\/wp\/v2\/posts\/1181\/revisions\/1183"}],"wp:featuredmedia":[{"embeddable":true,"href":"https:\/\/www.manaus.am.gov.br\/manauscult\/wp-json\/wp\/v2\/media\/1182"}],"wp:attachment":[{"href":"https:\/\/www.manaus.am.gov.br\/manauscult\/wp-json\/wp\/v2\/media?parent=1181"}],"wp:term":[{"taxonomy":"category","embeddable":true,"href":"https:\/\/www.manaus.am.gov.br\/manauscult\/wp-json\/wp\/v2\/categories?post=1181"},{"taxonomy":"post_tag","embeddable":true,"href":"https:\/\/www.manaus.am.gov.br\/manauscult\/wp-json\/wp\/v2\/tags?post=1181"}],"curies":[{"name":"wp","href":"https:\/\/api.w.org\/{rel}","templated":true}]}}