{"id":1179,"date":"2023-08-19T18:08:53","date_gmt":"2023-08-19T22:08:53","guid":{"rendered":"https:\/\/www.manaus.am.gov.br\/manauscult\/prefeitura-lanca-soumanaus-passo-a-paco-2023-na-times-square-em-new-york-city\/"},"modified":"2023-08-19T18:08:55","modified_gmt":"2023-08-19T22:08:55","slug":"prefeitura-lanca-soumanaus-passo-a-paco-2023-na-times-square-em-new-york-city","status":"publish","type":"post","link":"https:\/\/www.manaus.am.gov.br\/manauscult\/prefeitura-lanca-soumanaus-passo-a-paco-2023-na-times-square-em-new-york-city\/","title":{"rendered":"<strong>Prefeitura lan\u00e7a \u2018#SouManaus Passo a Pa\u00e7o 2023\u2019 na Times Square, em New York City<\/strong>"},"content":{"rendered":"\n<p>O maior Festival de Artes Integradas do Norte do pa\u00eds, o \u201c#SouManaus Passo a Pa\u00e7o 2023\u201d, al\u00e9m de potencializar a carreira dos fazedores de cultura, tamb\u00e9m, vai posicionar a cidade entre os maiores destinos tur\u00edsticos da Am\u00e9rica Latina. O megaevento realizado pela Prefeitura de Manaus, por meio da Funda\u00e7\u00e3o Municipal de Cultura, Turismo e Eventos (Manauscult), foi lan\u00e7ado, neste s\u00e1bado, 19\/8, na Times Square, que \u00e9 um dos destinos mais famosos do mundo visitados em Nova York, nos Estados Unidos.<\/p>\n\n\n\n<p>Para o prefeito David Almeida, poder apresentar a cidade para os maiores players do Turismo por meio do megaevento \u00e9 uma revolu\u00e7\u00e3o de impactos positivos em v\u00e1rios aspectos.<\/p>\n\n\n\n<p>\u201cChegar com a nossa m\u00eddia em Nova York \u00e9 mais uma forma de mostrar a grandeza de Manaus como um dos principais destinos tur\u00edsticos do mundo, porque estamos no centro da Amaz\u00f4nia. Por sua vez, o festival #SouManaus tamb\u00e9m alargou fronteiras internacionais no entretenimento, o que traz para a nossa cidade um impacto significativo na economia, gerando milhares de empregos diretos e indiretos. E tudo isso preservando o meio ambiente, mandando outro importante recado para o mundo\u201d, enfatiza Almeida.<\/p>\n\n\n\n<p>O projeto multicultural, planejado em cima de tr\u00eas eixos (ancestralidade, inova\u00e7\u00e3o tecnol\u00f3gica e sustentabilidade), tem como objetivo fortalecer o turismo sustent\u00e1vel na cidade, com gera\u00e7\u00e3o de empregos, promo\u00e7\u00e3o da cultura e dos produtos locais, dentre eles a gastronomia e o artesanato. &nbsp;<\/p>\n\n\n\n<p>O diretor-presidente da Manauscult, Osvaldo Cardoso, explica que as a\u00e7\u00f5es de inova\u00e7\u00e3o e impulsionamento do setor tur\u00edstico-cultural da cidade, adotadas por ele nesse per\u00edodo de 120 dias \u00e0 frente da pasta, \u00e9 uma determina\u00e7\u00e3o do prefeito David Almeida que pediu otimiza\u00e7\u00e3o e efici\u00eancia na gest\u00e3o e condu\u00e7\u00e3o da funda\u00e7\u00e3o, al\u00e9m de di\u00e1logo com as classes. &nbsp;<\/p>\n\n\n\n<p>\u201cNosso l\u00edder David Almeida \u00e9 quem nos d\u00e1 o direcionamento e aponta as melhores estrat\u00e9gias. Eu e minha equipe nos debru\u00e7amos desde o meu primeiro dia como diretor-presidente da Manauscult para trazer economicidade e agregar valor \u00e0 gest\u00e3o; deixar um legado. As a\u00e7\u00f5es de promo\u00e7\u00e3o e fortalecimento do destino Manaus t\u00eam como foco o est\u00edmulo \u00e0 economia e a gera\u00e7\u00e3o de emprego e renda. Al\u00e9m de mostrar para o mundo nossas potencialidades\u201d, avalia Cardoso.<\/p>\n\n\n\n<p>A m\u00eddia oficial do festival #SouManaus, com tempo de 1 &#8217;10 &#8221; (um minuto e dez segundos) de minutagem, rodou em um dos tel\u00f5es instalados num dos principais pontos tur\u00edsticos do mundo e um dos cart\u00f5es-postais mais marcantes de NY, nos Estados Unidos. O v\u00eddeo mostra a preserva\u00e7\u00e3o da ancestralidade ind\u00edgena, o respeito ao meio ambiente e a inova\u00e7\u00e3o tecnol\u00f3gica como eixos do maior festival de artes integradas da Amaz\u00f4nia, e convida o turista para estar em Manaus nos dias 5, 6 e 7 de setembro deste ano. &nbsp;<\/p>\n\n\n\n<p><strong>Festival de artes integradas<\/strong><\/p>\n\n\n\n<p>O \u201c#SouManaus Passo a Pa\u00e7o 2023\u201d \u00e9 o maior evento de artes integradas do Norte do pa\u00eds. Coordenado pela Funda\u00e7\u00e3o Municipal de Cultura, Turismo e Eventos (Manauscult), o festival acontecer\u00e1 na \u00e1rea portu\u00e1ria da cidade, no centro hist\u00f3rico da capital, nos dias 5, 6 e 7 de setembro.<\/p>\n\n\n\n<p>Com mais de 100 horas de programa\u00e7\u00e3o distribu\u00eddas em 13 \u00e1reas de ocupa\u00e7\u00e3o, tendo 10 horas de dura\u00e7\u00e3o, durante os tr\u00eas dias de evento, o festival ter\u00e1 como \u00e2ncora o palco \u201cGuardi\u00e3o da Amaz\u00f4nia\u201d. O local, com vista para as margens do rio Negro e mais de 40 mil metros quadrados, ser\u00e1 palco de atra\u00e7\u00f5es como Biqu\u00edni Cavad\u00e3o, Kevin o Cris, Zeca Pagodinho, Z\u00e9 Felipe e Virg\u00ednia Fonseca, Humberto Gessinger, L\u00e9o Magalh\u00e3es, Murilo Huff, Marina Sena, Lob\u00e3o e o DJ Internacional David Guetta, e contar\u00e1, pela primeira vez, com espa\u00e7o radical equipado com pista de skate, tirolesa, roda-gigante e outros atrativos.&nbsp;<\/p>\n\n\n\n<p>&#8212; &#8212; &#8212;<\/p>\n\n\n\n<p><strong>Texto &#8211;<\/strong> Emanuelle Baires \/ Manauscult<\/p>\n\n\n\n<p><strong>Fotos \u2013<\/strong> Divulga\u00e7\u00e3o \/ Manauscult<\/p>\n\n\n\n<p><strong>Dispon\u00edveis em \u2013 <\/strong><a href=\"https:\/\/flic.kr\/s\/aHBqjARDvc\">https:\/\/flic.kr\/s\/aHBqjARDvc<\/a><\/p>\n","protected":false},"excerpt":{"rendered":"","protected":false},"author":39,"featured_media":1180,"comment_status":"closed","ping_status":"closed","sticky":false,"template":"","format":"standard","meta":{"footnotes":""},"categories":[82],"tags":[168,67,139,443,9,444,69,11,445],"acf":[],"yoast_head":"<!-- This site is optimized with the Yoast SEO plugin v23.0 - https:\/\/yoast.com\/wordpress\/plugins\/seo\/ -->\n<title>Prefeitura lan\u00e7a \u2018#SouManaus Passo a Pa\u00e7o 2023\u2019 na Times Square, em New York City<\/title>\n<meta name=\"description\" content=\"O megaevento realizado pela Prefeitura de Manaus, por meio da Funda\u00e7\u00e3o Municipal de Cultura, Turismo e Eventos (Manauscult), foi lan\u00e7ado, neste s\u00e1bado, 19\/8, na Times Square, que \u00e9 um dos destinos mais famosos do mundo visitados em Nova York, nos Estados Unidos.\" \/>\n<meta name=\"robots\" content=\"noindex, follow\" \/>\n<meta property=\"og:locale\" content=\"pt_BR\" \/>\n<meta property=\"og:type\" content=\"article\" \/>\n<meta property=\"og:title\" content=\"Prefeitura lan\u00e7a \u2018#SouManaus Passo a Pa\u00e7o 2023\u2019 na Times Square, em New York City\" \/>\n<meta property=\"og:description\" content=\"O megaevento realizado pela Prefeitura de Manaus, por meio da Funda\u00e7\u00e3o Municipal de Cultura, Turismo e Eventos (Manauscult), foi lan\u00e7ado, neste s\u00e1bado, 19\/8, na Times Square, que \u00e9 um dos destinos mais famosos do mundo visitados em Nova York, nos Estados Unidos.\" \/>\n<meta property=\"og:url\" content=\"https:\/\/www.manaus.am.gov.br\/manauscult\/prefeitura-lanca-soumanaus-passo-a-paco-2023-na-times-square-em-new-york-city\/\" \/>\n<meta property=\"og:site_name\" content=\"MANAUSCULT\" \/>\n<meta property=\"article:published_time\" content=\"2023-08-19T22:08:53+00:00\" \/>\n<meta property=\"article:modified_time\" content=\"2023-08-19T22:08:55+00:00\" \/>\n<meta property=\"og:image\" content=\"https:\/\/www.manaus.am.gov.br\/manauscult\/wp-content\/uploads\/sites\/11\/2023\/08\/IMG_8913-1024x683.jpeg\" \/>\n\t<meta property=\"og:image:width\" content=\"1024\" \/>\n\t<meta property=\"og:image:height\" content=\"683\" \/>\n\t<meta property=\"og:image:type\" content=\"image\/jpeg\" \/>\n<meta name=\"author\" content=\"Bruna Greco\" \/>\n<meta name=\"twitter:card\" content=\"summary_large_image\" \/>\n<meta name=\"twitter:label1\" content=\"Written by\" \/>\n\t<meta name=\"twitter:data1\" content=\"Bruna Greco\" \/>\n\t<meta name=\"twitter:label2\" content=\"Est. reading time\" \/>\n\t<meta name=\"twitter:data2\" content=\"4 minutos\" \/>\n<script type=\"application\/ld+json\" class=\"yoast-schema-graph\">{\"@context\":\"https:\/\/schema.org\",\"@graph\":[{\"@type\":\"WebPage\",\"@id\":\"https:\/\/www.manaus.am.gov.br\/manauscult\/prefeitura-lanca-soumanaus-passo-a-paco-2023-na-times-square-em-new-york-city\/\",\"url\":\"https:\/\/www.manaus.am.gov.br\/manauscult\/prefeitura-lanca-soumanaus-passo-a-paco-2023-na-times-square-em-new-york-city\/\",\"name\":\"Prefeitura lan\u00e7a \u2018#SouManaus Passo a Pa\u00e7o 2023\u2019 na Times Square, em New York City\",\"isPartOf\":{\"@id\":\"https:\/\/www.manaus.am.gov.br\/manauscult\/#website\"},\"primaryImageOfPage\":{\"@id\":\"https:\/\/www.manaus.am.gov.br\/manauscult\/prefeitura-lanca-soumanaus-passo-a-paco-2023-na-times-square-em-new-york-city\/#primaryimage\"},\"image\":{\"@id\":\"https:\/\/www.manaus.am.gov.br\/manauscult\/prefeitura-lanca-soumanaus-passo-a-paco-2023-na-times-square-em-new-york-city\/#primaryimage\"},\"thumbnailUrl\":\"https:\/\/www.manaus.am.gov.br\/manauscult\/wp-content\/uploads\/sites\/11\/2023\/08\/IMG_8913.jpeg\",\"datePublished\":\"2023-08-19T22:08:53+00:00\",\"dateModified\":\"2023-08-19T22:08:55+00:00\",\"author\":{\"@id\":\"https:\/\/www.manaus.am.gov.br\/manauscult\/#\/schema\/person\/05d223aea2bf115f9883a6ff3683d81b\"},\"description\":\"O megaevento realizado pela Prefeitura de Manaus, por meio da Funda\u00e7\u00e3o Municipal de Cultura, Turismo e Eventos (Manauscult), foi lan\u00e7ado, neste s\u00e1bado, 19\/8, na Times Square, que \u00e9 um dos destinos mais famosos do mundo visitados em Nova York, nos Estados Unidos.\",\"breadcrumb\":{\"@id\":\"https:\/\/www.manaus.am.gov.br\/manauscult\/prefeitura-lanca-soumanaus-passo-a-paco-2023-na-times-square-em-new-york-city\/#breadcrumb\"},\"inLanguage\":\"pt-BR\",\"potentialAction\":[{\"@type\":\"ReadAction\",\"target\":[\"https:\/\/www.manaus.am.gov.br\/manauscult\/prefeitura-lanca-soumanaus-passo-a-paco-2023-na-times-square-em-new-york-city\/\"]}]},{\"@type\":\"ImageObject\",\"inLanguage\":\"pt-BR\",\"@id\":\"https:\/\/www.manaus.am.gov.br\/manauscult\/prefeitura-lanca-soumanaus-passo-a-paco-2023-na-times-square-em-new-york-city\/#primaryimage\",\"url\":\"https:\/\/www.manaus.am.gov.br\/manauscult\/wp-content\/uploads\/sites\/11\/2023\/08\/IMG_8913.jpeg\",\"contentUrl\":\"https:\/\/www.manaus.am.gov.br\/manauscult\/wp-content\/uploads\/sites\/11\/2023\/08\/IMG_8913.jpeg\",\"width\":6720,\"height\":4480},{\"@type\":\"BreadcrumbList\",\"@id\":\"https:\/\/www.manaus.am.gov.br\/manauscult\/prefeitura-lanca-soumanaus-passo-a-paco-2023-na-times-square-em-new-york-city\/#breadcrumb\",\"itemListElement\":[{\"@type\":\"ListItem\",\"position\":1,\"name\":\"Home\",\"item\":\"https:\/\/www.manaus.am.gov.br\/manauscult\/\"},{\"@type\":\"ListItem\",\"position\":2,\"name\":\"Prefeitura lan\u00e7a \u2018#SouManaus Passo a Pa\u00e7o 2023\u2019 na Times Square, em New York City\"}]},{\"@type\":\"WebSite\",\"@id\":\"https:\/\/www.manaus.am.gov.br\/manauscult\/#website\",\"url\":\"https:\/\/www.manaus.am.gov.br\/manauscult\/\",\"name\":\"MANAUSCULT\",\"description\":\"Prefeitura de Manaus\",\"potentialAction\":[{\"@type\":\"SearchAction\",\"target\":{\"@type\":\"EntryPoint\",\"urlTemplate\":\"https:\/\/www.manaus.am.gov.br\/manauscult\/?s={search_term_string}\"},\"query-input\":\"required name=search_term_string\"}],\"inLanguage\":\"pt-BR\"},{\"@type\":\"Person\",\"@id\":\"https:\/\/www.manaus.am.gov.br\/manauscult\/#\/schema\/person\/05d223aea2bf115f9883a6ff3683d81b\",\"name\":\"Bruna Greco\",\"image\":{\"@type\":\"ImageObject\",\"inLanguage\":\"pt-BR\",\"@id\":\"https:\/\/www.manaus.am.gov.br\/manauscult\/#\/schema\/person\/image\/\",\"url\":\"https:\/\/secure.gravatar.com\/avatar\/9c877d1a6adc2a055330e5c09a8653ce?s=96&d=mm&r=g\",\"contentUrl\":\"https:\/\/secure.gravatar.com\/avatar\/9c877d1a6adc2a055330e5c09a8653ce?s=96&d=mm&r=g\",\"caption\":\"Bruna Greco\"}}]}<\/script>\n<!-- \/ Yoast SEO plugin. -->","yoast_head_json":{"title":"Prefeitura lan\u00e7a \u2018#SouManaus Passo a Pa\u00e7o 2023\u2019 na Times Square, em New York City","description":"O megaevento realizado pela Prefeitura de Manaus, por meio da Funda\u00e7\u00e3o Municipal de Cultura, Turismo e Eventos (Manauscult), foi lan\u00e7ado, neste s\u00e1bado, 19\/8, na Times Square, que \u00e9 um dos destinos mais famosos do mundo visitados em Nova York, nos Estados Unidos.","robots":{"index":"noindex","follow":"follow"},"og_locale":"pt_BR","og_type":"article","og_title":"Prefeitura lan\u00e7a \u2018#SouManaus Passo a Pa\u00e7o 2023\u2019 na Times Square, em New York City","og_description":"O megaevento realizado pela Prefeitura de Manaus, por meio da Funda\u00e7\u00e3o Municipal de Cultura, Turismo e Eventos (Manauscult), foi lan\u00e7ado, neste s\u00e1bado, 19\/8, na Times Square, que \u00e9 um dos destinos mais famosos do mundo visitados em Nova York, nos Estados Unidos.","og_url":"https:\/\/www.manaus.am.gov.br\/manauscult\/prefeitura-lanca-soumanaus-passo-a-paco-2023-na-times-square-em-new-york-city\/","og_site_name":"MANAUSCULT","article_published_time":"2023-08-19T22:08:53+00:00","article_modified_time":"2023-08-19T22:08:55+00:00","og_image":[{"width":1024,"height":683,"url":"https:\/\/www.manaus.am.gov.br\/manauscult\/wp-content\/uploads\/sites\/11\/2023\/08\/IMG_8913-1024x683.jpeg","type":"image\/jpeg"}],"author":"Bruna Greco","twitter_card":"summary_large_image","twitter_misc":{"Written by":"Bruna Greco","Est. reading time":"4 minutos"},"schema":{"@context":"https:\/\/schema.org","@graph":[{"@type":"WebPage","@id":"https:\/\/www.manaus.am.gov.br\/manauscult\/prefeitura-lanca-soumanaus-passo-a-paco-2023-na-times-square-em-new-york-city\/","url":"https:\/\/www.manaus.am.gov.br\/manauscult\/prefeitura-lanca-soumanaus-passo-a-paco-2023-na-times-square-em-new-york-city\/","name":"Prefeitura lan\u00e7a \u2018#SouManaus Passo a Pa\u00e7o 2023\u2019 na Times Square, em New York City","isPartOf":{"@id":"https:\/\/www.manaus.am.gov.br\/manauscult\/#website"},"primaryImageOfPage":{"@id":"https:\/\/www.manaus.am.gov.br\/manauscult\/prefeitura-lanca-soumanaus-passo-a-paco-2023-na-times-square-em-new-york-city\/#primaryimage"},"image":{"@id":"https:\/\/www.manaus.am.gov.br\/manauscult\/prefeitura-lanca-soumanaus-passo-a-paco-2023-na-times-square-em-new-york-city\/#primaryimage"},"thumbnailUrl":"https:\/\/www.manaus.am.gov.br\/manauscult\/wp-content\/uploads\/sites\/11\/2023\/08\/IMG_8913.jpeg","datePublished":"2023-08-19T22:08:53+00:00","dateModified":"2023-08-19T22:08:55+00:00","author":{"@id":"https:\/\/www.manaus.am.gov.br\/manauscult\/#\/schema\/person\/05d223aea2bf115f9883a6ff3683d81b"},"description":"O megaevento realizado pela Prefeitura de Manaus, por meio da Funda\u00e7\u00e3o Municipal de Cultura, Turismo e Eventos (Manauscult), foi lan\u00e7ado, neste s\u00e1bado, 19\/8, na Times Square, que \u00e9 um dos destinos mais famosos do mundo visitados em Nova York, nos Estados Unidos.","breadcrumb":{"@id":"https:\/\/www.manaus.am.gov.br\/manauscult\/prefeitura-lanca-soumanaus-passo-a-paco-2023-na-times-square-em-new-york-city\/#breadcrumb"},"inLanguage":"pt-BR","potentialAction":[{"@type":"ReadAction","target":["https:\/\/www.manaus.am.gov.br\/manauscult\/prefeitura-lanca-soumanaus-passo-a-paco-2023-na-times-square-em-new-york-city\/"]}]},{"@type":"ImageObject","inLanguage":"pt-BR","@id":"https:\/\/www.manaus.am.gov.br\/manauscult\/prefeitura-lanca-soumanaus-passo-a-paco-2023-na-times-square-em-new-york-city\/#primaryimage","url":"https:\/\/www.manaus.am.gov.br\/manauscult\/wp-content\/uploads\/sites\/11\/2023\/08\/IMG_8913.jpeg","contentUrl":"https:\/\/www.manaus.am.gov.br\/manauscult\/wp-content\/uploads\/sites\/11\/2023\/08\/IMG_8913.jpeg","width":6720,"height":4480},{"@type":"BreadcrumbList","@id":"https:\/\/www.manaus.am.gov.br\/manauscult\/prefeitura-lanca-soumanaus-passo-a-paco-2023-na-times-square-em-new-york-city\/#breadcrumb","itemListElement":[{"@type":"ListItem","position":1,"name":"Home","item":"https:\/\/www.manaus.am.gov.br\/manauscult\/"},{"@type":"ListItem","position":2,"name":"Prefeitura lan\u00e7a \u2018#SouManaus Passo a Pa\u00e7o 2023\u2019 na Times Square, em New York City"}]},{"@type":"WebSite","@id":"https:\/\/www.manaus.am.gov.br\/manauscult\/#website","url":"https:\/\/www.manaus.am.gov.br\/manauscult\/","name":"MANAUSCULT","description":"Prefeitura de Manaus","potentialAction":[{"@type":"SearchAction","target":{"@type":"EntryPoint","urlTemplate":"https:\/\/www.manaus.am.gov.br\/manauscult\/?s={search_term_string}"},"query-input":"required name=search_term_string"}],"inLanguage":"pt-BR"},{"@type":"Person","@id":"https:\/\/www.manaus.am.gov.br\/manauscult\/#\/schema\/person\/05d223aea2bf115f9883a6ff3683d81b","name":"Bruna Greco","image":{"@type":"ImageObject","inLanguage":"pt-BR","@id":"https:\/\/www.manaus.am.gov.br\/manauscult\/#\/schema\/person\/image\/","url":"https:\/\/secure.gravatar.com\/avatar\/9c877d1a6adc2a055330e5c09a8653ce?s=96&d=mm&r=g","contentUrl":"https:\/\/secure.gravatar.com\/avatar\/9c877d1a6adc2a055330e5c09a8653ce?s=96&d=mm&r=g","caption":"Bruna Greco"}}]}},"_links":{"self":[{"href":"https:\/\/www.manaus.am.gov.br\/manauscult\/wp-json\/wp\/v2\/posts\/1179"}],"collection":[{"href":"https:\/\/www.manaus.am.gov.br\/manauscult\/wp-json\/wp\/v2\/posts"}],"about":[{"href":"https:\/\/www.manaus.am.gov.br\/manauscult\/wp-json\/wp\/v2\/types\/post"}],"author":[{"embeddable":true,"href":"https:\/\/www.manaus.am.gov.br\/manauscult\/wp-json\/wp\/v2\/users\/39"}],"replies":[{"embeddable":true,"href":"https:\/\/www.manaus.am.gov.br\/manauscult\/wp-json\/wp\/v2\/comments?post=1179"}],"version-history":[{"count":0,"href":"https:\/\/www.manaus.am.gov.br\/manauscult\/wp-json\/wp\/v2\/posts\/1179\/revisions"}],"wp:featuredmedia":[{"embeddable":true,"href":"https:\/\/www.manaus.am.gov.br\/manauscult\/wp-json\/wp\/v2\/media\/1180"}],"wp:attachment":[{"href":"https:\/\/www.manaus.am.gov.br\/manauscult\/wp-json\/wp\/v2\/media?parent=1179"}],"wp:term":[{"taxonomy":"category","embeddable":true,"href":"https:\/\/www.manaus.am.gov.br\/manauscult\/wp-json\/wp\/v2\/categories?post=1179"},{"taxonomy":"post_tag","embeddable":true,"href":"https:\/\/www.manaus.am.gov.br\/manauscult\/wp-json\/wp\/v2\/tags?post=1179"}],"curies":[{"name":"wp","href":"https:\/\/api.w.org\/{rel}","templated":true}]}}