{"id":1174,"date":"2023-08-17T14:25:51","date_gmt":"2023-08-17T18:25:51","guid":{"rendered":"https:\/\/www.manaus.am.gov.br\/manauscult\/prefeitura-inaugura-loja-do-festival-soumanaus-2023-no-manauara-shopping\/"},"modified":"2023-08-17T16:00:30","modified_gmt":"2023-08-17T20:00:30","slug":"prefeitura-inaugura-espaco-soumanaus-2023-no-manauara-shopping","status":"publish","type":"post","link":"https:\/\/www.manaus.am.gov.br\/manauscult\/prefeitura-inaugura-espaco-soumanaus-2023-no-manauara-shopping\/","title":{"rendered":"<strong>Prefeitura inaugura espa\u00e7o #SouManaus 2023 no Manauara Shopping<\/strong>"},"content":{"rendered":"\n<p>O prefeito de Manaus, David Almeida, inaugurou, nesta quinta-feira, 17\/8, um espa\u00e7o f\u00edsico do maior festival de artes integradas do Norte, o \u201c#Sou Manaus Passo a Pa\u00e7o 2023\u201d, no Manauara Shopping, localizado na avenida M\u00e1rio Ypiranga Monteiro, bairro Adrian\u00f3polis, zona Centro-Sul da cidade. No espa\u00e7o, organizado pela Prefeitura de Manaus, por meio da Funda\u00e7\u00e3o Municipal de Cultura, Turismo e Eventos (Manauscult), a popula\u00e7\u00e3o ter\u00e1 todas as informa\u00e7\u00f5es sobre o festival, al\u00e9m de aproveitar o espa\u00e7o instagram\u00e1vel para fotografias e v\u00eddeos e, ainda, concorrer a brindes.<\/p>\n\n\n\n<p>\u201cQuero parabenizar aqui a Manauscult pelo espa\u00e7o que est\u00e3o inaugurando em parceria com o Manauara Shopping, para que a gente possa divulgar a nossa marca, o nosso evento que j\u00e1 ganhou propor\u00e7\u00f5es internacionais. Aqui n\u00f3s queremos prestar um servi\u00e7o de qualidade para a popula\u00e7\u00e3o, de informa\u00e7\u00f5es sobre como vai ser a troca dos ingressos, como vai ser a programa\u00e7\u00e3o, as atra\u00e7\u00f5es, os hor\u00e1rios e tudo isso faz com que a gente possa aproximar ainda mais o p\u00fablico desse evento que se aproxima\u201d, informou o prefeito.<\/p>\n\n\n\n<p>Durante a a\u00e7\u00e3o, David Almeida tamb\u00e9m falou que esta edi\u00e7\u00e3o do #SouManaus est\u00e1 com abordagem sustent\u00e1vel de preserva\u00e7\u00e3o do meio ambiente. O prefeito explicou como vai funcionar a troca de ingressos por garrafas PETs.<\/p>\n\n\n\n<p>\u201cTeremos uma pegada de sustentabilidade ambiental. No show principal do evento, que \u00e9 a atra\u00e7\u00e3o internacional, o David Guetta, n\u00f3s vamos disponibilizar na abertura do link da inscri\u00e7\u00e3o, dez mil ingressos, e n\u00f3s vamos trocar cada ingresso por 30 garrafas PETs, para que elas n\u00e3o possam poluir os nossos rios e igarap\u00e9s. Faremos parceria com as empresas de reciclagem e essas garrafas ser\u00e3o levadas para um outro local, assim n\u00f3s vamos tirar uma quantidade muito grande de garrafas dos nossos lix\u00f5es, das nossas lixeiras, dos nossos rios e igarap\u00e9s\u201d, completou Almeida.<\/p>\n\n\n\n<p><strong>Espa\u00e7o #SouManaus<\/strong><\/p>\n\n\n\n<p>Na fachada do espa\u00e7o, est\u00e3o todas as atra\u00e7\u00f5es que o #SouManaus vai receber nos dias 5, 6 e 7 de setembro. A \u00e1rea interna possui um tel\u00e3o de LED, bancada de atendimento ao p\u00fablico al\u00e9m de um espa\u00e7o instagram\u00e1vel. Quem passa pelo local, j\u00e1 consegue sentir um pouco do que vai ocorrer no centro hist\u00f3rico da cidade.<\/p>\n\n\n\n<p>Informa\u00e7\u00f5es sobre credenciamento para acesso aos shows, locais de troca de ingressos, line-up, localiza\u00e7\u00e3o e atra\u00e7\u00f5es de cada palco tamb\u00e9m poder\u00e3o ser obtidas diretamente no espa\u00e7o #SouManaus, que vai funcionar de segunda-feira a s\u00e1bado, de 10h \u00e0s 22h, e aos domingos de 12h \u00e0s 21h, ou por meio do chatbot de intelig\u00eancia artificial \u201cAmana\u201d que ser\u00e1 disponibilizada nos pr\u00f3ximos dias.<\/p>\n\n\n\n<p>\u201cA gente precisa informatizar isso e de maneira pioneira a Prefeitura de Manaus vai fazer esse lan\u00e7amento. O chatbot \u2018Amana\u2019 \u00e9 uma intelig\u00eancia artificial onde voc\u00ea vai conversar com ela no WhatsApp, tirar d\u00favidas, vai ter um case de perguntas, desde palco, onde vai trocar ingresso, todo o circuito e hor\u00e1rios. Essa \u00e9 mais uma das inova\u00e7\u00f5es que a gente est\u00e1 trazendo para o #SouManaus, para que todo mundo tire todas as d\u00favidas de forma mais f\u00e1cil\u201d, pontuou o diretor-presidente da Manauscult, Osvaldo Cardoso.<\/p>\n\n\n\n<p>A festa, que na edi\u00e7\u00e3o anterior reuniu mais de 380 mil pessoas, vem agora em 2023 superar a expectativa de p\u00fablico e de apresenta\u00e7\u00f5es de artistas locais e nacionais. Ser\u00e3o mais de 600 artistas manauaras nos tr\u00eas dias de evento.<\/p>\n\n\n\n<p>&#8212; &#8212; &#8212;<\/p>\n\n\n\n<p><strong>Texto &#8211;<\/strong> Beathriz Torres e Fl\u00e1via Moura \/ Semcom e Divulga\u00e7\u00e3o \/ Manauscult<\/p>\n\n\n\n<p><strong>Fotos \u2013<\/strong> Dhyeizo Lemos e Cl\u00f3vis Miranda \/ Semcom<\/p>\n\n\n\n<p><strong>Dispon\u00edveis em &#8211;<\/strong> <a href=\"https:\/\/flic.kr\/s\/aHBqjARsba\">https:\/\/flic.kr\/s\/aHBqjARsba<\/a><\/p>\n","protected":false},"excerpt":{"rendered":"","protected":false},"author":24,"featured_media":1175,"comment_status":"closed","ping_status":"closed","sticky":false,"template":"","format":"standard","meta":{"footnotes":""},"categories":[12],"tags":[426,427,67,428,429,430,431,438,435,10,11,436,437],"acf":[],"yoast_head":"<!-- This site is optimized with the Yoast SEO plugin v23.0 - https:\/\/yoast.com\/wordpress\/plugins\/seo\/ -->\n<title>Prefeitura inaugura espa\u00e7o #SouManaus 2023 no Manauara Shopping - MANAUSCULT<\/title>\n<meta name=\"description\" content=\"O prefeito de Manaus, David Almeida, inaugurou, nesta quinta-feira, 17\/8, um espa\u00e7o f\u00edsico do maior festival de artes integradas do Norte, o \u201c#Sou Manaus Passo a Pa\u00e7o 2023\u201d, no Manauara Shopping, localizado na avenida M\u00e1rio Ypiranga Monteiro, bairro Adrian\u00f3polis, zona Centro-Sul da cidade.\" \/>\n<meta name=\"robots\" content=\"noindex, follow\" \/>\n<meta property=\"og:locale\" content=\"pt_BR\" \/>\n<meta property=\"og:type\" content=\"article\" \/>\n<meta property=\"og:title\" content=\"Prefeitura inaugura espa\u00e7o #SouManaus 2023 no Manauara Shopping - MANAUSCULT\" \/>\n<meta property=\"og:description\" content=\"O prefeito de Manaus, David Almeida, inaugurou, nesta quinta-feira, 17\/8, um espa\u00e7o f\u00edsico do maior festival de artes integradas do Norte, o \u201c#Sou Manaus Passo a Pa\u00e7o 2023\u201d, no Manauara Shopping, localizado na avenida M\u00e1rio Ypiranga Monteiro, bairro Adrian\u00f3polis, zona Centro-Sul da cidade.\" \/>\n<meta property=\"og:url\" content=\"https:\/\/www.manaus.am.gov.br\/manauscult\/prefeitura-inaugura-espaco-soumanaus-2023-no-manauara-shopping\/\" \/>\n<meta property=\"og:site_name\" content=\"MANAUSCULT\" \/>\n<meta property=\"article:published_time\" content=\"2023-08-17T18:25:51+00:00\" \/>\n<meta property=\"article:modified_time\" content=\"2023-08-17T20:00:30+00:00\" \/>\n<meta property=\"og:image\" content=\"https:\/\/www.manaus.am.gov.br\/manauscult\/wp-content\/uploads\/sites\/11\/2023\/08\/Prefeitura-inaugura-loja-do-festival-\u2018SouManaus-2023-no-Manauara-Shopping-2-1024x683.jpg\" \/>\n\t<meta property=\"og:image:width\" content=\"1024\" \/>\n\t<meta property=\"og:image:height\" content=\"683\" \/>\n\t<meta property=\"og:image:type\" content=\"image\/jpeg\" \/>\n<meta name=\"author\" content=\"Cl\u00e1udia Barbosa\" \/>\n<meta name=\"twitter:card\" content=\"summary_large_image\" \/>\n<meta name=\"twitter:label1\" content=\"Written by\" \/>\n\t<meta name=\"twitter:data1\" content=\"Cl\u00e1udia Barbosa\" \/>\n\t<meta name=\"twitter:label2\" content=\"Est. reading time\" \/>\n\t<meta name=\"twitter:data2\" content=\"4 minutos\" \/>\n<script type=\"application\/ld+json\" class=\"yoast-schema-graph\">{\"@context\":\"https:\/\/schema.org\",\"@graph\":[{\"@type\":\"WebPage\",\"@id\":\"https:\/\/www.manaus.am.gov.br\/manauscult\/prefeitura-inaugura-espaco-soumanaus-2023-no-manauara-shopping\/\",\"url\":\"https:\/\/www.manaus.am.gov.br\/manauscult\/prefeitura-inaugura-espaco-soumanaus-2023-no-manauara-shopping\/\",\"name\":\"Prefeitura inaugura espa\u00e7o #SouManaus 2023 no Manauara Shopping - MANAUSCULT\",\"isPartOf\":{\"@id\":\"https:\/\/www.manaus.am.gov.br\/manauscult\/#website\"},\"primaryImageOfPage\":{\"@id\":\"https:\/\/www.manaus.am.gov.br\/manauscult\/prefeitura-inaugura-espaco-soumanaus-2023-no-manauara-shopping\/#primaryimage\"},\"image\":{\"@id\":\"https:\/\/www.manaus.am.gov.br\/manauscult\/prefeitura-inaugura-espaco-soumanaus-2023-no-manauara-shopping\/#primaryimage\"},\"thumbnailUrl\":\"https:\/\/www.manaus.am.gov.br\/manauscult\/wp-content\/uploads\/sites\/11\/2023\/08\/Prefeitura-inaugura-loja-do-festival-\u2018SouManaus-2023-no-Manauara-Shopping-2.jpg\",\"datePublished\":\"2023-08-17T18:25:51+00:00\",\"dateModified\":\"2023-08-17T20:00:30+00:00\",\"author\":{\"@id\":\"https:\/\/www.manaus.am.gov.br\/manauscult\/#\/schema\/person\/d0a166b5031154c33c77794ddc9a827e\"},\"description\":\"O prefeito de Manaus, David Almeida, inaugurou, nesta quinta-feira, 17\/8, um espa\u00e7o f\u00edsico do maior festival de artes integradas do Norte, o \u201c#Sou Manaus Passo a Pa\u00e7o 2023\u201d, no Manauara Shopping, localizado na avenida M\u00e1rio Ypiranga Monteiro, bairro Adrian\u00f3polis, zona Centro-Sul da cidade.\",\"breadcrumb\":{\"@id\":\"https:\/\/www.manaus.am.gov.br\/manauscult\/prefeitura-inaugura-espaco-soumanaus-2023-no-manauara-shopping\/#breadcrumb\"},\"inLanguage\":\"pt-BR\",\"potentialAction\":[{\"@type\":\"ReadAction\",\"target\":[\"https:\/\/www.manaus.am.gov.br\/manauscult\/prefeitura-inaugura-espaco-soumanaus-2023-no-manauara-shopping\/\"]}]},{\"@type\":\"ImageObject\",\"inLanguage\":\"pt-BR\",\"@id\":\"https:\/\/www.manaus.am.gov.br\/manauscult\/prefeitura-inaugura-espaco-soumanaus-2023-no-manauara-shopping\/#primaryimage\",\"url\":\"https:\/\/www.manaus.am.gov.br\/manauscult\/wp-content\/uploads\/sites\/11\/2023\/08\/Prefeitura-inaugura-loja-do-festival-\u2018SouManaus-2023-no-Manauara-Shopping-2.jpg\",\"contentUrl\":\"https:\/\/www.manaus.am.gov.br\/manauscult\/wp-content\/uploads\/sites\/11\/2023\/08\/Prefeitura-inaugura-loja-do-festival-\u2018SouManaus-2023-no-Manauara-Shopping-2.jpg\",\"width\":4464,\"height\":2976},{\"@type\":\"BreadcrumbList\",\"@id\":\"https:\/\/www.manaus.am.gov.br\/manauscult\/prefeitura-inaugura-espaco-soumanaus-2023-no-manauara-shopping\/#breadcrumb\",\"itemListElement\":[{\"@type\":\"ListItem\",\"position\":1,\"name\":\"Home\",\"item\":\"https:\/\/www.manaus.am.gov.br\/manauscult\/\"},{\"@type\":\"ListItem\",\"position\":2,\"name\":\"Prefeitura inaugura espa\u00e7o #SouManaus 2023 no Manauara Shopping\"}]},{\"@type\":\"WebSite\",\"@id\":\"https:\/\/www.manaus.am.gov.br\/manauscult\/#website\",\"url\":\"https:\/\/www.manaus.am.gov.br\/manauscult\/\",\"name\":\"MANAUSCULT\",\"description\":\"Prefeitura de Manaus\",\"potentialAction\":[{\"@type\":\"SearchAction\",\"target\":{\"@type\":\"EntryPoint\",\"urlTemplate\":\"https:\/\/www.manaus.am.gov.br\/manauscult\/?s={search_term_string}\"},\"query-input\":\"required name=search_term_string\"}],\"inLanguage\":\"pt-BR\"},{\"@type\":\"Person\",\"@id\":\"https:\/\/www.manaus.am.gov.br\/manauscult\/#\/schema\/person\/d0a166b5031154c33c77794ddc9a827e\",\"name\":\"Cl\u00e1udia Barbosa\",\"image\":{\"@type\":\"ImageObject\",\"inLanguage\":\"pt-BR\",\"@id\":\"https:\/\/www.manaus.am.gov.br\/manauscult\/#\/schema\/person\/image\/\",\"url\":\"https:\/\/secure.gravatar.com\/avatar\/42958a1cf007f1a00534009218c72590?s=96&d=mm&r=g\",\"contentUrl\":\"https:\/\/secure.gravatar.com\/avatar\/42958a1cf007f1a00534009218c72590?s=96&d=mm&r=g\",\"caption\":\"Cl\u00e1udia Barbosa\"}}]}<\/script>\n<!-- \/ Yoast SEO plugin. -->","yoast_head_json":{"title":"Prefeitura inaugura espa\u00e7o #SouManaus 2023 no Manauara Shopping - MANAUSCULT","description":"O prefeito de Manaus, David Almeida, inaugurou, nesta quinta-feira, 17\/8, um espa\u00e7o f\u00edsico do maior festival de artes integradas do Norte, o \u201c#Sou Manaus Passo a Pa\u00e7o 2023\u201d, no Manauara Shopping, localizado na avenida M\u00e1rio Ypiranga Monteiro, bairro Adrian\u00f3polis, zona Centro-Sul da cidade.","robots":{"index":"noindex","follow":"follow"},"og_locale":"pt_BR","og_type":"article","og_title":"Prefeitura inaugura espa\u00e7o #SouManaus 2023 no Manauara Shopping - MANAUSCULT","og_description":"O prefeito de Manaus, David Almeida, inaugurou, nesta quinta-feira, 17\/8, um espa\u00e7o f\u00edsico do maior festival de artes integradas do Norte, o \u201c#Sou Manaus Passo a Pa\u00e7o 2023\u201d, no Manauara Shopping, localizado na avenida M\u00e1rio Ypiranga Monteiro, bairro Adrian\u00f3polis, zona Centro-Sul da cidade.","og_url":"https:\/\/www.manaus.am.gov.br\/manauscult\/prefeitura-inaugura-espaco-soumanaus-2023-no-manauara-shopping\/","og_site_name":"MANAUSCULT","article_published_time":"2023-08-17T18:25:51+00:00","article_modified_time":"2023-08-17T20:00:30+00:00","og_image":[{"width":1024,"height":683,"url":"https:\/\/www.manaus.am.gov.br\/manauscult\/wp-content\/uploads\/sites\/11\/2023\/08\/Prefeitura-inaugura-loja-do-festival-\u2018SouManaus-2023-no-Manauara-Shopping-2-1024x683.jpg","type":"image\/jpeg"}],"author":"Cl\u00e1udia Barbosa","twitter_card":"summary_large_image","twitter_misc":{"Written by":"Cl\u00e1udia Barbosa","Est. reading time":"4 minutos"},"schema":{"@context":"https:\/\/schema.org","@graph":[{"@type":"WebPage","@id":"https:\/\/www.manaus.am.gov.br\/manauscult\/prefeitura-inaugura-espaco-soumanaus-2023-no-manauara-shopping\/","url":"https:\/\/www.manaus.am.gov.br\/manauscult\/prefeitura-inaugura-espaco-soumanaus-2023-no-manauara-shopping\/","name":"Prefeitura inaugura espa\u00e7o #SouManaus 2023 no Manauara Shopping - MANAUSCULT","isPartOf":{"@id":"https:\/\/www.manaus.am.gov.br\/manauscult\/#website"},"primaryImageOfPage":{"@id":"https:\/\/www.manaus.am.gov.br\/manauscult\/prefeitura-inaugura-espaco-soumanaus-2023-no-manauara-shopping\/#primaryimage"},"image":{"@id":"https:\/\/www.manaus.am.gov.br\/manauscult\/prefeitura-inaugura-espaco-soumanaus-2023-no-manauara-shopping\/#primaryimage"},"thumbnailUrl":"https:\/\/www.manaus.am.gov.br\/manauscult\/wp-content\/uploads\/sites\/11\/2023\/08\/Prefeitura-inaugura-loja-do-festival-\u2018SouManaus-2023-no-Manauara-Shopping-2.jpg","datePublished":"2023-08-17T18:25:51+00:00","dateModified":"2023-08-17T20:00:30+00:00","author":{"@id":"https:\/\/www.manaus.am.gov.br\/manauscult\/#\/schema\/person\/d0a166b5031154c33c77794ddc9a827e"},"description":"O prefeito de Manaus, David Almeida, inaugurou, nesta quinta-feira, 17\/8, um espa\u00e7o f\u00edsico do maior festival de artes integradas do Norte, o \u201c#Sou Manaus Passo a Pa\u00e7o 2023\u201d, no Manauara Shopping, localizado na avenida M\u00e1rio Ypiranga Monteiro, bairro Adrian\u00f3polis, zona Centro-Sul da cidade.","breadcrumb":{"@id":"https:\/\/www.manaus.am.gov.br\/manauscult\/prefeitura-inaugura-espaco-soumanaus-2023-no-manauara-shopping\/#breadcrumb"},"inLanguage":"pt-BR","potentialAction":[{"@type":"ReadAction","target":["https:\/\/www.manaus.am.gov.br\/manauscult\/prefeitura-inaugura-espaco-soumanaus-2023-no-manauara-shopping\/"]}]},{"@type":"ImageObject","inLanguage":"pt-BR","@id":"https:\/\/www.manaus.am.gov.br\/manauscult\/prefeitura-inaugura-espaco-soumanaus-2023-no-manauara-shopping\/#primaryimage","url":"https:\/\/www.manaus.am.gov.br\/manauscult\/wp-content\/uploads\/sites\/11\/2023\/08\/Prefeitura-inaugura-loja-do-festival-\u2018SouManaus-2023-no-Manauara-Shopping-2.jpg","contentUrl":"https:\/\/www.manaus.am.gov.br\/manauscult\/wp-content\/uploads\/sites\/11\/2023\/08\/Prefeitura-inaugura-loja-do-festival-\u2018SouManaus-2023-no-Manauara-Shopping-2.jpg","width":4464,"height":2976},{"@type":"BreadcrumbList","@id":"https:\/\/www.manaus.am.gov.br\/manauscult\/prefeitura-inaugura-espaco-soumanaus-2023-no-manauara-shopping\/#breadcrumb","itemListElement":[{"@type":"ListItem","position":1,"name":"Home","item":"https:\/\/www.manaus.am.gov.br\/manauscult\/"},{"@type":"ListItem","position":2,"name":"Prefeitura inaugura espa\u00e7o #SouManaus 2023 no Manauara Shopping"}]},{"@type":"WebSite","@id":"https:\/\/www.manaus.am.gov.br\/manauscult\/#website","url":"https:\/\/www.manaus.am.gov.br\/manauscult\/","name":"MANAUSCULT","description":"Prefeitura de Manaus","potentialAction":[{"@type":"SearchAction","target":{"@type":"EntryPoint","urlTemplate":"https:\/\/www.manaus.am.gov.br\/manauscult\/?s={search_term_string}"},"query-input":"required name=search_term_string"}],"inLanguage":"pt-BR"},{"@type":"Person","@id":"https:\/\/www.manaus.am.gov.br\/manauscult\/#\/schema\/person\/d0a166b5031154c33c77794ddc9a827e","name":"Cl\u00e1udia Barbosa","image":{"@type":"ImageObject","inLanguage":"pt-BR","@id":"https:\/\/www.manaus.am.gov.br\/manauscult\/#\/schema\/person\/image\/","url":"https:\/\/secure.gravatar.com\/avatar\/42958a1cf007f1a00534009218c72590?s=96&d=mm&r=g","contentUrl":"https:\/\/secure.gravatar.com\/avatar\/42958a1cf007f1a00534009218c72590?s=96&d=mm&r=g","caption":"Cl\u00e1udia Barbosa"}}]}},"_links":{"self":[{"href":"https:\/\/www.manaus.am.gov.br\/manauscult\/wp-json\/wp\/v2\/posts\/1174"}],"collection":[{"href":"https:\/\/www.manaus.am.gov.br\/manauscult\/wp-json\/wp\/v2\/posts"}],"about":[{"href":"https:\/\/www.manaus.am.gov.br\/manauscult\/wp-json\/wp\/v2\/types\/post"}],"author":[{"embeddable":true,"href":"https:\/\/www.manaus.am.gov.br\/manauscult\/wp-json\/wp\/v2\/users\/24"}],"replies":[{"embeddable":true,"href":"https:\/\/www.manaus.am.gov.br\/manauscult\/wp-json\/wp\/v2\/comments?post=1174"}],"version-history":[{"count":1,"href":"https:\/\/www.manaus.am.gov.br\/manauscult\/wp-json\/wp\/v2\/posts\/1174\/revisions"}],"predecessor-version":[{"id":1176,"href":"https:\/\/www.manaus.am.gov.br\/manauscult\/wp-json\/wp\/v2\/posts\/1174\/revisions\/1176"}],"wp:featuredmedia":[{"embeddable":true,"href":"https:\/\/www.manaus.am.gov.br\/manauscult\/wp-json\/wp\/v2\/media\/1175"}],"wp:attachment":[{"href":"https:\/\/www.manaus.am.gov.br\/manauscult\/wp-json\/wp\/v2\/media?parent=1174"}],"wp:term":[{"taxonomy":"category","embeddable":true,"href":"https:\/\/www.manaus.am.gov.br\/manauscult\/wp-json\/wp\/v2\/categories?post=1174"},{"taxonomy":"post_tag","embeddable":true,"href":"https:\/\/www.manaus.am.gov.br\/manauscult\/wp-json\/wp\/v2\/tags?post=1174"}],"curies":[{"name":"wp","href":"https:\/\/api.w.org\/{rel}","templated":true}]}}