{"id":1170,"date":"2023-08-16T22:10:38","date_gmt":"2023-08-17T02:10:38","guid":{"rendered":"https:\/\/www.manaus.am.gov.br\/manauscult\/prefeitura-realiza-noite-de-autografos-com-autores-vencedores-dos-premios-literarios-cidade-de-manaus\/"},"modified":"2023-08-16T22:15:15","modified_gmt":"2023-08-17T02:15:15","slug":"prefeitura-realiza-noite-de-autografos-com-autores-vencedores-dos-premios-literarios-cidade-de-manaus","status":"publish","type":"post","link":"https:\/\/www.manaus.am.gov.br\/manauscult\/prefeitura-realiza-noite-de-autografos-com-autores-vencedores-dos-premios-literarios-cidade-de-manaus\/","title":{"rendered":"<strong>Prefeitura realiza noite de aut\u00f3grafos com autores vencedores dos pr\u00eamios Liter\u00e1rios Cidade de Manaus<\/strong>"},"content":{"rendered":"\n<p>A Prefeitura de Manaus, por meio da Funda\u00e7\u00e3o Municipal de Cultura, Turismo e Eventos (Manauscult) e do Conselho Municipal de Cultura (Concultura), realizou, nesta quarta-feira, 16\/8, o lan\u00e7amento das obras dos Pr\u00eamios Liter\u00e1rios Cidade de Manaus, com uma noite de aut\u00f3grafos com os autores das obras vencedoras no ano de 2021, no centro cultural Pal\u00e1cio Rio Negro, na avenida 7 de Setembro, no centro hist\u00f3rico.&nbsp;A programa\u00e7\u00e3o resgata a tradi\u00e7\u00e3o de imprimir exemplares das obras vencedoras, deste que \u00e9 um dos mais importantes pr\u00eamios liter\u00e1rios do pa\u00eds.&nbsp;<\/p>\n\n\n\n<p>A tiragem inicial foi de 200 exemplares de cada obra, das quais 10% ficam com os autores e 50% ser\u00e3o distribu\u00eddos pela Secretaria Municipal de Educa\u00e7\u00e3o (Semed) \u00e0s escolas e bibliotecas p\u00fablicas.<\/p>\n\n\n\n<p>O diretor-presidente da Manauscult, Osvaldo Cardoso, destaca que a cultura de Manaus ganhou um novo olhar da gest\u00e3o do prefeito David Almeida.<\/p>\n\n\n\n<p>\u201cO trabalho do prefeito David Almeida com a cultura, com os artistas, n\u00e3o est\u00e1 apenas no discurso, mas na pr\u00e1tica. Um dos exemplos das a\u00e7\u00f5es da prefeitura \u00e9 a impress\u00e3o das obras liter\u00e1rias desses artistas, que al\u00e9m de valorizar o trabalho dos escritores, incentiva a popula\u00e7\u00e3o ao h\u00e1bito da leitura\u201d, refor\u00e7ou Cardoso.<\/p>\n\n\n\n<p>Para o presidente do Concultura, Ten\u00f3rio Telles, o cultivo das express\u00f5es art\u00edsticas \u00e9 de fundamental import\u00e2ncia para a vida de uma sociedade, gerando oportunidade de frui\u00e7\u00e3o por parte dos indiv\u00edduos e colabora para estimular os talentos criativos.&nbsp;\u201cOs Pr\u00eamios Cidade de Manaus t\u00eam contribu\u00eddo para fomentar a arte da palavra e fomentar os criadores que se dedicam \u00e0 produ\u00e7\u00e3o liter\u00e1ria&#8221;.<\/p>\n\n\n\n<p>Telles reafirma que a publica\u00e7\u00e3o das obras vencedoras \u00e9 um reconhecimento para esses escritores e, desse modo, a prefeitura colabora para promover a literatura em nossa terra.<\/p>\n\n\n\n<p>Tr\u00eas autores manauaras estiveram presentes na noite de aut\u00f3grafos, vencedores nos segmentos poesia e ensaios socioecon\u00f4mico e folclore.<\/p>\n\n\n\n<p>A poeta Grace Cordeiro,&nbsp; autora do livro &#8220;Sublingual: Cactos flutuantes&#8221;, explica como a obra foi concebida e constru\u00edda. &#8220;Este livro \u00e9 uma homenagem ao feminino, \u00e0s artistas, \u00e0s escritoras, \u00e0s fil\u00f3sofas que me influenciaram, um resultado de 20 anos&nbsp;desde quando eu participava do grupo de haicai Sama\u00fama, da Rosa Clemente e Anibal Be\u00e7a&#8221;, conta.<\/p>\n\n\n\n<p>Os Pr\u00eamios Liter\u00e1rios Cidade de Manaus, edi\u00e7\u00e3o 2021, d\u00e3o continuidade a essa jornada da palavra escrita, por meio de sele\u00e7\u00e3o e publica\u00e7\u00e3o de obras liter\u00e1rias in\u00e9ditas em l\u00edngua portuguesa.<\/p>\n\n\n\n<p><strong>Autores locais<\/strong><\/p>\n\n\n\n<p>Rodrigo de Ara\u00fajo Ribeiro \u2013 Livro: &#8220;Mitos ind\u00edgenas nas toadas dos bois-bumb\u00e1s de Parintins&#8221; \u2013 Pr\u00eamio Mario Ypiranga Monteiro \u201cMelhor ensaio sobre tradi\u00e7\u00f5es populares (folclore)\u201d.&nbsp;<\/p>\n\n\n\n<p>Grace da Silva Cordeiro &#8211; Livro: \u201cSublingual cactos flutuantes\u201d &#8211; Pr\u00eamio Violeta Branca Menescal, destinado ao melhor livro de poesia.\u00a0<\/p>\n\n\n\n<p>Evandro Brand\u00e3o Barbosa &#8211; Livro: \u201cNavega\u00e7\u00e3o fluvial adolescente\u201d &#8211; Pr\u00eamio Samuel Benchimol, destinado ao melhor livro de ensaio socioecon\u00f4mico.<\/p>\n\n\n\n<p>Cynthia Almeida de Souza &#8211; Pr\u00eamio Alfredo Fernandes, destinado ao melhor texto de literatura infantil &#8220;Cuinha, O Menino Ribeirinho&#8221;.<\/p>\n\n\n\n<p>R\u00f4mulo do Nascimento Pereira &#8211; Pr\u00eamio Arthur Reis, destinado ao melhor ensaio hist\u00f3rico:&nbsp; &#8220;Impress\u00f5es do Amazonas (1851 a 1910): Mem\u00f3ria&nbsp;<\/p>\n\n\n\n<p>Gr\u00e1fica e Aspectos da Hist\u00f3ria Cultural&#8221;.<\/p>\n\n\n\n<p><strong>Autores Nacionais<\/strong><\/p>\n\n\n\n<p>Livro \u201cComo \u00c9 Que se Diz Eu Te Amo?\u201d, ganhador do Pr\u00eamio Arthur Engr\u00e1cio, destinado ao melhor livro de contos. Autor: Tiago Raul Feij\u00f3 Silva.<\/p>\n\n\n\n<p>Livro \u201cAlguma Certeza\u201d, ganhador do Pr\u00eamio Violeta Branca Menescal, destinado ao melhor livro de poesia. Autor: Carlos Nathan Sousa Soares.<\/p>\n\n\n\n<p>Livro \u201cCad\u00ea o Arco-\u00cdris que Estava Aqui?\u201d, ganhador do Pr\u00eamio \u00c1lvaro Braga, destinado ao melhor texto de teatro infantil. Autor: Mario Sergio Farci.<\/p>\n\n\n\n<p>Livro \u201cO Cinema de Silvino Santos (1918-1922) E a Representa\u00e7\u00e3o Amaz\u00f4nica: Hist\u00f3ria, Arte e Sociedade\u201d, ganhador do Pr\u00eamio Cosme Alves Neto, destinado ao melhor ensaio sobre cinema. Autor: S\u00e1vio Luis Stoco.<\/p>\n\n\n\n<p>Livro \u201cO Velhinho da Casa Rosa\u201d, ganhador do Pr\u00eamio Alfredo Fernandes, destinado ao melhor texto de literatura infantil. Autor: Everson Bertucci.<\/p>\n\n\n\n<p>O lan\u00e7amento dos livros vencedores \u00e9 um momento simb\u00f3lico de valoriza\u00e7\u00e3o da literatura e dos escritores que se dedicam \u00e0 palavra e ao fazer liter\u00e1rio.<\/p>\n\n\n\n<p>&#8212; &#8212; &#8212;<\/p>\n\n\n\n<p><strong>Texto \u2013 <\/strong>Crist\u00f3v\u00e3o Nonato \/ Manauscult<\/p>\n\n\n\n<p><strong>Fotos \u2013 <\/strong>Cl\u00f3vis Miranda \/ Semcom<\/p>\n\n\n\n<p><strong>Dispon\u00edveis em &#8211; <\/strong><a href=\"https:\/\/flic.kr\/s\/aHBqjARofp\">https:\/\/flic.kr\/s\/aHBqjARofp<\/a><\/p>\n","protected":false},"excerpt":{"rendered":"","protected":false},"author":39,"featured_media":1171,"comment_status":"closed","ping_status":"closed","sticky":false,"template":"","format":"standard","meta":{"footnotes":""},"categories":[12],"tags":[423,45,424,9,11,425],"acf":[],"yoast_head":"<!-- This site is optimized with the Yoast SEO plugin v23.0 - https:\/\/yoast.com\/wordpress\/plugins\/seo\/ -->\n<title>Prefeitura realiza noite de aut\u00f3grafos com autores vencedores dos pr\u00eamios Liter\u00e1rios Cidade de Manaus<\/title>\n<meta name=\"description\" content=\"A Prefeitura de Manaus, por meio da Funda\u00e7\u00e3o Municipal de Cultura, Turismo e Eventos (Manauscult) e do Conselho Municipal de Cultura (Concultura), realizou, nesta quarta-feira, 16\/8, o lan\u00e7amento das obras dos Pr\u00eamios Liter\u00e1rios Cidade de Manaus, com uma noite de aut\u00f3grafos com os autores das obras vencedoras no ano de 2021, no centro cultural Pal\u00e1cio Rio Negro, na avenida 7 de Setembro, no centro hist\u00f3rico.\" \/>\n<meta name=\"robots\" content=\"noindex, follow\" \/>\n<meta property=\"og:locale\" content=\"pt_BR\" \/>\n<meta property=\"og:type\" content=\"article\" \/>\n<meta property=\"og:title\" content=\"Prefeitura realiza noite de aut\u00f3grafos com autores vencedores dos pr\u00eamios Liter\u00e1rios Cidade de Manaus\" \/>\n<meta property=\"og:description\" content=\"A Prefeitura de Manaus, por meio da Funda\u00e7\u00e3o Municipal de Cultura, Turismo e Eventos (Manauscult) e do Conselho Municipal de Cultura (Concultura), realizou, nesta quarta-feira, 16\/8, o lan\u00e7amento das obras dos Pr\u00eamios Liter\u00e1rios Cidade de Manaus, com uma noite de aut\u00f3grafos com os autores das obras vencedoras no ano de 2021, no centro cultural Pal\u00e1cio Rio Negro, na avenida 7 de Setembro, no centro hist\u00f3rico.\" \/>\n<meta property=\"og:url\" content=\"https:\/\/www.manaus.am.gov.br\/manauscult\/prefeitura-realiza-noite-de-autografos-com-autores-vencedores-dos-premios-literarios-cidade-de-manaus\/\" \/>\n<meta property=\"og:site_name\" content=\"MANAUSCULT\" \/>\n<meta property=\"article:published_time\" content=\"2023-08-17T02:10:38+00:00\" \/>\n<meta property=\"article:modified_time\" content=\"2023-08-17T02:15:15+00:00\" \/>\n<meta property=\"og:image\" content=\"https:\/\/www.manaus.am.gov.br\/manauscult\/wp-content\/uploads\/sites\/11\/2023\/08\/53121917139_32c7ed7d2a_k.jpg\" \/>\n\t<meta property=\"og:image:width\" content=\"2048\" \/>\n\t<meta property=\"og:image:height\" content=\"1365\" \/>\n\t<meta property=\"og:image:type\" content=\"image\/jpeg\" \/>\n<meta name=\"author\" content=\"Bruna Greco\" \/>\n<meta name=\"twitter:card\" content=\"summary_large_image\" \/>\n<meta name=\"twitter:label1\" content=\"Written by\" \/>\n\t<meta name=\"twitter:data1\" content=\"Bruna Greco\" \/>\n\t<meta name=\"twitter:label2\" content=\"Est. reading time\" \/>\n\t<meta name=\"twitter:data2\" content=\"4 minutos\" \/>\n<script type=\"application\/ld+json\" class=\"yoast-schema-graph\">{\"@context\":\"https:\/\/schema.org\",\"@graph\":[{\"@type\":\"WebPage\",\"@id\":\"https:\/\/www.manaus.am.gov.br\/manauscult\/prefeitura-realiza-noite-de-autografos-com-autores-vencedores-dos-premios-literarios-cidade-de-manaus\/\",\"url\":\"https:\/\/www.manaus.am.gov.br\/manauscult\/prefeitura-realiza-noite-de-autografos-com-autores-vencedores-dos-premios-literarios-cidade-de-manaus\/\",\"name\":\"Prefeitura realiza noite de aut\u00f3grafos com autores vencedores dos pr\u00eamios Liter\u00e1rios Cidade de Manaus\",\"isPartOf\":{\"@id\":\"https:\/\/www.manaus.am.gov.br\/manauscult\/#website\"},\"primaryImageOfPage\":{\"@id\":\"https:\/\/www.manaus.am.gov.br\/manauscult\/prefeitura-realiza-noite-de-autografos-com-autores-vencedores-dos-premios-literarios-cidade-de-manaus\/#primaryimage\"},\"image\":{\"@id\":\"https:\/\/www.manaus.am.gov.br\/manauscult\/prefeitura-realiza-noite-de-autografos-com-autores-vencedores-dos-premios-literarios-cidade-de-manaus\/#primaryimage\"},\"thumbnailUrl\":\"https:\/\/www.manaus.am.gov.br\/manauscult\/wp-content\/uploads\/sites\/11\/2023\/08\/53121917139_32c7ed7d2a_k.jpg\",\"datePublished\":\"2023-08-17T02:10:38+00:00\",\"dateModified\":\"2023-08-17T02:15:15+00:00\",\"author\":{\"@id\":\"https:\/\/www.manaus.am.gov.br\/manauscult\/#\/schema\/person\/05d223aea2bf115f9883a6ff3683d81b\"},\"description\":\"A Prefeitura de Manaus, por meio da Funda\u00e7\u00e3o Municipal de Cultura, Turismo e Eventos (Manauscult) e do Conselho Municipal de Cultura (Concultura), realizou, nesta quarta-feira, 16\/8, o lan\u00e7amento das obras dos Pr\u00eamios Liter\u00e1rios Cidade de Manaus, com uma noite de aut\u00f3grafos com os autores das obras vencedoras no ano de 2021, no centro cultural Pal\u00e1cio Rio Negro, na avenida 7 de Setembro, no centro hist\u00f3rico.\",\"breadcrumb\":{\"@id\":\"https:\/\/www.manaus.am.gov.br\/manauscult\/prefeitura-realiza-noite-de-autografos-com-autores-vencedores-dos-premios-literarios-cidade-de-manaus\/#breadcrumb\"},\"inLanguage\":\"pt-BR\",\"potentialAction\":[{\"@type\":\"ReadAction\",\"target\":[\"https:\/\/www.manaus.am.gov.br\/manauscult\/prefeitura-realiza-noite-de-autografos-com-autores-vencedores-dos-premios-literarios-cidade-de-manaus\/\"]}]},{\"@type\":\"ImageObject\",\"inLanguage\":\"pt-BR\",\"@id\":\"https:\/\/www.manaus.am.gov.br\/manauscult\/prefeitura-realiza-noite-de-autografos-com-autores-vencedores-dos-premios-literarios-cidade-de-manaus\/#primaryimage\",\"url\":\"https:\/\/www.manaus.am.gov.br\/manauscult\/wp-content\/uploads\/sites\/11\/2023\/08\/53121917139_32c7ed7d2a_k.jpg\",\"contentUrl\":\"https:\/\/www.manaus.am.gov.br\/manauscult\/wp-content\/uploads\/sites\/11\/2023\/08\/53121917139_32c7ed7d2a_k.jpg\",\"width\":2048,\"height\":1365},{\"@type\":\"BreadcrumbList\",\"@id\":\"https:\/\/www.manaus.am.gov.br\/manauscult\/prefeitura-realiza-noite-de-autografos-com-autores-vencedores-dos-premios-literarios-cidade-de-manaus\/#breadcrumb\",\"itemListElement\":[{\"@type\":\"ListItem\",\"position\":1,\"name\":\"Home\",\"item\":\"https:\/\/www.manaus.am.gov.br\/manauscult\/\"},{\"@type\":\"ListItem\",\"position\":2,\"name\":\"Prefeitura realiza noite de aut\u00f3grafos com autores vencedores dos pr\u00eamios Liter\u00e1rios Cidade de Manaus\"}]},{\"@type\":\"WebSite\",\"@id\":\"https:\/\/www.manaus.am.gov.br\/manauscult\/#website\",\"url\":\"https:\/\/www.manaus.am.gov.br\/manauscult\/\",\"name\":\"MANAUSCULT\",\"description\":\"Prefeitura de Manaus\",\"potentialAction\":[{\"@type\":\"SearchAction\",\"target\":{\"@type\":\"EntryPoint\",\"urlTemplate\":\"https:\/\/www.manaus.am.gov.br\/manauscult\/?s={search_term_string}\"},\"query-input\":\"required name=search_term_string\"}],\"inLanguage\":\"pt-BR\"},{\"@type\":\"Person\",\"@id\":\"https:\/\/www.manaus.am.gov.br\/manauscult\/#\/schema\/person\/05d223aea2bf115f9883a6ff3683d81b\",\"name\":\"Bruna Greco\",\"image\":{\"@type\":\"ImageObject\",\"inLanguage\":\"pt-BR\",\"@id\":\"https:\/\/www.manaus.am.gov.br\/manauscult\/#\/schema\/person\/image\/\",\"url\":\"https:\/\/secure.gravatar.com\/avatar\/9c877d1a6adc2a055330e5c09a8653ce?s=96&d=mm&r=g\",\"contentUrl\":\"https:\/\/secure.gravatar.com\/avatar\/9c877d1a6adc2a055330e5c09a8653ce?s=96&d=mm&r=g\",\"caption\":\"Bruna Greco\"}}]}<\/script>\n<!-- \/ Yoast SEO plugin. -->","yoast_head_json":{"title":"Prefeitura realiza noite de aut\u00f3grafos com autores vencedores dos pr\u00eamios Liter\u00e1rios Cidade de Manaus","description":"A Prefeitura de Manaus, por meio da Funda\u00e7\u00e3o Municipal de Cultura, Turismo e Eventos (Manauscult) e do Conselho Municipal de Cultura (Concultura), realizou, nesta quarta-feira, 16\/8, o lan\u00e7amento das obras dos Pr\u00eamios Liter\u00e1rios Cidade de Manaus, com uma noite de aut\u00f3grafos com os autores das obras vencedoras no ano de 2021, no centro cultural Pal\u00e1cio Rio Negro, na avenida 7 de Setembro, no centro hist\u00f3rico.","robots":{"index":"noindex","follow":"follow"},"og_locale":"pt_BR","og_type":"article","og_title":"Prefeitura realiza noite de aut\u00f3grafos com autores vencedores dos pr\u00eamios Liter\u00e1rios Cidade de Manaus","og_description":"A Prefeitura de Manaus, por meio da Funda\u00e7\u00e3o Municipal de Cultura, Turismo e Eventos (Manauscult) e do Conselho Municipal de Cultura (Concultura), realizou, nesta quarta-feira, 16\/8, o lan\u00e7amento das obras dos Pr\u00eamios Liter\u00e1rios Cidade de Manaus, com uma noite de aut\u00f3grafos com os autores das obras vencedoras no ano de 2021, no centro cultural Pal\u00e1cio Rio Negro, na avenida 7 de Setembro, no centro hist\u00f3rico.","og_url":"https:\/\/www.manaus.am.gov.br\/manauscult\/prefeitura-realiza-noite-de-autografos-com-autores-vencedores-dos-premios-literarios-cidade-de-manaus\/","og_site_name":"MANAUSCULT","article_published_time":"2023-08-17T02:10:38+00:00","article_modified_time":"2023-08-17T02:15:15+00:00","og_image":[{"width":2048,"height":1365,"url":"https:\/\/www.manaus.am.gov.br\/manauscult\/wp-content\/uploads\/sites\/11\/2023\/08\/53121917139_32c7ed7d2a_k.jpg","type":"image\/jpeg"}],"author":"Bruna Greco","twitter_card":"summary_large_image","twitter_misc":{"Written by":"Bruna Greco","Est. reading time":"4 minutos"},"schema":{"@context":"https:\/\/schema.org","@graph":[{"@type":"WebPage","@id":"https:\/\/www.manaus.am.gov.br\/manauscult\/prefeitura-realiza-noite-de-autografos-com-autores-vencedores-dos-premios-literarios-cidade-de-manaus\/","url":"https:\/\/www.manaus.am.gov.br\/manauscult\/prefeitura-realiza-noite-de-autografos-com-autores-vencedores-dos-premios-literarios-cidade-de-manaus\/","name":"Prefeitura realiza noite de aut\u00f3grafos com autores vencedores dos pr\u00eamios Liter\u00e1rios Cidade de Manaus","isPartOf":{"@id":"https:\/\/www.manaus.am.gov.br\/manauscult\/#website"},"primaryImageOfPage":{"@id":"https:\/\/www.manaus.am.gov.br\/manauscult\/prefeitura-realiza-noite-de-autografos-com-autores-vencedores-dos-premios-literarios-cidade-de-manaus\/#primaryimage"},"image":{"@id":"https:\/\/www.manaus.am.gov.br\/manauscult\/prefeitura-realiza-noite-de-autografos-com-autores-vencedores-dos-premios-literarios-cidade-de-manaus\/#primaryimage"},"thumbnailUrl":"https:\/\/www.manaus.am.gov.br\/manauscult\/wp-content\/uploads\/sites\/11\/2023\/08\/53121917139_32c7ed7d2a_k.jpg","datePublished":"2023-08-17T02:10:38+00:00","dateModified":"2023-08-17T02:15:15+00:00","author":{"@id":"https:\/\/www.manaus.am.gov.br\/manauscult\/#\/schema\/person\/05d223aea2bf115f9883a6ff3683d81b"},"description":"A Prefeitura de Manaus, por meio da Funda\u00e7\u00e3o Municipal de Cultura, Turismo e Eventos (Manauscult) e do Conselho Municipal de Cultura (Concultura), realizou, nesta quarta-feira, 16\/8, o lan\u00e7amento das obras dos Pr\u00eamios Liter\u00e1rios Cidade de Manaus, com uma noite de aut\u00f3grafos com os autores das obras vencedoras no ano de 2021, no centro cultural Pal\u00e1cio Rio Negro, na avenida 7 de Setembro, no centro hist\u00f3rico.","breadcrumb":{"@id":"https:\/\/www.manaus.am.gov.br\/manauscult\/prefeitura-realiza-noite-de-autografos-com-autores-vencedores-dos-premios-literarios-cidade-de-manaus\/#breadcrumb"},"inLanguage":"pt-BR","potentialAction":[{"@type":"ReadAction","target":["https:\/\/www.manaus.am.gov.br\/manauscult\/prefeitura-realiza-noite-de-autografos-com-autores-vencedores-dos-premios-literarios-cidade-de-manaus\/"]}]},{"@type":"ImageObject","inLanguage":"pt-BR","@id":"https:\/\/www.manaus.am.gov.br\/manauscult\/prefeitura-realiza-noite-de-autografos-com-autores-vencedores-dos-premios-literarios-cidade-de-manaus\/#primaryimage","url":"https:\/\/www.manaus.am.gov.br\/manauscult\/wp-content\/uploads\/sites\/11\/2023\/08\/53121917139_32c7ed7d2a_k.jpg","contentUrl":"https:\/\/www.manaus.am.gov.br\/manauscult\/wp-content\/uploads\/sites\/11\/2023\/08\/53121917139_32c7ed7d2a_k.jpg","width":2048,"height":1365},{"@type":"BreadcrumbList","@id":"https:\/\/www.manaus.am.gov.br\/manauscult\/prefeitura-realiza-noite-de-autografos-com-autores-vencedores-dos-premios-literarios-cidade-de-manaus\/#breadcrumb","itemListElement":[{"@type":"ListItem","position":1,"name":"Home","item":"https:\/\/www.manaus.am.gov.br\/manauscult\/"},{"@type":"ListItem","position":2,"name":"Prefeitura realiza noite de aut\u00f3grafos com autores vencedores dos pr\u00eamios Liter\u00e1rios Cidade de Manaus"}]},{"@type":"WebSite","@id":"https:\/\/www.manaus.am.gov.br\/manauscult\/#website","url":"https:\/\/www.manaus.am.gov.br\/manauscult\/","name":"MANAUSCULT","description":"Prefeitura de Manaus","potentialAction":[{"@type":"SearchAction","target":{"@type":"EntryPoint","urlTemplate":"https:\/\/www.manaus.am.gov.br\/manauscult\/?s={search_term_string}"},"query-input":"required name=search_term_string"}],"inLanguage":"pt-BR"},{"@type":"Person","@id":"https:\/\/www.manaus.am.gov.br\/manauscult\/#\/schema\/person\/05d223aea2bf115f9883a6ff3683d81b","name":"Bruna Greco","image":{"@type":"ImageObject","inLanguage":"pt-BR","@id":"https:\/\/www.manaus.am.gov.br\/manauscult\/#\/schema\/person\/image\/","url":"https:\/\/secure.gravatar.com\/avatar\/9c877d1a6adc2a055330e5c09a8653ce?s=96&d=mm&r=g","contentUrl":"https:\/\/secure.gravatar.com\/avatar\/9c877d1a6adc2a055330e5c09a8653ce?s=96&d=mm&r=g","caption":"Bruna Greco"}}]}},"_links":{"self":[{"href":"https:\/\/www.manaus.am.gov.br\/manauscult\/wp-json\/wp\/v2\/posts\/1170"}],"collection":[{"href":"https:\/\/www.manaus.am.gov.br\/manauscult\/wp-json\/wp\/v2\/posts"}],"about":[{"href":"https:\/\/www.manaus.am.gov.br\/manauscult\/wp-json\/wp\/v2\/types\/post"}],"author":[{"embeddable":true,"href":"https:\/\/www.manaus.am.gov.br\/manauscult\/wp-json\/wp\/v2\/users\/39"}],"replies":[{"embeddable":true,"href":"https:\/\/www.manaus.am.gov.br\/manauscult\/wp-json\/wp\/v2\/comments?post=1170"}],"version-history":[{"count":2,"href":"https:\/\/www.manaus.am.gov.br\/manauscult\/wp-json\/wp\/v2\/posts\/1170\/revisions"}],"predecessor-version":[{"id":1173,"href":"https:\/\/www.manaus.am.gov.br\/manauscult\/wp-json\/wp\/v2\/posts\/1170\/revisions\/1173"}],"wp:featuredmedia":[{"embeddable":true,"href":"https:\/\/www.manaus.am.gov.br\/manauscult\/wp-json\/wp\/v2\/media\/1171"}],"wp:attachment":[{"href":"https:\/\/www.manaus.am.gov.br\/manauscult\/wp-json\/wp\/v2\/media?parent=1170"}],"wp:term":[{"taxonomy":"category","embeddable":true,"href":"https:\/\/www.manaus.am.gov.br\/manauscult\/wp-json\/wp\/v2\/categories?post=1170"},{"taxonomy":"post_tag","embeddable":true,"href":"https:\/\/www.manaus.am.gov.br\/manauscult\/wp-json\/wp\/v2\/tags?post=1170"}],"curies":[{"name":"wp","href":"https:\/\/api.w.org\/{rel}","templated":true}]}}